{"id":2231,"date":"2009-12-05T12:25:39","date_gmt":"2009-12-05T09:25:39","guid":{"rendered":"http:\/\/localhost\/wordpress\/2009\/12\/05\/baharla-olum-konusmalari\/"},"modified":"2009-12-05T12:25:39","modified_gmt":"2009-12-05T09:25:39","slug":"baharla-olum-konusmalari","status":"publish","type":"post","link":"https:\/\/narteks.net\/index.php\/2009\/12\/05\/baharla-olum-konusmalari\/","title":{"rendered":"BAHARLA \u00d6L\u00dcM KONU\u015eMALARI"},"content":{"rendered":"<p>\u00a0<\/p>\n<p>I\u00a0 <\/p>\n<p>Memelerim kopar\u0131yor\u00a0 <br \/>Y\u00fczy\u0131l s\u00fcren bir yaln\u0131zl\u0131k\u00a0 <br \/> dile gelmi\u015f\u00e7esine\u00a0 <br \/>Nas\u0131l nas\u0131l bir sevin\u00e7 yarabbi!\u00a0 <br \/>Ve a\u011fr\u0131ya\u00a0 <br \/> a\u011fr\u0131ya tabi,\u00a0 <br \/> a\u011fraya\u00a0 <br \/> a\u011fraya a\u011fbi&#8230;\u00a0 <\/p>\n<p>Nakka\u015f Tepe de ancak\u00a0 <br \/> bezmimize b\u00f6yle gelmi\u015ftir\u00a0 <br \/>Gelincikleri ve Naz\u0131m Hikmet\u2019leriyle\u00a0 <br \/>Yerbilimsel bir hapisten sonra\u00a0 <\/p>\n<p>II\u00a0 <\/p>\n<p>\u0130\u00e7imdeki karanl\u0131\u011f\u0131 patlataca\u011f\u0131m\u00a0 <br \/>Zifiri bir su akacak\u00a0 <br \/> kam\u0131\u015f\u0131mdan topra\u011fa\u00a0 <br \/>Bir kedi yavrulayacak\u00a0 <br \/> k\u00f6pek di\u015fli bir kedi\u00a0 <br \/>Ve b\u00f6\u011f\u00fcrtlenler k\u00f6p\u00fcrecek a\u011fz\u0131ndan\u00a0 <br \/>Yedik\u00e7e\u00a0 <br \/> kendi\u00a0 <br \/> kendini\u00a0 <br \/> mayho\u015f\u00a0 <br \/>Ya da Posta Naz\u0131r\u0131 dedemden kalma\u00a0 <br \/>Mors\u2019un en morundan bir karga\u00a0\u00a0 <br \/>Konacak kar\u015f\u0131ki dire\u011fin doru\u011funa\u00a0 <br \/>D\u00fc\u015fmanlar\u0131m \u00f6yle doldurmu\u015flar ki onu\u00a0 <br \/>Ne kadar ta\u015flasan bo\u015f\u00a0 <br \/> oynam\u0131yor yerinden\u00a0 <br \/>Ben kargadan korkmam ama\u00a0 <br \/> bunun g\u00f6zleri bayku\u015f\u00a0 <br \/>Ve t\u00fcyleri g\u00fcng\u00f6rmedik deniz dipleri kadar \u0131slak\u00a0 <br \/>Ve \u00f6t\u00fcyor\u00a0 <br \/> \u00f6t\u00fcyor\u00a0 <br \/> \u00f6tecek\u00a0 <br \/>Beni \u0131\u015f\u0131\u011fa ba\u011flayan\u00a0 <br \/> (Ba\u011flay\u0131n beni \u0131\u015f\u0131\u011fa!\u00a0 <br \/> Gerin telleri gerin!)\u00a0 <br \/> beni\u00a0 \u0131\u015f\u0131\u011fa ba\u011flayan\u00a0 <br \/> o gelin telleri\u00a0 <br \/> o gelin telleri\u00a0 <br \/> kopuncaya dek&#8230;\u00a0 <br \/>Akpembe bahar yelkenleriyle\u00a0 <br \/>G\u00fcne\u015fin r\u00fczgar\u0131na gerilmi\u015f\u00a0 <br \/> bir badem a\u011fac\u0131 gibi&#8230;\u00a0 <br \/>\u0130\u00e7imdeki karanl\u0131\u011f\u0131 patlataca\u011f\u0131m\u00a0 <br \/>Ve beynimin en \u00f6l\u00fcmc\u00fcl ya\u015flar\u0131yla\u00a0 <br \/> a\u011flaya\u00a0 <br \/> a\u011flaya\u00a0 <br \/>Yepyeni bir insan\u00a0 <br \/> p\u0131r\u0131l p\u0131r\u0131l bir can\u00a0 <br \/> bitecek topra\u011fa&#8230;\u00a0\u00a0 <\/p>\n<p>III\u00a0 <\/p>\n<p>\u0130ki \u00e7\u00f6p\u00e7\u00fc geliyordu kar\u015f\u0131dan.\u00a0 <br \/>Biri\u00a0 <br \/> (Aynen Selahattin-i Eyyubi Ha\u00e7l\u0131lar\u00a0 <br \/> Seferinden, san\u0131rs\u0131n, pos b\u0131y\u0131klar\u0131yla\u00a0 <br \/> Tarihin, s\u00fcp\u00fcrmeye gelmi\u015f Prens Adalar\u0131n\u0131 )\u00a0 <br \/>\u00d6b\u00fcr\u00fcne\u00a0 <br \/> (Marmara\u2019y\u0131 bizim Ya\u015far K\u00fcklopsunun o\u00a0 <br \/> Anavavza g\u00f6z\u00fcyle d\u00fcnyan\u0131n en g\u00fczel\u00a0 <br \/> atlar\u0131n\u0131n neredeyse inece\u011fi e biraz\u00a0 <br \/> geni\u015f\u00e7e bir \u00e7ak\u0131r su gibi g\u00f6r\u00fcyordu,\u00a0 <br \/> eminim)\u00a0 <br \/>Eyitti kim:\u00a0 <br \/> Halk Partisi\u2019nin solunda bir parti olsa\u00a0 <br \/> Hi\u00e7 dinlemez oyumu ona veririm\u00a0 <\/p>\n<p>IV\u00a0 <\/p>\n<p>Sevda Tepesinde\u00a0 ge\u00e7en g\u00fcn\u00a0 <br \/>Kar\u015f\u0131ki masan\u0131n alt\u0131nda\u00a0 <br \/>\u0130ki tane tavuk g\u00f6rd\u00fcm\u00a0 <br \/>Toprakla y\u0131kan\u0131yorlard\u0131\u00a0 <br \/>E\u015feledikleri \u00e7ukurda\u00a0 <br \/>\u0130nsanlar i\u00e7in de belki \u00f6l\u00fcm\u00a0 <br \/>Toprakla bi t\u00fcr\u00a0 <br \/>Y\u0131kanmakt\u0131r diye d\u00fc\u015f\u00fcnd\u00fcm\u00a0 <\/p>\n<p>V\u00a0 <\/p>\n<p>\u00dc\u015f\u00fcyor mu deniz\u00a0 <br \/> \u00fcst\u00fcne bo\u015fand\u0131k\u00e7a ya\u011fmur?\u00a0 <br \/>Ondan m\u0131 dersin\u00a0 <br \/> t\u00fcyleri b\u00f6yle \u00fcrperiyor?\u00a0 <\/p>\n<p>Ben de gidersem bi g\u00fcn bu bi\u00e7im bi sa\u011fnakta\u00a0 <br \/>Al\u0131 al moru mor bir sandal gibi acaba\u00a0 <br \/>Y\u0131llar sonra y\u0131lmay\u0131p yine\u00a0 <br \/>\u00c7arpar m\u0131 y\u00fcre\u011fim yurdumun sahillerine?\u00a0 <\/p>\n<p>VI\u00a0 <\/p>\n<p>Buket diye bah\u00e7eli bir meyhane vard\u0131 Yeni\u015fehir\u2019de\u00a0 <br \/>Y\u0131k\u0131ld\u0131 \u00e7oktan G\u0130MA var \u015fimdi yerinde\u00a0 <\/p>\n<p>Kenar\u0131 k\u00fcpelerle \u00e7evrili o k\u00fc\u00e7\u00fcc\u00fck havuzun\u00a0 <br \/>Yamac\u0131nda bir masa\u00a0 <br \/>Cahit A\u011f\u2019beyle otururduk yaz gecelerinde\u00a0 <\/p>\n<p>F\u0131skiyenin serpintisiyle s\u0131r\u0131ls\u0131klamd\u0131 mu\u015famba\u00a0 <br \/>Zaten Cahit\u2019in g\u00f6zleri daim ya\u015fl\u0131\u00a0 <br \/>\u201c\u015eunu siliver!\u201d derdi garsona\u00a0 <br \/>\u201c\u015eu mu\u015fambay\u0131 siliver, mirim!\u201d\u00a0 <br \/>Ne Cahit kald\u0131, ne Buket, ne f\u0131skiye\u00a0 <br \/>Yine de bu bahar \u00f6\u011flesinde\u00a0 <br \/>F\u0131skiyenin \u00fcst\u00fcndeki o k\u0131rm\u0131z\u0131 top gibi\u00a0 <br \/>-\u0130sterse kalpten olsun, isterse-\u00a0 <br \/>Hop hop ediyor ya y\u00fcre\u011fim bi d\u00fcziye\u00a0 <\/p>\n<p>VII\u00a0 <\/p>\n<p>Ruhum s\u0131k\u0131ld\u0131k\u00e7a, ruhum,\u00a0 <br \/>M\u0131zraps\u0131z bir tambur gibi\u00a0 <br \/>Apayr\u0131 bir hava \u00e7al\u0131yor v\u00fccudum\u00a0 <\/p>\n<p>Ruhum s\u0131k\u0131ld\u0131k\u00e7a ruhum,\u00a0 <br \/>Senden ayr\u0131, kendimden ve kentten ayr\u0131\u00a0 <br \/>Apayr\u0131 bir hava \u00e7al\u0131yor v\u00fccudum\u00a0 <\/p>\n<p>Kalk gidelim, kalk gidelim ba\u015fka yere!\u00a0 <br \/>Ba\u015fka yere, ba\u015fka yere, ba\u015fka yere!\u00a0 <\/p>\n<p>Ruhum s\u0131k\u0131ld\u0131k\u00e7a, ruhum,\u00a0 <br \/>Cemil Beysiz bir tambur gibi\u00a0 <br \/>Kendi kendini \u00e7al\u0131yor v\u00fccudum\u00a0 <\/p>\n<p>VIII\u00a0 <\/p>\n<p>Yal\u0131lar\u0131n surlar\u0131 boyunca giderken Kanl\u0131ca\u2019da\u00a0 <br \/>Duvarda bir gedik ili\u015fti g\u00f6z\u00fcme\u00a0 <br \/>Uydurdum g\u00f6z\u00fcm\u00fc deli\u011fe:\u00a0 <br \/>Bir bah\u00e7e\u00a0 <br \/>Bah\u00e7e de\u011fil bir havuz\u00a0 <br \/>Havuz de\u011fil bir bah\u00e7e\u00a0 <br \/>\u00dcst\u00fc nil\u00fcfer kesmi\u015f silme\u00a0 <\/p>\n<p>O nefti yapraklar\u0131yla gelmi\u015f\u00a0 <br \/>O aksar\u0131 \u00e7i\u00e7e\u011fiyle\u00a0 <br \/>Ne hevesle gelmi\u015f kim bilir bu g\u00fczelli\u011fe!\u00a0 <br \/>\u0130nsano\u011flu beni g\u00f6rs\u00fcn diye mi?\u00a0 <br \/>Bah\u00e7ede oysa\u00a0 <br \/> Bah\u00e7edeki bir havuz\u00a0 <br \/>Bir havuz ki bir bah\u00e7e\u00a0 <br \/>Ne in var ne cin ne bey ne a\u011fa\u00a0 <br \/>Surlar\u0131 da \u00e7ekmi\u015fler d\u00f6rt bir yan\u0131na\u00a0 <br \/>Bizler de varmayal\u0131m diye bu u\u00e7ma\u011fa\u00a0 <br \/>Sade bir garibim yavru kurba\u011fa\u00a0 <br \/>Serilmi\u015f o ortas\u0131 \u00e7ukur\u00a0 <br \/>O sal gibi yapra\u011fa\u00a0 <br \/>Yar\u0131 suyun i\u00e7inde\u00a0 <br \/>Yar\u0131 yans\u0131m\u0131\u015f \u0131\u015f\u0131\u011fa\u00a0 <br \/>P\u0131r\u0131la p\u0131r\u0131l ye\u015file ye\u015fil\u00a0 <br \/>Rezil mi rezil\u00a0 <br \/>Ba\u015flad\u0131 birden hayk\u0131rma\u011fa\u00a0 <br \/>Ba\u015flad\u0131 inin cinin a\u011fan\u0131n beyin\u00a0 <br \/>Ne kendi g\u00f6r\u00fcp ne kimseye g\u00f6sterdi\u011fi\u00a0 <br \/>\u00c7evresine bizler g\u00f6rmeyelim diye\u00a0 <br \/>Surlar \u00e7ekti\u011fi\u00a0 <br \/>O kimsesiz g\u00fczele t\u00fcrk\u00fc yakma\u011fa\u00a0 <\/p>\n<p>\u015eairim ben\u00a0 <br \/>Benim i\u015fte o kurba\u011fa\u00a0 <\/p>\n<p>IX\u00a0 <\/p>\n<p>Hep \u00f6l\u00fcm\u00fc \u00e7alacak de\u011fil a Zango\u00e7\u00a0 <br \/>Bu da\u00a0 <br \/>Sema\u2019yla Asaf\u2019\u0131n k\u0131z\u0131na\u00a0 <br \/>Ho\u015fgeldin demek i\u00e7in\u00a0 <\/p>\n<p>Oysa\u00a0\u00a0 <br \/>Ne kadar\u00a0 <br \/>Ne kadar\u00a0 <br \/>Ne kadar yaln\u0131z\u00a0 <br \/>San\u0131yordum kendimi demin\u00a0 <\/p>\n<p>X\u00a0 <\/p>\n<p>Atkestanelerini ge\u00e7en s\u00fcvari \u0131\u015f\u0131klar\u00a0 <br \/>Er-erken kald\u0131rm\u0131\u015f han\u0131mellerini\u00a0 <br \/> t\u00fchallah \u00fc\u015f\u00fcyecekler!\u00a0 <br \/>Ve zeytinler eski Rum tenteneleriyle\u00a0 <br \/>Esen yel!\u00a0 <br \/>Esen yel!\u00a0 <\/p>\n<p>Kim g\u00f6rd\u00fc b\u00f6yle g\u00fcl yiyen horoz\u00a0 <br \/>Tanyeri kokuyor sesi&#8230;\u00a0 <br \/>Yuvarland\u0131k\u00e7a sanki bay\u0131rdan a\u015fa\u011f\u0131\u00a0 <br \/> hapiste dolmu\u015f bir \u015farap \u015fi\u015fesi\u00a0 <br \/>\u00d6b\u00fcr horozlar da ayaklan\u0131yor\u00a0 <br \/> merdiven nak\u0131\u015fl\u0131 ibikleriyle\u00a0 <br \/>Ve balkonlardan sarkarken\u00a0 <br \/> d\u00fc\u015fleri bebelerin\u00a0 <br \/> bir albayrak yar\u0131\u015f\u0131 gibi\u00a0 <br \/>Horozlar nev-icad ediyorlar denizi\u00a0 <br \/>H\u0131rs\u0131zlar!\u00a0 <br \/>H\u0131rs\u0131zlar!\u00a0 <\/p>\n<p>Ve deniz\u00a0 <br \/> levent g\u00f6lgeleriyle Turgut Reis\u2019in\u00a0 <br \/>B\u00fct\u00fcn bu dizelerden al\u0131n\u0131yor\u00a0 <br \/>Bir ala\u00a0 <br \/> bir mora\u00a0 kesiyor y\u00fcz\u00fc\u00a0 <br \/>Esen yel!\u00a0 <br \/>Esen yel!\u00a0 <\/p>\n<p>Bu sabah\u00a0\u00a0 <br \/> bir firard\u0131r\u00a0 <br \/> kan-davas\u0131ndan bir \u00e7ocuk\u00a0 <br \/>Ku\u015fluk vaktine kalmadan \u00f6nce\u00a0 <br \/>G\u00fcne\u015fin kur\u015funlar\u0131yla vurulacak\u00a0 <\/p>\n<p>Ve ak\u015famlad\u0131 m\u0131yd\u0131 \u00e7amlar\u00a0 <br \/> ve karad\u0131 m\u0131yd\u0131\u00a0 <br \/>Tepelerde\u00a0 <br \/>Tepelerde\u00a0 <br \/>\u00d6yle g\u00fczel ki esen yel\u00a0 <br \/>Esen yel!\u00a0 <br \/>Esen yel!\u00a0 <\/p>\n<p>Bu sabah\u00a0\u00a0 <br \/> ve bu bahar\u00a0 <br \/> bir firard\u0131r\u00a0 <br \/>Baruta ko\u015fan bir fitil\u00a0 <br \/>\u0130fil\u00a0 <br \/>\u0130fil\u00a0 <br \/>\u00d6yle g\u00fczel ki esen yel!\u00a0 <br \/>Esen yel!\u00a0 <br \/>Esen yel!\u00a0 <br \/>\u00d6yle g\u00fczel\u00a0\u00a0 <br \/>\u00d6yle g\u00fczel ki\u00a0 <br \/>Esmese de\u00a0 <br \/>Esmese de\u00a0 <br \/>G\u00fczel\u00a0 <\/p>\n<p>XI\u00a0 <\/p>\n<p>\u0130\u00e7imden bir his b\u0131rakm\u0131yor\u00a0 beni \u00f6lmeceye.\u00a0 <br \/>\u0130\u00e7imden bir his.\u00a0 <br \/>Bir his ki\u00a0 <br \/>\u00c7apraz oturmu\u015f denizin k\u0131y\u0131s\u0131na\u00a0 <br \/>Ta\u015f\u00a0\u00a0 <br \/>Ta\u015f\u00a0 <br \/>Ta\u015f\u00a0 <br \/>Derken bir G\u00dcNE\u015e!\u00a0 <br \/>T\u0131pk\u0131 \u00dcsk\u00fcdarda\u2019ki\u00a0 <br \/>\u015eemsi Pa\u015fa Camisi gibi.\u00a0 <br \/>Sen iskeletlerle de\u011fil diyor bana\u00a0 <br \/>Sen iskelelerle kuracaks\u0131n cesedini\u00a0 <br \/>Ve \u00f6yle k\u00f6peksin ki sen\u00a0 <br \/>\u00d6ld\u00fckten sonra bile\u00a0 <br \/>Y\u0131lmaz\u2019\u0131n UMUDundaki\u00a0\u00a0 <br \/>Paytonlar\u0131n ard\u0131ndan\u00a0 <br \/>Ko\u015facaks\u0131n hep\u00a0 <br \/>Gelece\u011fe\u00a0 <br \/>\u00c7\u0131n\u00a0 <br \/>\u00c7\u0131n\u00a0 <br \/>\u00c7\u0131n\u00a0 <\/p>\n<p>Ve karn\u0131m\u0131n gev\u015femesine kar\u015f\u0131n\u00a0 <br \/>Ta\u015f..lar\u0131mdaki tar\u00e7\u0131n\u00a0 <br \/>B\u0131rakm\u0131yor beni \u00f6lmeceye\u00a0 <br \/>Evet diyemiyorum\u00a0 <br \/>Diyemiyorum ki evet\u00a0 <br \/>O hay\u0131rl\u0131\u00a0 <br \/>O hay\u0131rl\u0131 geceye\u00a0 <\/p>\n<p>XII\u00a0 <\/p>\n<p>Ben de\u00a0 <br \/> Bo\u011fazi\u00e7i de bu bahar\u00a0 <br \/>Mavi sakal\u0131na erguvanlar takm\u0131\u015f\u00a0 <br \/>Sarho\u015f bir \u0130skele Babas\u0131 kadar\u00a0 <br \/>Hem delikanl\u0131\u00a0 <br \/> hem deliler gibi ihtiyar<\/p>\n<p>Can Y\u00dcCEL<\/p>\n","protected":false},"excerpt":{"rendered":"<p>\u00a0 I\u00a0 Memelerim kopar\u0131yor\u00a0 Y\u00fczy\u0131l s\u00fcren bir yaln\u0131zl\u0131k\u00a0 dile gelmi\u015f\u00e7esine\u00a0 Nas\u0131l nas\u0131l bir sevin\u00e7 yarabbi!\u00a0 Ve a\u011fr\u0131ya\u00a0 a\u011fr\u0131ya tabi,\u00a0 a\u011fraya\u00a0 a\u011fraya a\u011fbi&#8230;\u00a0 Nakka\u015f Tepe de ancak\u00a0 bezmimize b\u00f6yle gelmi\u015ftir\u00a0 Gelincikleri ve Naz\u0131m Hikmet\u2019leriyle\u00a0 Yerbilimsel bir hapisten sonra\u00a0 II\u00a0 \u0130\u00e7imdeki karanl\u0131\u011f\u0131 patlataca\u011f\u0131m\u00a0 Zifiri bir su akacak\u00a0 kam\u0131\u015f\u0131mdan topra\u011fa\u00a0 Bir kedi yavrulayacak\u00a0 k\u00f6pek di\u015fli bir kedi\u00a0 Ve [&hellip;]<\/p>\n","protected":false},"author":1,"featured_media":0,"comment_status":"open","ping_status":"open","sticky":false,"template":"","format":"standard","meta":{"footnotes":""},"categories":[16],"tags":[],"class_list":{"0":"post-2231","1":"post","2":"type-post","3":"status-publish","4":"format-standard","6":"category-can-yucel"},"yoast_head":"<!-- This site is optimized with the Yoast SEO Premium plugin v24.9 (Yoast SEO v24.9) - https:\/\/yoast.com\/wordpress\/plugins\/seo\/ -->\n<title>BAHARLA \u00d6L\u00dcM KONU\u015eMALARI - narteks.net<\/title>\n<meta name=\"robots\" content=\"index, follow, max-snippet:-1, max-image-preview:large, max-video-preview:-1\" \/>\n<link rel=\"canonical\" href=\"https:\/\/narteks.net\/index.php\/2009\/12\/05\/baharla-olum-konusmalari\/\" \/>\n<meta property=\"og:locale\" content=\"tr_TR\" \/>\n<meta property=\"og:type\" content=\"article\" \/>\n<meta property=\"og:title\" content=\"BAHARLA \u00d6L\u00dcM KONU\u015eMALARI\" \/>\n<meta property=\"og:description\" content=\"\u00a0 I\u00a0 Memelerim kopar\u0131yor\u00a0 Y\u00fczy\u0131l s\u00fcren bir yaln\u0131zl\u0131k\u00a0 dile gelmi\u015f\u00e7esine\u00a0 Nas\u0131l nas\u0131l bir sevin\u00e7 yarabbi!\u00a0 Ve a\u011fr\u0131ya\u00a0 a\u011fr\u0131ya tabi,\u00a0 a\u011fraya\u00a0 a\u011fraya a\u011fbi&#8230;\u00a0 Nakka\u015f Tepe de ancak\u00a0 bezmimize b\u00f6yle gelmi\u015ftir\u00a0 Gelincikleri ve Naz\u0131m Hikmet\u2019leriyle\u00a0 Yerbilimsel bir hapisten sonra\u00a0 II\u00a0 \u0130\u00e7imdeki karanl\u0131\u011f\u0131 patlataca\u011f\u0131m\u00a0 Zifiri bir su akacak\u00a0 kam\u0131\u015f\u0131mdan topra\u011fa\u00a0 Bir kedi yavrulayacak\u00a0 k\u00f6pek di\u015fli bir kedi\u00a0 Ve [&hellip;]\" \/>\n<meta property=\"og:url\" content=\"https:\/\/narteks.net\/index.php\/2009\/12\/05\/baharla-olum-konusmalari\/\" \/>\n<meta property=\"og:site_name\" content=\"narteks.net\" \/>\n<meta property=\"article:published_time\" content=\"2009-12-05T09:25:39+00:00\" \/>\n<meta property=\"og:image\" content=\"https:\/\/narteks.net\/wp-content\/uploads\/narteks.png\" \/>\n\t<meta property=\"og:image:width\" content=\"300\" \/>\n\t<meta property=\"og:image:height\" content=\"90\" \/>\n\t<meta property=\"og:image:type\" content=\"image\/png\" \/>\n<meta name=\"author\" content=\"Tar\u0131k\" \/>\n<meta name=\"twitter:card\" content=\"summary_large_image\" \/>\n<meta name=\"twitter:creator\" content=\"@narteks\" \/>\n<meta name=\"twitter:site\" content=\"@narteks\" \/>\n<meta name=\"twitter:label1\" content=\"Yazan:\" \/>\n\t<meta name=\"twitter:data1\" content=\"Tar\u0131k\" \/>\n\t<meta name=\"twitter:label2\" content=\"Tahmini okuma s\u00fcresi\" \/>\n\t<meta name=\"twitter:data2\" content=\"6 dakika\" \/>\n<script type=\"application\/ld+json\" class=\"yoast-schema-graph\">{\"@context\":\"https:\/\/schema.org\",\"@graph\":[{\"@type\":\"Article\",\"@id\":\"https:\/\/narteks.net\/index.php\/2009\/12\/05\/baharla-olum-konusmalari\/#article\",\"isPartOf\":{\"@id\":\"https:\/\/narteks.net\/index.php\/2009\/12\/05\/baharla-olum-konusmalari\/\"},\"author\":{\"name\":\"Tar\u0131k\",\"@id\":\"https:\/\/narteks.net\/#\/schema\/person\/61f37d9834294b72d31d274e7ed79bca\"},\"headline\":\"BAHARLA \u00d6L\u00dcM KONU\u015eMALARI\",\"datePublished\":\"2009-12-05T09:25:39+00:00\",\"mainEntityOfPage\":{\"@id\":\"https:\/\/narteks.net\/index.php\/2009\/12\/05\/baharla-olum-konusmalari\/\"},\"wordCount\":1142,\"commentCount\":0,\"publisher\":{\"@id\":\"https:\/\/narteks.net\/#organization\"},\"articleSection\":[\"Can Y\u00dcCEL\"],\"inLanguage\":\"tr\",\"potentialAction\":[{\"@type\":\"CommentAction\",\"name\":\"Comment\",\"target\":[\"https:\/\/narteks.net\/index.php\/2009\/12\/05\/baharla-olum-konusmalari\/#respond\"]}]},{\"@type\":\"WebPage\",\"@id\":\"https:\/\/narteks.net\/index.php\/2009\/12\/05\/baharla-olum-konusmalari\/\",\"url\":\"https:\/\/narteks.net\/index.php\/2009\/12\/05\/baharla-olum-konusmalari\/\",\"name\":\"BAHARLA \u00d6L\u00dcM KONU\u015eMALARI - narteks.net\",\"isPartOf\":{\"@id\":\"https:\/\/narteks.net\/#website\"},\"datePublished\":\"2009-12-05T09:25:39+00:00\",\"breadcrumb\":{\"@id\":\"https:\/\/narteks.net\/index.php\/2009\/12\/05\/baharla-olum-konusmalari\/#breadcrumb\"},\"inLanguage\":\"tr\",\"potentialAction\":[{\"@type\":\"ReadAction\",\"target\":[\"https:\/\/narteks.net\/index.php\/2009\/12\/05\/baharla-olum-konusmalari\/\"]}]},{\"@type\":\"BreadcrumbList\",\"@id\":\"https:\/\/narteks.net\/index.php\/2009\/12\/05\/baharla-olum-konusmalari\/#breadcrumb\",\"itemListElement\":[{\"@type\":\"ListItem\",\"position\":1,\"name\":\"Anasayfa\",\"item\":\"https:\/\/narteks.net\/\"},{\"@type\":\"ListItem\",\"position\":2,\"name\":\"BAHARLA \u00d6L\u00dcM KONU\u015eMALARI\"}]},{\"@type\":\"WebSite\",\"@id\":\"https:\/\/narteks.net\/#website\",\"url\":\"https:\/\/narteks.net\/\",\"name\":\"narteks.net\",\"description\":\"K\u00fclt\u00fcr Sanat Edebiyat Felsefe\",\"publisher\":{\"@id\":\"https:\/\/narteks.net\/#organization\"},\"alternateName\":\"K\u00fclt\u00fcr Sanat Edebiyat Felsefe\",\"potentialAction\":[{\"@type\":\"SearchAction\",\"target\":{\"@type\":\"EntryPoint\",\"urlTemplate\":\"https:\/\/narteks.net\/?s={search_term_string}\"},\"query-input\":{\"@type\":\"PropertyValueSpecification\",\"valueRequired\":true,\"valueName\":\"search_term_string\"}}],\"inLanguage\":\"tr\"},{\"@type\":\"Organization\",\"@id\":\"https:\/\/narteks.net\/#organization\",\"name\":\"narteks.net\",\"url\":\"https:\/\/narteks.net\/\",\"logo\":{\"@type\":\"ImageObject\",\"inLanguage\":\"tr\",\"@id\":\"https:\/\/narteks.net\/#\/schema\/logo\/image\/\",\"url\":\"https:\/\/narteks.net\/wp-content\/uploads\/narteks.png\",\"contentUrl\":\"https:\/\/narteks.net\/wp-content\/uploads\/narteks.png\",\"width\":300,\"height\":90,\"caption\":\"narteks.net\"},\"image\":{\"@id\":\"https:\/\/narteks.net\/#\/schema\/logo\/image\/\"},\"sameAs\":[\"https:\/\/x.com\/narteks\",\"https:\/\/instagram.com\/narteksnet\"]},{\"@type\":\"Person\",\"@id\":\"https:\/\/narteks.net\/#\/schema\/person\/61f37d9834294b72d31d274e7ed79bca\",\"name\":\"Tar\u0131k\",\"image\":{\"@type\":\"ImageObject\",\"inLanguage\":\"tr\",\"@id\":\"https:\/\/narteks.net\/#\/schema\/person\/image\/\",\"url\":\"https:\/\/secure.gravatar.com\/avatar\/50865afb55632c4ae467e0af0930f6510aa2297d8014be502a55b14f3b7550cf?s=96&d=mm&r=g\",\"contentUrl\":\"https:\/\/secure.gravatar.com\/avatar\/50865afb55632c4ae467e0af0930f6510aa2297d8014be502a55b14f3b7550cf?s=96&d=mm&r=g\",\"caption\":\"Tar\u0131k\"},\"sameAs\":[\"http:\/\/narteks.net\"],\"url\":\"https:\/\/narteks.net\/index.php\/author\/narbak\/\"}]}<\/script>\n<!-- \/ Yoast SEO Premium plugin. -->","yoast_head_json":{"title":"BAHARLA \u00d6L\u00dcM KONU\u015eMALARI - narteks.net","robots":{"index":"index","follow":"follow","max-snippet":"max-snippet:-1","max-image-preview":"max-image-preview:large","max-video-preview":"max-video-preview:-1"},"canonical":"https:\/\/narteks.net\/index.php\/2009\/12\/05\/baharla-olum-konusmalari\/","og_locale":"tr_TR","og_type":"article","og_title":"BAHARLA \u00d6L\u00dcM KONU\u015eMALARI","og_description":"\u00a0 I\u00a0 Memelerim kopar\u0131yor\u00a0 Y\u00fczy\u0131l s\u00fcren bir yaln\u0131zl\u0131k\u00a0 dile gelmi\u015f\u00e7esine\u00a0 Nas\u0131l nas\u0131l bir sevin\u00e7 yarabbi!\u00a0 Ve a\u011fr\u0131ya\u00a0 a\u011fr\u0131ya tabi,\u00a0 a\u011fraya\u00a0 a\u011fraya a\u011fbi&#8230;\u00a0 Nakka\u015f Tepe de ancak\u00a0 bezmimize b\u00f6yle gelmi\u015ftir\u00a0 Gelincikleri ve Naz\u0131m Hikmet\u2019leriyle\u00a0 Yerbilimsel bir hapisten sonra\u00a0 II\u00a0 \u0130\u00e7imdeki karanl\u0131\u011f\u0131 patlataca\u011f\u0131m\u00a0 Zifiri bir su akacak\u00a0 kam\u0131\u015f\u0131mdan topra\u011fa\u00a0 Bir kedi yavrulayacak\u00a0 k\u00f6pek di\u015fli bir kedi\u00a0 Ve [&hellip;]","og_url":"https:\/\/narteks.net\/index.php\/2009\/12\/05\/baharla-olum-konusmalari\/","og_site_name":"narteks.net","article_published_time":"2009-12-05T09:25:39+00:00","og_image":[{"width":300,"height":90,"url":"https:\/\/narteks.net\/wp-content\/uploads\/narteks.png","type":"image\/png"}],"author":"Tar\u0131k","twitter_card":"summary_large_image","twitter_creator":"@narteks","twitter_site":"@narteks","twitter_misc":{"Yazan:":"Tar\u0131k","Tahmini okuma s\u00fcresi":"6 dakika"},"schema":{"@context":"https:\/\/schema.org","@graph":[{"@type":"Article","@id":"https:\/\/narteks.net\/index.php\/2009\/12\/05\/baharla-olum-konusmalari\/#article","isPartOf":{"@id":"https:\/\/narteks.net\/index.php\/2009\/12\/05\/baharla-olum-konusmalari\/"},"author":{"name":"Tar\u0131k","@id":"https:\/\/narteks.net\/#\/schema\/person\/61f37d9834294b72d31d274e7ed79bca"},"headline":"BAHARLA \u00d6L\u00dcM KONU\u015eMALARI","datePublished":"2009-12-05T09:25:39+00:00","mainEntityOfPage":{"@id":"https:\/\/narteks.net\/index.php\/2009\/12\/05\/baharla-olum-konusmalari\/"},"wordCount":1142,"commentCount":0,"publisher":{"@id":"https:\/\/narteks.net\/#organization"},"articleSection":["Can Y\u00dcCEL"],"inLanguage":"tr","potentialAction":[{"@type":"CommentAction","name":"Comment","target":["https:\/\/narteks.net\/index.php\/2009\/12\/05\/baharla-olum-konusmalari\/#respond"]}]},{"@type":"WebPage","@id":"https:\/\/narteks.net\/index.php\/2009\/12\/05\/baharla-olum-konusmalari\/","url":"https:\/\/narteks.net\/index.php\/2009\/12\/05\/baharla-olum-konusmalari\/","name":"BAHARLA \u00d6L\u00dcM KONU\u015eMALARI - narteks.net","isPartOf":{"@id":"https:\/\/narteks.net\/#website"},"datePublished":"2009-12-05T09:25:39+00:00","breadcrumb":{"@id":"https:\/\/narteks.net\/index.php\/2009\/12\/05\/baharla-olum-konusmalari\/#breadcrumb"},"inLanguage":"tr","potentialAction":[{"@type":"ReadAction","target":["https:\/\/narteks.net\/index.php\/2009\/12\/05\/baharla-olum-konusmalari\/"]}]},{"@type":"BreadcrumbList","@id":"https:\/\/narteks.net\/index.php\/2009\/12\/05\/baharla-olum-konusmalari\/#breadcrumb","itemListElement":[{"@type":"ListItem","position":1,"name":"Anasayfa","item":"https:\/\/narteks.net\/"},{"@type":"ListItem","position":2,"name":"BAHARLA \u00d6L\u00dcM KONU\u015eMALARI"}]},{"@type":"WebSite","@id":"https:\/\/narteks.net\/#website","url":"https:\/\/narteks.net\/","name":"narteks.net","description":"K\u00fclt\u00fcr Sanat Edebiyat Felsefe","publisher":{"@id":"https:\/\/narteks.net\/#organization"},"alternateName":"K\u00fclt\u00fcr Sanat Edebiyat Felsefe","potentialAction":[{"@type":"SearchAction","target":{"@type":"EntryPoint","urlTemplate":"https:\/\/narteks.net\/?s={search_term_string}"},"query-input":{"@type":"PropertyValueSpecification","valueRequired":true,"valueName":"search_term_string"}}],"inLanguage":"tr"},{"@type":"Organization","@id":"https:\/\/narteks.net\/#organization","name":"narteks.net","url":"https:\/\/narteks.net\/","logo":{"@type":"ImageObject","inLanguage":"tr","@id":"https:\/\/narteks.net\/#\/schema\/logo\/image\/","url":"https:\/\/narteks.net\/wp-content\/uploads\/narteks.png","contentUrl":"https:\/\/narteks.net\/wp-content\/uploads\/narteks.png","width":300,"height":90,"caption":"narteks.net"},"image":{"@id":"https:\/\/narteks.net\/#\/schema\/logo\/image\/"},"sameAs":["https:\/\/x.com\/narteks","https:\/\/instagram.com\/narteksnet"]},{"@type":"Person","@id":"https:\/\/narteks.net\/#\/schema\/person\/61f37d9834294b72d31d274e7ed79bca","name":"Tar\u0131k","image":{"@type":"ImageObject","inLanguage":"tr","@id":"https:\/\/narteks.net\/#\/schema\/person\/image\/","url":"https:\/\/secure.gravatar.com\/avatar\/50865afb55632c4ae467e0af0930f6510aa2297d8014be502a55b14f3b7550cf?s=96&d=mm&r=g","contentUrl":"https:\/\/secure.gravatar.com\/avatar\/50865afb55632c4ae467e0af0930f6510aa2297d8014be502a55b14f3b7550cf?s=96&d=mm&r=g","caption":"Tar\u0131k"},"sameAs":["http:\/\/narteks.net"],"url":"https:\/\/narteks.net\/index.php\/author\/narbak\/"}]}},"_links":{"self":[{"href":"https:\/\/narteks.net\/index.php\/wp-json\/wp\/v2\/posts\/2231","targetHints":{"allow":["GET"]}}],"collection":[{"href":"https:\/\/narteks.net\/index.php\/wp-json\/wp\/v2\/posts"}],"about":[{"href":"https:\/\/narteks.net\/index.php\/wp-json\/wp\/v2\/types\/post"}],"author":[{"embeddable":true,"href":"https:\/\/narteks.net\/index.php\/wp-json\/wp\/v2\/users\/1"}],"replies":[{"embeddable":true,"href":"https:\/\/narteks.net\/index.php\/wp-json\/wp\/v2\/comments?post=2231"}],"version-history":[{"count":0,"href":"https:\/\/narteks.net\/index.php\/wp-json\/wp\/v2\/posts\/2231\/revisions"}],"wp:attachment":[{"href":"https:\/\/narteks.net\/index.php\/wp-json\/wp\/v2\/media?parent=2231"}],"wp:term":[{"taxonomy":"category","embeddable":true,"href":"https:\/\/narteks.net\/index.php\/wp-json\/wp\/v2\/categories?post=2231"},{"taxonomy":"post_tag","embeddable":true,"href":"https:\/\/narteks.net\/index.php\/wp-json\/wp\/v2\/tags?post=2231"}],"curies":[{"name":"wp","href":"https:\/\/api.w.org\/{rel}","templated":true}]}}