{"id":2258,"date":"2009-12-05T12:46:15","date_gmt":"2009-12-05T09:46:15","guid":{"rendered":"http:\/\/localhost\/wordpress\/2009\/12\/05\/ve-komiser-kolombo\/"},"modified":"2009-12-05T12:46:15","modified_gmt":"2009-12-05T09:46:15","slug":"ve-komiser-kolombo","status":"publish","type":"post","link":"https:\/\/narteks.net\/index.php\/2009\/12\/05\/ve-komiser-kolombo\/","title":{"rendered":"VE KOM\u0130SER KOLOMBO"},"content":{"rendered":"<p>\u00a0<\/p>\n<p>Haldun Taner&#8217;e\u00a0 <\/p>\n<p>Vay hafiye r\u00fczgar vay!\u00a0 <br \/>S\u0131caklar\u0131n nereye ta\u015f\u0131nd\u0131\u011f\u0131n\u0131\u00a0 <br \/> efendice tahkike yana\u015fm\u0131\u015f\u00a0 <br \/>Hafiften zat\u00fclcenp mu\u015fambas\u0131yla\u00a0 <br \/>Havadan sudan\u00a0 <br \/> dereden tepeden\u00a0 <br \/> ho\u015fbe\u015fti derken\u00a0 <br \/> sabah beri\u00a0 <br \/>Yaprak izlerini al\u0131yor \u00e7\u0131nar\u0131n\u00a0 <br \/>Yand\u0131n \u00e7avu\u015f yand\u0131n!\u00a0 <\/p>\n<p>B\u00f6yle bir sonbahar iptidas\u0131nda\u00a0 <br \/>Tutuklanm\u0131\u015ft\u0131 zavall\u0131 Amerika&#8217;da<\/p>\n<p>Can Y\u00dcCEL<\/p>\n","protected":false},"excerpt":{"rendered":"<p>\u00a0 Haldun Taner&#8217;e\u00a0 Vay hafiye r\u00fczgar vay!\u00a0 S\u0131caklar\u0131n nereye ta\u015f\u0131nd\u0131\u011f\u0131n\u0131\u00a0 efendice tahkike yana\u015fm\u0131\u015f\u00a0 Hafiften zat\u00fclcenp mu\u015fambas\u0131yla\u00a0 Havadan sudan\u00a0 dereden tepeden\u00a0 ho\u015fbe\u015fti derken\u00a0 sabah beri\u00a0 Yaprak izlerini al\u0131yor \u00e7\u0131nar\u0131n\u00a0 Yand\u0131n \u00e7avu\u015f yand\u0131n!\u00a0 B\u00f6yle bir sonbahar iptidas\u0131nda\u00a0 Tutuklanm\u0131\u015ft\u0131 zavall\u0131 Amerika&#8217;da Can Y\u00dcCEL<\/p>\n","protected":false},"author":1,"featured_media":0,"comment_status":"open","ping_status":"open","sticky":false,"template":"","format":"standard","meta":{"footnotes":""},"categories":[16],"tags":[],"class_list":{"0":"post-2258","1":"post","2":"type-post","3":"status-publish","4":"format-standard","6":"category-can-yucel"},"yoast_head":"<!-- This site is optimized with the Yoast SEO Premium plugin v24.9 (Yoast SEO v24.9) - https:\/\/yoast.com\/wordpress\/plugins\/seo\/ -->\n<title>VE KOM\u0130SER KOLOMBO - narteks.net<\/title>\n<meta name=\"robots\" content=\"index, follow, max-snippet:-1, max-image-preview:large, max-video-preview:-1\" \/>\n<link rel=\"canonical\" href=\"https:\/\/narteks.net\/index.php\/2009\/12\/05\/ve-komiser-kolombo\/\" \/>\n<meta property=\"og:locale\" content=\"tr_TR\" \/>\n<meta property=\"og:type\" content=\"article\" \/>\n<meta property=\"og:title\" content=\"VE KOM\u0130SER KOLOMBO\" \/>\n<meta property=\"og:description\" content=\"\u00a0 Haldun Taner&#8217;e\u00a0 Vay hafiye r\u00fczgar vay!\u00a0 S\u0131caklar\u0131n nereye ta\u015f\u0131nd\u0131\u011f\u0131n\u0131\u00a0 efendice tahkike yana\u015fm\u0131\u015f\u00a0 Hafiften zat\u00fclcenp mu\u015fambas\u0131yla\u00a0 Havadan sudan\u00a0 dereden tepeden\u00a0 ho\u015fbe\u015fti derken\u00a0 sabah beri\u00a0 Yaprak izlerini al\u0131yor \u00e7\u0131nar\u0131n\u00a0 Yand\u0131n \u00e7avu\u015f yand\u0131n!\u00a0 B\u00f6yle bir sonbahar iptidas\u0131nda\u00a0 Tutuklanm\u0131\u015ft\u0131 zavall\u0131 Amerika&#8217;da Can Y\u00dcCEL\" \/>\n<meta property=\"og:url\" content=\"https:\/\/narteks.net\/index.php\/2009\/12\/05\/ve-komiser-kolombo\/\" \/>\n<meta property=\"og:site_name\" content=\"narteks.net\" \/>\n<meta property=\"article:published_time\" content=\"2009-12-05T09:46:15+00:00\" \/>\n<meta property=\"og:image\" content=\"https:\/\/narteks.net\/wp-content\/uploads\/narteks.png\" \/>\n\t<meta property=\"og:image:width\" content=\"300\" \/>\n\t<meta property=\"og:image:height\" content=\"90\" \/>\n\t<meta property=\"og:image:type\" content=\"image\/png\" \/>\n<meta name=\"author\" content=\"Tar\u0131k\" \/>\n<meta name=\"twitter:card\" content=\"summary_large_image\" \/>\n<meta name=\"twitter:creator\" content=\"@narteks\" \/>\n<meta name=\"twitter:site\" content=\"@narteks\" \/>\n<meta name=\"twitter:label1\" content=\"Yazan:\" \/>\n\t<meta name=\"twitter:data1\" content=\"Tar\u0131k\" \/>\n<script type=\"application\/ld+json\" class=\"yoast-schema-graph\">{\"@context\":\"https:\/\/schema.org\",\"@graph\":[{\"@type\":\"Article\",\"@id\":\"https:\/\/narteks.net\/index.php\/2009\/12\/05\/ve-komiser-kolombo\/#article\",\"isPartOf\":{\"@id\":\"https:\/\/narteks.net\/index.php\/2009\/12\/05\/ve-komiser-kolombo\/\"},\"author\":{\"name\":\"Tar\u0131k\",\"@id\":\"https:\/\/narteks.net\/#\/schema\/person\/61f37d9834294b72d31d274e7ed79bca\"},\"headline\":\"VE KOM\u0130SER KOLOMBO\",\"datePublished\":\"2009-12-05T09:46:15+00:00\",\"mainEntityOfPage\":{\"@id\":\"https:\/\/narteks.net\/index.php\/2009\/12\/05\/ve-komiser-kolombo\/\"},\"wordCount\":62,\"commentCount\":0,\"publisher\":{\"@id\":\"https:\/\/narteks.net\/#organization\"},\"articleSection\":[\"Can Y\u00dcCEL\"],\"inLanguage\":\"tr\",\"potentialAction\":[{\"@type\":\"CommentAction\",\"name\":\"Comment\",\"target\":[\"https:\/\/narteks.net\/index.php\/2009\/12\/05\/ve-komiser-kolombo\/#respond\"]}]},{\"@type\":\"WebPage\",\"@id\":\"https:\/\/narteks.net\/index.php\/2009\/12\/05\/ve-komiser-kolombo\/\",\"url\":\"https:\/\/narteks.net\/index.php\/2009\/12\/05\/ve-komiser-kolombo\/\",\"name\":\"VE KOM\u0130SER KOLOMBO - narteks.net\",\"isPartOf\":{\"@id\":\"https:\/\/narteks.net\/#website\"},\"datePublished\":\"2009-12-05T09:46:15+00:00\",\"breadcrumb\":{\"@id\":\"https:\/\/narteks.net\/index.php\/2009\/12\/05\/ve-komiser-kolombo\/#breadcrumb\"},\"inLanguage\":\"tr\",\"potentialAction\":[{\"@type\":\"ReadAction\",\"target\":[\"https:\/\/narteks.net\/index.php\/2009\/12\/05\/ve-komiser-kolombo\/\"]}]},{\"@type\":\"BreadcrumbList\",\"@id\":\"https:\/\/narteks.net\/index.php\/2009\/12\/05\/ve-komiser-kolombo\/#breadcrumb\",\"itemListElement\":[{\"@type\":\"ListItem\",\"position\":1,\"name\":\"Anasayfa\",\"item\":\"https:\/\/narteks.net\/\"},{\"@type\":\"ListItem\",\"position\":2,\"name\":\"VE KOM\u0130SER KOLOMBO\"}]},{\"@type\":\"WebSite\",\"@id\":\"https:\/\/narteks.net\/#website\",\"url\":\"https:\/\/narteks.net\/\",\"name\":\"narteks.net\",\"description\":\"K\u00fclt\u00fcr Sanat Edebiyat Felsefe\",\"publisher\":{\"@id\":\"https:\/\/narteks.net\/#organization\"},\"alternateName\":\"K\u00fclt\u00fcr Sanat Edebiyat Felsefe\",\"potentialAction\":[{\"@type\":\"SearchAction\",\"target\":{\"@type\":\"EntryPoint\",\"urlTemplate\":\"https:\/\/narteks.net\/?s={search_term_string}\"},\"query-input\":{\"@type\":\"PropertyValueSpecification\",\"valueRequired\":true,\"valueName\":\"search_term_string\"}}],\"inLanguage\":\"tr\"},{\"@type\":\"Organization\",\"@id\":\"https:\/\/narteks.net\/#organization\",\"name\":\"narteks.net\",\"url\":\"https:\/\/narteks.net\/\",\"logo\":{\"@type\":\"ImageObject\",\"inLanguage\":\"tr\",\"@id\":\"https:\/\/narteks.net\/#\/schema\/logo\/image\/\",\"url\":\"https:\/\/narteks.net\/wp-content\/uploads\/narteks.png\",\"contentUrl\":\"https:\/\/narteks.net\/wp-content\/uploads\/narteks.png\",\"width\":300,\"height\":90,\"caption\":\"narteks.net\"},\"image\":{\"@id\":\"https:\/\/narteks.net\/#\/schema\/logo\/image\/\"},\"sameAs\":[\"https:\/\/x.com\/narteks\",\"https:\/\/instagram.com\/narteksnet\"]},{\"@type\":\"Person\",\"@id\":\"https:\/\/narteks.net\/#\/schema\/person\/61f37d9834294b72d31d274e7ed79bca\",\"name\":\"Tar\u0131k\",\"image\":{\"@type\":\"ImageObject\",\"inLanguage\":\"tr\",\"@id\":\"https:\/\/narteks.net\/#\/schema\/person\/image\/\",\"url\":\"https:\/\/secure.gravatar.com\/avatar\/50865afb55632c4ae467e0af0930f6510aa2297d8014be502a55b14f3b7550cf?s=96&d=mm&r=g\",\"contentUrl\":\"https:\/\/secure.gravatar.com\/avatar\/50865afb55632c4ae467e0af0930f6510aa2297d8014be502a55b14f3b7550cf?s=96&d=mm&r=g\",\"caption\":\"Tar\u0131k\"},\"sameAs\":[\"http:\/\/narteks.net\"],\"url\":\"https:\/\/narteks.net\/index.php\/author\/narbak\/\"}]}<\/script>\n<!-- \/ Yoast SEO Premium plugin. -->","yoast_head_json":{"title":"VE KOM\u0130SER KOLOMBO - narteks.net","robots":{"index":"index","follow":"follow","max-snippet":"max-snippet:-1","max-image-preview":"max-image-preview:large","max-video-preview":"max-video-preview:-1"},"canonical":"https:\/\/narteks.net\/index.php\/2009\/12\/05\/ve-komiser-kolombo\/","og_locale":"tr_TR","og_type":"article","og_title":"VE KOM\u0130SER KOLOMBO","og_description":"\u00a0 Haldun Taner&#8217;e\u00a0 Vay hafiye r\u00fczgar vay!\u00a0 S\u0131caklar\u0131n nereye ta\u015f\u0131nd\u0131\u011f\u0131n\u0131\u00a0 efendice tahkike yana\u015fm\u0131\u015f\u00a0 Hafiften zat\u00fclcenp mu\u015fambas\u0131yla\u00a0 Havadan sudan\u00a0 dereden tepeden\u00a0 ho\u015fbe\u015fti derken\u00a0 sabah beri\u00a0 Yaprak izlerini al\u0131yor \u00e7\u0131nar\u0131n\u00a0 Yand\u0131n \u00e7avu\u015f yand\u0131n!\u00a0 B\u00f6yle bir sonbahar iptidas\u0131nda\u00a0 Tutuklanm\u0131\u015ft\u0131 zavall\u0131 Amerika&#8217;da Can Y\u00dcCEL","og_url":"https:\/\/narteks.net\/index.php\/2009\/12\/05\/ve-komiser-kolombo\/","og_site_name":"narteks.net","article_published_time":"2009-12-05T09:46:15+00:00","og_image":[{"width":300,"height":90,"url":"https:\/\/narteks.net\/wp-content\/uploads\/narteks.png","type":"image\/png"}],"author":"Tar\u0131k","twitter_card":"summary_large_image","twitter_creator":"@narteks","twitter_site":"@narteks","twitter_misc":{"Yazan:":"Tar\u0131k"},"schema":{"@context":"https:\/\/schema.org","@graph":[{"@type":"Article","@id":"https:\/\/narteks.net\/index.php\/2009\/12\/05\/ve-komiser-kolombo\/#article","isPartOf":{"@id":"https:\/\/narteks.net\/index.php\/2009\/12\/05\/ve-komiser-kolombo\/"},"author":{"name":"Tar\u0131k","@id":"https:\/\/narteks.net\/#\/schema\/person\/61f37d9834294b72d31d274e7ed79bca"},"headline":"VE KOM\u0130SER KOLOMBO","datePublished":"2009-12-05T09:46:15+00:00","mainEntityOfPage":{"@id":"https:\/\/narteks.net\/index.php\/2009\/12\/05\/ve-komiser-kolombo\/"},"wordCount":62,"commentCount":0,"publisher":{"@id":"https:\/\/narteks.net\/#organization"},"articleSection":["Can Y\u00dcCEL"],"inLanguage":"tr","potentialAction":[{"@type":"CommentAction","name":"Comment","target":["https:\/\/narteks.net\/index.php\/2009\/12\/05\/ve-komiser-kolombo\/#respond"]}]},{"@type":"WebPage","@id":"https:\/\/narteks.net\/index.php\/2009\/12\/05\/ve-komiser-kolombo\/","url":"https:\/\/narteks.net\/index.php\/2009\/12\/05\/ve-komiser-kolombo\/","name":"VE KOM\u0130SER KOLOMBO - narteks.net","isPartOf":{"@id":"https:\/\/narteks.net\/#website"},"datePublished":"2009-12-05T09:46:15+00:00","breadcrumb":{"@id":"https:\/\/narteks.net\/index.php\/2009\/12\/05\/ve-komiser-kolombo\/#breadcrumb"},"inLanguage":"tr","potentialAction":[{"@type":"ReadAction","target":["https:\/\/narteks.net\/index.php\/2009\/12\/05\/ve-komiser-kolombo\/"]}]},{"@type":"BreadcrumbList","@id":"https:\/\/narteks.net\/index.php\/2009\/12\/05\/ve-komiser-kolombo\/#breadcrumb","itemListElement":[{"@type":"ListItem","position":1,"name":"Anasayfa","item":"https:\/\/narteks.net\/"},{"@type":"ListItem","position":2,"name":"VE KOM\u0130SER KOLOMBO"}]},{"@type":"WebSite","@id":"https:\/\/narteks.net\/#website","url":"https:\/\/narteks.net\/","name":"narteks.net","description":"K\u00fclt\u00fcr Sanat Edebiyat Felsefe","publisher":{"@id":"https:\/\/narteks.net\/#organization"},"alternateName":"K\u00fclt\u00fcr Sanat Edebiyat Felsefe","potentialAction":[{"@type":"SearchAction","target":{"@type":"EntryPoint","urlTemplate":"https:\/\/narteks.net\/?s={search_term_string}"},"query-input":{"@type":"PropertyValueSpecification","valueRequired":true,"valueName":"search_term_string"}}],"inLanguage":"tr"},{"@type":"Organization","@id":"https:\/\/narteks.net\/#organization","name":"narteks.net","url":"https:\/\/narteks.net\/","logo":{"@type":"ImageObject","inLanguage":"tr","@id":"https:\/\/narteks.net\/#\/schema\/logo\/image\/","url":"https:\/\/narteks.net\/wp-content\/uploads\/narteks.png","contentUrl":"https:\/\/narteks.net\/wp-content\/uploads\/narteks.png","width":300,"height":90,"caption":"narteks.net"},"image":{"@id":"https:\/\/narteks.net\/#\/schema\/logo\/image\/"},"sameAs":["https:\/\/x.com\/narteks","https:\/\/instagram.com\/narteksnet"]},{"@type":"Person","@id":"https:\/\/narteks.net\/#\/schema\/person\/61f37d9834294b72d31d274e7ed79bca","name":"Tar\u0131k","image":{"@type":"ImageObject","inLanguage":"tr","@id":"https:\/\/narteks.net\/#\/schema\/person\/image\/","url":"https:\/\/secure.gravatar.com\/avatar\/50865afb55632c4ae467e0af0930f6510aa2297d8014be502a55b14f3b7550cf?s=96&d=mm&r=g","contentUrl":"https:\/\/secure.gravatar.com\/avatar\/50865afb55632c4ae467e0af0930f6510aa2297d8014be502a55b14f3b7550cf?s=96&d=mm&r=g","caption":"Tar\u0131k"},"sameAs":["http:\/\/narteks.net"],"url":"https:\/\/narteks.net\/index.php\/author\/narbak\/"}]}},"_links":{"self":[{"href":"https:\/\/narteks.net\/index.php\/wp-json\/wp\/v2\/posts\/2258","targetHints":{"allow":["GET"]}}],"collection":[{"href":"https:\/\/narteks.net\/index.php\/wp-json\/wp\/v2\/posts"}],"about":[{"href":"https:\/\/narteks.net\/index.php\/wp-json\/wp\/v2\/types\/post"}],"author":[{"embeddable":true,"href":"https:\/\/narteks.net\/index.php\/wp-json\/wp\/v2\/users\/1"}],"replies":[{"embeddable":true,"href":"https:\/\/narteks.net\/index.php\/wp-json\/wp\/v2\/comments?post=2258"}],"version-history":[{"count":0,"href":"https:\/\/narteks.net\/index.php\/wp-json\/wp\/v2\/posts\/2258\/revisions"}],"wp:attachment":[{"href":"https:\/\/narteks.net\/index.php\/wp-json\/wp\/v2\/media?parent=2258"}],"wp:term":[{"taxonomy":"category","embeddable":true,"href":"https:\/\/narteks.net\/index.php\/wp-json\/wp\/v2\/categories?post=2258"},{"taxonomy":"post_tag","embeddable":true,"href":"https:\/\/narteks.net\/index.php\/wp-json\/wp\/v2\/tags?post=2258"}],"curies":[{"name":"wp","href":"https:\/\/api.w.org\/{rel}","templated":true}]}}