{"id":226,"date":"2009-02-27T17:33:35","date_gmt":"2009-02-27T14:33:35","guid":{"rendered":"http:\/\/localhost\/wordpress\/2009\/02\/27\/seslerin-ayak-sesi\/"},"modified":"2009-02-27T17:33:35","modified_gmt":"2009-02-27T14:33:35","slug":"seslerin-ayak-sesi","status":"publish","type":"post","link":"https:\/\/narteks.net\/index.php\/2009\/02\/27\/seslerin-ayak-sesi\/","title":{"rendered":"SESLER\u0130N AYAK SES\u0130"},"content":{"rendered":"<p>\u00a0<\/p>\n<p>K\u0131rlang\u0131\u00e7lar d\u00f6necek yak\u0131nda <br \/>A\u00e7\u0131lacak onurlu kap\u0131lar\u0131 <br \/>Haziran sabahlar\u0131n\u0131n <br \/>A\u011f\u0131rdan <\/p>\n<p>Yer g\u00f6k deniz nas\u0131l bak <br \/>Birbirine kar\u0131\u015facak <br \/>\u00c7i\u00e7ekler ba\u015f\u0131 \u00e7ekecek hey Nice <br \/>Sonra \u00e7ocuklar <br \/>Balonlar u\u00e7urtmalar bulutlar ellerinde <br \/>Ard\u0131ndan <br \/>Beyazlar k\u0131rm\u0131z\u0131lar kay\u0131klar <br \/>Haydiii <br \/>Ye\u015filde mavilikte <\/p>\n<p>Ayak sesleri var ba\u015fka i\u015fiteceksin <br \/>Bizlerin ayak sesinden <br \/>Topra\u011f\u0131n var sular\u0131n var a\u011fa\u00e7lar\u0131n var <br \/>G\u00fcnlerin gecelerin <br \/>S\u00f6zlerin bi\u00e7imlerin ayak sesleri <br \/>Ayak sesleri elele <br \/>Ayak sesleri k\u0131yamet gibi <br \/>I\u015f\u0131\u011f\u0131n ayak sesi <br \/>G\u00f6lgenin ayak sesi <br \/>Seslerin ayak sesi <\/p>\n<p>\u00c7ocu\u011fum ilk a\u011f\u0131zda bunlar\u0131 belle <\/p>\n<p>(Haziran 1966)<\/p>\n<p>AR\u0130F DAMAR<\/p>\n","protected":false},"excerpt":{"rendered":"<p>\u00a0 K\u0131rlang\u0131\u00e7lar d\u00f6necek yak\u0131nda A\u00e7\u0131lacak onurlu kap\u0131lar\u0131 Haziran sabahlar\u0131n\u0131n A\u011f\u0131rdan Yer g\u00f6k deniz nas\u0131l bak Birbirine kar\u0131\u015facak \u00c7i\u00e7ekler ba\u015f\u0131 \u00e7ekecek hey Nice Sonra \u00e7ocuklar Balonlar u\u00e7urtmalar bulutlar ellerinde Ard\u0131ndan Beyazlar k\u0131rm\u0131z\u0131lar kay\u0131klar Haydiii Ye\u015filde mavilikte Ayak sesleri var ba\u015fka i\u015fiteceksin Bizlerin ayak sesinden Topra\u011f\u0131n var sular\u0131n var a\u011fa\u00e7lar\u0131n var G\u00fcnlerin gecelerin S\u00f6zlerin bi\u00e7imlerin ayak sesleri [&hellip;]<\/p>\n","protected":false},"author":1,"featured_media":0,"comment_status":"open","ping_status":"open","sticky":false,"template":"","format":"standard","meta":{"footnotes":""},"categories":[8],"tags":[],"class_list":{"0":"post-226","1":"post","2":"type-post","3":"status-publish","4":"format-standard","6":"category-arif-damar"},"yoast_head":"<!-- This site is optimized with the Yoast SEO Premium plugin v24.9 (Yoast SEO v24.9) - https:\/\/yoast.com\/wordpress\/plugins\/seo\/ -->\n<title>SESLER\u0130N AYAK SES\u0130 - narteks.net<\/title>\n<meta name=\"robots\" content=\"index, follow, max-snippet:-1, max-image-preview:large, max-video-preview:-1\" \/>\n<link rel=\"canonical\" href=\"https:\/\/narteks.net\/index.php\/2009\/02\/27\/seslerin-ayak-sesi\/\" \/>\n<meta property=\"og:locale\" content=\"tr_TR\" \/>\n<meta property=\"og:type\" content=\"article\" \/>\n<meta property=\"og:title\" content=\"SESLER\u0130N AYAK SES\u0130\" \/>\n<meta property=\"og:description\" content=\"\u00a0 K\u0131rlang\u0131\u00e7lar d\u00f6necek yak\u0131nda A\u00e7\u0131lacak onurlu kap\u0131lar\u0131 Haziran sabahlar\u0131n\u0131n A\u011f\u0131rdan Yer g\u00f6k deniz nas\u0131l bak Birbirine kar\u0131\u015facak \u00c7i\u00e7ekler ba\u015f\u0131 \u00e7ekecek hey Nice Sonra \u00e7ocuklar Balonlar u\u00e7urtmalar bulutlar ellerinde Ard\u0131ndan Beyazlar k\u0131rm\u0131z\u0131lar kay\u0131klar Haydiii Ye\u015filde mavilikte Ayak sesleri var ba\u015fka i\u015fiteceksin Bizlerin ayak sesinden Topra\u011f\u0131n var sular\u0131n var a\u011fa\u00e7lar\u0131n var G\u00fcnlerin gecelerin S\u00f6zlerin bi\u00e7imlerin ayak sesleri [&hellip;]\" \/>\n<meta property=\"og:url\" content=\"https:\/\/narteks.net\/index.php\/2009\/02\/27\/seslerin-ayak-sesi\/\" \/>\n<meta property=\"og:site_name\" content=\"narteks.net\" \/>\n<meta property=\"article:published_time\" content=\"2009-02-27T14:33:35+00:00\" \/>\n<meta property=\"og:image\" content=\"https:\/\/narteks.net\/wp-content\/uploads\/narteks.png\" \/>\n\t<meta property=\"og:image:width\" content=\"300\" \/>\n\t<meta property=\"og:image:height\" content=\"90\" \/>\n\t<meta property=\"og:image:type\" content=\"image\/png\" \/>\n<meta name=\"author\" content=\"Tar\u0131k\" \/>\n<meta name=\"twitter:card\" content=\"summary_large_image\" \/>\n<meta name=\"twitter:creator\" content=\"@narteks\" \/>\n<meta name=\"twitter:site\" content=\"@narteks\" \/>\n<meta name=\"twitter:label1\" content=\"Yazan:\" \/>\n\t<meta name=\"twitter:data1\" content=\"Tar\u0131k\" \/>\n\t<meta name=\"twitter:label2\" content=\"Tahmini okuma s\u00fcresi\" \/>\n\t<meta name=\"twitter:data2\" content=\"1 dakika\" \/>\n<script type=\"application\/ld+json\" class=\"yoast-schema-graph\">{\"@context\":\"https:\/\/schema.org\",\"@graph\":[{\"@type\":\"Article\",\"@id\":\"https:\/\/narteks.net\/index.php\/2009\/02\/27\/seslerin-ayak-sesi\/#article\",\"isPartOf\":{\"@id\":\"https:\/\/narteks.net\/index.php\/2009\/02\/27\/seslerin-ayak-sesi\/\"},\"author\":{\"name\":\"Tar\u0131k\",\"@id\":\"https:\/\/narteks.net\/#\/schema\/person\/61f37d9834294b72d31d274e7ed79bca\"},\"headline\":\"SESLER\u0130N AYAK SES\u0130\",\"datePublished\":\"2009-02-27T14:33:35+00:00\",\"mainEntityOfPage\":{\"@id\":\"https:\/\/narteks.net\/index.php\/2009\/02\/27\/seslerin-ayak-sesi\/\"},\"wordCount\":118,\"commentCount\":0,\"publisher\":{\"@id\":\"https:\/\/narteks.net\/#organization\"},\"articleSection\":[\"Arif DAMAR\"],\"inLanguage\":\"tr\",\"potentialAction\":[{\"@type\":\"CommentAction\",\"name\":\"Comment\",\"target\":[\"https:\/\/narteks.net\/index.php\/2009\/02\/27\/seslerin-ayak-sesi\/#respond\"]}]},{\"@type\":\"WebPage\",\"@id\":\"https:\/\/narteks.net\/index.php\/2009\/02\/27\/seslerin-ayak-sesi\/\",\"url\":\"https:\/\/narteks.net\/index.php\/2009\/02\/27\/seslerin-ayak-sesi\/\",\"name\":\"SESLER\u0130N AYAK SES\u0130 - narteks.net\",\"isPartOf\":{\"@id\":\"https:\/\/narteks.net\/#website\"},\"datePublished\":\"2009-02-27T14:33:35+00:00\",\"breadcrumb\":{\"@id\":\"https:\/\/narteks.net\/index.php\/2009\/02\/27\/seslerin-ayak-sesi\/#breadcrumb\"},\"inLanguage\":\"tr\",\"potentialAction\":[{\"@type\":\"ReadAction\",\"target\":[\"https:\/\/narteks.net\/index.php\/2009\/02\/27\/seslerin-ayak-sesi\/\"]}]},{\"@type\":\"BreadcrumbList\",\"@id\":\"https:\/\/narteks.net\/index.php\/2009\/02\/27\/seslerin-ayak-sesi\/#breadcrumb\",\"itemListElement\":[{\"@type\":\"ListItem\",\"position\":1,\"name\":\"Anasayfa\",\"item\":\"https:\/\/narteks.net\/\"},{\"@type\":\"ListItem\",\"position\":2,\"name\":\"SESLER\u0130N AYAK SES\u0130\"}]},{\"@type\":\"WebSite\",\"@id\":\"https:\/\/narteks.net\/#website\",\"url\":\"https:\/\/narteks.net\/\",\"name\":\"narteks.net\",\"description\":\"K\u00fclt\u00fcr Sanat Edebiyat Felsefe\",\"publisher\":{\"@id\":\"https:\/\/narteks.net\/#organization\"},\"alternateName\":\"K\u00fclt\u00fcr Sanat Edebiyat Felsefe\",\"potentialAction\":[{\"@type\":\"SearchAction\",\"target\":{\"@type\":\"EntryPoint\",\"urlTemplate\":\"https:\/\/narteks.net\/?s={search_term_string}\"},\"query-input\":{\"@type\":\"PropertyValueSpecification\",\"valueRequired\":true,\"valueName\":\"search_term_string\"}}],\"inLanguage\":\"tr\"},{\"@type\":\"Organization\",\"@id\":\"https:\/\/narteks.net\/#organization\",\"name\":\"narteks.net\",\"url\":\"https:\/\/narteks.net\/\",\"logo\":{\"@type\":\"ImageObject\",\"inLanguage\":\"tr\",\"@id\":\"https:\/\/narteks.net\/#\/schema\/logo\/image\/\",\"url\":\"https:\/\/narteks.net\/wp-content\/uploads\/narteks.png\",\"contentUrl\":\"https:\/\/narteks.net\/wp-content\/uploads\/narteks.png\",\"width\":300,\"height\":90,\"caption\":\"narteks.net\"},\"image\":{\"@id\":\"https:\/\/narteks.net\/#\/schema\/logo\/image\/\"},\"sameAs\":[\"https:\/\/x.com\/narteks\",\"https:\/\/instagram.com\/narteksnet\"]},{\"@type\":\"Person\",\"@id\":\"https:\/\/narteks.net\/#\/schema\/person\/61f37d9834294b72d31d274e7ed79bca\",\"name\":\"Tar\u0131k\",\"image\":{\"@type\":\"ImageObject\",\"inLanguage\":\"tr\",\"@id\":\"https:\/\/narteks.net\/#\/schema\/person\/image\/\",\"url\":\"https:\/\/secure.gravatar.com\/avatar\/50865afb55632c4ae467e0af0930f6510aa2297d8014be502a55b14f3b7550cf?s=96&d=mm&r=g\",\"contentUrl\":\"https:\/\/secure.gravatar.com\/avatar\/50865afb55632c4ae467e0af0930f6510aa2297d8014be502a55b14f3b7550cf?s=96&d=mm&r=g\",\"caption\":\"Tar\u0131k\"},\"sameAs\":[\"http:\/\/narteks.net\"],\"url\":\"https:\/\/narteks.net\/index.php\/author\/narbak\/\"}]}<\/script>\n<!-- \/ Yoast SEO Premium plugin. -->","yoast_head_json":{"title":"SESLER\u0130N AYAK SES\u0130 - narteks.net","robots":{"index":"index","follow":"follow","max-snippet":"max-snippet:-1","max-image-preview":"max-image-preview:large","max-video-preview":"max-video-preview:-1"},"canonical":"https:\/\/narteks.net\/index.php\/2009\/02\/27\/seslerin-ayak-sesi\/","og_locale":"tr_TR","og_type":"article","og_title":"SESLER\u0130N AYAK SES\u0130","og_description":"\u00a0 K\u0131rlang\u0131\u00e7lar d\u00f6necek yak\u0131nda A\u00e7\u0131lacak onurlu kap\u0131lar\u0131 Haziran sabahlar\u0131n\u0131n A\u011f\u0131rdan Yer g\u00f6k deniz nas\u0131l bak Birbirine kar\u0131\u015facak \u00c7i\u00e7ekler ba\u015f\u0131 \u00e7ekecek hey Nice Sonra \u00e7ocuklar Balonlar u\u00e7urtmalar bulutlar ellerinde Ard\u0131ndan Beyazlar k\u0131rm\u0131z\u0131lar kay\u0131klar Haydiii Ye\u015filde mavilikte Ayak sesleri var ba\u015fka i\u015fiteceksin Bizlerin ayak sesinden Topra\u011f\u0131n var sular\u0131n var a\u011fa\u00e7lar\u0131n var G\u00fcnlerin gecelerin S\u00f6zlerin bi\u00e7imlerin ayak sesleri [&hellip;]","og_url":"https:\/\/narteks.net\/index.php\/2009\/02\/27\/seslerin-ayak-sesi\/","og_site_name":"narteks.net","article_published_time":"2009-02-27T14:33:35+00:00","og_image":[{"width":300,"height":90,"url":"https:\/\/narteks.net\/wp-content\/uploads\/narteks.png","type":"image\/png"}],"author":"Tar\u0131k","twitter_card":"summary_large_image","twitter_creator":"@narteks","twitter_site":"@narteks","twitter_misc":{"Yazan:":"Tar\u0131k","Tahmini okuma s\u00fcresi":"1 dakika"},"schema":{"@context":"https:\/\/schema.org","@graph":[{"@type":"Article","@id":"https:\/\/narteks.net\/index.php\/2009\/02\/27\/seslerin-ayak-sesi\/#article","isPartOf":{"@id":"https:\/\/narteks.net\/index.php\/2009\/02\/27\/seslerin-ayak-sesi\/"},"author":{"name":"Tar\u0131k","@id":"https:\/\/narteks.net\/#\/schema\/person\/61f37d9834294b72d31d274e7ed79bca"},"headline":"SESLER\u0130N AYAK SES\u0130","datePublished":"2009-02-27T14:33:35+00:00","mainEntityOfPage":{"@id":"https:\/\/narteks.net\/index.php\/2009\/02\/27\/seslerin-ayak-sesi\/"},"wordCount":118,"commentCount":0,"publisher":{"@id":"https:\/\/narteks.net\/#organization"},"articleSection":["Arif DAMAR"],"inLanguage":"tr","potentialAction":[{"@type":"CommentAction","name":"Comment","target":["https:\/\/narteks.net\/index.php\/2009\/02\/27\/seslerin-ayak-sesi\/#respond"]}]},{"@type":"WebPage","@id":"https:\/\/narteks.net\/index.php\/2009\/02\/27\/seslerin-ayak-sesi\/","url":"https:\/\/narteks.net\/index.php\/2009\/02\/27\/seslerin-ayak-sesi\/","name":"SESLER\u0130N AYAK SES\u0130 - narteks.net","isPartOf":{"@id":"https:\/\/narteks.net\/#website"},"datePublished":"2009-02-27T14:33:35+00:00","breadcrumb":{"@id":"https:\/\/narteks.net\/index.php\/2009\/02\/27\/seslerin-ayak-sesi\/#breadcrumb"},"inLanguage":"tr","potentialAction":[{"@type":"ReadAction","target":["https:\/\/narteks.net\/index.php\/2009\/02\/27\/seslerin-ayak-sesi\/"]}]},{"@type":"BreadcrumbList","@id":"https:\/\/narteks.net\/index.php\/2009\/02\/27\/seslerin-ayak-sesi\/#breadcrumb","itemListElement":[{"@type":"ListItem","position":1,"name":"Anasayfa","item":"https:\/\/narteks.net\/"},{"@type":"ListItem","position":2,"name":"SESLER\u0130N AYAK SES\u0130"}]},{"@type":"WebSite","@id":"https:\/\/narteks.net\/#website","url":"https:\/\/narteks.net\/","name":"narteks.net","description":"K\u00fclt\u00fcr Sanat Edebiyat Felsefe","publisher":{"@id":"https:\/\/narteks.net\/#organization"},"alternateName":"K\u00fclt\u00fcr Sanat Edebiyat Felsefe","potentialAction":[{"@type":"SearchAction","target":{"@type":"EntryPoint","urlTemplate":"https:\/\/narteks.net\/?s={search_term_string}"},"query-input":{"@type":"PropertyValueSpecification","valueRequired":true,"valueName":"search_term_string"}}],"inLanguage":"tr"},{"@type":"Organization","@id":"https:\/\/narteks.net\/#organization","name":"narteks.net","url":"https:\/\/narteks.net\/","logo":{"@type":"ImageObject","inLanguage":"tr","@id":"https:\/\/narteks.net\/#\/schema\/logo\/image\/","url":"https:\/\/narteks.net\/wp-content\/uploads\/narteks.png","contentUrl":"https:\/\/narteks.net\/wp-content\/uploads\/narteks.png","width":300,"height":90,"caption":"narteks.net"},"image":{"@id":"https:\/\/narteks.net\/#\/schema\/logo\/image\/"},"sameAs":["https:\/\/x.com\/narteks","https:\/\/instagram.com\/narteksnet"]},{"@type":"Person","@id":"https:\/\/narteks.net\/#\/schema\/person\/61f37d9834294b72d31d274e7ed79bca","name":"Tar\u0131k","image":{"@type":"ImageObject","inLanguage":"tr","@id":"https:\/\/narteks.net\/#\/schema\/person\/image\/","url":"https:\/\/secure.gravatar.com\/avatar\/50865afb55632c4ae467e0af0930f6510aa2297d8014be502a55b14f3b7550cf?s=96&d=mm&r=g","contentUrl":"https:\/\/secure.gravatar.com\/avatar\/50865afb55632c4ae467e0af0930f6510aa2297d8014be502a55b14f3b7550cf?s=96&d=mm&r=g","caption":"Tar\u0131k"},"sameAs":["http:\/\/narteks.net"],"url":"https:\/\/narteks.net\/index.php\/author\/narbak\/"}]}},"_links":{"self":[{"href":"https:\/\/narteks.net\/index.php\/wp-json\/wp\/v2\/posts\/226","targetHints":{"allow":["GET"]}}],"collection":[{"href":"https:\/\/narteks.net\/index.php\/wp-json\/wp\/v2\/posts"}],"about":[{"href":"https:\/\/narteks.net\/index.php\/wp-json\/wp\/v2\/types\/post"}],"author":[{"embeddable":true,"href":"https:\/\/narteks.net\/index.php\/wp-json\/wp\/v2\/users\/1"}],"replies":[{"embeddable":true,"href":"https:\/\/narteks.net\/index.php\/wp-json\/wp\/v2\/comments?post=226"}],"version-history":[{"count":0,"href":"https:\/\/narteks.net\/index.php\/wp-json\/wp\/v2\/posts\/226\/revisions"}],"wp:attachment":[{"href":"https:\/\/narteks.net\/index.php\/wp-json\/wp\/v2\/media?parent=226"}],"wp:term":[{"taxonomy":"category","embeddable":true,"href":"https:\/\/narteks.net\/index.php\/wp-json\/wp\/v2\/categories?post=226"},{"taxonomy":"post_tag","embeddable":true,"href":"https:\/\/narteks.net\/index.php\/wp-json\/wp\/v2\/tags?post=226"}],"curies":[{"name":"wp","href":"https:\/\/api.w.org\/{rel}","templated":true}]}}