{"id":2262,"date":"2009-12-05T12:50:53","date_gmt":"2009-12-05T09:50:53","guid":{"rendered":"http:\/\/localhost\/wordpress\/2009\/12\/05\/kim-ozlerdi-avuc-iclerinin-kokusunu\/"},"modified":"2009-12-05T12:50:53","modified_gmt":"2009-12-05T09:50:53","slug":"kim-ozlerdi-avuc-iclerinin-kokusunu","status":"publish","type":"post","link":"https:\/\/narteks.net\/index.php\/2009\/12\/05\/kim-ozlerdi-avuc-iclerinin-kokusunu\/","title":{"rendered":"K\u0130M \u00d6ZLERD\u0130 AVU\u00c7 \u0130\u00c7LER\u0130N\u0130N KOKUSUNU"},"content":{"rendered":"<p>\u00a0<\/p>\n<p>O kadar da \u00f6nemli de\u011fildir b\u0131rak\u0131p gitmeler,<br \/>arkalar\u0131nda doldurulmas\u0131 m\u00fcmk\u00fcn olmayan bo\u015fluklar<br \/>b\u0131rak\u0131lmasayd\u0131 e\u011fer.<\/p>\n<p>Dayan\u0131lmas\u0131 o kadar da zor de\u011fildir,<br \/>b\u00fcy\u00fck ayr\u0131l\u0131klar bile, en g\u00fczel yerde ba\u015flat\u0131lsayd\u0131 e\u011fer.<\/p>\n<p>Utan\u0131lacak bir \u015fey de\u011fildir a\u011flamak,<br \/>y\u00fcrekten s\u00fcz\u00fcl\u00fcp geliyorsa g\u00f6zya\u015f\u0131 e\u011fer.<\/p>\n<p>Y\u00fcz k\u0131zart\u0131c\u0131 bir su\u00e7 de\u011fildir h\u0131rs\u0131zl\u0131k,<br \/>\u00e7al\u0131nan birinin kalbiyse e\u011fer.<\/p>\n<p>Korkulacak bir yan\u0131 yoktur a\u015fklar\u0131n,<br \/>insan b\u00fct\u00fcn derilerden soyunabilseydi e\u011fer.<\/p>\n<p>O kadar da y\u00fcrek burkmazd\u0131 al\u0131\u015f\u0131lm\u0131\u015f bir ses,<br \/>hi\u00e7bir zaman duyulmasayd\u0131 e\u011fer.<\/p>\n<p>Daha \u00e7abuk unutulurdu belki su s\u0131zd\u0131rmayan sar\u0131lmalar,<br \/>kara sevdayla sar\u0131p sarmalanmasalard\u0131 e\u011fer.<\/p>\n<p>Belirsizli\u011fe yelken a\u00e7ard\u0131 iri ela g\u00f6zler zamanla,<br \/>\u00f6ylesine delice bakmasalard\u0131 e\u011fer.<\/p>\n<p>\u00c7abuk unutulurdu \u0131slak bir \u00f6p\u00fcc\u00fc\u011f\u00fcn yak\u0131c\u0131 tad\u0131<br \/>belki de,<br \/>kalp, g\u00f6\u011f\u00fcs kafesine o kadar y\u00fcklenmeseydi e\u011fer.<\/p>\n<p>Yerini ba\u015fka \u015feyler alabilirdi uzun gece<br \/>sohbetlerinin,<br \/>son sigara yudum yudum payla\u015f\u0131lmasayd\u0131 e\u011fer.<\/p>\n<p>D\u00fc\u015flere bile kar ya\u011fmazd\u0131 hi\u00e7bir zaman,<br \/>meydan sava\u015flar\u0131nda korkular, a\u015fk\u0131 a\u011f\u0131r<br \/>yaralamasayd\u0131 e\u011fer.<\/p>\n<p>Su gibi ak\u0131p ge\u00e7erdi hi\u00e7 ge\u00e7meyecekmi\u015f gibi duran zaman,<br \/>beklemeye de\u011fecek olan gelecekse sonunda e\u011fer.<\/p>\n<p>Rengi bile solard\u0131 d\u00fc\u015flerdeki sa\u00e7lar\u0131n zamanla,<br \/>tan\u0131ms\u0131z kokular\u0131 yast\u0131klara yap\u0131\u015f\u0131p kalmasayd\u0131 e\u011fer.<\/p>\n<p>O b\u00fcy\u00fck, o g\u00f6rkemli son, \u00f6l\u00fcm bile anlam\u0131n\u0131 yitirirdi,<br \/>ya\u015fan\u0131las\u0131 her \u015fey ya\u015fanm\u0131\u015f olsayd\u0131 e\u011fer.<\/p>\n<p>O kadar da \u00e7ekilmez olmazd\u0131 yaln\u0131zl\u0131klar,<br \/>son umut \u0131\u015f\u0131\u011f\u0131 da s\u00f6nmemi\u015f olsayd\u0131 e\u011fer.<\/p>\n<p>Bu kadar da \u0131s\u0131tmazd\u0131 belki de bahar g\u00fcne\u015fleri,<br \/>her kaybedi\u015fin ard\u0131ndan hayat yeniden ba\u015flamasayd\u0131 e\u011fer.<\/p>\n<p>Kahvalt\u0131dan da \u00f6nce sigaraya sar\u0131lmak \u015fart olmazd\u0131 belki de,<br \/>dev bir \u00f6zlem dalgas\u0131 meydan okumasayd\u0131 e\u011fer.<\/p>\n<p>An\u0131larda kal\u0131rd\u0131 belki de zamanla ince bel,<br \/>namussuz \u00e7ay bile ince belli bardaktan verilmeseydi e\u011fer.<\/p>\n<p>Uykusuzluklar y\u0131k\u0131p ge\u00e7mezdi, k\u0131sac\u0131k kestirmelerin ard\u0131ndan,<br \/>dokunulas\u0131 ipekten bir o kadar uzakta olmasayd\u0131 e\u011fer.<\/p>\n<p>Iss\u0131z bir yuva bile cennete d\u00f6n\u00fc\u015febilirdi belki de,<br \/>s\u0131cak bir g\u00fcl\u00fc\u015fle \u0131s\u0131t\u0131lsayd\u0131 e\u011fer.<\/p>\n<p>Yoksul d\u00fc\u015fmezdi y\u0131llanm\u0131\u015f \u015farap tad\u0131ndaki \u015fiirler b\u00f6ylesine,<br \/>kula\u011f\u0131na okunacak biri olsayd\u0131 e\u011fer.<\/p>\n<p>\u0130nanmak m\u00fcmk\u00fcn olmazd\u0131 her a\u015fk\u0131n ba\u011fr\u0131nda bir<br \/>ayr\u0131l\u0131k gizlendi\u011fine<br \/>belki de, kartvizitinde &#8220;onca ayr\u0131l\u0131\u011f\u0131n birinci<br \/>dereceden failidir&#8221;<br \/>denmeseydi e\u011fer.<\/p>\n<p>Ger\u00e7ekten boynunu b\u00fckmezdi papatyalar,<br \/>ihanetinden onlar da pay\u0131n\u0131 almasayd\u0131 e\u011fer.<\/p>\n<p>Iss\u0131zl\u0131\u011fa teslim olmazd\u0131 sahiller,<br \/>kendi belirsiz sahillerinde ama\u00e7s\u0131z gezintilerle<br \/>avunmaya kalkmam\u0131\u015f olsayd\u0131n e\u011fer.<\/p>\n<p>Sen gittikten sonra yaln\u0131z kalaca\u011f\u0131m.<br \/>Yaln\u0131z kalmaktan korkmuyorum da, ya can\u0131m ellerini<br \/>tutmak isterse&#8230;<\/p>\n<p>Evet Sevgili,<br \/>Kim \u00f6zlerdi avu\u00e7 i\u00e7lerinin ter kokusunu, kim<br \/>uzanmak isterdi ince parmaklar\u0131na,<br \/>mazilerinde g\u00f6rkemli bir ya\u015fanm\u0131\u015fl\u0131\u011fa tan\u0131kl\u0131k<br \/>etmi\u015f olmasalard\u0131 e\u011fer!!<\/p>\n<p>Can Y\u00dcCEL<\/p>\n","protected":false},"excerpt":{"rendered":"<p>\u00a0 O kadar da \u00f6nemli de\u011fildir b\u0131rak\u0131p gitmeler,arkalar\u0131nda doldurulmas\u0131 m\u00fcmk\u00fcn olmayan bo\u015fluklarb\u0131rak\u0131lmasayd\u0131 e\u011fer. Dayan\u0131lmas\u0131 o kadar da zor de\u011fildir,b\u00fcy\u00fck ayr\u0131l\u0131klar bile, en g\u00fczel yerde ba\u015flat\u0131lsayd\u0131 e\u011fer. Utan\u0131lacak bir \u015fey de\u011fildir a\u011flamak,y\u00fcrekten s\u00fcz\u00fcl\u00fcp geliyorsa g\u00f6zya\u015f\u0131 e\u011fer. Y\u00fcz k\u0131zart\u0131c\u0131 bir su\u00e7 de\u011fildir h\u0131rs\u0131zl\u0131k,\u00e7al\u0131nan birinin kalbiyse e\u011fer. Korkulacak bir yan\u0131 yoktur a\u015fklar\u0131n,insan b\u00fct\u00fcn derilerden soyunabilseydi e\u011fer. O kadar [&hellip;]<\/p>\n","protected":false},"author":1,"featured_media":0,"comment_status":"open","ping_status":"open","sticky":false,"template":"","format":"standard","meta":{"footnotes":""},"categories":[16],"tags":[],"class_list":{"0":"post-2262","1":"post","2":"type-post","3":"status-publish","4":"format-standard","6":"category-can-yucel"},"yoast_head":"<!-- This site is optimized with the Yoast SEO Premium plugin v24.9 (Yoast SEO v24.9) - https:\/\/yoast.com\/wordpress\/plugins\/seo\/ -->\n<title>K\u0130M \u00d6ZLERD\u0130 AVU\u00c7 \u0130\u00c7LER\u0130N\u0130N KOKUSUNU - narteks.net<\/title>\n<meta name=\"robots\" content=\"index, follow, max-snippet:-1, max-image-preview:large, max-video-preview:-1\" \/>\n<link rel=\"canonical\" href=\"https:\/\/narteks.net\/index.php\/2009\/12\/05\/kim-ozlerdi-avuc-iclerinin-kokusunu\/\" \/>\n<meta property=\"og:locale\" content=\"tr_TR\" \/>\n<meta property=\"og:type\" content=\"article\" \/>\n<meta property=\"og:title\" content=\"K\u0130M \u00d6ZLERD\u0130 AVU\u00c7 \u0130\u00c7LER\u0130N\u0130N KOKUSUNU\" \/>\n<meta property=\"og:description\" content=\"\u00a0 O kadar da \u00f6nemli de\u011fildir b\u0131rak\u0131p gitmeler,arkalar\u0131nda doldurulmas\u0131 m\u00fcmk\u00fcn olmayan bo\u015fluklarb\u0131rak\u0131lmasayd\u0131 e\u011fer. Dayan\u0131lmas\u0131 o kadar da zor de\u011fildir,b\u00fcy\u00fck ayr\u0131l\u0131klar bile, en g\u00fczel yerde ba\u015flat\u0131lsayd\u0131 e\u011fer. Utan\u0131lacak bir \u015fey de\u011fildir a\u011flamak,y\u00fcrekten s\u00fcz\u00fcl\u00fcp geliyorsa g\u00f6zya\u015f\u0131 e\u011fer. Y\u00fcz k\u0131zart\u0131c\u0131 bir su\u00e7 de\u011fildir h\u0131rs\u0131zl\u0131k,\u00e7al\u0131nan birinin kalbiyse e\u011fer. Korkulacak bir yan\u0131 yoktur a\u015fklar\u0131n,insan b\u00fct\u00fcn derilerden soyunabilseydi e\u011fer. O kadar [&hellip;]\" \/>\n<meta property=\"og:url\" content=\"https:\/\/narteks.net\/index.php\/2009\/12\/05\/kim-ozlerdi-avuc-iclerinin-kokusunu\/\" \/>\n<meta property=\"og:site_name\" content=\"narteks.net\" \/>\n<meta property=\"article:published_time\" content=\"2009-12-05T09:50:53+00:00\" \/>\n<meta property=\"og:image\" content=\"https:\/\/narteks.net\/wp-content\/uploads\/narteks.png\" \/>\n\t<meta property=\"og:image:width\" content=\"300\" \/>\n\t<meta property=\"og:image:height\" content=\"90\" \/>\n\t<meta property=\"og:image:type\" content=\"image\/png\" \/>\n<meta name=\"author\" content=\"Tar\u0131k\" \/>\n<meta name=\"twitter:card\" content=\"summary_large_image\" \/>\n<meta name=\"twitter:creator\" content=\"@narteks\" \/>\n<meta name=\"twitter:site\" content=\"@narteks\" \/>\n<meta name=\"twitter:label1\" content=\"Yazan:\" \/>\n\t<meta name=\"twitter:data1\" content=\"Tar\u0131k\" \/>\n\t<meta name=\"twitter:label2\" content=\"Tahmini okuma s\u00fcresi\" \/>\n\t<meta name=\"twitter:data2\" content=\"3 dakika\" \/>\n<script type=\"application\/ld+json\" class=\"yoast-schema-graph\">{\"@context\":\"https:\/\/schema.org\",\"@graph\":[{\"@type\":\"Article\",\"@id\":\"https:\/\/narteks.net\/index.php\/2009\/12\/05\/kim-ozlerdi-avuc-iclerinin-kokusunu\/#article\",\"isPartOf\":{\"@id\":\"https:\/\/narteks.net\/index.php\/2009\/12\/05\/kim-ozlerdi-avuc-iclerinin-kokusunu\/\"},\"author\":{\"name\":\"Tar\u0131k\",\"@id\":\"https:\/\/narteks.net\/#\/schema\/person\/61f37d9834294b72d31d274e7ed79bca\"},\"headline\":\"K\u0130M \u00d6ZLERD\u0130 AVU\u00c7 \u0130\u00c7LER\u0130N\u0130N KOKUSUNU\",\"datePublished\":\"2009-12-05T09:50:53+00:00\",\"mainEntityOfPage\":{\"@id\":\"https:\/\/narteks.net\/index.php\/2009\/12\/05\/kim-ozlerdi-avuc-iclerinin-kokusunu\/\"},\"wordCount\":521,\"commentCount\":0,\"publisher\":{\"@id\":\"https:\/\/narteks.net\/#organization\"},\"articleSection\":[\"Can Y\u00dcCEL\"],\"inLanguage\":\"tr\",\"potentialAction\":[{\"@type\":\"CommentAction\",\"name\":\"Comment\",\"target\":[\"https:\/\/narteks.net\/index.php\/2009\/12\/05\/kim-ozlerdi-avuc-iclerinin-kokusunu\/#respond\"]}]},{\"@type\":\"WebPage\",\"@id\":\"https:\/\/narteks.net\/index.php\/2009\/12\/05\/kim-ozlerdi-avuc-iclerinin-kokusunu\/\",\"url\":\"https:\/\/narteks.net\/index.php\/2009\/12\/05\/kim-ozlerdi-avuc-iclerinin-kokusunu\/\",\"name\":\"K\u0130M \u00d6ZLERD\u0130 AVU\u00c7 \u0130\u00c7LER\u0130N\u0130N KOKUSUNU - narteks.net\",\"isPartOf\":{\"@id\":\"https:\/\/narteks.net\/#website\"},\"datePublished\":\"2009-12-05T09:50:53+00:00\",\"breadcrumb\":{\"@id\":\"https:\/\/narteks.net\/index.php\/2009\/12\/05\/kim-ozlerdi-avuc-iclerinin-kokusunu\/#breadcrumb\"},\"inLanguage\":\"tr\",\"potentialAction\":[{\"@type\":\"ReadAction\",\"target\":[\"https:\/\/narteks.net\/index.php\/2009\/12\/05\/kim-ozlerdi-avuc-iclerinin-kokusunu\/\"]}]},{\"@type\":\"BreadcrumbList\",\"@id\":\"https:\/\/narteks.net\/index.php\/2009\/12\/05\/kim-ozlerdi-avuc-iclerinin-kokusunu\/#breadcrumb\",\"itemListElement\":[{\"@type\":\"ListItem\",\"position\":1,\"name\":\"Anasayfa\",\"item\":\"https:\/\/narteks.net\/\"},{\"@type\":\"ListItem\",\"position\":2,\"name\":\"K\u0130M \u00d6ZLERD\u0130 AVU\u00c7 \u0130\u00c7LER\u0130N\u0130N KOKUSUNU\"}]},{\"@type\":\"WebSite\",\"@id\":\"https:\/\/narteks.net\/#website\",\"url\":\"https:\/\/narteks.net\/\",\"name\":\"narteks.net\",\"description\":\"K\u00fclt\u00fcr Sanat Edebiyat Felsefe\",\"publisher\":{\"@id\":\"https:\/\/narteks.net\/#organization\"},\"alternateName\":\"K\u00fclt\u00fcr Sanat Edebiyat Felsefe\",\"potentialAction\":[{\"@type\":\"SearchAction\",\"target\":{\"@type\":\"EntryPoint\",\"urlTemplate\":\"https:\/\/narteks.net\/?s={search_term_string}\"},\"query-input\":{\"@type\":\"PropertyValueSpecification\",\"valueRequired\":true,\"valueName\":\"search_term_string\"}}],\"inLanguage\":\"tr\"},{\"@type\":\"Organization\",\"@id\":\"https:\/\/narteks.net\/#organization\",\"name\":\"narteks.net\",\"url\":\"https:\/\/narteks.net\/\",\"logo\":{\"@type\":\"ImageObject\",\"inLanguage\":\"tr\",\"@id\":\"https:\/\/narteks.net\/#\/schema\/logo\/image\/\",\"url\":\"https:\/\/narteks.net\/wp-content\/uploads\/narteks.png\",\"contentUrl\":\"https:\/\/narteks.net\/wp-content\/uploads\/narteks.png\",\"width\":300,\"height\":90,\"caption\":\"narteks.net\"},\"image\":{\"@id\":\"https:\/\/narteks.net\/#\/schema\/logo\/image\/\"},\"sameAs\":[\"https:\/\/x.com\/narteks\",\"https:\/\/instagram.com\/narteksnet\"]},{\"@type\":\"Person\",\"@id\":\"https:\/\/narteks.net\/#\/schema\/person\/61f37d9834294b72d31d274e7ed79bca\",\"name\":\"Tar\u0131k\",\"image\":{\"@type\":\"ImageObject\",\"inLanguage\":\"tr\",\"@id\":\"https:\/\/narteks.net\/#\/schema\/person\/image\/\",\"url\":\"https:\/\/secure.gravatar.com\/avatar\/50865afb55632c4ae467e0af0930f6510aa2297d8014be502a55b14f3b7550cf?s=96&d=mm&r=g\",\"contentUrl\":\"https:\/\/secure.gravatar.com\/avatar\/50865afb55632c4ae467e0af0930f6510aa2297d8014be502a55b14f3b7550cf?s=96&d=mm&r=g\",\"caption\":\"Tar\u0131k\"},\"sameAs\":[\"http:\/\/narteks.net\"],\"url\":\"https:\/\/narteks.net\/index.php\/author\/narbak\/\"}]}<\/script>\n<!-- \/ Yoast SEO Premium plugin. -->","yoast_head_json":{"title":"K\u0130M \u00d6ZLERD\u0130 AVU\u00c7 \u0130\u00c7LER\u0130N\u0130N KOKUSUNU - narteks.net","robots":{"index":"index","follow":"follow","max-snippet":"max-snippet:-1","max-image-preview":"max-image-preview:large","max-video-preview":"max-video-preview:-1"},"canonical":"https:\/\/narteks.net\/index.php\/2009\/12\/05\/kim-ozlerdi-avuc-iclerinin-kokusunu\/","og_locale":"tr_TR","og_type":"article","og_title":"K\u0130M \u00d6ZLERD\u0130 AVU\u00c7 \u0130\u00c7LER\u0130N\u0130N KOKUSUNU","og_description":"\u00a0 O kadar da \u00f6nemli de\u011fildir b\u0131rak\u0131p gitmeler,arkalar\u0131nda doldurulmas\u0131 m\u00fcmk\u00fcn olmayan bo\u015fluklarb\u0131rak\u0131lmasayd\u0131 e\u011fer. Dayan\u0131lmas\u0131 o kadar da zor de\u011fildir,b\u00fcy\u00fck ayr\u0131l\u0131klar bile, en g\u00fczel yerde ba\u015flat\u0131lsayd\u0131 e\u011fer. Utan\u0131lacak bir \u015fey de\u011fildir a\u011flamak,y\u00fcrekten s\u00fcz\u00fcl\u00fcp geliyorsa g\u00f6zya\u015f\u0131 e\u011fer. Y\u00fcz k\u0131zart\u0131c\u0131 bir su\u00e7 de\u011fildir h\u0131rs\u0131zl\u0131k,\u00e7al\u0131nan birinin kalbiyse e\u011fer. Korkulacak bir yan\u0131 yoktur a\u015fklar\u0131n,insan b\u00fct\u00fcn derilerden soyunabilseydi e\u011fer. O kadar [&hellip;]","og_url":"https:\/\/narteks.net\/index.php\/2009\/12\/05\/kim-ozlerdi-avuc-iclerinin-kokusunu\/","og_site_name":"narteks.net","article_published_time":"2009-12-05T09:50:53+00:00","og_image":[{"width":300,"height":90,"url":"https:\/\/narteks.net\/wp-content\/uploads\/narteks.png","type":"image\/png"}],"author":"Tar\u0131k","twitter_card":"summary_large_image","twitter_creator":"@narteks","twitter_site":"@narteks","twitter_misc":{"Yazan:":"Tar\u0131k","Tahmini okuma s\u00fcresi":"3 dakika"},"schema":{"@context":"https:\/\/schema.org","@graph":[{"@type":"Article","@id":"https:\/\/narteks.net\/index.php\/2009\/12\/05\/kim-ozlerdi-avuc-iclerinin-kokusunu\/#article","isPartOf":{"@id":"https:\/\/narteks.net\/index.php\/2009\/12\/05\/kim-ozlerdi-avuc-iclerinin-kokusunu\/"},"author":{"name":"Tar\u0131k","@id":"https:\/\/narteks.net\/#\/schema\/person\/61f37d9834294b72d31d274e7ed79bca"},"headline":"K\u0130M \u00d6ZLERD\u0130 AVU\u00c7 \u0130\u00c7LER\u0130N\u0130N KOKUSUNU","datePublished":"2009-12-05T09:50:53+00:00","mainEntityOfPage":{"@id":"https:\/\/narteks.net\/index.php\/2009\/12\/05\/kim-ozlerdi-avuc-iclerinin-kokusunu\/"},"wordCount":521,"commentCount":0,"publisher":{"@id":"https:\/\/narteks.net\/#organization"},"articleSection":["Can Y\u00dcCEL"],"inLanguage":"tr","potentialAction":[{"@type":"CommentAction","name":"Comment","target":["https:\/\/narteks.net\/index.php\/2009\/12\/05\/kim-ozlerdi-avuc-iclerinin-kokusunu\/#respond"]}]},{"@type":"WebPage","@id":"https:\/\/narteks.net\/index.php\/2009\/12\/05\/kim-ozlerdi-avuc-iclerinin-kokusunu\/","url":"https:\/\/narteks.net\/index.php\/2009\/12\/05\/kim-ozlerdi-avuc-iclerinin-kokusunu\/","name":"K\u0130M \u00d6ZLERD\u0130 AVU\u00c7 \u0130\u00c7LER\u0130N\u0130N KOKUSUNU - narteks.net","isPartOf":{"@id":"https:\/\/narteks.net\/#website"},"datePublished":"2009-12-05T09:50:53+00:00","breadcrumb":{"@id":"https:\/\/narteks.net\/index.php\/2009\/12\/05\/kim-ozlerdi-avuc-iclerinin-kokusunu\/#breadcrumb"},"inLanguage":"tr","potentialAction":[{"@type":"ReadAction","target":["https:\/\/narteks.net\/index.php\/2009\/12\/05\/kim-ozlerdi-avuc-iclerinin-kokusunu\/"]}]},{"@type":"BreadcrumbList","@id":"https:\/\/narteks.net\/index.php\/2009\/12\/05\/kim-ozlerdi-avuc-iclerinin-kokusunu\/#breadcrumb","itemListElement":[{"@type":"ListItem","position":1,"name":"Anasayfa","item":"https:\/\/narteks.net\/"},{"@type":"ListItem","position":2,"name":"K\u0130M \u00d6ZLERD\u0130 AVU\u00c7 \u0130\u00c7LER\u0130N\u0130N KOKUSUNU"}]},{"@type":"WebSite","@id":"https:\/\/narteks.net\/#website","url":"https:\/\/narteks.net\/","name":"narteks.net","description":"K\u00fclt\u00fcr Sanat Edebiyat Felsefe","publisher":{"@id":"https:\/\/narteks.net\/#organization"},"alternateName":"K\u00fclt\u00fcr Sanat Edebiyat Felsefe","potentialAction":[{"@type":"SearchAction","target":{"@type":"EntryPoint","urlTemplate":"https:\/\/narteks.net\/?s={search_term_string}"},"query-input":{"@type":"PropertyValueSpecification","valueRequired":true,"valueName":"search_term_string"}}],"inLanguage":"tr"},{"@type":"Organization","@id":"https:\/\/narteks.net\/#organization","name":"narteks.net","url":"https:\/\/narteks.net\/","logo":{"@type":"ImageObject","inLanguage":"tr","@id":"https:\/\/narteks.net\/#\/schema\/logo\/image\/","url":"https:\/\/narteks.net\/wp-content\/uploads\/narteks.png","contentUrl":"https:\/\/narteks.net\/wp-content\/uploads\/narteks.png","width":300,"height":90,"caption":"narteks.net"},"image":{"@id":"https:\/\/narteks.net\/#\/schema\/logo\/image\/"},"sameAs":["https:\/\/x.com\/narteks","https:\/\/instagram.com\/narteksnet"]},{"@type":"Person","@id":"https:\/\/narteks.net\/#\/schema\/person\/61f37d9834294b72d31d274e7ed79bca","name":"Tar\u0131k","image":{"@type":"ImageObject","inLanguage":"tr","@id":"https:\/\/narteks.net\/#\/schema\/person\/image\/","url":"https:\/\/secure.gravatar.com\/avatar\/50865afb55632c4ae467e0af0930f6510aa2297d8014be502a55b14f3b7550cf?s=96&d=mm&r=g","contentUrl":"https:\/\/secure.gravatar.com\/avatar\/50865afb55632c4ae467e0af0930f6510aa2297d8014be502a55b14f3b7550cf?s=96&d=mm&r=g","caption":"Tar\u0131k"},"sameAs":["http:\/\/narteks.net"],"url":"https:\/\/narteks.net\/index.php\/author\/narbak\/"}]}},"_links":{"self":[{"href":"https:\/\/narteks.net\/index.php\/wp-json\/wp\/v2\/posts\/2262","targetHints":{"allow":["GET"]}}],"collection":[{"href":"https:\/\/narteks.net\/index.php\/wp-json\/wp\/v2\/posts"}],"about":[{"href":"https:\/\/narteks.net\/index.php\/wp-json\/wp\/v2\/types\/post"}],"author":[{"embeddable":true,"href":"https:\/\/narteks.net\/index.php\/wp-json\/wp\/v2\/users\/1"}],"replies":[{"embeddable":true,"href":"https:\/\/narteks.net\/index.php\/wp-json\/wp\/v2\/comments?post=2262"}],"version-history":[{"count":0,"href":"https:\/\/narteks.net\/index.php\/wp-json\/wp\/v2\/posts\/2262\/revisions"}],"wp:attachment":[{"href":"https:\/\/narteks.net\/index.php\/wp-json\/wp\/v2\/media?parent=2262"}],"wp:term":[{"taxonomy":"category","embeddable":true,"href":"https:\/\/narteks.net\/index.php\/wp-json\/wp\/v2\/categories?post=2262"},{"taxonomy":"post_tag","embeddable":true,"href":"https:\/\/narteks.net\/index.php\/wp-json\/wp\/v2\/tags?post=2262"}],"curies":[{"name":"wp","href":"https:\/\/api.w.org\/{rel}","templated":true}]}}