{"id":2265,"date":"2009-12-05T12:53:42","date_gmt":"2009-12-05T09:53:42","guid":{"rendered":"http:\/\/localhost\/wordpress\/2009\/12\/05\/no16\/"},"modified":"2009-12-05T12:53:42","modified_gmt":"2009-12-05T09:53:42","slug":"no16","status":"publish","type":"post","link":"https:\/\/narteks.net\/index.php\/2009\/12\/05\/no16\/","title":{"rendered":"No:16"},"content":{"rendered":"<p>\u00a0<\/p>\n<p>Kasab\u0131n \u00e7\u0131ra\u011f\u0131 apo<br \/>On\u00fc\u00e7 ond\u00f6rt ya\u015flar\u0131nda<br \/>\u00c7\u0131ta gibi bir o\u011flan<br \/>Bakt\u0131m dolan\u0131yor bizim sokakta<br \/>Ne lan, dedim, ne ar\u0131yorsun?<br \/>Amca, dedi, \u00fc\u00e7 gilom gu\u015fba\u015f\u0131<br \/>Telefonlan istediler de<br \/>16 numaras\u0131ndan bu soka\u011f\u0131n<br \/>Yok \u00f6yle bir numara..<br \/>\u00d6n\u00fcne d\u00fc\u015ft\u00fcm ben de apo&#8217;nun<br \/>Ger\u00e7ekten yok \u00f6yle bir numara<br \/>Ond\u00f6rtl\u00fc evi ge\u00e7ti\u011finde<br \/>Bir yang\u0131n yeri \u00e7\u0131k\u0131yor s\u0131rada<br \/>Kar\u015f\u0131 kom\u015fulara da sorduk, onlar da bilmiyorlar&#8230;<br \/>Anla\u015f\u0131lan, dedim, hortlaklar matrak ge\u00e7mi\u015f sizinlen!<br \/>Hortlaklar de\u011fil ama, dedi bizim han\u0131m<br \/>A\u00e7 kediler telefon etmi\u015ftir d\u00fckkana, niye olmas\u0131n!<\/p>\n<p>Can Y\u00dcCEL<\/p>\n","protected":false},"excerpt":{"rendered":"<p>\u00a0 Kasab\u0131n \u00e7\u0131ra\u011f\u0131 apoOn\u00fc\u00e7 ond\u00f6rt ya\u015flar\u0131nda\u00c7\u0131ta gibi bir o\u011flanBakt\u0131m dolan\u0131yor bizim sokaktaNe lan, dedim, ne ar\u0131yorsun?Amca, dedi, \u00fc\u00e7 gilom gu\u015fba\u015f\u0131Telefonlan istediler de16 numaras\u0131ndan bu soka\u011f\u0131nYok \u00f6yle bir numara..\u00d6n\u00fcne d\u00fc\u015ft\u00fcm ben de apo&#8217;nunGer\u00e7ekten yok \u00f6yle bir numaraOnd\u00f6rtl\u00fc evi ge\u00e7ti\u011findeBir yang\u0131n yeri \u00e7\u0131k\u0131yor s\u0131radaKar\u015f\u0131 kom\u015fulara da sorduk, onlar da bilmiyorlar&#8230;Anla\u015f\u0131lan, dedim, hortlaklar matrak ge\u00e7mi\u015f sizinlen!Hortlaklar de\u011fil ama, [&hellip;]<\/p>\n","protected":false},"author":1,"featured_media":0,"comment_status":"open","ping_status":"open","sticky":false,"template":"","format":"standard","meta":{"footnotes":""},"categories":[16],"tags":[],"class_list":{"0":"post-2265","1":"post","2":"type-post","3":"status-publish","4":"format-standard","6":"category-can-yucel"},"yoast_head":"<!-- This site is optimized with the Yoast SEO Premium plugin v24.9 (Yoast SEO v24.9) - https:\/\/yoast.com\/wordpress\/plugins\/seo\/ -->\n<title>No:16 - narteks.net<\/title>\n<meta name=\"robots\" content=\"index, follow, max-snippet:-1, max-image-preview:large, max-video-preview:-1\" \/>\n<link rel=\"canonical\" href=\"https:\/\/narteks.net\/index.php\/2009\/12\/05\/no16\/\" \/>\n<meta property=\"og:locale\" content=\"tr_TR\" \/>\n<meta property=\"og:type\" content=\"article\" \/>\n<meta property=\"og:title\" content=\"No:16\" \/>\n<meta property=\"og:description\" content=\"\u00a0 Kasab\u0131n \u00e7\u0131ra\u011f\u0131 apoOn\u00fc\u00e7 ond\u00f6rt ya\u015flar\u0131nda\u00c7\u0131ta gibi bir o\u011flanBakt\u0131m dolan\u0131yor bizim sokaktaNe lan, dedim, ne ar\u0131yorsun?Amca, dedi, \u00fc\u00e7 gilom gu\u015fba\u015f\u0131Telefonlan istediler de16 numaras\u0131ndan bu soka\u011f\u0131nYok \u00f6yle bir numara..\u00d6n\u00fcne d\u00fc\u015ft\u00fcm ben de apo&#8217;nunGer\u00e7ekten yok \u00f6yle bir numaraOnd\u00f6rtl\u00fc evi ge\u00e7ti\u011findeBir yang\u0131n yeri \u00e7\u0131k\u0131yor s\u0131radaKar\u015f\u0131 kom\u015fulara da sorduk, onlar da bilmiyorlar&#8230;Anla\u015f\u0131lan, dedim, hortlaklar matrak ge\u00e7mi\u015f sizinlen!Hortlaklar de\u011fil ama, [&hellip;]\" \/>\n<meta property=\"og:url\" content=\"https:\/\/narteks.net\/index.php\/2009\/12\/05\/no16\/\" \/>\n<meta property=\"og:site_name\" content=\"narteks.net\" \/>\n<meta property=\"article:published_time\" content=\"2009-12-05T09:53:42+00:00\" \/>\n<meta property=\"og:image\" content=\"https:\/\/narteks.net\/wp-content\/uploads\/narteks.png\" \/>\n\t<meta property=\"og:image:width\" content=\"300\" \/>\n\t<meta property=\"og:image:height\" content=\"90\" \/>\n\t<meta property=\"og:image:type\" content=\"image\/png\" \/>\n<meta name=\"author\" content=\"Tar\u0131k\" \/>\n<meta name=\"twitter:card\" content=\"summary_large_image\" \/>\n<meta name=\"twitter:creator\" content=\"@narteks\" \/>\n<meta name=\"twitter:site\" content=\"@narteks\" \/>\n<meta name=\"twitter:label1\" content=\"Yazan:\" \/>\n\t<meta name=\"twitter:data1\" content=\"Tar\u0131k\" \/>\n\t<meta name=\"twitter:label2\" content=\"Tahmini okuma s\u00fcresi\" \/>\n\t<meta name=\"twitter:data2\" content=\"1 dakika\" \/>\n<script type=\"application\/ld+json\" class=\"yoast-schema-graph\">{\"@context\":\"https:\/\/schema.org\",\"@graph\":[{\"@type\":\"Article\",\"@id\":\"https:\/\/narteks.net\/index.php\/2009\/12\/05\/no16\/#article\",\"isPartOf\":{\"@id\":\"https:\/\/narteks.net\/index.php\/2009\/12\/05\/no16\/\"},\"author\":{\"name\":\"Tar\u0131k\",\"@id\":\"https:\/\/narteks.net\/#\/schema\/person\/61f37d9834294b72d31d274e7ed79bca\"},\"headline\":\"No:16\",\"datePublished\":\"2009-12-05T09:53:42+00:00\",\"mainEntityOfPage\":{\"@id\":\"https:\/\/narteks.net\/index.php\/2009\/12\/05\/no16\/\"},\"wordCount\":101,\"commentCount\":0,\"publisher\":{\"@id\":\"https:\/\/narteks.net\/#organization\"},\"articleSection\":[\"Can Y\u00dcCEL\"],\"inLanguage\":\"tr\",\"potentialAction\":[{\"@type\":\"CommentAction\",\"name\":\"Comment\",\"target\":[\"https:\/\/narteks.net\/index.php\/2009\/12\/05\/no16\/#respond\"]}]},{\"@type\":\"WebPage\",\"@id\":\"https:\/\/narteks.net\/index.php\/2009\/12\/05\/no16\/\",\"url\":\"https:\/\/narteks.net\/index.php\/2009\/12\/05\/no16\/\",\"name\":\"No:16 - narteks.net\",\"isPartOf\":{\"@id\":\"https:\/\/narteks.net\/#website\"},\"datePublished\":\"2009-12-05T09:53:42+00:00\",\"breadcrumb\":{\"@id\":\"https:\/\/narteks.net\/index.php\/2009\/12\/05\/no16\/#breadcrumb\"},\"inLanguage\":\"tr\",\"potentialAction\":[{\"@type\":\"ReadAction\",\"target\":[\"https:\/\/narteks.net\/index.php\/2009\/12\/05\/no16\/\"]}]},{\"@type\":\"BreadcrumbList\",\"@id\":\"https:\/\/narteks.net\/index.php\/2009\/12\/05\/no16\/#breadcrumb\",\"itemListElement\":[{\"@type\":\"ListItem\",\"position\":1,\"name\":\"Anasayfa\",\"item\":\"https:\/\/narteks.net\/\"},{\"@type\":\"ListItem\",\"position\":2,\"name\":\"No:16\"}]},{\"@type\":\"WebSite\",\"@id\":\"https:\/\/narteks.net\/#website\",\"url\":\"https:\/\/narteks.net\/\",\"name\":\"narteks.net\",\"description\":\"K\u00fclt\u00fcr Sanat Edebiyat Felsefe\",\"publisher\":{\"@id\":\"https:\/\/narteks.net\/#organization\"},\"alternateName\":\"K\u00fclt\u00fcr Sanat Edebiyat Felsefe\",\"potentialAction\":[{\"@type\":\"SearchAction\",\"target\":{\"@type\":\"EntryPoint\",\"urlTemplate\":\"https:\/\/narteks.net\/?s={search_term_string}\"},\"query-input\":{\"@type\":\"PropertyValueSpecification\",\"valueRequired\":true,\"valueName\":\"search_term_string\"}}],\"inLanguage\":\"tr\"},{\"@type\":\"Organization\",\"@id\":\"https:\/\/narteks.net\/#organization\",\"name\":\"narteks.net\",\"url\":\"https:\/\/narteks.net\/\",\"logo\":{\"@type\":\"ImageObject\",\"inLanguage\":\"tr\",\"@id\":\"https:\/\/narteks.net\/#\/schema\/logo\/image\/\",\"url\":\"https:\/\/narteks.net\/wp-content\/uploads\/narteks.png\",\"contentUrl\":\"https:\/\/narteks.net\/wp-content\/uploads\/narteks.png\",\"width\":300,\"height\":90,\"caption\":\"narteks.net\"},\"image\":{\"@id\":\"https:\/\/narteks.net\/#\/schema\/logo\/image\/\"},\"sameAs\":[\"https:\/\/x.com\/narteks\",\"https:\/\/instagram.com\/narteksnet\"]},{\"@type\":\"Person\",\"@id\":\"https:\/\/narteks.net\/#\/schema\/person\/61f37d9834294b72d31d274e7ed79bca\",\"name\":\"Tar\u0131k\",\"image\":{\"@type\":\"ImageObject\",\"inLanguage\":\"tr\",\"@id\":\"https:\/\/narteks.net\/#\/schema\/person\/image\/\",\"url\":\"https:\/\/secure.gravatar.com\/avatar\/50865afb55632c4ae467e0af0930f6510aa2297d8014be502a55b14f3b7550cf?s=96&d=mm&r=g\",\"contentUrl\":\"https:\/\/secure.gravatar.com\/avatar\/50865afb55632c4ae467e0af0930f6510aa2297d8014be502a55b14f3b7550cf?s=96&d=mm&r=g\",\"caption\":\"Tar\u0131k\"},\"sameAs\":[\"http:\/\/narteks.net\"],\"url\":\"https:\/\/narteks.net\/index.php\/author\/narbak\/\"}]}<\/script>\n<!-- \/ Yoast SEO Premium plugin. -->","yoast_head_json":{"title":"No:16 - narteks.net","robots":{"index":"index","follow":"follow","max-snippet":"max-snippet:-1","max-image-preview":"max-image-preview:large","max-video-preview":"max-video-preview:-1"},"canonical":"https:\/\/narteks.net\/index.php\/2009\/12\/05\/no16\/","og_locale":"tr_TR","og_type":"article","og_title":"No:16","og_description":"\u00a0 Kasab\u0131n \u00e7\u0131ra\u011f\u0131 apoOn\u00fc\u00e7 ond\u00f6rt ya\u015flar\u0131nda\u00c7\u0131ta gibi bir o\u011flanBakt\u0131m dolan\u0131yor bizim sokaktaNe lan, dedim, ne ar\u0131yorsun?Amca, dedi, \u00fc\u00e7 gilom gu\u015fba\u015f\u0131Telefonlan istediler de16 numaras\u0131ndan bu soka\u011f\u0131nYok \u00f6yle bir numara..\u00d6n\u00fcne d\u00fc\u015ft\u00fcm ben de apo&#8217;nunGer\u00e7ekten yok \u00f6yle bir numaraOnd\u00f6rtl\u00fc evi ge\u00e7ti\u011findeBir yang\u0131n yeri \u00e7\u0131k\u0131yor s\u0131radaKar\u015f\u0131 kom\u015fulara da sorduk, onlar da bilmiyorlar&#8230;Anla\u015f\u0131lan, dedim, hortlaklar matrak ge\u00e7mi\u015f sizinlen!Hortlaklar de\u011fil ama, [&hellip;]","og_url":"https:\/\/narteks.net\/index.php\/2009\/12\/05\/no16\/","og_site_name":"narteks.net","article_published_time":"2009-12-05T09:53:42+00:00","og_image":[{"width":300,"height":90,"url":"https:\/\/narteks.net\/wp-content\/uploads\/narteks.png","type":"image\/png"}],"author":"Tar\u0131k","twitter_card":"summary_large_image","twitter_creator":"@narteks","twitter_site":"@narteks","twitter_misc":{"Yazan:":"Tar\u0131k","Tahmini okuma s\u00fcresi":"1 dakika"},"schema":{"@context":"https:\/\/schema.org","@graph":[{"@type":"Article","@id":"https:\/\/narteks.net\/index.php\/2009\/12\/05\/no16\/#article","isPartOf":{"@id":"https:\/\/narteks.net\/index.php\/2009\/12\/05\/no16\/"},"author":{"name":"Tar\u0131k","@id":"https:\/\/narteks.net\/#\/schema\/person\/61f37d9834294b72d31d274e7ed79bca"},"headline":"No:16","datePublished":"2009-12-05T09:53:42+00:00","mainEntityOfPage":{"@id":"https:\/\/narteks.net\/index.php\/2009\/12\/05\/no16\/"},"wordCount":101,"commentCount":0,"publisher":{"@id":"https:\/\/narteks.net\/#organization"},"articleSection":["Can Y\u00dcCEL"],"inLanguage":"tr","potentialAction":[{"@type":"CommentAction","name":"Comment","target":["https:\/\/narteks.net\/index.php\/2009\/12\/05\/no16\/#respond"]}]},{"@type":"WebPage","@id":"https:\/\/narteks.net\/index.php\/2009\/12\/05\/no16\/","url":"https:\/\/narteks.net\/index.php\/2009\/12\/05\/no16\/","name":"No:16 - narteks.net","isPartOf":{"@id":"https:\/\/narteks.net\/#website"},"datePublished":"2009-12-05T09:53:42+00:00","breadcrumb":{"@id":"https:\/\/narteks.net\/index.php\/2009\/12\/05\/no16\/#breadcrumb"},"inLanguage":"tr","potentialAction":[{"@type":"ReadAction","target":["https:\/\/narteks.net\/index.php\/2009\/12\/05\/no16\/"]}]},{"@type":"BreadcrumbList","@id":"https:\/\/narteks.net\/index.php\/2009\/12\/05\/no16\/#breadcrumb","itemListElement":[{"@type":"ListItem","position":1,"name":"Anasayfa","item":"https:\/\/narteks.net\/"},{"@type":"ListItem","position":2,"name":"No:16"}]},{"@type":"WebSite","@id":"https:\/\/narteks.net\/#website","url":"https:\/\/narteks.net\/","name":"narteks.net","description":"K\u00fclt\u00fcr Sanat Edebiyat Felsefe","publisher":{"@id":"https:\/\/narteks.net\/#organization"},"alternateName":"K\u00fclt\u00fcr Sanat Edebiyat Felsefe","potentialAction":[{"@type":"SearchAction","target":{"@type":"EntryPoint","urlTemplate":"https:\/\/narteks.net\/?s={search_term_string}"},"query-input":{"@type":"PropertyValueSpecification","valueRequired":true,"valueName":"search_term_string"}}],"inLanguage":"tr"},{"@type":"Organization","@id":"https:\/\/narteks.net\/#organization","name":"narteks.net","url":"https:\/\/narteks.net\/","logo":{"@type":"ImageObject","inLanguage":"tr","@id":"https:\/\/narteks.net\/#\/schema\/logo\/image\/","url":"https:\/\/narteks.net\/wp-content\/uploads\/narteks.png","contentUrl":"https:\/\/narteks.net\/wp-content\/uploads\/narteks.png","width":300,"height":90,"caption":"narteks.net"},"image":{"@id":"https:\/\/narteks.net\/#\/schema\/logo\/image\/"},"sameAs":["https:\/\/x.com\/narteks","https:\/\/instagram.com\/narteksnet"]},{"@type":"Person","@id":"https:\/\/narteks.net\/#\/schema\/person\/61f37d9834294b72d31d274e7ed79bca","name":"Tar\u0131k","image":{"@type":"ImageObject","inLanguage":"tr","@id":"https:\/\/narteks.net\/#\/schema\/person\/image\/","url":"https:\/\/secure.gravatar.com\/avatar\/50865afb55632c4ae467e0af0930f6510aa2297d8014be502a55b14f3b7550cf?s=96&d=mm&r=g","contentUrl":"https:\/\/secure.gravatar.com\/avatar\/50865afb55632c4ae467e0af0930f6510aa2297d8014be502a55b14f3b7550cf?s=96&d=mm&r=g","caption":"Tar\u0131k"},"sameAs":["http:\/\/narteks.net"],"url":"https:\/\/narteks.net\/index.php\/author\/narbak\/"}]}},"_links":{"self":[{"href":"https:\/\/narteks.net\/index.php\/wp-json\/wp\/v2\/posts\/2265","targetHints":{"allow":["GET"]}}],"collection":[{"href":"https:\/\/narteks.net\/index.php\/wp-json\/wp\/v2\/posts"}],"about":[{"href":"https:\/\/narteks.net\/index.php\/wp-json\/wp\/v2\/types\/post"}],"author":[{"embeddable":true,"href":"https:\/\/narteks.net\/index.php\/wp-json\/wp\/v2\/users\/1"}],"replies":[{"embeddable":true,"href":"https:\/\/narteks.net\/index.php\/wp-json\/wp\/v2\/comments?post=2265"}],"version-history":[{"count":0,"href":"https:\/\/narteks.net\/index.php\/wp-json\/wp\/v2\/posts\/2265\/revisions"}],"wp:attachment":[{"href":"https:\/\/narteks.net\/index.php\/wp-json\/wp\/v2\/media?parent=2265"}],"wp:term":[{"taxonomy":"category","embeddable":true,"href":"https:\/\/narteks.net\/index.php\/wp-json\/wp\/v2\/categories?post=2265"},{"taxonomy":"post_tag","embeddable":true,"href":"https:\/\/narteks.net\/index.php\/wp-json\/wp\/v2\/tags?post=2265"}],"curies":[{"name":"wp","href":"https:\/\/api.w.org\/{rel}","templated":true}]}}