{"id":2275,"date":"2009-12-05T13:03:24","date_gmt":"2009-12-05T10:03:24","guid":{"rendered":"http:\/\/localhost\/wordpress\/2009\/12\/05\/hava-dondu-isciden-yana\/"},"modified":"2009-12-05T13:03:24","modified_gmt":"2009-12-05T10:03:24","slug":"hava-dondu-isciden-yana","status":"publish","type":"post","link":"https:\/\/narteks.net\/index.php\/2009\/12\/05\/hava-dondu-isciden-yana\/","title":{"rendered":"HAVA D\u00d6ND\u00dc \u0130\u015e\u00c7\u0130DEN YANA"},"content":{"rendered":"<p>\u00a0<\/p>\n<p>Hava d\u00f6nd\u00fc i\u015f\u00e7iden<br \/> \u0130\u015f\u00e7iden esiyor yel<br \/> Duman\u0131 da\u011f\u0131tacak <br \/> Y\u0131ld\u0131z-poyraz ba\u015flad\u0131<br \/> Bahar yak\u0131n demek ki<br \/> Mevsim b\u00f6yle k\u0131\u015flad\u0131<br \/> Bu f\u0131rt\u0131na yar\u0131nki s\u00fctlimanlara bedel<br \/> Hava d\u00f6nd\u00fc i\u015f\u00e7iden <br \/> \u0130\u015f\u00e7iden esiyor yel!<\/p>\n<p> Tekliyor i\u015fte \u00e7a\u011f\u0131n <br \/> \u00c7ark\u0131na okuyan \u00e7ark<br \/> Ve durdu muydu bir g\u00fcn<br \/> Bu k\u00f6r avara kasnak<br \/> Bir zincir yitirenler <br \/> Bir d\u00fcnya kazanacak<br \/> Sen de o d\u00fcnyadans\u0131n s\u0131n\u0131f\u0131n bir safa gel<br \/> Hava d\u00f6nd\u00fc i\u015f\u00e7iden <br \/> \u0130\u015f\u00e7iden esiyor yel!<\/p>\n<p> K\u00f6yl\u00fckler uykusunda<br \/> D\u00f6nd\u00fc d\u00f6n\u00fcyor sola<br \/> G\u00fcne bak\u0131yor bebek <br \/> B\u00fcy\u00fcyen yumru\u011fuyla<br \/> Ba\u015faklar g\u00f6verdi bak <br \/> Ba\u015f koydular bu yola <br \/> \u015ealtere uzan\u0131yor tanr\u0131ya a\u00e7\u0131lm\u0131\u015f el<br \/> Hava d\u00f6nd\u00fc i\u015f\u00e7iden<br \/> \u0130\u015f\u00e7iden esiyor yel!<\/p>\n<p> Senlik benlik bitip de<br \/> Kuruldu muydu bizlik<br \/> Asgari \u00fccret de\u011fil<br \/> H\u00fcr ve g\u00fcnl\u00fck g\u00fcne\u015flik<br \/> Beklenen g\u00fcn olacak<br \/> Ald\u0131\u011f\u0131n son g\u00fcndelik<br \/> Halk kalacak geride gidince bu zal\u0131m sel<br \/> Hava d\u00f6nd\u00fc i\u015f\u00e7iden<br \/> \u0130\u015f\u00e7iden esiyor yel!<\/p>\n<p> Tarihle y\u00fcr\u00fcyenler tarihle ad\u0131m ad\u0131m <br \/> Saflar\u0131 s\u0131kla\u015ft\u0131r\u0131n tarihle h\u0131zlanal\u0131m<br \/> Lakin h\u0131zland\u0131k derken kolu da\u011f\u0131tma sak\u0131n<br \/> Ba\u015flar\u0131 bozuklar var \u015fimdi bize tek engel<br \/> Hava d\u00f6nd\u00fc i\u015f\u00e7iden<br \/> \u0130\u015f\u00e7iden esiyor yel!<\/p>\n<p> Sen ki Ferhat&#8217;s\u0131n i\u015f\u00e7i g\u00fcn\u00fcn senin gelecek <br \/> \u0130ndir yumru\u011fun indir del \u015fu karanl\u0131\u011f\u0131 del<br \/> Del ki da\u011flar ard\u0131ndan \u00f6n\u00fcm\u00fczde bir \u00e7i\u00e7ek<br \/> \u00c7i\u00e7ek a\u00e7s\u0131n ayd\u0131nl\u0131k tekmil olunca t\u00fcnel<br \/> Hava d\u00f6nd\u00fc i\u015f\u00e7iden<br \/> \u0130\u015f\u00e7iden esiyor yel!<\/p>\n<p>Can Y\u00dcCEL<\/p>\n","protected":false},"excerpt":{"rendered":"<p>\u00a0 Hava d\u00f6nd\u00fc i\u015f\u00e7iden \u0130\u015f\u00e7iden esiyor yel Duman\u0131 da\u011f\u0131tacak Y\u0131ld\u0131z-poyraz ba\u015flad\u0131 Bahar yak\u0131n demek ki Mevsim b\u00f6yle k\u0131\u015flad\u0131 Bu f\u0131rt\u0131na yar\u0131nki s\u00fctlimanlara bedel Hava d\u00f6nd\u00fc i\u015f\u00e7iden \u0130\u015f\u00e7iden esiyor yel! Tekliyor i\u015fte \u00e7a\u011f\u0131n \u00c7ark\u0131na okuyan \u00e7ark Ve durdu muydu bir g\u00fcn Bu k\u00f6r avara kasnak Bir zincir yitirenler Bir d\u00fcnya kazanacak Sen de o d\u00fcnyadans\u0131n s\u0131n\u0131f\u0131n [&hellip;]<\/p>\n","protected":false},"author":1,"featured_media":0,"comment_status":"open","ping_status":"open","sticky":false,"template":"","format":"standard","meta":{"footnotes":""},"categories":[16],"tags":[],"class_list":{"0":"post-2275","1":"post","2":"type-post","3":"status-publish","4":"format-standard","6":"category-can-yucel"},"yoast_head":"<!-- This site is optimized with the Yoast SEO Premium plugin v24.9 (Yoast SEO v24.9) - https:\/\/yoast.com\/wordpress\/plugins\/seo\/ -->\n<title>HAVA D\u00d6ND\u00dc \u0130\u015e\u00c7\u0130DEN YANA - narteks.net<\/title>\n<meta name=\"robots\" content=\"index, follow, max-snippet:-1, max-image-preview:large, max-video-preview:-1\" \/>\n<link rel=\"canonical\" href=\"https:\/\/narteks.net\/index.php\/2009\/12\/05\/hava-dondu-isciden-yana\/\" \/>\n<meta property=\"og:locale\" content=\"tr_TR\" \/>\n<meta property=\"og:type\" content=\"article\" \/>\n<meta property=\"og:title\" content=\"HAVA D\u00d6ND\u00dc \u0130\u015e\u00c7\u0130DEN YANA\" \/>\n<meta property=\"og:description\" content=\"\u00a0 Hava d\u00f6nd\u00fc i\u015f\u00e7iden \u0130\u015f\u00e7iden esiyor yel Duman\u0131 da\u011f\u0131tacak Y\u0131ld\u0131z-poyraz ba\u015flad\u0131 Bahar yak\u0131n demek ki Mevsim b\u00f6yle k\u0131\u015flad\u0131 Bu f\u0131rt\u0131na yar\u0131nki s\u00fctlimanlara bedel Hava d\u00f6nd\u00fc i\u015f\u00e7iden \u0130\u015f\u00e7iden esiyor yel! Tekliyor i\u015fte \u00e7a\u011f\u0131n \u00c7ark\u0131na okuyan \u00e7ark Ve durdu muydu bir g\u00fcn Bu k\u00f6r avara kasnak Bir zincir yitirenler Bir d\u00fcnya kazanacak Sen de o d\u00fcnyadans\u0131n s\u0131n\u0131f\u0131n [&hellip;]\" \/>\n<meta property=\"og:url\" content=\"https:\/\/narteks.net\/index.php\/2009\/12\/05\/hava-dondu-isciden-yana\/\" \/>\n<meta property=\"og:site_name\" content=\"narteks.net\" \/>\n<meta property=\"article:published_time\" content=\"2009-12-05T10:03:24+00:00\" \/>\n<meta property=\"og:image\" content=\"https:\/\/narteks.net\/wp-content\/uploads\/narteks.png\" \/>\n\t<meta property=\"og:image:width\" content=\"300\" \/>\n\t<meta property=\"og:image:height\" content=\"90\" \/>\n\t<meta property=\"og:image:type\" content=\"image\/png\" \/>\n<meta name=\"author\" content=\"Tar\u0131k\" \/>\n<meta name=\"twitter:card\" content=\"summary_large_image\" \/>\n<meta name=\"twitter:creator\" content=\"@narteks\" \/>\n<meta name=\"twitter:site\" content=\"@narteks\" \/>\n<meta name=\"twitter:label1\" content=\"Yazan:\" \/>\n\t<meta name=\"twitter:data1\" content=\"Tar\u0131k\" \/>\n\t<meta name=\"twitter:label2\" content=\"Tahmini okuma s\u00fcresi\" \/>\n\t<meta name=\"twitter:data2\" content=\"1 dakika\" \/>\n<script type=\"application\/ld+json\" class=\"yoast-schema-graph\">{\"@context\":\"https:\/\/schema.org\",\"@graph\":[{\"@type\":\"Article\",\"@id\":\"https:\/\/narteks.net\/index.php\/2009\/12\/05\/hava-dondu-isciden-yana\/#article\",\"isPartOf\":{\"@id\":\"https:\/\/narteks.net\/index.php\/2009\/12\/05\/hava-dondu-isciden-yana\/\"},\"author\":{\"name\":\"Tar\u0131k\",\"@id\":\"https:\/\/narteks.net\/#\/schema\/person\/61f37d9834294b72d31d274e7ed79bca\"},\"headline\":\"HAVA D\u00d6ND\u00dc \u0130\u015e\u00c7\u0130DEN YANA\",\"datePublished\":\"2009-12-05T10:03:24+00:00\",\"mainEntityOfPage\":{\"@id\":\"https:\/\/narteks.net\/index.php\/2009\/12\/05\/hava-dondu-isciden-yana\/\"},\"wordCount\":285,\"commentCount\":0,\"publisher\":{\"@id\":\"https:\/\/narteks.net\/#organization\"},\"articleSection\":[\"Can Y\u00dcCEL\"],\"inLanguage\":\"tr\",\"potentialAction\":[{\"@type\":\"CommentAction\",\"name\":\"Comment\",\"target\":[\"https:\/\/narteks.net\/index.php\/2009\/12\/05\/hava-dondu-isciden-yana\/#respond\"]}]},{\"@type\":\"WebPage\",\"@id\":\"https:\/\/narteks.net\/index.php\/2009\/12\/05\/hava-dondu-isciden-yana\/\",\"url\":\"https:\/\/narteks.net\/index.php\/2009\/12\/05\/hava-dondu-isciden-yana\/\",\"name\":\"HAVA D\u00d6ND\u00dc \u0130\u015e\u00c7\u0130DEN YANA - narteks.net\",\"isPartOf\":{\"@id\":\"https:\/\/narteks.net\/#website\"},\"datePublished\":\"2009-12-05T10:03:24+00:00\",\"breadcrumb\":{\"@id\":\"https:\/\/narteks.net\/index.php\/2009\/12\/05\/hava-dondu-isciden-yana\/#breadcrumb\"},\"inLanguage\":\"tr\",\"potentialAction\":[{\"@type\":\"ReadAction\",\"target\":[\"https:\/\/narteks.net\/index.php\/2009\/12\/05\/hava-dondu-isciden-yana\/\"]}]},{\"@type\":\"BreadcrumbList\",\"@id\":\"https:\/\/narteks.net\/index.php\/2009\/12\/05\/hava-dondu-isciden-yana\/#breadcrumb\",\"itemListElement\":[{\"@type\":\"ListItem\",\"position\":1,\"name\":\"Anasayfa\",\"item\":\"https:\/\/narteks.net\/\"},{\"@type\":\"ListItem\",\"position\":2,\"name\":\"HAVA D\u00d6ND\u00dc \u0130\u015e\u00c7\u0130DEN YANA\"}]},{\"@type\":\"WebSite\",\"@id\":\"https:\/\/narteks.net\/#website\",\"url\":\"https:\/\/narteks.net\/\",\"name\":\"narteks.net\",\"description\":\"K\u00fclt\u00fcr Sanat Edebiyat Felsefe\",\"publisher\":{\"@id\":\"https:\/\/narteks.net\/#organization\"},\"alternateName\":\"K\u00fclt\u00fcr Sanat Edebiyat Felsefe\",\"potentialAction\":[{\"@type\":\"SearchAction\",\"target\":{\"@type\":\"EntryPoint\",\"urlTemplate\":\"https:\/\/narteks.net\/?s={search_term_string}\"},\"query-input\":{\"@type\":\"PropertyValueSpecification\",\"valueRequired\":true,\"valueName\":\"search_term_string\"}}],\"inLanguage\":\"tr\"},{\"@type\":\"Organization\",\"@id\":\"https:\/\/narteks.net\/#organization\",\"name\":\"narteks.net\",\"url\":\"https:\/\/narteks.net\/\",\"logo\":{\"@type\":\"ImageObject\",\"inLanguage\":\"tr\",\"@id\":\"https:\/\/narteks.net\/#\/schema\/logo\/image\/\",\"url\":\"https:\/\/narteks.net\/wp-content\/uploads\/narteks.png\",\"contentUrl\":\"https:\/\/narteks.net\/wp-content\/uploads\/narteks.png\",\"width\":300,\"height\":90,\"caption\":\"narteks.net\"},\"image\":{\"@id\":\"https:\/\/narteks.net\/#\/schema\/logo\/image\/\"},\"sameAs\":[\"https:\/\/x.com\/narteks\",\"https:\/\/instagram.com\/narteksnet\"]},{\"@type\":\"Person\",\"@id\":\"https:\/\/narteks.net\/#\/schema\/person\/61f37d9834294b72d31d274e7ed79bca\",\"name\":\"Tar\u0131k\",\"image\":{\"@type\":\"ImageObject\",\"inLanguage\":\"tr\",\"@id\":\"https:\/\/narteks.net\/#\/schema\/person\/image\/\",\"url\":\"https:\/\/secure.gravatar.com\/avatar\/50865afb55632c4ae467e0af0930f6510aa2297d8014be502a55b14f3b7550cf?s=96&d=mm&r=g\",\"contentUrl\":\"https:\/\/secure.gravatar.com\/avatar\/50865afb55632c4ae467e0af0930f6510aa2297d8014be502a55b14f3b7550cf?s=96&d=mm&r=g\",\"caption\":\"Tar\u0131k\"},\"sameAs\":[\"http:\/\/narteks.net\"],\"url\":\"https:\/\/narteks.net\/index.php\/author\/narbak\/\"}]}<\/script>\n<!-- \/ Yoast SEO Premium plugin. -->","yoast_head_json":{"title":"HAVA D\u00d6ND\u00dc \u0130\u015e\u00c7\u0130DEN YANA - narteks.net","robots":{"index":"index","follow":"follow","max-snippet":"max-snippet:-1","max-image-preview":"max-image-preview:large","max-video-preview":"max-video-preview:-1"},"canonical":"https:\/\/narteks.net\/index.php\/2009\/12\/05\/hava-dondu-isciden-yana\/","og_locale":"tr_TR","og_type":"article","og_title":"HAVA D\u00d6ND\u00dc \u0130\u015e\u00c7\u0130DEN YANA","og_description":"\u00a0 Hava d\u00f6nd\u00fc i\u015f\u00e7iden \u0130\u015f\u00e7iden esiyor yel Duman\u0131 da\u011f\u0131tacak Y\u0131ld\u0131z-poyraz ba\u015flad\u0131 Bahar yak\u0131n demek ki Mevsim b\u00f6yle k\u0131\u015flad\u0131 Bu f\u0131rt\u0131na yar\u0131nki s\u00fctlimanlara bedel Hava d\u00f6nd\u00fc i\u015f\u00e7iden \u0130\u015f\u00e7iden esiyor yel! Tekliyor i\u015fte \u00e7a\u011f\u0131n \u00c7ark\u0131na okuyan \u00e7ark Ve durdu muydu bir g\u00fcn Bu k\u00f6r avara kasnak Bir zincir yitirenler Bir d\u00fcnya kazanacak Sen de o d\u00fcnyadans\u0131n s\u0131n\u0131f\u0131n [&hellip;]","og_url":"https:\/\/narteks.net\/index.php\/2009\/12\/05\/hava-dondu-isciden-yana\/","og_site_name":"narteks.net","article_published_time":"2009-12-05T10:03:24+00:00","og_image":[{"width":300,"height":90,"url":"https:\/\/narteks.net\/wp-content\/uploads\/narteks.png","type":"image\/png"}],"author":"Tar\u0131k","twitter_card":"summary_large_image","twitter_creator":"@narteks","twitter_site":"@narteks","twitter_misc":{"Yazan:":"Tar\u0131k","Tahmini okuma s\u00fcresi":"1 dakika"},"schema":{"@context":"https:\/\/schema.org","@graph":[{"@type":"Article","@id":"https:\/\/narteks.net\/index.php\/2009\/12\/05\/hava-dondu-isciden-yana\/#article","isPartOf":{"@id":"https:\/\/narteks.net\/index.php\/2009\/12\/05\/hava-dondu-isciden-yana\/"},"author":{"name":"Tar\u0131k","@id":"https:\/\/narteks.net\/#\/schema\/person\/61f37d9834294b72d31d274e7ed79bca"},"headline":"HAVA D\u00d6ND\u00dc \u0130\u015e\u00c7\u0130DEN YANA","datePublished":"2009-12-05T10:03:24+00:00","mainEntityOfPage":{"@id":"https:\/\/narteks.net\/index.php\/2009\/12\/05\/hava-dondu-isciden-yana\/"},"wordCount":285,"commentCount":0,"publisher":{"@id":"https:\/\/narteks.net\/#organization"},"articleSection":["Can Y\u00dcCEL"],"inLanguage":"tr","potentialAction":[{"@type":"CommentAction","name":"Comment","target":["https:\/\/narteks.net\/index.php\/2009\/12\/05\/hava-dondu-isciden-yana\/#respond"]}]},{"@type":"WebPage","@id":"https:\/\/narteks.net\/index.php\/2009\/12\/05\/hava-dondu-isciden-yana\/","url":"https:\/\/narteks.net\/index.php\/2009\/12\/05\/hava-dondu-isciden-yana\/","name":"HAVA D\u00d6ND\u00dc \u0130\u015e\u00c7\u0130DEN YANA - narteks.net","isPartOf":{"@id":"https:\/\/narteks.net\/#website"},"datePublished":"2009-12-05T10:03:24+00:00","breadcrumb":{"@id":"https:\/\/narteks.net\/index.php\/2009\/12\/05\/hava-dondu-isciden-yana\/#breadcrumb"},"inLanguage":"tr","potentialAction":[{"@type":"ReadAction","target":["https:\/\/narteks.net\/index.php\/2009\/12\/05\/hava-dondu-isciden-yana\/"]}]},{"@type":"BreadcrumbList","@id":"https:\/\/narteks.net\/index.php\/2009\/12\/05\/hava-dondu-isciden-yana\/#breadcrumb","itemListElement":[{"@type":"ListItem","position":1,"name":"Anasayfa","item":"https:\/\/narteks.net\/"},{"@type":"ListItem","position":2,"name":"HAVA D\u00d6ND\u00dc \u0130\u015e\u00c7\u0130DEN YANA"}]},{"@type":"WebSite","@id":"https:\/\/narteks.net\/#website","url":"https:\/\/narteks.net\/","name":"narteks.net","description":"K\u00fclt\u00fcr Sanat Edebiyat Felsefe","publisher":{"@id":"https:\/\/narteks.net\/#organization"},"alternateName":"K\u00fclt\u00fcr Sanat Edebiyat Felsefe","potentialAction":[{"@type":"SearchAction","target":{"@type":"EntryPoint","urlTemplate":"https:\/\/narteks.net\/?s={search_term_string}"},"query-input":{"@type":"PropertyValueSpecification","valueRequired":true,"valueName":"search_term_string"}}],"inLanguage":"tr"},{"@type":"Organization","@id":"https:\/\/narteks.net\/#organization","name":"narteks.net","url":"https:\/\/narteks.net\/","logo":{"@type":"ImageObject","inLanguage":"tr","@id":"https:\/\/narteks.net\/#\/schema\/logo\/image\/","url":"https:\/\/narteks.net\/wp-content\/uploads\/narteks.png","contentUrl":"https:\/\/narteks.net\/wp-content\/uploads\/narteks.png","width":300,"height":90,"caption":"narteks.net"},"image":{"@id":"https:\/\/narteks.net\/#\/schema\/logo\/image\/"},"sameAs":["https:\/\/x.com\/narteks","https:\/\/instagram.com\/narteksnet"]},{"@type":"Person","@id":"https:\/\/narteks.net\/#\/schema\/person\/61f37d9834294b72d31d274e7ed79bca","name":"Tar\u0131k","image":{"@type":"ImageObject","inLanguage":"tr","@id":"https:\/\/narteks.net\/#\/schema\/person\/image\/","url":"https:\/\/secure.gravatar.com\/avatar\/50865afb55632c4ae467e0af0930f6510aa2297d8014be502a55b14f3b7550cf?s=96&d=mm&r=g","contentUrl":"https:\/\/secure.gravatar.com\/avatar\/50865afb55632c4ae467e0af0930f6510aa2297d8014be502a55b14f3b7550cf?s=96&d=mm&r=g","caption":"Tar\u0131k"},"sameAs":["http:\/\/narteks.net"],"url":"https:\/\/narteks.net\/index.php\/author\/narbak\/"}]}},"_links":{"self":[{"href":"https:\/\/narteks.net\/index.php\/wp-json\/wp\/v2\/posts\/2275","targetHints":{"allow":["GET"]}}],"collection":[{"href":"https:\/\/narteks.net\/index.php\/wp-json\/wp\/v2\/posts"}],"about":[{"href":"https:\/\/narteks.net\/index.php\/wp-json\/wp\/v2\/types\/post"}],"author":[{"embeddable":true,"href":"https:\/\/narteks.net\/index.php\/wp-json\/wp\/v2\/users\/1"}],"replies":[{"embeddable":true,"href":"https:\/\/narteks.net\/index.php\/wp-json\/wp\/v2\/comments?post=2275"}],"version-history":[{"count":0,"href":"https:\/\/narteks.net\/index.php\/wp-json\/wp\/v2\/posts\/2275\/revisions"}],"wp:attachment":[{"href":"https:\/\/narteks.net\/index.php\/wp-json\/wp\/v2\/media?parent=2275"}],"wp:term":[{"taxonomy":"category","embeddable":true,"href":"https:\/\/narteks.net\/index.php\/wp-json\/wp\/v2\/categories?post=2275"},{"taxonomy":"post_tag","embeddable":true,"href":"https:\/\/narteks.net\/index.php\/wp-json\/wp\/v2\/tags?post=2275"}],"curies":[{"name":"wp","href":"https:\/\/api.w.org\/{rel}","templated":true}]}}