{"id":2277,"date":"2009-12-05T13:20:01","date_gmt":"2009-12-05T10:20:01","guid":{"rendered":"http:\/\/localhost\/wordpress\/2009\/12\/05\/adi-ilhan-berk-olan-siir\/"},"modified":"2009-12-05T13:20:01","modified_gmt":"2009-12-05T10:20:01","slug":"adi-ilhan-berk-olan-siir","status":"publish","type":"post","link":"https:\/\/narteks.net\/index.php\/2009\/12\/05\/adi-ilhan-berk-olan-siir\/","title":{"rendered":"ADI \u0130LHAN BERK OLAN \u015e\u0130\u0130R"},"content":{"rendered":"<p>\u00a0<\/p>\n<p>Nurullah Ata\u00e7 \u00e7eli\u015ftirmen <br \/> Tahir Alangu soru\u015fturman <br \/> Cevdet Kudret deri\u015ftirmen <br \/> Suut Kemal \u00e7eki\u015ftirmen <br \/> Mehmet Kaplan uyu\u015fturman <\/p>\n<p> Sabahattin Ey\u00fcbo\u011flu yeti\u015ftirmen <br \/> Orhan Burian bar\u0131\u015ft\u0131rman <br \/> Vedat G\u00fcnyol bili\u015ftirmen <br \/> Adnan Benk veri\u015ftirmen <br \/> Fahir Onger ge\u00e7i\u015ftirmen <\/p>\n<p> Memet Fuat al\u0131\u015ft\u0131rman <br \/> Fethi Naci k\u0131z\u0131\u015ft\u0131rman <br \/> H\u00fcseyin C\u00f6nt\u00fcrk yar\u0131\u015ft\u0131rman <br \/> Rauf Mutluay dolu\u015fturman <br \/> As\u0131m Bezirci ko\u011fu\u015fturman <\/p>\n<p> Mehmet H. Do\u011fan geli\u015ftirmen <br \/> Do\u011fan H\u0131zlan bulu\u015fturman <br \/> Konur Ertop ara\u015ft\u0131rman <br \/> Vecihi Timuro\u011flu sevi\u015ftirmen <br \/> Muzaffer Uyguner \u00fcle\u015ftirmen <\/p>\n<p> Adnan Binyazar \u00f6rt\u00fc\u015ft\u00fcrmen <br \/> F\u00fcsun Akatl\u0131 konu\u015fturman <br \/> Atilla \u00d6zk\u0131r\u0131ml\u0131 dala\u015ft\u0131rman <br \/> Murat Belge yak\u0131\u015ft\u0131rman <br \/> Enis Batur ile\u015ftirmen <\/p>\n<p> \u0130lhan Berk ele\u015ftirmen<\/p>\n<p>Cemal S\u00dcREYA<\/p>\n","protected":false},"excerpt":{"rendered":"<p>\u00a0 Nurullah Ata\u00e7 \u00e7eli\u015ftirmen Tahir Alangu soru\u015fturman Cevdet Kudret deri\u015ftirmen Suut Kemal \u00e7eki\u015ftirmen Mehmet Kaplan uyu\u015fturman Sabahattin Ey\u00fcbo\u011flu yeti\u015ftirmen Orhan Burian bar\u0131\u015ft\u0131rman Vedat G\u00fcnyol bili\u015ftirmen Adnan Benk veri\u015ftirmen Fahir Onger ge\u00e7i\u015ftirmen Memet Fuat al\u0131\u015ft\u0131rman Fethi Naci k\u0131z\u0131\u015ft\u0131rman H\u00fcseyin C\u00f6nt\u00fcrk yar\u0131\u015ft\u0131rman Rauf Mutluay dolu\u015fturman As\u0131m Bezirci ko\u011fu\u015fturman Mehmet H. Do\u011fan geli\u015ftirmen Do\u011fan H\u0131zlan bulu\u015fturman Konur Ertop [&hellip;]<\/p>\n","protected":false},"author":1,"featured_media":0,"comment_status":"open","ping_status":"open","sticky":false,"template":"","format":"standard","meta":{"footnotes":""},"categories":[17],"tags":[],"class_list":{"0":"post-2277","1":"post","2":"type-post","3":"status-publish","4":"format-standard","6":"category-cemal-sureya"},"yoast_head":"<!-- This site is optimized with the Yoast SEO Premium plugin v24.9 (Yoast SEO v24.9) - https:\/\/yoast.com\/wordpress\/plugins\/seo\/ -->\n<title>ADI \u0130LHAN BERK OLAN \u015e\u0130\u0130R - narteks.net<\/title>\n<meta name=\"robots\" content=\"index, follow, max-snippet:-1, max-image-preview:large, max-video-preview:-1\" \/>\n<link rel=\"canonical\" href=\"https:\/\/narteks.net\/index.php\/2009\/12\/05\/adi-ilhan-berk-olan-siir\/\" \/>\n<meta property=\"og:locale\" content=\"tr_TR\" \/>\n<meta property=\"og:type\" content=\"article\" \/>\n<meta property=\"og:title\" content=\"ADI \u0130LHAN BERK OLAN \u015e\u0130\u0130R\" \/>\n<meta property=\"og:description\" content=\"\u00a0 Nurullah Ata\u00e7 \u00e7eli\u015ftirmen Tahir Alangu soru\u015fturman Cevdet Kudret deri\u015ftirmen Suut Kemal \u00e7eki\u015ftirmen Mehmet Kaplan uyu\u015fturman Sabahattin Ey\u00fcbo\u011flu yeti\u015ftirmen Orhan Burian bar\u0131\u015ft\u0131rman Vedat G\u00fcnyol bili\u015ftirmen Adnan Benk veri\u015ftirmen Fahir Onger ge\u00e7i\u015ftirmen Memet Fuat al\u0131\u015ft\u0131rman Fethi Naci k\u0131z\u0131\u015ft\u0131rman H\u00fcseyin C\u00f6nt\u00fcrk yar\u0131\u015ft\u0131rman Rauf Mutluay dolu\u015fturman As\u0131m Bezirci ko\u011fu\u015fturman Mehmet H. Do\u011fan geli\u015ftirmen Do\u011fan H\u0131zlan bulu\u015fturman Konur Ertop [&hellip;]\" \/>\n<meta property=\"og:url\" content=\"https:\/\/narteks.net\/index.php\/2009\/12\/05\/adi-ilhan-berk-olan-siir\/\" \/>\n<meta property=\"og:site_name\" content=\"narteks.net\" \/>\n<meta property=\"article:published_time\" content=\"2009-12-05T10:20:01+00:00\" \/>\n<meta property=\"og:image\" content=\"https:\/\/narteks.net\/wp-content\/uploads\/narteks.png\" \/>\n\t<meta property=\"og:image:width\" content=\"300\" \/>\n\t<meta property=\"og:image:height\" content=\"90\" \/>\n\t<meta property=\"og:image:type\" content=\"image\/png\" \/>\n<meta name=\"author\" content=\"Tar\u0131k\" \/>\n<meta name=\"twitter:card\" content=\"summary_large_image\" \/>\n<meta name=\"twitter:creator\" content=\"@narteks\" \/>\n<meta name=\"twitter:site\" content=\"@narteks\" \/>\n<meta name=\"twitter:label1\" content=\"Yazan:\" \/>\n\t<meta name=\"twitter:data1\" content=\"Tar\u0131k\" \/>\n\t<meta name=\"twitter:label2\" content=\"Tahmini okuma s\u00fcresi\" \/>\n\t<meta name=\"twitter:data2\" content=\"1 dakika\" \/>\n<script type=\"application\/ld+json\" class=\"yoast-schema-graph\">{\"@context\":\"https:\/\/schema.org\",\"@graph\":[{\"@type\":\"Article\",\"@id\":\"https:\/\/narteks.net\/index.php\/2009\/12\/05\/adi-ilhan-berk-olan-siir\/#article\",\"isPartOf\":{\"@id\":\"https:\/\/narteks.net\/index.php\/2009\/12\/05\/adi-ilhan-berk-olan-siir\/\"},\"author\":{\"name\":\"Tar\u0131k\",\"@id\":\"https:\/\/narteks.net\/#\/schema\/person\/61f37d9834294b72d31d274e7ed79bca\"},\"headline\":\"ADI \u0130LHAN BERK OLAN \u015e\u0130\u0130R\",\"datePublished\":\"2009-12-05T10:20:01+00:00\",\"mainEntityOfPage\":{\"@id\":\"https:\/\/narteks.net\/index.php\/2009\/12\/05\/adi-ilhan-berk-olan-siir\/\"},\"wordCount\":138,\"commentCount\":0,\"publisher\":{\"@id\":\"https:\/\/narteks.net\/#organization\"},\"articleSection\":[\"Cemal S\u00dcREYA\"],\"inLanguage\":\"tr\",\"potentialAction\":[{\"@type\":\"CommentAction\",\"name\":\"Comment\",\"target\":[\"https:\/\/narteks.net\/index.php\/2009\/12\/05\/adi-ilhan-berk-olan-siir\/#respond\"]}]},{\"@type\":\"WebPage\",\"@id\":\"https:\/\/narteks.net\/index.php\/2009\/12\/05\/adi-ilhan-berk-olan-siir\/\",\"url\":\"https:\/\/narteks.net\/index.php\/2009\/12\/05\/adi-ilhan-berk-olan-siir\/\",\"name\":\"ADI \u0130LHAN BERK OLAN \u015e\u0130\u0130R - narteks.net\",\"isPartOf\":{\"@id\":\"https:\/\/narteks.net\/#website\"},\"datePublished\":\"2009-12-05T10:20:01+00:00\",\"breadcrumb\":{\"@id\":\"https:\/\/narteks.net\/index.php\/2009\/12\/05\/adi-ilhan-berk-olan-siir\/#breadcrumb\"},\"inLanguage\":\"tr\",\"potentialAction\":[{\"@type\":\"ReadAction\",\"target\":[\"https:\/\/narteks.net\/index.php\/2009\/12\/05\/adi-ilhan-berk-olan-siir\/\"]}]},{\"@type\":\"BreadcrumbList\",\"@id\":\"https:\/\/narteks.net\/index.php\/2009\/12\/05\/adi-ilhan-berk-olan-siir\/#breadcrumb\",\"itemListElement\":[{\"@type\":\"ListItem\",\"position\":1,\"name\":\"Anasayfa\",\"item\":\"https:\/\/narteks.net\/\"},{\"@type\":\"ListItem\",\"position\":2,\"name\":\"ADI \u0130LHAN BERK OLAN \u015e\u0130\u0130R\"}]},{\"@type\":\"WebSite\",\"@id\":\"https:\/\/narteks.net\/#website\",\"url\":\"https:\/\/narteks.net\/\",\"name\":\"narteks.net\",\"description\":\"K\u00fclt\u00fcr Sanat Edebiyat Felsefe\",\"publisher\":{\"@id\":\"https:\/\/narteks.net\/#organization\"},\"alternateName\":\"K\u00fclt\u00fcr Sanat Edebiyat Felsefe\",\"potentialAction\":[{\"@type\":\"SearchAction\",\"target\":{\"@type\":\"EntryPoint\",\"urlTemplate\":\"https:\/\/narteks.net\/?s={search_term_string}\"},\"query-input\":{\"@type\":\"PropertyValueSpecification\",\"valueRequired\":true,\"valueName\":\"search_term_string\"}}],\"inLanguage\":\"tr\"},{\"@type\":\"Organization\",\"@id\":\"https:\/\/narteks.net\/#organization\",\"name\":\"narteks.net\",\"url\":\"https:\/\/narteks.net\/\",\"logo\":{\"@type\":\"ImageObject\",\"inLanguage\":\"tr\",\"@id\":\"https:\/\/narteks.net\/#\/schema\/logo\/image\/\",\"url\":\"https:\/\/narteks.net\/wp-content\/uploads\/narteks.png\",\"contentUrl\":\"https:\/\/narteks.net\/wp-content\/uploads\/narteks.png\",\"width\":300,\"height\":90,\"caption\":\"narteks.net\"},\"image\":{\"@id\":\"https:\/\/narteks.net\/#\/schema\/logo\/image\/\"},\"sameAs\":[\"https:\/\/x.com\/narteks\",\"https:\/\/instagram.com\/narteksnet\"]},{\"@type\":\"Person\",\"@id\":\"https:\/\/narteks.net\/#\/schema\/person\/61f37d9834294b72d31d274e7ed79bca\",\"name\":\"Tar\u0131k\",\"image\":{\"@type\":\"ImageObject\",\"inLanguage\":\"tr\",\"@id\":\"https:\/\/narteks.net\/#\/schema\/person\/image\/\",\"url\":\"https:\/\/secure.gravatar.com\/avatar\/50865afb55632c4ae467e0af0930f6510aa2297d8014be502a55b14f3b7550cf?s=96&d=mm&r=g\",\"contentUrl\":\"https:\/\/secure.gravatar.com\/avatar\/50865afb55632c4ae467e0af0930f6510aa2297d8014be502a55b14f3b7550cf?s=96&d=mm&r=g\",\"caption\":\"Tar\u0131k\"},\"sameAs\":[\"http:\/\/narteks.net\"],\"url\":\"https:\/\/narteks.net\/index.php\/author\/narbak\/\"}]}<\/script>\n<!-- \/ Yoast SEO Premium plugin. -->","yoast_head_json":{"title":"ADI \u0130LHAN BERK OLAN \u015e\u0130\u0130R - narteks.net","robots":{"index":"index","follow":"follow","max-snippet":"max-snippet:-1","max-image-preview":"max-image-preview:large","max-video-preview":"max-video-preview:-1"},"canonical":"https:\/\/narteks.net\/index.php\/2009\/12\/05\/adi-ilhan-berk-olan-siir\/","og_locale":"tr_TR","og_type":"article","og_title":"ADI \u0130LHAN BERK OLAN \u015e\u0130\u0130R","og_description":"\u00a0 Nurullah Ata\u00e7 \u00e7eli\u015ftirmen Tahir Alangu soru\u015fturman Cevdet Kudret deri\u015ftirmen Suut Kemal \u00e7eki\u015ftirmen Mehmet Kaplan uyu\u015fturman Sabahattin Ey\u00fcbo\u011flu yeti\u015ftirmen Orhan Burian bar\u0131\u015ft\u0131rman Vedat G\u00fcnyol bili\u015ftirmen Adnan Benk veri\u015ftirmen Fahir Onger ge\u00e7i\u015ftirmen Memet Fuat al\u0131\u015ft\u0131rman Fethi Naci k\u0131z\u0131\u015ft\u0131rman H\u00fcseyin C\u00f6nt\u00fcrk yar\u0131\u015ft\u0131rman Rauf Mutluay dolu\u015fturman As\u0131m Bezirci ko\u011fu\u015fturman Mehmet H. Do\u011fan geli\u015ftirmen Do\u011fan H\u0131zlan bulu\u015fturman Konur Ertop [&hellip;]","og_url":"https:\/\/narteks.net\/index.php\/2009\/12\/05\/adi-ilhan-berk-olan-siir\/","og_site_name":"narteks.net","article_published_time":"2009-12-05T10:20:01+00:00","og_image":[{"width":300,"height":90,"url":"https:\/\/narteks.net\/wp-content\/uploads\/narteks.png","type":"image\/png"}],"author":"Tar\u0131k","twitter_card":"summary_large_image","twitter_creator":"@narteks","twitter_site":"@narteks","twitter_misc":{"Yazan:":"Tar\u0131k","Tahmini okuma s\u00fcresi":"1 dakika"},"schema":{"@context":"https:\/\/schema.org","@graph":[{"@type":"Article","@id":"https:\/\/narteks.net\/index.php\/2009\/12\/05\/adi-ilhan-berk-olan-siir\/#article","isPartOf":{"@id":"https:\/\/narteks.net\/index.php\/2009\/12\/05\/adi-ilhan-berk-olan-siir\/"},"author":{"name":"Tar\u0131k","@id":"https:\/\/narteks.net\/#\/schema\/person\/61f37d9834294b72d31d274e7ed79bca"},"headline":"ADI \u0130LHAN BERK OLAN \u015e\u0130\u0130R","datePublished":"2009-12-05T10:20:01+00:00","mainEntityOfPage":{"@id":"https:\/\/narteks.net\/index.php\/2009\/12\/05\/adi-ilhan-berk-olan-siir\/"},"wordCount":138,"commentCount":0,"publisher":{"@id":"https:\/\/narteks.net\/#organization"},"articleSection":["Cemal S\u00dcREYA"],"inLanguage":"tr","potentialAction":[{"@type":"CommentAction","name":"Comment","target":["https:\/\/narteks.net\/index.php\/2009\/12\/05\/adi-ilhan-berk-olan-siir\/#respond"]}]},{"@type":"WebPage","@id":"https:\/\/narteks.net\/index.php\/2009\/12\/05\/adi-ilhan-berk-olan-siir\/","url":"https:\/\/narteks.net\/index.php\/2009\/12\/05\/adi-ilhan-berk-olan-siir\/","name":"ADI \u0130LHAN BERK OLAN \u015e\u0130\u0130R - narteks.net","isPartOf":{"@id":"https:\/\/narteks.net\/#website"},"datePublished":"2009-12-05T10:20:01+00:00","breadcrumb":{"@id":"https:\/\/narteks.net\/index.php\/2009\/12\/05\/adi-ilhan-berk-olan-siir\/#breadcrumb"},"inLanguage":"tr","potentialAction":[{"@type":"ReadAction","target":["https:\/\/narteks.net\/index.php\/2009\/12\/05\/adi-ilhan-berk-olan-siir\/"]}]},{"@type":"BreadcrumbList","@id":"https:\/\/narteks.net\/index.php\/2009\/12\/05\/adi-ilhan-berk-olan-siir\/#breadcrumb","itemListElement":[{"@type":"ListItem","position":1,"name":"Anasayfa","item":"https:\/\/narteks.net\/"},{"@type":"ListItem","position":2,"name":"ADI \u0130LHAN BERK OLAN \u015e\u0130\u0130R"}]},{"@type":"WebSite","@id":"https:\/\/narteks.net\/#website","url":"https:\/\/narteks.net\/","name":"narteks.net","description":"K\u00fclt\u00fcr Sanat Edebiyat Felsefe","publisher":{"@id":"https:\/\/narteks.net\/#organization"},"alternateName":"K\u00fclt\u00fcr Sanat Edebiyat Felsefe","potentialAction":[{"@type":"SearchAction","target":{"@type":"EntryPoint","urlTemplate":"https:\/\/narteks.net\/?s={search_term_string}"},"query-input":{"@type":"PropertyValueSpecification","valueRequired":true,"valueName":"search_term_string"}}],"inLanguage":"tr"},{"@type":"Organization","@id":"https:\/\/narteks.net\/#organization","name":"narteks.net","url":"https:\/\/narteks.net\/","logo":{"@type":"ImageObject","inLanguage":"tr","@id":"https:\/\/narteks.net\/#\/schema\/logo\/image\/","url":"https:\/\/narteks.net\/wp-content\/uploads\/narteks.png","contentUrl":"https:\/\/narteks.net\/wp-content\/uploads\/narteks.png","width":300,"height":90,"caption":"narteks.net"},"image":{"@id":"https:\/\/narteks.net\/#\/schema\/logo\/image\/"},"sameAs":["https:\/\/x.com\/narteks","https:\/\/instagram.com\/narteksnet"]},{"@type":"Person","@id":"https:\/\/narteks.net\/#\/schema\/person\/61f37d9834294b72d31d274e7ed79bca","name":"Tar\u0131k","image":{"@type":"ImageObject","inLanguage":"tr","@id":"https:\/\/narteks.net\/#\/schema\/person\/image\/","url":"https:\/\/secure.gravatar.com\/avatar\/50865afb55632c4ae467e0af0930f6510aa2297d8014be502a55b14f3b7550cf?s=96&d=mm&r=g","contentUrl":"https:\/\/secure.gravatar.com\/avatar\/50865afb55632c4ae467e0af0930f6510aa2297d8014be502a55b14f3b7550cf?s=96&d=mm&r=g","caption":"Tar\u0131k"},"sameAs":["http:\/\/narteks.net"],"url":"https:\/\/narteks.net\/index.php\/author\/narbak\/"}]}},"_links":{"self":[{"href":"https:\/\/narteks.net\/index.php\/wp-json\/wp\/v2\/posts\/2277","targetHints":{"allow":["GET"]}}],"collection":[{"href":"https:\/\/narteks.net\/index.php\/wp-json\/wp\/v2\/posts"}],"about":[{"href":"https:\/\/narteks.net\/index.php\/wp-json\/wp\/v2\/types\/post"}],"author":[{"embeddable":true,"href":"https:\/\/narteks.net\/index.php\/wp-json\/wp\/v2\/users\/1"}],"replies":[{"embeddable":true,"href":"https:\/\/narteks.net\/index.php\/wp-json\/wp\/v2\/comments?post=2277"}],"version-history":[{"count":0,"href":"https:\/\/narteks.net\/index.php\/wp-json\/wp\/v2\/posts\/2277\/revisions"}],"wp:attachment":[{"href":"https:\/\/narteks.net\/index.php\/wp-json\/wp\/v2\/media?parent=2277"}],"wp:term":[{"taxonomy":"category","embeddable":true,"href":"https:\/\/narteks.net\/index.php\/wp-json\/wp\/v2\/categories?post=2277"},{"taxonomy":"post_tag","embeddable":true,"href":"https:\/\/narteks.net\/index.php\/wp-json\/wp\/v2\/tags?post=2277"}],"curies":[{"name":"wp","href":"https:\/\/api.w.org\/{rel}","templated":true}]}}