{"id":2286,"date":"2009-12-05T13:25:26","date_gmt":"2009-12-05T10:25:26","guid":{"rendered":"http:\/\/localhost\/wordpress\/2009\/12\/05\/biliyorum-sana-giden\/"},"modified":"2009-12-05T13:25:26","modified_gmt":"2009-12-05T10:25:26","slug":"biliyorum-sana-giden","status":"publish","type":"post","link":"https:\/\/narteks.net\/index.php\/2009\/12\/05\/biliyorum-sana-giden\/","title":{"rendered":"B\u0130L\u0130YORUM SANA G\u0130DEN"},"content":{"rendered":"<p>\u00a0<\/p>\n<p>Biliyorum sana giden yollar kapal\u0131 <br \/> \u00dcstelik sen de hi\u00e7 bir zaman sevmedin beni <\/p>\n<p> Ne kadar yak\u0131ndan ve arada u\u00e7urum; <br \/> \u0130nsanlar, evler, aram\u0131zda duvarlar gibi <\/p>\n<p> Uyand\u0131m uyand\u0131m, hep seni d\u00fc\u015f\u00fcnd\u00fcm <br \/> Yaln\u0131z seni, yaln\u0131z senin g\u00f6zlerini <\/p>\n<p> Sen Bayan Nihayet, sen \u00f6l\u00fcm\u00fcm kal\u0131m\u0131m <br \/> Ben art\u0131k adam olmam bu derde d\u00fc\u015feli <\/p>\n<p> \u015eimdilerde bir k\u00f6pek gibi ko\u015fuyorum ordan oraya <br \/> Yoksa gururlu bir ki\u015fiyim asl\u0131nda, inan ki <\/p>\n<p> An\u0131msam\u0131yorum yar\u0131 dolu bir bardaktan su i\u00e7ti\u011fimi <br \/> Ve i\u00e7im g\u00f6t\u00fcrmez kenar\u0131ndan kesilmi\u015f ekme\u011fi <\/p>\n<p> Ka\u00e7 kez sana uzaktan bakt\u0131m 5.45 vapurunda; <br \/> Hangi \u015fark\u0131y\u0131 duysam, bizim\u00e7in s\u00f6ylenmi\u015f sanki <\/p>\n<p> Tek yanl\u0131 a\u015fk ki\u015fiyi nas\u0131l aptalla\u015ft\u0131r\u0131yor <br \/> Nas\u0131l unutmu\u015fum senin bir ba\u015fkas\u0131n\u0131 sevdi\u011fini <\/p>\n<p> \u00c7ocuk\u00e7a ve seni \u00fczen giri\u015fimlerim oldu; <br \/> Ba\u011f\u0131\u015fla bir daha tekrarlanmaz hi\u00e7biri <\/p>\n<p> Rastla\u015fmamak i\u00e7in elimden geleni yapar\u0131m <br \/> Bu b\u00f6yle pek de kolay de\u011fil ger\u00e7i&#8230; <\/p>\n<p> Al\u0131\u015f\u0131r\u0131m seni yaln\u0131z d\u00fc\u015flerde ok\u015famaya; <br \/> Bunun verdi\u011fi mutluluk da az de\u011fil ki <\/p>\n<p> \u00c7\u0131kar giderim bu kentten daha olmazsa, <br \/> Sensizli\u011fin bir ad\u0131 olur, bir anlam\u0131 olur belki <\/p>\n<p> \u0130nan belli etmem, seni hi\u00e7 rahats\u0131z etmem, <br \/> Son iste\u011fimi de s\u00f6yleyebilirim \u015fimdi: <\/p>\n<p> Bir geceyar\u0131s\u0131 yaz\u0131yorum bu mektubu <br \/> Yalvar\u0131r\u0131m onu okuma \u00e7ar\u015famba g\u00fcnleri<\/p>\n<p>Cemal S\u00dcREYA<\/p>\n","protected":false},"excerpt":{"rendered":"<p>\u00a0 Biliyorum sana giden yollar kapal\u0131 \u00dcstelik sen de hi\u00e7 bir zaman sevmedin beni Ne kadar yak\u0131ndan ve arada u\u00e7urum; \u0130nsanlar, evler, aram\u0131zda duvarlar gibi Uyand\u0131m uyand\u0131m, hep seni d\u00fc\u015f\u00fcnd\u00fcm Yaln\u0131z seni, yaln\u0131z senin g\u00f6zlerini Sen Bayan Nihayet, sen \u00f6l\u00fcm\u00fcm kal\u0131m\u0131m Ben art\u0131k adam olmam bu derde d\u00fc\u015feli \u015eimdilerde bir k\u00f6pek gibi ko\u015fuyorum ordan oraya [&hellip;]<\/p>\n","protected":false},"author":1,"featured_media":0,"comment_status":"open","ping_status":"open","sticky":false,"template":"","format":"standard","meta":{"footnotes":""},"categories":[17],"tags":[],"class_list":{"0":"post-2286","1":"post","2":"type-post","3":"status-publish","4":"format-standard","6":"category-cemal-sureya"},"yoast_head":"<!-- This site is optimized with the Yoast SEO Premium plugin v24.9 (Yoast SEO v24.9) - https:\/\/yoast.com\/wordpress\/plugins\/seo\/ -->\n<title>B\u0130L\u0130YORUM SANA G\u0130DEN - narteks.net<\/title>\n<meta name=\"robots\" content=\"index, follow, max-snippet:-1, max-image-preview:large, max-video-preview:-1\" \/>\n<link rel=\"canonical\" href=\"https:\/\/narteks.net\/index.php\/2009\/12\/05\/biliyorum-sana-giden\/\" \/>\n<meta property=\"og:locale\" content=\"tr_TR\" \/>\n<meta property=\"og:type\" content=\"article\" \/>\n<meta property=\"og:title\" content=\"B\u0130L\u0130YORUM SANA G\u0130DEN\" \/>\n<meta property=\"og:description\" content=\"\u00a0 Biliyorum sana giden yollar kapal\u0131 \u00dcstelik sen de hi\u00e7 bir zaman sevmedin beni Ne kadar yak\u0131ndan ve arada u\u00e7urum; \u0130nsanlar, evler, aram\u0131zda duvarlar gibi Uyand\u0131m uyand\u0131m, hep seni d\u00fc\u015f\u00fcnd\u00fcm Yaln\u0131z seni, yaln\u0131z senin g\u00f6zlerini Sen Bayan Nihayet, sen \u00f6l\u00fcm\u00fcm kal\u0131m\u0131m Ben art\u0131k adam olmam bu derde d\u00fc\u015feli \u015eimdilerde bir k\u00f6pek gibi ko\u015fuyorum ordan oraya [&hellip;]\" \/>\n<meta property=\"og:url\" content=\"https:\/\/narteks.net\/index.php\/2009\/12\/05\/biliyorum-sana-giden\/\" \/>\n<meta property=\"og:site_name\" content=\"narteks.net\" \/>\n<meta property=\"article:published_time\" content=\"2009-12-05T10:25:26+00:00\" \/>\n<meta property=\"og:image\" content=\"https:\/\/narteks.net\/wp-content\/uploads\/narteks.png\" \/>\n\t<meta property=\"og:image:width\" content=\"300\" \/>\n\t<meta property=\"og:image:height\" content=\"90\" \/>\n\t<meta property=\"og:image:type\" content=\"image\/png\" \/>\n<meta name=\"author\" content=\"Tar\u0131k\" \/>\n<meta name=\"twitter:card\" content=\"summary_large_image\" \/>\n<meta name=\"twitter:creator\" content=\"@narteks\" \/>\n<meta name=\"twitter:site\" content=\"@narteks\" \/>\n<meta name=\"twitter:label1\" content=\"Yazan:\" \/>\n\t<meta name=\"twitter:data1\" content=\"Tar\u0131k\" \/>\n\t<meta name=\"twitter:label2\" content=\"Tahmini okuma s\u00fcresi\" \/>\n\t<meta name=\"twitter:data2\" content=\"1 dakika\" \/>\n<script type=\"application\/ld+json\" class=\"yoast-schema-graph\">{\"@context\":\"https:\/\/schema.org\",\"@graph\":[{\"@type\":\"Article\",\"@id\":\"https:\/\/narteks.net\/index.php\/2009\/12\/05\/biliyorum-sana-giden\/#article\",\"isPartOf\":{\"@id\":\"https:\/\/narteks.net\/index.php\/2009\/12\/05\/biliyorum-sana-giden\/\"},\"author\":{\"name\":\"Tar\u0131k\",\"@id\":\"https:\/\/narteks.net\/#\/schema\/person\/61f37d9834294b72d31d274e7ed79bca\"},\"headline\":\"B\u0130L\u0130YORUM SANA G\u0130DEN\",\"datePublished\":\"2009-12-05T10:25:26+00:00\",\"mainEntityOfPage\":{\"@id\":\"https:\/\/narteks.net\/index.php\/2009\/12\/05\/biliyorum-sana-giden\/\"},\"wordCount\":249,\"commentCount\":0,\"publisher\":{\"@id\":\"https:\/\/narteks.net\/#organization\"},\"articleSection\":[\"Cemal S\u00dcREYA\"],\"inLanguage\":\"tr\",\"potentialAction\":[{\"@type\":\"CommentAction\",\"name\":\"Comment\",\"target\":[\"https:\/\/narteks.net\/index.php\/2009\/12\/05\/biliyorum-sana-giden\/#respond\"]}]},{\"@type\":\"WebPage\",\"@id\":\"https:\/\/narteks.net\/index.php\/2009\/12\/05\/biliyorum-sana-giden\/\",\"url\":\"https:\/\/narteks.net\/index.php\/2009\/12\/05\/biliyorum-sana-giden\/\",\"name\":\"B\u0130L\u0130YORUM SANA G\u0130DEN - narteks.net\",\"isPartOf\":{\"@id\":\"https:\/\/narteks.net\/#website\"},\"datePublished\":\"2009-12-05T10:25:26+00:00\",\"breadcrumb\":{\"@id\":\"https:\/\/narteks.net\/index.php\/2009\/12\/05\/biliyorum-sana-giden\/#breadcrumb\"},\"inLanguage\":\"tr\",\"potentialAction\":[{\"@type\":\"ReadAction\",\"target\":[\"https:\/\/narteks.net\/index.php\/2009\/12\/05\/biliyorum-sana-giden\/\"]}]},{\"@type\":\"BreadcrumbList\",\"@id\":\"https:\/\/narteks.net\/index.php\/2009\/12\/05\/biliyorum-sana-giden\/#breadcrumb\",\"itemListElement\":[{\"@type\":\"ListItem\",\"position\":1,\"name\":\"Anasayfa\",\"item\":\"https:\/\/narteks.net\/\"},{\"@type\":\"ListItem\",\"position\":2,\"name\":\"B\u0130L\u0130YORUM SANA G\u0130DEN\"}]},{\"@type\":\"WebSite\",\"@id\":\"https:\/\/narteks.net\/#website\",\"url\":\"https:\/\/narteks.net\/\",\"name\":\"narteks.net\",\"description\":\"K\u00fclt\u00fcr Sanat Edebiyat Felsefe\",\"publisher\":{\"@id\":\"https:\/\/narteks.net\/#organization\"},\"alternateName\":\"K\u00fclt\u00fcr Sanat Edebiyat Felsefe\",\"potentialAction\":[{\"@type\":\"SearchAction\",\"target\":{\"@type\":\"EntryPoint\",\"urlTemplate\":\"https:\/\/narteks.net\/?s={search_term_string}\"},\"query-input\":{\"@type\":\"PropertyValueSpecification\",\"valueRequired\":true,\"valueName\":\"search_term_string\"}}],\"inLanguage\":\"tr\"},{\"@type\":\"Organization\",\"@id\":\"https:\/\/narteks.net\/#organization\",\"name\":\"narteks.net\",\"url\":\"https:\/\/narteks.net\/\",\"logo\":{\"@type\":\"ImageObject\",\"inLanguage\":\"tr\",\"@id\":\"https:\/\/narteks.net\/#\/schema\/logo\/image\/\",\"url\":\"https:\/\/narteks.net\/wp-content\/uploads\/narteks.png\",\"contentUrl\":\"https:\/\/narteks.net\/wp-content\/uploads\/narteks.png\",\"width\":300,\"height\":90,\"caption\":\"narteks.net\"},\"image\":{\"@id\":\"https:\/\/narteks.net\/#\/schema\/logo\/image\/\"},\"sameAs\":[\"https:\/\/x.com\/narteks\",\"https:\/\/instagram.com\/narteksnet\"]},{\"@type\":\"Person\",\"@id\":\"https:\/\/narteks.net\/#\/schema\/person\/61f37d9834294b72d31d274e7ed79bca\",\"name\":\"Tar\u0131k\",\"image\":{\"@type\":\"ImageObject\",\"inLanguage\":\"tr\",\"@id\":\"https:\/\/narteks.net\/#\/schema\/person\/image\/\",\"url\":\"https:\/\/secure.gravatar.com\/avatar\/50865afb55632c4ae467e0af0930f6510aa2297d8014be502a55b14f3b7550cf?s=96&d=mm&r=g\",\"contentUrl\":\"https:\/\/secure.gravatar.com\/avatar\/50865afb55632c4ae467e0af0930f6510aa2297d8014be502a55b14f3b7550cf?s=96&d=mm&r=g\",\"caption\":\"Tar\u0131k\"},\"sameAs\":[\"http:\/\/narteks.net\"],\"url\":\"https:\/\/narteks.net\/index.php\/author\/narbak\/\"}]}<\/script>\n<!-- \/ Yoast SEO Premium plugin. -->","yoast_head_json":{"title":"B\u0130L\u0130YORUM SANA G\u0130DEN - narteks.net","robots":{"index":"index","follow":"follow","max-snippet":"max-snippet:-1","max-image-preview":"max-image-preview:large","max-video-preview":"max-video-preview:-1"},"canonical":"https:\/\/narteks.net\/index.php\/2009\/12\/05\/biliyorum-sana-giden\/","og_locale":"tr_TR","og_type":"article","og_title":"B\u0130L\u0130YORUM SANA G\u0130DEN","og_description":"\u00a0 Biliyorum sana giden yollar kapal\u0131 \u00dcstelik sen de hi\u00e7 bir zaman sevmedin beni Ne kadar yak\u0131ndan ve arada u\u00e7urum; \u0130nsanlar, evler, aram\u0131zda duvarlar gibi Uyand\u0131m uyand\u0131m, hep seni d\u00fc\u015f\u00fcnd\u00fcm Yaln\u0131z seni, yaln\u0131z senin g\u00f6zlerini Sen Bayan Nihayet, sen \u00f6l\u00fcm\u00fcm kal\u0131m\u0131m Ben art\u0131k adam olmam bu derde d\u00fc\u015feli \u015eimdilerde bir k\u00f6pek gibi ko\u015fuyorum ordan oraya [&hellip;]","og_url":"https:\/\/narteks.net\/index.php\/2009\/12\/05\/biliyorum-sana-giden\/","og_site_name":"narteks.net","article_published_time":"2009-12-05T10:25:26+00:00","og_image":[{"width":300,"height":90,"url":"https:\/\/narteks.net\/wp-content\/uploads\/narteks.png","type":"image\/png"}],"author":"Tar\u0131k","twitter_card":"summary_large_image","twitter_creator":"@narteks","twitter_site":"@narteks","twitter_misc":{"Yazan:":"Tar\u0131k","Tahmini okuma s\u00fcresi":"1 dakika"},"schema":{"@context":"https:\/\/schema.org","@graph":[{"@type":"Article","@id":"https:\/\/narteks.net\/index.php\/2009\/12\/05\/biliyorum-sana-giden\/#article","isPartOf":{"@id":"https:\/\/narteks.net\/index.php\/2009\/12\/05\/biliyorum-sana-giden\/"},"author":{"name":"Tar\u0131k","@id":"https:\/\/narteks.net\/#\/schema\/person\/61f37d9834294b72d31d274e7ed79bca"},"headline":"B\u0130L\u0130YORUM SANA G\u0130DEN","datePublished":"2009-12-05T10:25:26+00:00","mainEntityOfPage":{"@id":"https:\/\/narteks.net\/index.php\/2009\/12\/05\/biliyorum-sana-giden\/"},"wordCount":249,"commentCount":0,"publisher":{"@id":"https:\/\/narteks.net\/#organization"},"articleSection":["Cemal S\u00dcREYA"],"inLanguage":"tr","potentialAction":[{"@type":"CommentAction","name":"Comment","target":["https:\/\/narteks.net\/index.php\/2009\/12\/05\/biliyorum-sana-giden\/#respond"]}]},{"@type":"WebPage","@id":"https:\/\/narteks.net\/index.php\/2009\/12\/05\/biliyorum-sana-giden\/","url":"https:\/\/narteks.net\/index.php\/2009\/12\/05\/biliyorum-sana-giden\/","name":"B\u0130L\u0130YORUM SANA G\u0130DEN - narteks.net","isPartOf":{"@id":"https:\/\/narteks.net\/#website"},"datePublished":"2009-12-05T10:25:26+00:00","breadcrumb":{"@id":"https:\/\/narteks.net\/index.php\/2009\/12\/05\/biliyorum-sana-giden\/#breadcrumb"},"inLanguage":"tr","potentialAction":[{"@type":"ReadAction","target":["https:\/\/narteks.net\/index.php\/2009\/12\/05\/biliyorum-sana-giden\/"]}]},{"@type":"BreadcrumbList","@id":"https:\/\/narteks.net\/index.php\/2009\/12\/05\/biliyorum-sana-giden\/#breadcrumb","itemListElement":[{"@type":"ListItem","position":1,"name":"Anasayfa","item":"https:\/\/narteks.net\/"},{"@type":"ListItem","position":2,"name":"B\u0130L\u0130YORUM SANA G\u0130DEN"}]},{"@type":"WebSite","@id":"https:\/\/narteks.net\/#website","url":"https:\/\/narteks.net\/","name":"narteks.net","description":"K\u00fclt\u00fcr Sanat Edebiyat Felsefe","publisher":{"@id":"https:\/\/narteks.net\/#organization"},"alternateName":"K\u00fclt\u00fcr Sanat Edebiyat Felsefe","potentialAction":[{"@type":"SearchAction","target":{"@type":"EntryPoint","urlTemplate":"https:\/\/narteks.net\/?s={search_term_string}"},"query-input":{"@type":"PropertyValueSpecification","valueRequired":true,"valueName":"search_term_string"}}],"inLanguage":"tr"},{"@type":"Organization","@id":"https:\/\/narteks.net\/#organization","name":"narteks.net","url":"https:\/\/narteks.net\/","logo":{"@type":"ImageObject","inLanguage":"tr","@id":"https:\/\/narteks.net\/#\/schema\/logo\/image\/","url":"https:\/\/narteks.net\/wp-content\/uploads\/narteks.png","contentUrl":"https:\/\/narteks.net\/wp-content\/uploads\/narteks.png","width":300,"height":90,"caption":"narteks.net"},"image":{"@id":"https:\/\/narteks.net\/#\/schema\/logo\/image\/"},"sameAs":["https:\/\/x.com\/narteks","https:\/\/instagram.com\/narteksnet"]},{"@type":"Person","@id":"https:\/\/narteks.net\/#\/schema\/person\/61f37d9834294b72d31d274e7ed79bca","name":"Tar\u0131k","image":{"@type":"ImageObject","inLanguage":"tr","@id":"https:\/\/narteks.net\/#\/schema\/person\/image\/","url":"https:\/\/secure.gravatar.com\/avatar\/50865afb55632c4ae467e0af0930f6510aa2297d8014be502a55b14f3b7550cf?s=96&d=mm&r=g","contentUrl":"https:\/\/secure.gravatar.com\/avatar\/50865afb55632c4ae467e0af0930f6510aa2297d8014be502a55b14f3b7550cf?s=96&d=mm&r=g","caption":"Tar\u0131k"},"sameAs":["http:\/\/narteks.net"],"url":"https:\/\/narteks.net\/index.php\/author\/narbak\/"}]}},"_links":{"self":[{"href":"https:\/\/narteks.net\/index.php\/wp-json\/wp\/v2\/posts\/2286","targetHints":{"allow":["GET"]}}],"collection":[{"href":"https:\/\/narteks.net\/index.php\/wp-json\/wp\/v2\/posts"}],"about":[{"href":"https:\/\/narteks.net\/index.php\/wp-json\/wp\/v2\/types\/post"}],"author":[{"embeddable":true,"href":"https:\/\/narteks.net\/index.php\/wp-json\/wp\/v2\/users\/1"}],"replies":[{"embeddable":true,"href":"https:\/\/narteks.net\/index.php\/wp-json\/wp\/v2\/comments?post=2286"}],"version-history":[{"count":0,"href":"https:\/\/narteks.net\/index.php\/wp-json\/wp\/v2\/posts\/2286\/revisions"}],"wp:attachment":[{"href":"https:\/\/narteks.net\/index.php\/wp-json\/wp\/v2\/media?parent=2286"}],"wp:term":[{"taxonomy":"category","embeddable":true,"href":"https:\/\/narteks.net\/index.php\/wp-json\/wp\/v2\/categories?post=2286"},{"taxonomy":"post_tag","embeddable":true,"href":"https:\/\/narteks.net\/index.php\/wp-json\/wp\/v2\/tags?post=2286"}],"curies":[{"name":"wp","href":"https:\/\/api.w.org\/{rel}","templated":true}]}}