{"id":2293,"date":"2009-12-05T13:29:39","date_gmt":"2009-12-05T10:29:39","guid":{"rendered":"http:\/\/localhost\/wordpress\/2009\/12\/05\/cigarayi-attim-denize\/"},"modified":"2009-12-05T13:29:39","modified_gmt":"2009-12-05T10:29:39","slug":"cigarayi-attim-denize","status":"publish","type":"post","link":"https:\/\/narteks.net\/index.php\/2009\/12\/05\/cigarayi-attim-denize\/","title":{"rendered":"C\u0130GARAYI ATTIM DEN\u0130ZE"},"content":{"rendered":"<p>\u00a0<\/p>\n<p>\u015eimdi bir g\u00fcvercinin u\u00e7u\u015funu b\u00f6l\u00fcyoruz <br \/> G\u00f6ky\u00fcz\u00fcn\u00fcn o me\u015fhur mavili\u011finde<br \/> Uzun sa\u00e7l\u0131 iri memeli kad\u0131nlar\u0131yla<br \/> Bir akdeniz \u015fehri \u00e7\u0131kabilir i\u00e7inde<br \/> Al\u0131p yaracak olsa y\u00fcre\u011fini<br \/> \u015eimdi bir g\u00fcvercinin<\/p>\n<p> \u015eimdi sen tam \u00e7a\u011f\u0131ndas\u0131n yan\u0131na var\u0131lacak<br \/> \u00d6n\u00fcnde durulacak tam elinden tutulacak<br \/> Hangi bir elinden g\u00fczelim hangi bir <br \/> Bir elinde k\u0131zl\u0131\u011f\u0131n duruyor garip huysuz<br \/> \u00d6b\u00fcr elinde yeti\u015fkin bir g\u00fcn\u0131\u015f\u0131\u011f\u0131<br \/> Daha \u00f6b\u00fcr elinde de kilometrelerce h\u00fcrl\u00fck<br \/> \u00c7al\u0131\u015fan insanlar i\u00e7in ak\u015famlara kadar<br \/> Toz duman i\u00e7inde<br \/> Bir elinde de boyuna ekmek kesiyorsun<\/p>\n<p> Biz eskiden de en a\u015fa\u011f\u0131 b\u00f6yleydik senlen<br \/> Bir bulut ge\u00e7iyorsa onu g\u00f6r\u00fcrd\u00fck<br \/> Bir minarenin keyfine diyecek yoksa onu<br \/> Bir adam boyuna yoksulluk ediyorsa onu<br \/> Ne zaman h\u00fcrl\u00fc\u011f\u00fcn bar\u0131\u015f\u0131n sevginin a\u015fk\u0131na<br \/> Bir c\u0131gara atm\u0131\u015fsak denize<br \/> Sabaha kadar yand\u0131 durdu<\/p>\n","protected":false},"excerpt":{"rendered":"<p>\u00a0 \u015eimdi bir g\u00fcvercinin u\u00e7u\u015funu b\u00f6l\u00fcyoruz G\u00f6ky\u00fcz\u00fcn\u00fcn o me\u015fhur mavili\u011finde Uzun sa\u00e7l\u0131 iri memeli kad\u0131nlar\u0131yla Bir akdeniz \u015fehri \u00e7\u0131kabilir i\u00e7inde Al\u0131p yaracak olsa y\u00fcre\u011fini \u015eimdi bir g\u00fcvercinin \u015eimdi sen tam \u00e7a\u011f\u0131ndas\u0131n yan\u0131na var\u0131lacak \u00d6n\u00fcnde durulacak tam elinden tutulacak Hangi bir elinden g\u00fczelim hangi bir Bir elinde k\u0131zl\u0131\u011f\u0131n duruyor garip huysuz \u00d6b\u00fcr elinde yeti\u015fkin bir g\u00fcn\u0131\u015f\u0131\u011f\u0131 [&hellip;]<\/p>\n","protected":false},"author":1,"featured_media":0,"comment_status":"open","ping_status":"open","sticky":false,"template":"","format":"standard","meta":{"footnotes":""},"categories":[17],"tags":[],"class_list":{"0":"post-2293","1":"post","2":"type-post","3":"status-publish","4":"format-standard","6":"category-cemal-sureya"},"yoast_head":"<!-- This site is optimized with the Yoast SEO Premium plugin v24.9 (Yoast SEO v24.9) - https:\/\/yoast.com\/wordpress\/plugins\/seo\/ -->\n<title>C\u0130GARAYI ATTIM DEN\u0130ZE - narteks.net<\/title>\n<meta name=\"robots\" content=\"index, follow, max-snippet:-1, max-image-preview:large, max-video-preview:-1\" \/>\n<link rel=\"canonical\" href=\"https:\/\/narteks.net\/index.php\/2009\/12\/05\/cigarayi-attim-denize\/\" \/>\n<meta property=\"og:locale\" content=\"tr_TR\" \/>\n<meta property=\"og:type\" content=\"article\" \/>\n<meta property=\"og:title\" content=\"C\u0130GARAYI ATTIM DEN\u0130ZE\" \/>\n<meta property=\"og:description\" content=\"\u00a0 \u015eimdi bir g\u00fcvercinin u\u00e7u\u015funu b\u00f6l\u00fcyoruz G\u00f6ky\u00fcz\u00fcn\u00fcn o me\u015fhur mavili\u011finde Uzun sa\u00e7l\u0131 iri memeli kad\u0131nlar\u0131yla Bir akdeniz \u015fehri \u00e7\u0131kabilir i\u00e7inde Al\u0131p yaracak olsa y\u00fcre\u011fini \u015eimdi bir g\u00fcvercinin \u015eimdi sen tam \u00e7a\u011f\u0131ndas\u0131n yan\u0131na var\u0131lacak \u00d6n\u00fcnde durulacak tam elinden tutulacak Hangi bir elinden g\u00fczelim hangi bir Bir elinde k\u0131zl\u0131\u011f\u0131n duruyor garip huysuz \u00d6b\u00fcr elinde yeti\u015fkin bir g\u00fcn\u0131\u015f\u0131\u011f\u0131 [&hellip;]\" \/>\n<meta property=\"og:url\" content=\"https:\/\/narteks.net\/index.php\/2009\/12\/05\/cigarayi-attim-denize\/\" \/>\n<meta property=\"og:site_name\" content=\"narteks.net\" \/>\n<meta property=\"article:published_time\" content=\"2009-12-05T10:29:39+00:00\" \/>\n<meta property=\"og:image\" content=\"https:\/\/narteks.net\/wp-content\/uploads\/narteks.png\" \/>\n\t<meta property=\"og:image:width\" content=\"300\" \/>\n\t<meta property=\"og:image:height\" content=\"90\" \/>\n\t<meta property=\"og:image:type\" content=\"image\/png\" \/>\n<meta name=\"author\" content=\"Tar\u0131k\" \/>\n<meta name=\"twitter:card\" content=\"summary_large_image\" \/>\n<meta name=\"twitter:creator\" content=\"@narteks\" \/>\n<meta name=\"twitter:site\" content=\"@narteks\" \/>\n<meta name=\"twitter:label1\" content=\"Yazan:\" \/>\n\t<meta name=\"twitter:data1\" content=\"Tar\u0131k\" \/>\n\t<meta name=\"twitter:label2\" content=\"Tahmini okuma s\u00fcresi\" \/>\n\t<meta name=\"twitter:data2\" content=\"1 dakika\" \/>\n<script type=\"application\/ld+json\" class=\"yoast-schema-graph\">{\"@context\":\"https:\/\/schema.org\",\"@graph\":[{\"@type\":\"Article\",\"@id\":\"https:\/\/narteks.net\/index.php\/2009\/12\/05\/cigarayi-attim-denize\/#article\",\"isPartOf\":{\"@id\":\"https:\/\/narteks.net\/index.php\/2009\/12\/05\/cigarayi-attim-denize\/\"},\"author\":{\"name\":\"Tar\u0131k\",\"@id\":\"https:\/\/narteks.net\/#\/schema\/person\/61f37d9834294b72d31d274e7ed79bca\"},\"headline\":\"C\u0130GARAYI ATTIM DEN\u0130ZE\",\"datePublished\":\"2009-12-05T10:29:39+00:00\",\"mainEntityOfPage\":{\"@id\":\"https:\/\/narteks.net\/index.php\/2009\/12\/05\/cigarayi-attim-denize\/\"},\"wordCount\":167,\"commentCount\":0,\"publisher\":{\"@id\":\"https:\/\/narteks.net\/#organization\"},\"articleSection\":[\"Cemal S\u00dcREYA\"],\"inLanguage\":\"tr\",\"potentialAction\":[{\"@type\":\"CommentAction\",\"name\":\"Comment\",\"target\":[\"https:\/\/narteks.net\/index.php\/2009\/12\/05\/cigarayi-attim-denize\/#respond\"]}]},{\"@type\":\"WebPage\",\"@id\":\"https:\/\/narteks.net\/index.php\/2009\/12\/05\/cigarayi-attim-denize\/\",\"url\":\"https:\/\/narteks.net\/index.php\/2009\/12\/05\/cigarayi-attim-denize\/\",\"name\":\"C\u0130GARAYI ATTIM DEN\u0130ZE - narteks.net\",\"isPartOf\":{\"@id\":\"https:\/\/narteks.net\/#website\"},\"datePublished\":\"2009-12-05T10:29:39+00:00\",\"breadcrumb\":{\"@id\":\"https:\/\/narteks.net\/index.php\/2009\/12\/05\/cigarayi-attim-denize\/#breadcrumb\"},\"inLanguage\":\"tr\",\"potentialAction\":[{\"@type\":\"ReadAction\",\"target\":[\"https:\/\/narteks.net\/index.php\/2009\/12\/05\/cigarayi-attim-denize\/\"]}]},{\"@type\":\"BreadcrumbList\",\"@id\":\"https:\/\/narteks.net\/index.php\/2009\/12\/05\/cigarayi-attim-denize\/#breadcrumb\",\"itemListElement\":[{\"@type\":\"ListItem\",\"position\":1,\"name\":\"Anasayfa\",\"item\":\"https:\/\/narteks.net\/\"},{\"@type\":\"ListItem\",\"position\":2,\"name\":\"C\u0130GARAYI ATTIM DEN\u0130ZE\"}]},{\"@type\":\"WebSite\",\"@id\":\"https:\/\/narteks.net\/#website\",\"url\":\"https:\/\/narteks.net\/\",\"name\":\"narteks.net\",\"description\":\"K\u00fclt\u00fcr Sanat Edebiyat Felsefe\",\"publisher\":{\"@id\":\"https:\/\/narteks.net\/#organization\"},\"alternateName\":\"K\u00fclt\u00fcr Sanat Edebiyat Felsefe\",\"potentialAction\":[{\"@type\":\"SearchAction\",\"target\":{\"@type\":\"EntryPoint\",\"urlTemplate\":\"https:\/\/narteks.net\/?s={search_term_string}\"},\"query-input\":{\"@type\":\"PropertyValueSpecification\",\"valueRequired\":true,\"valueName\":\"search_term_string\"}}],\"inLanguage\":\"tr\"},{\"@type\":\"Organization\",\"@id\":\"https:\/\/narteks.net\/#organization\",\"name\":\"narteks.net\",\"url\":\"https:\/\/narteks.net\/\",\"logo\":{\"@type\":\"ImageObject\",\"inLanguage\":\"tr\",\"@id\":\"https:\/\/narteks.net\/#\/schema\/logo\/image\/\",\"url\":\"https:\/\/narteks.net\/wp-content\/uploads\/narteks.png\",\"contentUrl\":\"https:\/\/narteks.net\/wp-content\/uploads\/narteks.png\",\"width\":300,\"height\":90,\"caption\":\"narteks.net\"},\"image\":{\"@id\":\"https:\/\/narteks.net\/#\/schema\/logo\/image\/\"},\"sameAs\":[\"https:\/\/x.com\/narteks\",\"https:\/\/instagram.com\/narteksnet\"]},{\"@type\":\"Person\",\"@id\":\"https:\/\/narteks.net\/#\/schema\/person\/61f37d9834294b72d31d274e7ed79bca\",\"name\":\"Tar\u0131k\",\"image\":{\"@type\":\"ImageObject\",\"inLanguage\":\"tr\",\"@id\":\"https:\/\/narteks.net\/#\/schema\/person\/image\/\",\"url\":\"https:\/\/secure.gravatar.com\/avatar\/50865afb55632c4ae467e0af0930f6510aa2297d8014be502a55b14f3b7550cf?s=96&d=mm&r=g\",\"contentUrl\":\"https:\/\/secure.gravatar.com\/avatar\/50865afb55632c4ae467e0af0930f6510aa2297d8014be502a55b14f3b7550cf?s=96&d=mm&r=g\",\"caption\":\"Tar\u0131k\"},\"sameAs\":[\"http:\/\/narteks.net\"],\"url\":\"https:\/\/narteks.net\/index.php\/author\/narbak\/\"}]}<\/script>\n<!-- \/ Yoast SEO Premium plugin. -->","yoast_head_json":{"title":"C\u0130GARAYI ATTIM DEN\u0130ZE - narteks.net","robots":{"index":"index","follow":"follow","max-snippet":"max-snippet:-1","max-image-preview":"max-image-preview:large","max-video-preview":"max-video-preview:-1"},"canonical":"https:\/\/narteks.net\/index.php\/2009\/12\/05\/cigarayi-attim-denize\/","og_locale":"tr_TR","og_type":"article","og_title":"C\u0130GARAYI ATTIM DEN\u0130ZE","og_description":"\u00a0 \u015eimdi bir g\u00fcvercinin u\u00e7u\u015funu b\u00f6l\u00fcyoruz G\u00f6ky\u00fcz\u00fcn\u00fcn o me\u015fhur mavili\u011finde Uzun sa\u00e7l\u0131 iri memeli kad\u0131nlar\u0131yla Bir akdeniz \u015fehri \u00e7\u0131kabilir i\u00e7inde Al\u0131p yaracak olsa y\u00fcre\u011fini \u015eimdi bir g\u00fcvercinin \u015eimdi sen tam \u00e7a\u011f\u0131ndas\u0131n yan\u0131na var\u0131lacak \u00d6n\u00fcnde durulacak tam elinden tutulacak Hangi bir elinden g\u00fczelim hangi bir Bir elinde k\u0131zl\u0131\u011f\u0131n duruyor garip huysuz \u00d6b\u00fcr elinde yeti\u015fkin bir g\u00fcn\u0131\u015f\u0131\u011f\u0131 [&hellip;]","og_url":"https:\/\/narteks.net\/index.php\/2009\/12\/05\/cigarayi-attim-denize\/","og_site_name":"narteks.net","article_published_time":"2009-12-05T10:29:39+00:00","og_image":[{"width":300,"height":90,"url":"https:\/\/narteks.net\/wp-content\/uploads\/narteks.png","type":"image\/png"}],"author":"Tar\u0131k","twitter_card":"summary_large_image","twitter_creator":"@narteks","twitter_site":"@narteks","twitter_misc":{"Yazan:":"Tar\u0131k","Tahmini okuma s\u00fcresi":"1 dakika"},"schema":{"@context":"https:\/\/schema.org","@graph":[{"@type":"Article","@id":"https:\/\/narteks.net\/index.php\/2009\/12\/05\/cigarayi-attim-denize\/#article","isPartOf":{"@id":"https:\/\/narteks.net\/index.php\/2009\/12\/05\/cigarayi-attim-denize\/"},"author":{"name":"Tar\u0131k","@id":"https:\/\/narteks.net\/#\/schema\/person\/61f37d9834294b72d31d274e7ed79bca"},"headline":"C\u0130GARAYI ATTIM DEN\u0130ZE","datePublished":"2009-12-05T10:29:39+00:00","mainEntityOfPage":{"@id":"https:\/\/narteks.net\/index.php\/2009\/12\/05\/cigarayi-attim-denize\/"},"wordCount":167,"commentCount":0,"publisher":{"@id":"https:\/\/narteks.net\/#organization"},"articleSection":["Cemal S\u00dcREYA"],"inLanguage":"tr","potentialAction":[{"@type":"CommentAction","name":"Comment","target":["https:\/\/narteks.net\/index.php\/2009\/12\/05\/cigarayi-attim-denize\/#respond"]}]},{"@type":"WebPage","@id":"https:\/\/narteks.net\/index.php\/2009\/12\/05\/cigarayi-attim-denize\/","url":"https:\/\/narteks.net\/index.php\/2009\/12\/05\/cigarayi-attim-denize\/","name":"C\u0130GARAYI ATTIM DEN\u0130ZE - narteks.net","isPartOf":{"@id":"https:\/\/narteks.net\/#website"},"datePublished":"2009-12-05T10:29:39+00:00","breadcrumb":{"@id":"https:\/\/narteks.net\/index.php\/2009\/12\/05\/cigarayi-attim-denize\/#breadcrumb"},"inLanguage":"tr","potentialAction":[{"@type":"ReadAction","target":["https:\/\/narteks.net\/index.php\/2009\/12\/05\/cigarayi-attim-denize\/"]}]},{"@type":"BreadcrumbList","@id":"https:\/\/narteks.net\/index.php\/2009\/12\/05\/cigarayi-attim-denize\/#breadcrumb","itemListElement":[{"@type":"ListItem","position":1,"name":"Anasayfa","item":"https:\/\/narteks.net\/"},{"@type":"ListItem","position":2,"name":"C\u0130GARAYI ATTIM DEN\u0130ZE"}]},{"@type":"WebSite","@id":"https:\/\/narteks.net\/#website","url":"https:\/\/narteks.net\/","name":"narteks.net","description":"K\u00fclt\u00fcr Sanat Edebiyat Felsefe","publisher":{"@id":"https:\/\/narteks.net\/#organization"},"alternateName":"K\u00fclt\u00fcr Sanat Edebiyat Felsefe","potentialAction":[{"@type":"SearchAction","target":{"@type":"EntryPoint","urlTemplate":"https:\/\/narteks.net\/?s={search_term_string}"},"query-input":{"@type":"PropertyValueSpecification","valueRequired":true,"valueName":"search_term_string"}}],"inLanguage":"tr"},{"@type":"Organization","@id":"https:\/\/narteks.net\/#organization","name":"narteks.net","url":"https:\/\/narteks.net\/","logo":{"@type":"ImageObject","inLanguage":"tr","@id":"https:\/\/narteks.net\/#\/schema\/logo\/image\/","url":"https:\/\/narteks.net\/wp-content\/uploads\/narteks.png","contentUrl":"https:\/\/narteks.net\/wp-content\/uploads\/narteks.png","width":300,"height":90,"caption":"narteks.net"},"image":{"@id":"https:\/\/narteks.net\/#\/schema\/logo\/image\/"},"sameAs":["https:\/\/x.com\/narteks","https:\/\/instagram.com\/narteksnet"]},{"@type":"Person","@id":"https:\/\/narteks.net\/#\/schema\/person\/61f37d9834294b72d31d274e7ed79bca","name":"Tar\u0131k","image":{"@type":"ImageObject","inLanguage":"tr","@id":"https:\/\/narteks.net\/#\/schema\/person\/image\/","url":"https:\/\/secure.gravatar.com\/avatar\/50865afb55632c4ae467e0af0930f6510aa2297d8014be502a55b14f3b7550cf?s=96&d=mm&r=g","contentUrl":"https:\/\/secure.gravatar.com\/avatar\/50865afb55632c4ae467e0af0930f6510aa2297d8014be502a55b14f3b7550cf?s=96&d=mm&r=g","caption":"Tar\u0131k"},"sameAs":["http:\/\/narteks.net"],"url":"https:\/\/narteks.net\/index.php\/author\/narbak\/"}]}},"_links":{"self":[{"href":"https:\/\/narteks.net\/index.php\/wp-json\/wp\/v2\/posts\/2293","targetHints":{"allow":["GET"]}}],"collection":[{"href":"https:\/\/narteks.net\/index.php\/wp-json\/wp\/v2\/posts"}],"about":[{"href":"https:\/\/narteks.net\/index.php\/wp-json\/wp\/v2\/types\/post"}],"author":[{"embeddable":true,"href":"https:\/\/narteks.net\/index.php\/wp-json\/wp\/v2\/users\/1"}],"replies":[{"embeddable":true,"href":"https:\/\/narteks.net\/index.php\/wp-json\/wp\/v2\/comments?post=2293"}],"version-history":[{"count":0,"href":"https:\/\/narteks.net\/index.php\/wp-json\/wp\/v2\/posts\/2293\/revisions"}],"wp:attachment":[{"href":"https:\/\/narteks.net\/index.php\/wp-json\/wp\/v2\/media?parent=2293"}],"wp:term":[{"taxonomy":"category","embeddable":true,"href":"https:\/\/narteks.net\/index.php\/wp-json\/wp\/v2\/categories?post=2293"},{"taxonomy":"post_tag","embeddable":true,"href":"https:\/\/narteks.net\/index.php\/wp-json\/wp\/v2\/tags?post=2293"}],"curies":[{"name":"wp","href":"https:\/\/api.w.org\/{rel}","templated":true}]}}