{"id":2319,"date":"2009-12-05T13:45:04","date_gmt":"2009-12-05T10:45:04","guid":{"rendered":"http:\/\/localhost\/wordpress\/2009\/12\/05\/iste-tam-bu-saatlerinde\/"},"modified":"2009-12-05T13:45:04","modified_gmt":"2009-12-05T10:45:04","slug":"iste-tam-bu-saatlerinde","status":"publish","type":"post","link":"https:\/\/narteks.net\/index.php\/2009\/12\/05\/iste-tam-bu-saatlerinde\/","title":{"rendered":"\u0130\u015eTE TAM BU SAATLER\u0130NDE"},"content":{"rendered":"<p>\u00a0<\/p>\n<p>\u0130\u015fte tam bu saatlerde bir yara gibidir su <br \/> Yeni de\u015filmi\u015f u\u00e7lar\u0131na sokaklar\u0131n, k\u00fc\u00e7\u00fck u\u00e7lar\u0131nda. <br \/> Senin o g\u00fcne\u015f sarn\u0131c\u0131 g\u00f6zlerin <br \/> \u00d6l\u00fcm yas\u0131 i\u00e7indeki bir evde <br \/> Olmamas\u0131 gereken bir\u015fey gibi,k\u0131r\u0131lan bir ayna gibi. <br \/> Bu saatlerde. <br \/> \u00c7arm\u0131h\u0131n\u0131 yan\u0131ndan eksik etmeyen bir \u0130sa gibi <br \/> Merdiven ta\u015f\u0131yan bir adam g\u00f6r\u00fcyoruz <br \/> Bu adam\u0131 ne kadar \u00e7ok seviyorum, bu ku\u015fu ne kadar <br \/> Sen ne seviyorsun sen zaten sevince <br \/> Aln\u0131nla ay\u0131klars\u0131n yery\u00fcz\u00fcn\u00fc, <br \/> \u00c7ardaklar binalar\u0131n a\u011f\u0131zlar\u0131nda <br \/> A\u015far gider kendi s\u0131n\u0131rlar\u0131n\u0131 <br \/> K\u00f6pekler gizli bir da\u011f\u0131 havlar. <\/p>\n<p> Bunlar iyidir diyorum bunlar senden haberli, <br \/> Yoksa nerden bilecekler <br \/> Korbon s\u0131n\u0131rlar\u0131nda ya\u015fayan bal\u0131klar <br \/> Kovadan s\u0131zan hi\u00e7ret g\u00fcn\u00fcn\u00fc, <br \/> Peygamberin parmaklar\u0131na as\u0131p paltolar\u0131n\u0131 <br \/> Nas\u0131l girecekler tanr\u0131evine <br \/> Mucizesever m\u00fcsl\u00fcmanlar, <br \/> Ve On Binlerin D\u00f6n\u00fc\u015f\u00fc s\u0131ras\u0131nda <br \/> Grek ke\u00e7ilerinin \u00e7iftle\u015fti\u011fi <br \/> Da\u011f yollar\u0131 neyle donacak? <\/p>\n<p> Yine de sevi\u015firken <br \/> Kulland\u0131\u011f\u0131m\u0131z her kelime <br \/> H\u0131rs\u0131z\u0131n devirdi\u011fi e\u015fya. <\/p>\n<p> Minib\u00fcsleri morarm\u0131\u015f sokaklar <br \/> Bu\u011fday\u0131n parayla de\u011fi\u015fildi\u011fi <br \/> Paran\u0131n ekmekle de\u011fi\u015fildi\u011fi <br \/> Ekme\u011fin t\u00fct\u00fcnle de\u011fi\u015fildi\u011fi <br \/> T\u00fct\u00fcn\u00fcn ac\u0131yla de\u011fi\u015fildi\u011fi <br \/> Ve art\u0131k hi\u00e7bir\u015feyle de\u011fi\u015filmedi\u011fi ac\u0131n\u0131n. <br \/> O sokaklarda. <br \/> Saatler ya\u011fmuru g\u00f6steriyor, <br \/> Bug\u00fcn bu k\u00fc\u00e7\u00fck sal\u0131 g\u00fcn\u00fc <br \/> Her\u015feyi eksik \u0130stanbul&#8217;un, tepedekilerden ba\u015fka <br \/> Yaln\u0131z Galata <br \/> Galata <br \/> Gecenin bodrumlar\u0131nda besledi\u011fi <br \/> O t\u00fckenmez paslanmaz tutkusu <br \/> Bir a\u011f\u0131z m\u0131z\u0131kas\u0131 halinde <br \/> Denize yediriyor yava\u015f yava\u015f<\/p>\n","protected":false},"excerpt":{"rendered":"<p>\u00a0 \u0130\u015fte tam bu saatlerde bir yara gibidir su Yeni de\u015filmi\u015f u\u00e7lar\u0131na sokaklar\u0131n, k\u00fc\u00e7\u00fck u\u00e7lar\u0131nda. Senin o g\u00fcne\u015f sarn\u0131c\u0131 g\u00f6zlerin \u00d6l\u00fcm yas\u0131 i\u00e7indeki bir evde Olmamas\u0131 gereken bir\u015fey gibi,k\u0131r\u0131lan bir ayna gibi. Bu saatlerde. \u00c7arm\u0131h\u0131n\u0131 yan\u0131ndan eksik etmeyen bir \u0130sa gibi Merdiven ta\u015f\u0131yan bir adam g\u00f6r\u00fcyoruz Bu adam\u0131 ne kadar \u00e7ok seviyorum, bu ku\u015fu ne [&hellip;]<\/p>\n","protected":false},"author":1,"featured_media":0,"comment_status":"open","ping_status":"open","sticky":false,"template":"","format":"standard","meta":{"footnotes":""},"categories":[17],"tags":[],"class_list":{"0":"post-2319","1":"post","2":"type-post","3":"status-publish","4":"format-standard","6":"category-cemal-sureya"},"yoast_head":"<!-- This site is optimized with the Yoast SEO Premium plugin v24.9 (Yoast SEO v24.9) - https:\/\/yoast.com\/wordpress\/plugins\/seo\/ -->\n<title>\u0130\u015eTE TAM BU SAATLER\u0130NDE - narteks.net<\/title>\n<meta name=\"robots\" content=\"index, follow, max-snippet:-1, max-image-preview:large, max-video-preview:-1\" \/>\n<link rel=\"canonical\" href=\"https:\/\/narteks.net\/index.php\/2009\/12\/05\/iste-tam-bu-saatlerinde\/\" \/>\n<meta property=\"og:locale\" content=\"tr_TR\" \/>\n<meta property=\"og:type\" content=\"article\" \/>\n<meta property=\"og:title\" content=\"\u0130\u015eTE TAM BU SAATLER\u0130NDE\" \/>\n<meta property=\"og:description\" content=\"\u00a0 \u0130\u015fte tam bu saatlerde bir yara gibidir su Yeni de\u015filmi\u015f u\u00e7lar\u0131na sokaklar\u0131n, k\u00fc\u00e7\u00fck u\u00e7lar\u0131nda. Senin o g\u00fcne\u015f sarn\u0131c\u0131 g\u00f6zlerin \u00d6l\u00fcm yas\u0131 i\u00e7indeki bir evde Olmamas\u0131 gereken bir\u015fey gibi,k\u0131r\u0131lan bir ayna gibi. Bu saatlerde. \u00c7arm\u0131h\u0131n\u0131 yan\u0131ndan eksik etmeyen bir \u0130sa gibi Merdiven ta\u015f\u0131yan bir adam g\u00f6r\u00fcyoruz Bu adam\u0131 ne kadar \u00e7ok seviyorum, bu ku\u015fu ne [&hellip;]\" \/>\n<meta property=\"og:url\" content=\"https:\/\/narteks.net\/index.php\/2009\/12\/05\/iste-tam-bu-saatlerinde\/\" \/>\n<meta property=\"og:site_name\" content=\"narteks.net\" \/>\n<meta property=\"article:published_time\" content=\"2009-12-05T10:45:04+00:00\" \/>\n<meta property=\"og:image\" content=\"https:\/\/narteks.net\/wp-content\/uploads\/narteks.png\" \/>\n\t<meta property=\"og:image:width\" content=\"300\" \/>\n\t<meta property=\"og:image:height\" content=\"90\" \/>\n\t<meta property=\"og:image:type\" content=\"image\/png\" \/>\n<meta name=\"author\" content=\"Tar\u0131k\" \/>\n<meta name=\"twitter:card\" content=\"summary_large_image\" \/>\n<meta name=\"twitter:creator\" content=\"@narteks\" \/>\n<meta name=\"twitter:site\" content=\"@narteks\" \/>\n<meta name=\"twitter:label1\" content=\"Yazan:\" \/>\n\t<meta name=\"twitter:data1\" content=\"Tar\u0131k\" \/>\n\t<meta name=\"twitter:label2\" content=\"Tahmini okuma s\u00fcresi\" \/>\n\t<meta name=\"twitter:data2\" content=\"1 dakika\" \/>\n<script type=\"application\/ld+json\" class=\"yoast-schema-graph\">{\"@context\":\"https:\/\/schema.org\",\"@graph\":[{\"@type\":\"Article\",\"@id\":\"https:\/\/narteks.net\/index.php\/2009\/12\/05\/iste-tam-bu-saatlerinde\/#article\",\"isPartOf\":{\"@id\":\"https:\/\/narteks.net\/index.php\/2009\/12\/05\/iste-tam-bu-saatlerinde\/\"},\"author\":{\"name\":\"Tar\u0131k\",\"@id\":\"https:\/\/narteks.net\/#\/schema\/person\/61f37d9834294b72d31d274e7ed79bca\"},\"headline\":\"\u0130\u015eTE TAM BU SAATLER\u0130NDE\",\"datePublished\":\"2009-12-05T10:45:04+00:00\",\"mainEntityOfPage\":{\"@id\":\"https:\/\/narteks.net\/index.php\/2009\/12\/05\/iste-tam-bu-saatlerinde\/\"},\"wordCount\":292,\"commentCount\":0,\"publisher\":{\"@id\":\"https:\/\/narteks.net\/#organization\"},\"articleSection\":[\"Cemal S\u00dcREYA\"],\"inLanguage\":\"tr\",\"potentialAction\":[{\"@type\":\"CommentAction\",\"name\":\"Comment\",\"target\":[\"https:\/\/narteks.net\/index.php\/2009\/12\/05\/iste-tam-bu-saatlerinde\/#respond\"]}]},{\"@type\":\"WebPage\",\"@id\":\"https:\/\/narteks.net\/index.php\/2009\/12\/05\/iste-tam-bu-saatlerinde\/\",\"url\":\"https:\/\/narteks.net\/index.php\/2009\/12\/05\/iste-tam-bu-saatlerinde\/\",\"name\":\"\u0130\u015eTE TAM BU SAATLER\u0130NDE - narteks.net\",\"isPartOf\":{\"@id\":\"https:\/\/narteks.net\/#website\"},\"datePublished\":\"2009-12-05T10:45:04+00:00\",\"breadcrumb\":{\"@id\":\"https:\/\/narteks.net\/index.php\/2009\/12\/05\/iste-tam-bu-saatlerinde\/#breadcrumb\"},\"inLanguage\":\"tr\",\"potentialAction\":[{\"@type\":\"ReadAction\",\"target\":[\"https:\/\/narteks.net\/index.php\/2009\/12\/05\/iste-tam-bu-saatlerinde\/\"]}]},{\"@type\":\"BreadcrumbList\",\"@id\":\"https:\/\/narteks.net\/index.php\/2009\/12\/05\/iste-tam-bu-saatlerinde\/#breadcrumb\",\"itemListElement\":[{\"@type\":\"ListItem\",\"position\":1,\"name\":\"Anasayfa\",\"item\":\"https:\/\/narteks.net\/\"},{\"@type\":\"ListItem\",\"position\":2,\"name\":\"\u0130\u015eTE TAM BU SAATLER\u0130NDE\"}]},{\"@type\":\"WebSite\",\"@id\":\"https:\/\/narteks.net\/#website\",\"url\":\"https:\/\/narteks.net\/\",\"name\":\"narteks.net\",\"description\":\"K\u00fclt\u00fcr Sanat Edebiyat Felsefe\",\"publisher\":{\"@id\":\"https:\/\/narteks.net\/#organization\"},\"alternateName\":\"K\u00fclt\u00fcr Sanat Edebiyat Felsefe\",\"potentialAction\":[{\"@type\":\"SearchAction\",\"target\":{\"@type\":\"EntryPoint\",\"urlTemplate\":\"https:\/\/narteks.net\/?s={search_term_string}\"},\"query-input\":{\"@type\":\"PropertyValueSpecification\",\"valueRequired\":true,\"valueName\":\"search_term_string\"}}],\"inLanguage\":\"tr\"},{\"@type\":\"Organization\",\"@id\":\"https:\/\/narteks.net\/#organization\",\"name\":\"narteks.net\",\"url\":\"https:\/\/narteks.net\/\",\"logo\":{\"@type\":\"ImageObject\",\"inLanguage\":\"tr\",\"@id\":\"https:\/\/narteks.net\/#\/schema\/logo\/image\/\",\"url\":\"https:\/\/narteks.net\/wp-content\/uploads\/narteks.png\",\"contentUrl\":\"https:\/\/narteks.net\/wp-content\/uploads\/narteks.png\",\"width\":300,\"height\":90,\"caption\":\"narteks.net\"},\"image\":{\"@id\":\"https:\/\/narteks.net\/#\/schema\/logo\/image\/\"},\"sameAs\":[\"https:\/\/x.com\/narteks\",\"https:\/\/instagram.com\/narteksnet\"]},{\"@type\":\"Person\",\"@id\":\"https:\/\/narteks.net\/#\/schema\/person\/61f37d9834294b72d31d274e7ed79bca\",\"name\":\"Tar\u0131k\",\"image\":{\"@type\":\"ImageObject\",\"inLanguage\":\"tr\",\"@id\":\"https:\/\/narteks.net\/#\/schema\/person\/image\/\",\"url\":\"https:\/\/secure.gravatar.com\/avatar\/50865afb55632c4ae467e0af0930f6510aa2297d8014be502a55b14f3b7550cf?s=96&d=mm&r=g\",\"contentUrl\":\"https:\/\/secure.gravatar.com\/avatar\/50865afb55632c4ae467e0af0930f6510aa2297d8014be502a55b14f3b7550cf?s=96&d=mm&r=g\",\"caption\":\"Tar\u0131k\"},\"sameAs\":[\"http:\/\/narteks.net\"],\"url\":\"https:\/\/narteks.net\/index.php\/author\/narbak\/\"}]}<\/script>\n<!-- \/ Yoast SEO Premium plugin. -->","yoast_head_json":{"title":"\u0130\u015eTE TAM BU SAATLER\u0130NDE - narteks.net","robots":{"index":"index","follow":"follow","max-snippet":"max-snippet:-1","max-image-preview":"max-image-preview:large","max-video-preview":"max-video-preview:-1"},"canonical":"https:\/\/narteks.net\/index.php\/2009\/12\/05\/iste-tam-bu-saatlerinde\/","og_locale":"tr_TR","og_type":"article","og_title":"\u0130\u015eTE TAM BU SAATLER\u0130NDE","og_description":"\u00a0 \u0130\u015fte tam bu saatlerde bir yara gibidir su Yeni de\u015filmi\u015f u\u00e7lar\u0131na sokaklar\u0131n, k\u00fc\u00e7\u00fck u\u00e7lar\u0131nda. Senin o g\u00fcne\u015f sarn\u0131c\u0131 g\u00f6zlerin \u00d6l\u00fcm yas\u0131 i\u00e7indeki bir evde Olmamas\u0131 gereken bir\u015fey gibi,k\u0131r\u0131lan bir ayna gibi. Bu saatlerde. \u00c7arm\u0131h\u0131n\u0131 yan\u0131ndan eksik etmeyen bir \u0130sa gibi Merdiven ta\u015f\u0131yan bir adam g\u00f6r\u00fcyoruz Bu adam\u0131 ne kadar \u00e7ok seviyorum, bu ku\u015fu ne [&hellip;]","og_url":"https:\/\/narteks.net\/index.php\/2009\/12\/05\/iste-tam-bu-saatlerinde\/","og_site_name":"narteks.net","article_published_time":"2009-12-05T10:45:04+00:00","og_image":[{"width":300,"height":90,"url":"https:\/\/narteks.net\/wp-content\/uploads\/narteks.png","type":"image\/png"}],"author":"Tar\u0131k","twitter_card":"summary_large_image","twitter_creator":"@narteks","twitter_site":"@narteks","twitter_misc":{"Yazan:":"Tar\u0131k","Tahmini okuma s\u00fcresi":"1 dakika"},"schema":{"@context":"https:\/\/schema.org","@graph":[{"@type":"Article","@id":"https:\/\/narteks.net\/index.php\/2009\/12\/05\/iste-tam-bu-saatlerinde\/#article","isPartOf":{"@id":"https:\/\/narteks.net\/index.php\/2009\/12\/05\/iste-tam-bu-saatlerinde\/"},"author":{"name":"Tar\u0131k","@id":"https:\/\/narteks.net\/#\/schema\/person\/61f37d9834294b72d31d274e7ed79bca"},"headline":"\u0130\u015eTE TAM BU SAATLER\u0130NDE","datePublished":"2009-12-05T10:45:04+00:00","mainEntityOfPage":{"@id":"https:\/\/narteks.net\/index.php\/2009\/12\/05\/iste-tam-bu-saatlerinde\/"},"wordCount":292,"commentCount":0,"publisher":{"@id":"https:\/\/narteks.net\/#organization"},"articleSection":["Cemal S\u00dcREYA"],"inLanguage":"tr","potentialAction":[{"@type":"CommentAction","name":"Comment","target":["https:\/\/narteks.net\/index.php\/2009\/12\/05\/iste-tam-bu-saatlerinde\/#respond"]}]},{"@type":"WebPage","@id":"https:\/\/narteks.net\/index.php\/2009\/12\/05\/iste-tam-bu-saatlerinde\/","url":"https:\/\/narteks.net\/index.php\/2009\/12\/05\/iste-tam-bu-saatlerinde\/","name":"\u0130\u015eTE TAM BU SAATLER\u0130NDE - narteks.net","isPartOf":{"@id":"https:\/\/narteks.net\/#website"},"datePublished":"2009-12-05T10:45:04+00:00","breadcrumb":{"@id":"https:\/\/narteks.net\/index.php\/2009\/12\/05\/iste-tam-bu-saatlerinde\/#breadcrumb"},"inLanguage":"tr","potentialAction":[{"@type":"ReadAction","target":["https:\/\/narteks.net\/index.php\/2009\/12\/05\/iste-tam-bu-saatlerinde\/"]}]},{"@type":"BreadcrumbList","@id":"https:\/\/narteks.net\/index.php\/2009\/12\/05\/iste-tam-bu-saatlerinde\/#breadcrumb","itemListElement":[{"@type":"ListItem","position":1,"name":"Anasayfa","item":"https:\/\/narteks.net\/"},{"@type":"ListItem","position":2,"name":"\u0130\u015eTE TAM BU SAATLER\u0130NDE"}]},{"@type":"WebSite","@id":"https:\/\/narteks.net\/#website","url":"https:\/\/narteks.net\/","name":"narteks.net","description":"K\u00fclt\u00fcr Sanat Edebiyat Felsefe","publisher":{"@id":"https:\/\/narteks.net\/#organization"},"alternateName":"K\u00fclt\u00fcr Sanat Edebiyat Felsefe","potentialAction":[{"@type":"SearchAction","target":{"@type":"EntryPoint","urlTemplate":"https:\/\/narteks.net\/?s={search_term_string}"},"query-input":{"@type":"PropertyValueSpecification","valueRequired":true,"valueName":"search_term_string"}}],"inLanguage":"tr"},{"@type":"Organization","@id":"https:\/\/narteks.net\/#organization","name":"narteks.net","url":"https:\/\/narteks.net\/","logo":{"@type":"ImageObject","inLanguage":"tr","@id":"https:\/\/narteks.net\/#\/schema\/logo\/image\/","url":"https:\/\/narteks.net\/wp-content\/uploads\/narteks.png","contentUrl":"https:\/\/narteks.net\/wp-content\/uploads\/narteks.png","width":300,"height":90,"caption":"narteks.net"},"image":{"@id":"https:\/\/narteks.net\/#\/schema\/logo\/image\/"},"sameAs":["https:\/\/x.com\/narteks","https:\/\/instagram.com\/narteksnet"]},{"@type":"Person","@id":"https:\/\/narteks.net\/#\/schema\/person\/61f37d9834294b72d31d274e7ed79bca","name":"Tar\u0131k","image":{"@type":"ImageObject","inLanguage":"tr","@id":"https:\/\/narteks.net\/#\/schema\/person\/image\/","url":"https:\/\/secure.gravatar.com\/avatar\/50865afb55632c4ae467e0af0930f6510aa2297d8014be502a55b14f3b7550cf?s=96&d=mm&r=g","contentUrl":"https:\/\/secure.gravatar.com\/avatar\/50865afb55632c4ae467e0af0930f6510aa2297d8014be502a55b14f3b7550cf?s=96&d=mm&r=g","caption":"Tar\u0131k"},"sameAs":["http:\/\/narteks.net"],"url":"https:\/\/narteks.net\/index.php\/author\/narbak\/"}]}},"_links":{"self":[{"href":"https:\/\/narteks.net\/index.php\/wp-json\/wp\/v2\/posts\/2319","targetHints":{"allow":["GET"]}}],"collection":[{"href":"https:\/\/narteks.net\/index.php\/wp-json\/wp\/v2\/posts"}],"about":[{"href":"https:\/\/narteks.net\/index.php\/wp-json\/wp\/v2\/types\/post"}],"author":[{"embeddable":true,"href":"https:\/\/narteks.net\/index.php\/wp-json\/wp\/v2\/users\/1"}],"replies":[{"embeddable":true,"href":"https:\/\/narteks.net\/index.php\/wp-json\/wp\/v2\/comments?post=2319"}],"version-history":[{"count":0,"href":"https:\/\/narteks.net\/index.php\/wp-json\/wp\/v2\/posts\/2319\/revisions"}],"wp:attachment":[{"href":"https:\/\/narteks.net\/index.php\/wp-json\/wp\/v2\/media?parent=2319"}],"wp:term":[{"taxonomy":"category","embeddable":true,"href":"https:\/\/narteks.net\/index.php\/wp-json\/wp\/v2\/categories?post=2319"},{"taxonomy":"post_tag","embeddable":true,"href":"https:\/\/narteks.net\/index.php\/wp-json\/wp\/v2\/tags?post=2319"}],"curies":[{"name":"wp","href":"https:\/\/api.w.org\/{rel}","templated":true}]}}