{"id":232,"date":"2009-02-27T17:41:33","date_gmt":"2009-02-27T14:41:33","guid":{"rendered":"http:\/\/localhost\/wordpress\/2009\/02\/27\/zekai-arkadas-ozger-biyografisi\/"},"modified":"2009-02-27T17:41:33","modified_gmt":"2009-02-27T14:41:33","slug":"zekai-arkadas-ozger-biyografisi","status":"publish","type":"post","link":"https:\/\/narteks.net\/index.php\/2009\/02\/27\/zekai-arkadas-ozger-biyografisi\/","title":{"rendered":"Zekai Arkada\u015f \u00d6ZGER Biyografisi"},"content":{"rendered":"<p align=\"justify\"><strong><img decoding=\"async\" src=\"http:\/\/i43.tinypic.com\/2echxt1.jpg\" border=\"0\" \/><\/strong><\/p>\n<p align=\"justify\">Z.ARKADA\u015e \u00d6ZGER<\/p>\n<p style=\"text-align: justify;\">8 Ocak 1948 tarihinde Bursa\u2019da dogdu, 5 Mayis 1973 tarihinde Ankara\u2019da \u00f6ld\u00fc. Ankara \u00dcniversitesi Siyasal Bilgiler Fak\u00fcltesi Basin Yayin Y\u00fcksek Okulu\u2019nu bitirdi. T\u00fcrkiye Radyo Televizyon Kurumu\u2019nda kurgucu olarak \u00e7ali\u015fti. 12 Mart d\u00f6neminde agir baski ve i\u015fkenceler g\u00f6rd\u00fc, beyin kanamasindan \u00f6ld\u00fc.<\/p>\n<p style=\"text-align: justify;\">\u015eiirleri Forum, Soyut, Yansima, Yeni Eylem ve Yordam gibi dergilerde yayimlandi. Ba\u015flangi\u00e7ta verili ortamdaki egemen s\u00f6ylemlerin, \u00f6zellikle ikinci yeni akimi esintisini duyumsatir \u015fiirleri; ya\u015fama bilincinin, topluma ve insana baki\u015finin geli\u015fimi ile birlikte toplumcu ger\u00e7ek\u00e7i \u00e7izgide, lirik, kirgin ve buruk bir sesle, ama inatla umudunu haykiran, konu\u015fma diline yaslanarak \u00e7arpici bir aki\u015fkanlik kazandiran imge \u00f6rg\u00fcs\u00fc ile \u00f6zg\u00fcn \u015fiirler yazdi.<\/p>\n<p style=\"text-align: justify;\">\u00a0<\/p>\n<p style=\"text-align: justify;\"><strong>Zekai Arkada\u015f \u00d6ZGER \u015fiirlerini sitemizde bulabilirsiniz<\/strong><\/p>\n<p style=\"text-align: justify;\">\u00a0<\/p>\n<p align=\"justify\">\u00a0<\/p>\n","protected":false},"excerpt":{"rendered":"<p>Z.ARKADA\u015e \u00d6ZGER 8 Ocak 1948 tarihinde Bursa\u2019da dogdu, 5 Mayis 1973 tarihinde Ankara\u2019da \u00f6ld\u00fc. Ankara \u00dcniversitesi Siyasal Bilgiler Fak\u00fcltesi Basin Yayin Y\u00fcksek Okulu\u2019nu bitirdi. T\u00fcrkiye Radyo Televizyon Kurumu\u2019nda kurgucu olarak \u00e7ali\u015fti. 12 Mart d\u00f6neminde agir baski ve i\u015fkenceler g\u00f6rd\u00fc, beyin kanamasindan \u00f6ld\u00fc. \u015eiirleri Forum, Soyut, Yansima, Yeni Eylem ve Yordam gibi dergilerde yayimlandi. Ba\u015flangi\u00e7ta verili [&hellip;]<\/p>\n","protected":false},"author":1,"featured_media":0,"comment_status":"open","ping_status":"open","sticky":false,"template":"","format":"standard","meta":{"footnotes":""},"categories":[5],"tags":[],"class_list":{"0":"post-232","1":"post","2":"type-post","3":"status-publish","4":"format-standard","6":"category-arkadas-z-ozger"},"yoast_head":"<!-- This site is optimized with the Yoast SEO Premium plugin v24.9 (Yoast SEO v24.9) - https:\/\/yoast.com\/wordpress\/plugins\/seo\/ -->\n<title>Zekai Arkada\u015f \u00d6ZGER Biyografisi - narteks.net<\/title>\n<meta name=\"robots\" content=\"index, follow, max-snippet:-1, max-image-preview:large, max-video-preview:-1\" \/>\n<link rel=\"canonical\" href=\"https:\/\/narteks.net\/index.php\/2009\/02\/27\/zekai-arkadas-ozger-biyografisi\/\" \/>\n<meta property=\"og:locale\" content=\"tr_TR\" \/>\n<meta property=\"og:type\" content=\"article\" \/>\n<meta property=\"og:title\" content=\"Zekai Arkada\u015f \u00d6ZGER Biyografisi\" \/>\n<meta property=\"og:description\" content=\"Z.ARKADA\u015e \u00d6ZGER 8 Ocak 1948 tarihinde Bursa\u2019da dogdu, 5 Mayis 1973 tarihinde Ankara\u2019da \u00f6ld\u00fc. Ankara \u00dcniversitesi Siyasal Bilgiler Fak\u00fcltesi Basin Yayin Y\u00fcksek Okulu\u2019nu bitirdi. T\u00fcrkiye Radyo Televizyon Kurumu\u2019nda kurgucu olarak \u00e7ali\u015fti. 12 Mart d\u00f6neminde agir baski ve i\u015fkenceler g\u00f6rd\u00fc, beyin kanamasindan \u00f6ld\u00fc. \u015eiirleri Forum, Soyut, Yansima, Yeni Eylem ve Yordam gibi dergilerde yayimlandi. Ba\u015flangi\u00e7ta verili [&hellip;]\" \/>\n<meta property=\"og:url\" content=\"https:\/\/narteks.net\/index.php\/2009\/02\/27\/zekai-arkadas-ozger-biyografisi\/\" \/>\n<meta property=\"og:site_name\" content=\"narteks.net\" \/>\n<meta property=\"article:published_time\" content=\"2009-02-27T14:41:33+00:00\" \/>\n<meta property=\"og:image\" content=\"http:\/\/i43.tinypic.com\/2echxt1.jpg\" \/>\n<meta name=\"author\" content=\"Tar\u0131k\" \/>\n<meta name=\"twitter:card\" content=\"summary_large_image\" \/>\n<meta name=\"twitter:creator\" content=\"@narteks\" \/>\n<meta name=\"twitter:site\" content=\"@narteks\" \/>\n<meta name=\"twitter:label1\" content=\"Yazan:\" \/>\n\t<meta name=\"twitter:data1\" content=\"Tar\u0131k\" \/>\n\t<meta name=\"twitter:label2\" content=\"Tahmini okuma s\u00fcresi\" \/>\n\t<meta name=\"twitter:data2\" content=\"1 dakika\" \/>\n<script type=\"application\/ld+json\" class=\"yoast-schema-graph\">{\"@context\":\"https:\/\/schema.org\",\"@graph\":[{\"@type\":\"Article\",\"@id\":\"https:\/\/narteks.net\/index.php\/2009\/02\/27\/zekai-arkadas-ozger-biyografisi\/#article\",\"isPartOf\":{\"@id\":\"https:\/\/narteks.net\/index.php\/2009\/02\/27\/zekai-arkadas-ozger-biyografisi\/\"},\"author\":{\"name\":\"Tar\u0131k\",\"@id\":\"https:\/\/narteks.net\/#\/schema\/person\/61f37d9834294b72d31d274e7ed79bca\"},\"headline\":\"Zekai Arkada\u015f \u00d6ZGER Biyografisi\",\"datePublished\":\"2009-02-27T14:41:33+00:00\",\"mainEntityOfPage\":{\"@id\":\"https:\/\/narteks.net\/index.php\/2009\/02\/27\/zekai-arkadas-ozger-biyografisi\/\"},\"wordCount\":129,\"commentCount\":0,\"publisher\":{\"@id\":\"https:\/\/narteks.net\/#organization\"},\"image\":{\"@id\":\"https:\/\/narteks.net\/index.php\/2009\/02\/27\/zekai-arkadas-ozger-biyografisi\/#primaryimage\"},\"thumbnailUrl\":\"http:\/\/i43.tinypic.com\/2echxt1.jpg\",\"articleSection\":[\"Arkada\u015f Z. \u00d6ZGER\"],\"inLanguage\":\"tr\",\"potentialAction\":[{\"@type\":\"CommentAction\",\"name\":\"Comment\",\"target\":[\"https:\/\/narteks.net\/index.php\/2009\/02\/27\/zekai-arkadas-ozger-biyografisi\/#respond\"]}]},{\"@type\":\"WebPage\",\"@id\":\"https:\/\/narteks.net\/index.php\/2009\/02\/27\/zekai-arkadas-ozger-biyografisi\/\",\"url\":\"https:\/\/narteks.net\/index.php\/2009\/02\/27\/zekai-arkadas-ozger-biyografisi\/\",\"name\":\"Zekai Arkada\u015f \u00d6ZGER Biyografisi - narteks.net\",\"isPartOf\":{\"@id\":\"https:\/\/narteks.net\/#website\"},\"primaryImageOfPage\":{\"@id\":\"https:\/\/narteks.net\/index.php\/2009\/02\/27\/zekai-arkadas-ozger-biyografisi\/#primaryimage\"},\"image\":{\"@id\":\"https:\/\/narteks.net\/index.php\/2009\/02\/27\/zekai-arkadas-ozger-biyografisi\/#primaryimage\"},\"thumbnailUrl\":\"http:\/\/i43.tinypic.com\/2echxt1.jpg\",\"datePublished\":\"2009-02-27T14:41:33+00:00\",\"breadcrumb\":{\"@id\":\"https:\/\/narteks.net\/index.php\/2009\/02\/27\/zekai-arkadas-ozger-biyografisi\/#breadcrumb\"},\"inLanguage\":\"tr\",\"potentialAction\":[{\"@type\":\"ReadAction\",\"target\":[\"https:\/\/narteks.net\/index.php\/2009\/02\/27\/zekai-arkadas-ozger-biyografisi\/\"]}]},{\"@type\":\"ImageObject\",\"inLanguage\":\"tr\",\"@id\":\"https:\/\/narteks.net\/index.php\/2009\/02\/27\/zekai-arkadas-ozger-biyografisi\/#primaryimage\",\"url\":\"http:\/\/i43.tinypic.com\/2echxt1.jpg\",\"contentUrl\":\"http:\/\/i43.tinypic.com\/2echxt1.jpg\"},{\"@type\":\"BreadcrumbList\",\"@id\":\"https:\/\/narteks.net\/index.php\/2009\/02\/27\/zekai-arkadas-ozger-biyografisi\/#breadcrumb\",\"itemListElement\":[{\"@type\":\"ListItem\",\"position\":1,\"name\":\"Anasayfa\",\"item\":\"https:\/\/narteks.net\/\"},{\"@type\":\"ListItem\",\"position\":2,\"name\":\"Zekai Arkada\u015f \u00d6ZGER Biyografisi\"}]},{\"@type\":\"WebSite\",\"@id\":\"https:\/\/narteks.net\/#website\",\"url\":\"https:\/\/narteks.net\/\",\"name\":\"narteks.net\",\"description\":\"K\u00fclt\u00fcr Sanat Edebiyat Felsefe\",\"publisher\":{\"@id\":\"https:\/\/narteks.net\/#organization\"},\"alternateName\":\"K\u00fclt\u00fcr Sanat Edebiyat Felsefe\",\"potentialAction\":[{\"@type\":\"SearchAction\",\"target\":{\"@type\":\"EntryPoint\",\"urlTemplate\":\"https:\/\/narteks.net\/?s={search_term_string}\"},\"query-input\":{\"@type\":\"PropertyValueSpecification\",\"valueRequired\":true,\"valueName\":\"search_term_string\"}}],\"inLanguage\":\"tr\"},{\"@type\":\"Organization\",\"@id\":\"https:\/\/narteks.net\/#organization\",\"name\":\"narteks.net\",\"url\":\"https:\/\/narteks.net\/\",\"logo\":{\"@type\":\"ImageObject\",\"inLanguage\":\"tr\",\"@id\":\"https:\/\/narteks.net\/#\/schema\/logo\/image\/\",\"url\":\"https:\/\/narteks.net\/wp-content\/uploads\/narteks.png\",\"contentUrl\":\"https:\/\/narteks.net\/wp-content\/uploads\/narteks.png\",\"width\":300,\"height\":90,\"caption\":\"narteks.net\"},\"image\":{\"@id\":\"https:\/\/narteks.net\/#\/schema\/logo\/image\/\"},\"sameAs\":[\"https:\/\/x.com\/narteks\",\"https:\/\/instagram.com\/narteksnet\"]},{\"@type\":\"Person\",\"@id\":\"https:\/\/narteks.net\/#\/schema\/person\/61f37d9834294b72d31d274e7ed79bca\",\"name\":\"Tar\u0131k\",\"image\":{\"@type\":\"ImageObject\",\"inLanguage\":\"tr\",\"@id\":\"https:\/\/narteks.net\/#\/schema\/person\/image\/\",\"url\":\"https:\/\/secure.gravatar.com\/avatar\/50865afb55632c4ae467e0af0930f6510aa2297d8014be502a55b14f3b7550cf?s=96&d=mm&r=g\",\"contentUrl\":\"https:\/\/secure.gravatar.com\/avatar\/50865afb55632c4ae467e0af0930f6510aa2297d8014be502a55b14f3b7550cf?s=96&d=mm&r=g\",\"caption\":\"Tar\u0131k\"},\"sameAs\":[\"http:\/\/narteks.net\"],\"url\":\"https:\/\/narteks.net\/index.php\/author\/narbak\/\"}]}<\/script>\n<!-- \/ Yoast SEO Premium plugin. -->","yoast_head_json":{"title":"Zekai Arkada\u015f \u00d6ZGER Biyografisi - narteks.net","robots":{"index":"index","follow":"follow","max-snippet":"max-snippet:-1","max-image-preview":"max-image-preview:large","max-video-preview":"max-video-preview:-1"},"canonical":"https:\/\/narteks.net\/index.php\/2009\/02\/27\/zekai-arkadas-ozger-biyografisi\/","og_locale":"tr_TR","og_type":"article","og_title":"Zekai Arkada\u015f \u00d6ZGER Biyografisi","og_description":"Z.ARKADA\u015e \u00d6ZGER 8 Ocak 1948 tarihinde Bursa\u2019da dogdu, 5 Mayis 1973 tarihinde Ankara\u2019da \u00f6ld\u00fc. Ankara \u00dcniversitesi Siyasal Bilgiler Fak\u00fcltesi Basin Yayin Y\u00fcksek Okulu\u2019nu bitirdi. T\u00fcrkiye Radyo Televizyon Kurumu\u2019nda kurgucu olarak \u00e7ali\u015fti. 12 Mart d\u00f6neminde agir baski ve i\u015fkenceler g\u00f6rd\u00fc, beyin kanamasindan \u00f6ld\u00fc. \u015eiirleri Forum, Soyut, Yansima, Yeni Eylem ve Yordam gibi dergilerde yayimlandi. Ba\u015flangi\u00e7ta verili [&hellip;]","og_url":"https:\/\/narteks.net\/index.php\/2009\/02\/27\/zekai-arkadas-ozger-biyografisi\/","og_site_name":"narteks.net","article_published_time":"2009-02-27T14:41:33+00:00","og_image":[{"url":"http:\/\/i43.tinypic.com\/2echxt1.jpg","type":"","width":"","height":""}],"author":"Tar\u0131k","twitter_card":"summary_large_image","twitter_creator":"@narteks","twitter_site":"@narteks","twitter_misc":{"Yazan:":"Tar\u0131k","Tahmini okuma s\u00fcresi":"1 dakika"},"schema":{"@context":"https:\/\/schema.org","@graph":[{"@type":"Article","@id":"https:\/\/narteks.net\/index.php\/2009\/02\/27\/zekai-arkadas-ozger-biyografisi\/#article","isPartOf":{"@id":"https:\/\/narteks.net\/index.php\/2009\/02\/27\/zekai-arkadas-ozger-biyografisi\/"},"author":{"name":"Tar\u0131k","@id":"https:\/\/narteks.net\/#\/schema\/person\/61f37d9834294b72d31d274e7ed79bca"},"headline":"Zekai Arkada\u015f \u00d6ZGER Biyografisi","datePublished":"2009-02-27T14:41:33+00:00","mainEntityOfPage":{"@id":"https:\/\/narteks.net\/index.php\/2009\/02\/27\/zekai-arkadas-ozger-biyografisi\/"},"wordCount":129,"commentCount":0,"publisher":{"@id":"https:\/\/narteks.net\/#organization"},"image":{"@id":"https:\/\/narteks.net\/index.php\/2009\/02\/27\/zekai-arkadas-ozger-biyografisi\/#primaryimage"},"thumbnailUrl":"http:\/\/i43.tinypic.com\/2echxt1.jpg","articleSection":["Arkada\u015f Z. \u00d6ZGER"],"inLanguage":"tr","potentialAction":[{"@type":"CommentAction","name":"Comment","target":["https:\/\/narteks.net\/index.php\/2009\/02\/27\/zekai-arkadas-ozger-biyografisi\/#respond"]}]},{"@type":"WebPage","@id":"https:\/\/narteks.net\/index.php\/2009\/02\/27\/zekai-arkadas-ozger-biyografisi\/","url":"https:\/\/narteks.net\/index.php\/2009\/02\/27\/zekai-arkadas-ozger-biyografisi\/","name":"Zekai Arkada\u015f \u00d6ZGER Biyografisi - narteks.net","isPartOf":{"@id":"https:\/\/narteks.net\/#website"},"primaryImageOfPage":{"@id":"https:\/\/narteks.net\/index.php\/2009\/02\/27\/zekai-arkadas-ozger-biyografisi\/#primaryimage"},"image":{"@id":"https:\/\/narteks.net\/index.php\/2009\/02\/27\/zekai-arkadas-ozger-biyografisi\/#primaryimage"},"thumbnailUrl":"http:\/\/i43.tinypic.com\/2echxt1.jpg","datePublished":"2009-02-27T14:41:33+00:00","breadcrumb":{"@id":"https:\/\/narteks.net\/index.php\/2009\/02\/27\/zekai-arkadas-ozger-biyografisi\/#breadcrumb"},"inLanguage":"tr","potentialAction":[{"@type":"ReadAction","target":["https:\/\/narteks.net\/index.php\/2009\/02\/27\/zekai-arkadas-ozger-biyografisi\/"]}]},{"@type":"ImageObject","inLanguage":"tr","@id":"https:\/\/narteks.net\/index.php\/2009\/02\/27\/zekai-arkadas-ozger-biyografisi\/#primaryimage","url":"http:\/\/i43.tinypic.com\/2echxt1.jpg","contentUrl":"http:\/\/i43.tinypic.com\/2echxt1.jpg"},{"@type":"BreadcrumbList","@id":"https:\/\/narteks.net\/index.php\/2009\/02\/27\/zekai-arkadas-ozger-biyografisi\/#breadcrumb","itemListElement":[{"@type":"ListItem","position":1,"name":"Anasayfa","item":"https:\/\/narteks.net\/"},{"@type":"ListItem","position":2,"name":"Zekai Arkada\u015f \u00d6ZGER Biyografisi"}]},{"@type":"WebSite","@id":"https:\/\/narteks.net\/#website","url":"https:\/\/narteks.net\/","name":"narteks.net","description":"K\u00fclt\u00fcr Sanat Edebiyat Felsefe","publisher":{"@id":"https:\/\/narteks.net\/#organization"},"alternateName":"K\u00fclt\u00fcr Sanat Edebiyat Felsefe","potentialAction":[{"@type":"SearchAction","target":{"@type":"EntryPoint","urlTemplate":"https:\/\/narteks.net\/?s={search_term_string}"},"query-input":{"@type":"PropertyValueSpecification","valueRequired":true,"valueName":"search_term_string"}}],"inLanguage":"tr"},{"@type":"Organization","@id":"https:\/\/narteks.net\/#organization","name":"narteks.net","url":"https:\/\/narteks.net\/","logo":{"@type":"ImageObject","inLanguage":"tr","@id":"https:\/\/narteks.net\/#\/schema\/logo\/image\/","url":"https:\/\/narteks.net\/wp-content\/uploads\/narteks.png","contentUrl":"https:\/\/narteks.net\/wp-content\/uploads\/narteks.png","width":300,"height":90,"caption":"narteks.net"},"image":{"@id":"https:\/\/narteks.net\/#\/schema\/logo\/image\/"},"sameAs":["https:\/\/x.com\/narteks","https:\/\/instagram.com\/narteksnet"]},{"@type":"Person","@id":"https:\/\/narteks.net\/#\/schema\/person\/61f37d9834294b72d31d274e7ed79bca","name":"Tar\u0131k","image":{"@type":"ImageObject","inLanguage":"tr","@id":"https:\/\/narteks.net\/#\/schema\/person\/image\/","url":"https:\/\/secure.gravatar.com\/avatar\/50865afb55632c4ae467e0af0930f6510aa2297d8014be502a55b14f3b7550cf?s=96&d=mm&r=g","contentUrl":"https:\/\/secure.gravatar.com\/avatar\/50865afb55632c4ae467e0af0930f6510aa2297d8014be502a55b14f3b7550cf?s=96&d=mm&r=g","caption":"Tar\u0131k"},"sameAs":["http:\/\/narteks.net"],"url":"https:\/\/narteks.net\/index.php\/author\/narbak\/"}]}},"_links":{"self":[{"href":"https:\/\/narteks.net\/index.php\/wp-json\/wp\/v2\/posts\/232","targetHints":{"allow":["GET"]}}],"collection":[{"href":"https:\/\/narteks.net\/index.php\/wp-json\/wp\/v2\/posts"}],"about":[{"href":"https:\/\/narteks.net\/index.php\/wp-json\/wp\/v2\/types\/post"}],"author":[{"embeddable":true,"href":"https:\/\/narteks.net\/index.php\/wp-json\/wp\/v2\/users\/1"}],"replies":[{"embeddable":true,"href":"https:\/\/narteks.net\/index.php\/wp-json\/wp\/v2\/comments?post=232"}],"version-history":[{"count":0,"href":"https:\/\/narteks.net\/index.php\/wp-json\/wp\/v2\/posts\/232\/revisions"}],"wp:attachment":[{"href":"https:\/\/narteks.net\/index.php\/wp-json\/wp\/v2\/media?parent=232"}],"wp:term":[{"taxonomy":"category","embeddable":true,"href":"https:\/\/narteks.net\/index.php\/wp-json\/wp\/v2\/categories?post=232"},{"taxonomy":"post_tag","embeddable":true,"href":"https:\/\/narteks.net\/index.php\/wp-json\/wp\/v2\/tags?post=232"}],"curies":[{"name":"wp","href":"https:\/\/api.w.org\/{rel}","templated":true}]}}