{"id":2322,"date":"2009-12-05T13:46:58","date_gmt":"2009-12-05T10:46:58","guid":{"rendered":"http:\/\/localhost\/wordpress\/2009\/12\/05\/kalin-abdal\/"},"modified":"2009-12-05T13:46:58","modified_gmt":"2009-12-05T10:46:58","slug":"kalin-abdal","status":"publish","type":"post","link":"https:\/\/narteks.net\/index.php\/2009\/12\/05\/kalin-abdal\/","title":{"rendered":"KALIN ABDAL"},"content":{"rendered":"<p>\u00a0<\/p>\n<p>a\u011f\u0131d\u0131 \u00f6nce s\u00f6ylenen <br \/> sen nereye u\u00e7uyorsun, <br \/> a\u011f\u0131d\u0131 \u00f6nce s\u00f6ylenen <br \/> \u00f6l\u00fcm korkusunu atar, <br \/> sen nereye u\u00e7uyorsun <br \/> boynu usul telli turna <\/p>\n<p> Pir Sultan benim a\u011f\u0131d\u0131m <br \/> ben de senin a\u011f\u0131d\u0131n\u0131m <br \/> uzar gideriz bu yolda, <br \/> sen nereye u\u00e7uyorsun <br \/> g\u00f6ky\u00fcz\u00fcne kana kana <\/p>\n<p> benim s\u00f6ylendi a\u011f\u0131d\u0131m <br \/> yazda k\u0131\u015fta haziranda, <br \/> ben hep zindanlarda yatt\u0131m, <br \/> en m\u00fc\u015fk\u00fcl\u00fc daha sonra <br \/> kendi kendim s\u00fcrg\u00fcn ettim, <br \/> sen nereye gidiyorsun <br \/> bir yerlere konmayana <\/p>\n<p> silah \u00e7atuben askerler, <br \/> neden silah \u00e7at\u0131yorsun <br \/> dostum dostum aslan dostum <br \/> sen nereye u\u00e7uyorsun, <br \/> Kerem Asl\u0131&#8217;n\u0131n koynunda <br \/> \u00e7i\u00e7e\u011fi hi\u00e7 solmayana <\/p>\n<p> biz ki N\u00e2z\u0131m&#8217;d\u0131k d\u00fcnyada <br \/> rumelli kal\u0131n abdal <br \/> u\u00e7an ku\u015fa selam sald\u0131k <br \/> sevdik oluklar bo\u015fald\u0131k, <br \/> cemi c\u00fcmle bir sofrada <br \/> muhannetlik kalmayana<\/p>\n","protected":false},"excerpt":{"rendered":"<p>\u00a0 a\u011f\u0131d\u0131 \u00f6nce s\u00f6ylenen sen nereye u\u00e7uyorsun, a\u011f\u0131d\u0131 \u00f6nce s\u00f6ylenen \u00f6l\u00fcm korkusunu atar, sen nereye u\u00e7uyorsun boynu usul telli turna Pir Sultan benim a\u011f\u0131d\u0131m ben de senin a\u011f\u0131d\u0131n\u0131m uzar gideriz bu yolda, sen nereye u\u00e7uyorsun g\u00f6ky\u00fcz\u00fcne kana kana benim s\u00f6ylendi a\u011f\u0131d\u0131m yazda k\u0131\u015fta haziranda, ben hep zindanlarda yatt\u0131m, en m\u00fc\u015fk\u00fcl\u00fc daha sonra kendi kendim s\u00fcrg\u00fcn [&hellip;]<\/p>\n","protected":false},"author":1,"featured_media":0,"comment_status":"open","ping_status":"open","sticky":false,"template":"","format":"standard","meta":{"footnotes":""},"categories":[17],"tags":[],"class_list":{"0":"post-2322","1":"post","2":"type-post","3":"status-publish","4":"format-standard","6":"category-cemal-sureya"},"yoast_head":"<!-- This site is optimized with the Yoast SEO Premium plugin v24.9 (Yoast SEO v24.9) - https:\/\/yoast.com\/wordpress\/plugins\/seo\/ -->\n<title>KALIN ABDAL - narteks.net<\/title>\n<meta name=\"robots\" content=\"index, follow, max-snippet:-1, max-image-preview:large, max-video-preview:-1\" \/>\n<link rel=\"canonical\" href=\"https:\/\/narteks.net\/index.php\/2009\/12\/05\/kalin-abdal\/\" \/>\n<meta property=\"og:locale\" content=\"tr_TR\" \/>\n<meta property=\"og:type\" content=\"article\" \/>\n<meta property=\"og:title\" content=\"KALIN ABDAL\" \/>\n<meta property=\"og:description\" content=\"\u00a0 a\u011f\u0131d\u0131 \u00f6nce s\u00f6ylenen sen nereye u\u00e7uyorsun, a\u011f\u0131d\u0131 \u00f6nce s\u00f6ylenen \u00f6l\u00fcm korkusunu atar, sen nereye u\u00e7uyorsun boynu usul telli turna Pir Sultan benim a\u011f\u0131d\u0131m ben de senin a\u011f\u0131d\u0131n\u0131m uzar gideriz bu yolda, sen nereye u\u00e7uyorsun g\u00f6ky\u00fcz\u00fcne kana kana benim s\u00f6ylendi a\u011f\u0131d\u0131m yazda k\u0131\u015fta haziranda, ben hep zindanlarda yatt\u0131m, en m\u00fc\u015fk\u00fcl\u00fc daha sonra kendi kendim s\u00fcrg\u00fcn [&hellip;]\" \/>\n<meta property=\"og:url\" content=\"https:\/\/narteks.net\/index.php\/2009\/12\/05\/kalin-abdal\/\" \/>\n<meta property=\"og:site_name\" content=\"narteks.net\" \/>\n<meta property=\"article:published_time\" content=\"2009-12-05T10:46:58+00:00\" \/>\n<meta property=\"og:image\" content=\"https:\/\/narteks.net\/wp-content\/uploads\/narteks.png\" \/>\n\t<meta property=\"og:image:width\" content=\"300\" \/>\n\t<meta property=\"og:image:height\" content=\"90\" \/>\n\t<meta property=\"og:image:type\" content=\"image\/png\" \/>\n<meta name=\"author\" content=\"Tar\u0131k\" \/>\n<meta name=\"twitter:card\" content=\"summary_large_image\" \/>\n<meta name=\"twitter:creator\" content=\"@narteks\" \/>\n<meta name=\"twitter:site\" content=\"@narteks\" \/>\n<meta name=\"twitter:label1\" content=\"Yazan:\" \/>\n\t<meta name=\"twitter:data1\" content=\"Tar\u0131k\" \/>\n\t<meta name=\"twitter:label2\" content=\"Tahmini okuma s\u00fcresi\" \/>\n\t<meta name=\"twitter:data2\" content=\"1 dakika\" \/>\n<script type=\"application\/ld+json\" class=\"yoast-schema-graph\">{\"@context\":\"https:\/\/schema.org\",\"@graph\":[{\"@type\":\"Article\",\"@id\":\"https:\/\/narteks.net\/index.php\/2009\/12\/05\/kalin-abdal\/#article\",\"isPartOf\":{\"@id\":\"https:\/\/narteks.net\/index.php\/2009\/12\/05\/kalin-abdal\/\"},\"author\":{\"name\":\"Tar\u0131k\",\"@id\":\"https:\/\/narteks.net\/#\/schema\/person\/61f37d9834294b72d31d274e7ed79bca\"},\"headline\":\"KALIN ABDAL\",\"datePublished\":\"2009-12-05T10:46:58+00:00\",\"mainEntityOfPage\":{\"@id\":\"https:\/\/narteks.net\/index.php\/2009\/12\/05\/kalin-abdal\/\"},\"wordCount\":144,\"commentCount\":0,\"publisher\":{\"@id\":\"https:\/\/narteks.net\/#organization\"},\"articleSection\":[\"Cemal S\u00dcREYA\"],\"inLanguage\":\"tr\",\"potentialAction\":[{\"@type\":\"CommentAction\",\"name\":\"Comment\",\"target\":[\"https:\/\/narteks.net\/index.php\/2009\/12\/05\/kalin-abdal\/#respond\"]}]},{\"@type\":\"WebPage\",\"@id\":\"https:\/\/narteks.net\/index.php\/2009\/12\/05\/kalin-abdal\/\",\"url\":\"https:\/\/narteks.net\/index.php\/2009\/12\/05\/kalin-abdal\/\",\"name\":\"KALIN ABDAL - narteks.net\",\"isPartOf\":{\"@id\":\"https:\/\/narteks.net\/#website\"},\"datePublished\":\"2009-12-05T10:46:58+00:00\",\"breadcrumb\":{\"@id\":\"https:\/\/narteks.net\/index.php\/2009\/12\/05\/kalin-abdal\/#breadcrumb\"},\"inLanguage\":\"tr\",\"potentialAction\":[{\"@type\":\"ReadAction\",\"target\":[\"https:\/\/narteks.net\/index.php\/2009\/12\/05\/kalin-abdal\/\"]}]},{\"@type\":\"BreadcrumbList\",\"@id\":\"https:\/\/narteks.net\/index.php\/2009\/12\/05\/kalin-abdal\/#breadcrumb\",\"itemListElement\":[{\"@type\":\"ListItem\",\"position\":1,\"name\":\"Anasayfa\",\"item\":\"https:\/\/narteks.net\/\"},{\"@type\":\"ListItem\",\"position\":2,\"name\":\"KALIN ABDAL\"}]},{\"@type\":\"WebSite\",\"@id\":\"https:\/\/narteks.net\/#website\",\"url\":\"https:\/\/narteks.net\/\",\"name\":\"narteks.net\",\"description\":\"K\u00fclt\u00fcr Sanat Edebiyat Felsefe\",\"publisher\":{\"@id\":\"https:\/\/narteks.net\/#organization\"},\"alternateName\":\"K\u00fclt\u00fcr Sanat Edebiyat Felsefe\",\"potentialAction\":[{\"@type\":\"SearchAction\",\"target\":{\"@type\":\"EntryPoint\",\"urlTemplate\":\"https:\/\/narteks.net\/?s={search_term_string}\"},\"query-input\":{\"@type\":\"PropertyValueSpecification\",\"valueRequired\":true,\"valueName\":\"search_term_string\"}}],\"inLanguage\":\"tr\"},{\"@type\":\"Organization\",\"@id\":\"https:\/\/narteks.net\/#organization\",\"name\":\"narteks.net\",\"url\":\"https:\/\/narteks.net\/\",\"logo\":{\"@type\":\"ImageObject\",\"inLanguage\":\"tr\",\"@id\":\"https:\/\/narteks.net\/#\/schema\/logo\/image\/\",\"url\":\"https:\/\/narteks.net\/wp-content\/uploads\/narteks.png\",\"contentUrl\":\"https:\/\/narteks.net\/wp-content\/uploads\/narteks.png\",\"width\":300,\"height\":90,\"caption\":\"narteks.net\"},\"image\":{\"@id\":\"https:\/\/narteks.net\/#\/schema\/logo\/image\/\"},\"sameAs\":[\"https:\/\/x.com\/narteks\",\"https:\/\/instagram.com\/narteksnet\"]},{\"@type\":\"Person\",\"@id\":\"https:\/\/narteks.net\/#\/schema\/person\/61f37d9834294b72d31d274e7ed79bca\",\"name\":\"Tar\u0131k\",\"image\":{\"@type\":\"ImageObject\",\"inLanguage\":\"tr\",\"@id\":\"https:\/\/narteks.net\/#\/schema\/person\/image\/\",\"url\":\"https:\/\/secure.gravatar.com\/avatar\/50865afb55632c4ae467e0af0930f6510aa2297d8014be502a55b14f3b7550cf?s=96&d=mm&r=g\",\"contentUrl\":\"https:\/\/secure.gravatar.com\/avatar\/50865afb55632c4ae467e0af0930f6510aa2297d8014be502a55b14f3b7550cf?s=96&d=mm&r=g\",\"caption\":\"Tar\u0131k\"},\"sameAs\":[\"http:\/\/narteks.net\"],\"url\":\"https:\/\/narteks.net\/index.php\/author\/narbak\/\"}]}<\/script>\n<!-- \/ Yoast SEO Premium plugin. -->","yoast_head_json":{"title":"KALIN ABDAL - narteks.net","robots":{"index":"index","follow":"follow","max-snippet":"max-snippet:-1","max-image-preview":"max-image-preview:large","max-video-preview":"max-video-preview:-1"},"canonical":"https:\/\/narteks.net\/index.php\/2009\/12\/05\/kalin-abdal\/","og_locale":"tr_TR","og_type":"article","og_title":"KALIN ABDAL","og_description":"\u00a0 a\u011f\u0131d\u0131 \u00f6nce s\u00f6ylenen sen nereye u\u00e7uyorsun, a\u011f\u0131d\u0131 \u00f6nce s\u00f6ylenen \u00f6l\u00fcm korkusunu atar, sen nereye u\u00e7uyorsun boynu usul telli turna Pir Sultan benim a\u011f\u0131d\u0131m ben de senin a\u011f\u0131d\u0131n\u0131m uzar gideriz bu yolda, sen nereye u\u00e7uyorsun g\u00f6ky\u00fcz\u00fcne kana kana benim s\u00f6ylendi a\u011f\u0131d\u0131m yazda k\u0131\u015fta haziranda, ben hep zindanlarda yatt\u0131m, en m\u00fc\u015fk\u00fcl\u00fc daha sonra kendi kendim s\u00fcrg\u00fcn [&hellip;]","og_url":"https:\/\/narteks.net\/index.php\/2009\/12\/05\/kalin-abdal\/","og_site_name":"narteks.net","article_published_time":"2009-12-05T10:46:58+00:00","og_image":[{"width":300,"height":90,"url":"https:\/\/narteks.net\/wp-content\/uploads\/narteks.png","type":"image\/png"}],"author":"Tar\u0131k","twitter_card":"summary_large_image","twitter_creator":"@narteks","twitter_site":"@narteks","twitter_misc":{"Yazan:":"Tar\u0131k","Tahmini okuma s\u00fcresi":"1 dakika"},"schema":{"@context":"https:\/\/schema.org","@graph":[{"@type":"Article","@id":"https:\/\/narteks.net\/index.php\/2009\/12\/05\/kalin-abdal\/#article","isPartOf":{"@id":"https:\/\/narteks.net\/index.php\/2009\/12\/05\/kalin-abdal\/"},"author":{"name":"Tar\u0131k","@id":"https:\/\/narteks.net\/#\/schema\/person\/61f37d9834294b72d31d274e7ed79bca"},"headline":"KALIN ABDAL","datePublished":"2009-12-05T10:46:58+00:00","mainEntityOfPage":{"@id":"https:\/\/narteks.net\/index.php\/2009\/12\/05\/kalin-abdal\/"},"wordCount":144,"commentCount":0,"publisher":{"@id":"https:\/\/narteks.net\/#organization"},"articleSection":["Cemal S\u00dcREYA"],"inLanguage":"tr","potentialAction":[{"@type":"CommentAction","name":"Comment","target":["https:\/\/narteks.net\/index.php\/2009\/12\/05\/kalin-abdal\/#respond"]}]},{"@type":"WebPage","@id":"https:\/\/narteks.net\/index.php\/2009\/12\/05\/kalin-abdal\/","url":"https:\/\/narteks.net\/index.php\/2009\/12\/05\/kalin-abdal\/","name":"KALIN ABDAL - narteks.net","isPartOf":{"@id":"https:\/\/narteks.net\/#website"},"datePublished":"2009-12-05T10:46:58+00:00","breadcrumb":{"@id":"https:\/\/narteks.net\/index.php\/2009\/12\/05\/kalin-abdal\/#breadcrumb"},"inLanguage":"tr","potentialAction":[{"@type":"ReadAction","target":["https:\/\/narteks.net\/index.php\/2009\/12\/05\/kalin-abdal\/"]}]},{"@type":"BreadcrumbList","@id":"https:\/\/narteks.net\/index.php\/2009\/12\/05\/kalin-abdal\/#breadcrumb","itemListElement":[{"@type":"ListItem","position":1,"name":"Anasayfa","item":"https:\/\/narteks.net\/"},{"@type":"ListItem","position":2,"name":"KALIN ABDAL"}]},{"@type":"WebSite","@id":"https:\/\/narteks.net\/#website","url":"https:\/\/narteks.net\/","name":"narteks.net","description":"K\u00fclt\u00fcr Sanat Edebiyat Felsefe","publisher":{"@id":"https:\/\/narteks.net\/#organization"},"alternateName":"K\u00fclt\u00fcr Sanat Edebiyat Felsefe","potentialAction":[{"@type":"SearchAction","target":{"@type":"EntryPoint","urlTemplate":"https:\/\/narteks.net\/?s={search_term_string}"},"query-input":{"@type":"PropertyValueSpecification","valueRequired":true,"valueName":"search_term_string"}}],"inLanguage":"tr"},{"@type":"Organization","@id":"https:\/\/narteks.net\/#organization","name":"narteks.net","url":"https:\/\/narteks.net\/","logo":{"@type":"ImageObject","inLanguage":"tr","@id":"https:\/\/narteks.net\/#\/schema\/logo\/image\/","url":"https:\/\/narteks.net\/wp-content\/uploads\/narteks.png","contentUrl":"https:\/\/narteks.net\/wp-content\/uploads\/narteks.png","width":300,"height":90,"caption":"narteks.net"},"image":{"@id":"https:\/\/narteks.net\/#\/schema\/logo\/image\/"},"sameAs":["https:\/\/x.com\/narteks","https:\/\/instagram.com\/narteksnet"]},{"@type":"Person","@id":"https:\/\/narteks.net\/#\/schema\/person\/61f37d9834294b72d31d274e7ed79bca","name":"Tar\u0131k","image":{"@type":"ImageObject","inLanguage":"tr","@id":"https:\/\/narteks.net\/#\/schema\/person\/image\/","url":"https:\/\/secure.gravatar.com\/avatar\/50865afb55632c4ae467e0af0930f6510aa2297d8014be502a55b14f3b7550cf?s=96&d=mm&r=g","contentUrl":"https:\/\/secure.gravatar.com\/avatar\/50865afb55632c4ae467e0af0930f6510aa2297d8014be502a55b14f3b7550cf?s=96&d=mm&r=g","caption":"Tar\u0131k"},"sameAs":["http:\/\/narteks.net"],"url":"https:\/\/narteks.net\/index.php\/author\/narbak\/"}]}},"_links":{"self":[{"href":"https:\/\/narteks.net\/index.php\/wp-json\/wp\/v2\/posts\/2322","targetHints":{"allow":["GET"]}}],"collection":[{"href":"https:\/\/narteks.net\/index.php\/wp-json\/wp\/v2\/posts"}],"about":[{"href":"https:\/\/narteks.net\/index.php\/wp-json\/wp\/v2\/types\/post"}],"author":[{"embeddable":true,"href":"https:\/\/narteks.net\/index.php\/wp-json\/wp\/v2\/users\/1"}],"replies":[{"embeddable":true,"href":"https:\/\/narteks.net\/index.php\/wp-json\/wp\/v2\/comments?post=2322"}],"version-history":[{"count":0,"href":"https:\/\/narteks.net\/index.php\/wp-json\/wp\/v2\/posts\/2322\/revisions"}],"wp:attachment":[{"href":"https:\/\/narteks.net\/index.php\/wp-json\/wp\/v2\/media?parent=2322"}],"wp:term":[{"taxonomy":"category","embeddable":true,"href":"https:\/\/narteks.net\/index.php\/wp-json\/wp\/v2\/categories?post=2322"},{"taxonomy":"post_tag","embeddable":true,"href":"https:\/\/narteks.net\/index.php\/wp-json\/wp\/v2\/tags?post=2322"}],"curies":[{"name":"wp","href":"https:\/\/api.w.org\/{rel}","templated":true}]}}