{"id":2325,"date":"2009-12-05T13:48:51","date_gmt":"2009-12-05T10:48:51","guid":{"rendered":"http:\/\/localhost\/wordpress\/2009\/12\/05\/karacaoglan\/"},"modified":"2009-12-05T13:48:51","modified_gmt":"2009-12-05T10:48:51","slug":"karacaoglan","status":"publish","type":"post","link":"https:\/\/narteks.net\/index.php\/2009\/12\/05\/karacaoglan\/","title":{"rendered":"KARACAO\u011eLAN"},"content":{"rendered":"<p>\u00a0<\/p>\n<p>Kilimim siyaht\u0131r b\u00fct\u00fcn renklerden <br \/> \u0130\u00e7inde kil var milim var <\/p>\n<p> Umut&#8217;un i\u00e7inde mut varsa <br \/> Umutsuzlu\u011fun da i\u00e7inde umut <\/p>\n<p> Ba\u011fnazl\u0131\u011f\u0131n i\u00e7inde Banaz <br \/> G\u00f6t\u00fcr\u00fcp sonra Sivas&#8217;ta ast\u0131lar <\/p>\n<p> \u00dclkemin \u0131rmaklar\u0131 d\u0131\u015far\u0131 akar <br \/> Neden bilmem can havliyle akar <\/p>\n<p> Akarsular\u0131n hepsi karasu <br \/> Da\u011f doruklar\u0131nda denizy\u0131ld\u0131z\u0131 \u00e7ak\u0131llar <\/p>\n<p> Ak\u0131nt\u0131lar ak\u0131nt\u0131lar ters ak\u0131nt\u0131lar <br \/> \u00dcst\u00fcnde sim\u00fcrg u\u00e7ar <\/p>\n<p> Maphusta beyaz elli Musa <br \/> Bal\u0131k\u00e7\u0131l y\u00fcr\u00fcy\u00fc\u015fl\u00fc firavunlar <\/p>\n<p> Kedi ad\u0131ml\u0131 d\u0131\u015fi\u015fleri bakanlar\u0131 <br \/> Onun parmaklar\u0131yla konu\u015furlar <\/p>\n<p> Ayr\u0131l\u0131k vezirleri yabanc\u0131l yontular <br \/> Naz\u0131mdaki naz\u0131 ok\u015far gibi dururlar <\/p>\n<p> Babam sayr\u0131 d\u00fc\u015fm\u00fc\u015f, d\u00f6\u015fe\u011finin alt\u0131nda <br \/> Kas\u0131m g\u00fcne\u015fi ve as\u0131k y\u00fczl\u00fc tanr\u0131lar <\/p>\n<p> Ya\u015f otuz be\u015f dantel gibi ortas\u0131ndan <br \/> Sessizce y\u0131rt\u0131lm\u0131\u015f temiz y\u00fczl\u00fc hac\u0131lar <\/p>\n<p> Karacao\u011flan der ki g\u00f6\u00e7\u00fcm s\u00f6k\u00fcld\u00fc <br \/> Kilimim par\u00e7a par\u00e7a ac\u0131lar al al a\u00e7ar.<\/p>\n","protected":false},"excerpt":{"rendered":"<p>\u00a0 Kilimim siyaht\u0131r b\u00fct\u00fcn renklerden \u0130\u00e7inde kil var milim var Umut&#8217;un i\u00e7inde mut varsa Umutsuzlu\u011fun da i\u00e7inde umut Ba\u011fnazl\u0131\u011f\u0131n i\u00e7inde Banaz G\u00f6t\u00fcr\u00fcp sonra Sivas&#8217;ta ast\u0131lar \u00dclkemin \u0131rmaklar\u0131 d\u0131\u015far\u0131 akar Neden bilmem can havliyle akar Akarsular\u0131n hepsi karasu Da\u011f doruklar\u0131nda denizy\u0131ld\u0131z\u0131 \u00e7ak\u0131llar Ak\u0131nt\u0131lar ak\u0131nt\u0131lar ters ak\u0131nt\u0131lar \u00dcst\u00fcnde sim\u00fcrg u\u00e7ar Maphusta beyaz elli Musa Bal\u0131k\u00e7\u0131l y\u00fcr\u00fcy\u00fc\u015fl\u00fc firavunlar [&hellip;]<\/p>\n","protected":false},"author":1,"featured_media":0,"comment_status":"open","ping_status":"open","sticky":false,"template":"","format":"standard","meta":{"footnotes":""},"categories":[17],"tags":[],"class_list":{"0":"post-2325","1":"post","2":"type-post","3":"status-publish","4":"format-standard","6":"category-cemal-sureya"},"yoast_head":"<!-- This site is optimized with the Yoast SEO Premium plugin v24.9 (Yoast SEO v24.9) - https:\/\/yoast.com\/wordpress\/plugins\/seo\/ -->\n<title>KARACAO\u011eLAN - narteks.net<\/title>\n<meta name=\"robots\" content=\"index, follow, max-snippet:-1, max-image-preview:large, max-video-preview:-1\" \/>\n<link rel=\"canonical\" href=\"https:\/\/narteks.net\/index.php\/2009\/12\/05\/karacaoglan\/\" \/>\n<meta property=\"og:locale\" content=\"tr_TR\" \/>\n<meta property=\"og:type\" content=\"article\" \/>\n<meta property=\"og:title\" content=\"KARACAO\u011eLAN\" \/>\n<meta property=\"og:description\" content=\"\u00a0 Kilimim siyaht\u0131r b\u00fct\u00fcn renklerden \u0130\u00e7inde kil var milim var Umut&#8217;un i\u00e7inde mut varsa Umutsuzlu\u011fun da i\u00e7inde umut Ba\u011fnazl\u0131\u011f\u0131n i\u00e7inde Banaz G\u00f6t\u00fcr\u00fcp sonra Sivas&#8217;ta ast\u0131lar \u00dclkemin \u0131rmaklar\u0131 d\u0131\u015far\u0131 akar Neden bilmem can havliyle akar Akarsular\u0131n hepsi karasu Da\u011f doruklar\u0131nda denizy\u0131ld\u0131z\u0131 \u00e7ak\u0131llar Ak\u0131nt\u0131lar ak\u0131nt\u0131lar ters ak\u0131nt\u0131lar \u00dcst\u00fcnde sim\u00fcrg u\u00e7ar Maphusta beyaz elli Musa Bal\u0131k\u00e7\u0131l y\u00fcr\u00fcy\u00fc\u015fl\u00fc firavunlar [&hellip;]\" \/>\n<meta property=\"og:url\" content=\"https:\/\/narteks.net\/index.php\/2009\/12\/05\/karacaoglan\/\" \/>\n<meta property=\"og:site_name\" content=\"narteks.net\" \/>\n<meta property=\"article:published_time\" content=\"2009-12-05T10:48:51+00:00\" \/>\n<meta property=\"og:image\" content=\"https:\/\/narteks.net\/wp-content\/uploads\/narteks.png\" \/>\n\t<meta property=\"og:image:width\" content=\"300\" \/>\n\t<meta property=\"og:image:height\" content=\"90\" \/>\n\t<meta property=\"og:image:type\" content=\"image\/png\" \/>\n<meta name=\"author\" content=\"Tar\u0131k\" \/>\n<meta name=\"twitter:card\" content=\"summary_large_image\" \/>\n<meta name=\"twitter:creator\" content=\"@narteks\" \/>\n<meta name=\"twitter:site\" content=\"@narteks\" \/>\n<meta name=\"twitter:label1\" content=\"Yazan:\" \/>\n\t<meta name=\"twitter:data1\" content=\"Tar\u0131k\" \/>\n\t<meta name=\"twitter:label2\" content=\"Tahmini okuma s\u00fcresi\" \/>\n\t<meta name=\"twitter:data2\" content=\"1 dakika\" \/>\n<script type=\"application\/ld+json\" class=\"yoast-schema-graph\">{\"@context\":\"https:\/\/schema.org\",\"@graph\":[{\"@type\":\"Article\",\"@id\":\"https:\/\/narteks.net\/index.php\/2009\/12\/05\/karacaoglan\/#article\",\"isPartOf\":{\"@id\":\"https:\/\/narteks.net\/index.php\/2009\/12\/05\/karacaoglan\/\"},\"author\":{\"name\":\"Tar\u0131k\",\"@id\":\"https:\/\/narteks.net\/#\/schema\/person\/61f37d9834294b72d31d274e7ed79bca\"},\"headline\":\"KARACAO\u011eLAN\",\"datePublished\":\"2009-12-05T10:48:51+00:00\",\"mainEntityOfPage\":{\"@id\":\"https:\/\/narteks.net\/index.php\/2009\/12\/05\/karacaoglan\/\"},\"wordCount\":172,\"commentCount\":0,\"publisher\":{\"@id\":\"https:\/\/narteks.net\/#organization\"},\"articleSection\":[\"Cemal S\u00dcREYA\"],\"inLanguage\":\"tr\",\"potentialAction\":[{\"@type\":\"CommentAction\",\"name\":\"Comment\",\"target\":[\"https:\/\/narteks.net\/index.php\/2009\/12\/05\/karacaoglan\/#respond\"]}]},{\"@type\":\"WebPage\",\"@id\":\"https:\/\/narteks.net\/index.php\/2009\/12\/05\/karacaoglan\/\",\"url\":\"https:\/\/narteks.net\/index.php\/2009\/12\/05\/karacaoglan\/\",\"name\":\"KARACAO\u011eLAN - narteks.net\",\"isPartOf\":{\"@id\":\"https:\/\/narteks.net\/#website\"},\"datePublished\":\"2009-12-05T10:48:51+00:00\",\"breadcrumb\":{\"@id\":\"https:\/\/narteks.net\/index.php\/2009\/12\/05\/karacaoglan\/#breadcrumb\"},\"inLanguage\":\"tr\",\"potentialAction\":[{\"@type\":\"ReadAction\",\"target\":[\"https:\/\/narteks.net\/index.php\/2009\/12\/05\/karacaoglan\/\"]}]},{\"@type\":\"BreadcrumbList\",\"@id\":\"https:\/\/narteks.net\/index.php\/2009\/12\/05\/karacaoglan\/#breadcrumb\",\"itemListElement\":[{\"@type\":\"ListItem\",\"position\":1,\"name\":\"Anasayfa\",\"item\":\"https:\/\/narteks.net\/\"},{\"@type\":\"ListItem\",\"position\":2,\"name\":\"KARACAO\u011eLAN\"}]},{\"@type\":\"WebSite\",\"@id\":\"https:\/\/narteks.net\/#website\",\"url\":\"https:\/\/narteks.net\/\",\"name\":\"narteks.net\",\"description\":\"K\u00fclt\u00fcr Sanat Edebiyat Felsefe\",\"publisher\":{\"@id\":\"https:\/\/narteks.net\/#organization\"},\"alternateName\":\"K\u00fclt\u00fcr Sanat Edebiyat Felsefe\",\"potentialAction\":[{\"@type\":\"SearchAction\",\"target\":{\"@type\":\"EntryPoint\",\"urlTemplate\":\"https:\/\/narteks.net\/?s={search_term_string}\"},\"query-input\":{\"@type\":\"PropertyValueSpecification\",\"valueRequired\":true,\"valueName\":\"search_term_string\"}}],\"inLanguage\":\"tr\"},{\"@type\":\"Organization\",\"@id\":\"https:\/\/narteks.net\/#organization\",\"name\":\"narteks.net\",\"url\":\"https:\/\/narteks.net\/\",\"logo\":{\"@type\":\"ImageObject\",\"inLanguage\":\"tr\",\"@id\":\"https:\/\/narteks.net\/#\/schema\/logo\/image\/\",\"url\":\"https:\/\/narteks.net\/wp-content\/uploads\/narteks.png\",\"contentUrl\":\"https:\/\/narteks.net\/wp-content\/uploads\/narteks.png\",\"width\":300,\"height\":90,\"caption\":\"narteks.net\"},\"image\":{\"@id\":\"https:\/\/narteks.net\/#\/schema\/logo\/image\/\"},\"sameAs\":[\"https:\/\/x.com\/narteks\",\"https:\/\/instagram.com\/narteksnet\"]},{\"@type\":\"Person\",\"@id\":\"https:\/\/narteks.net\/#\/schema\/person\/61f37d9834294b72d31d274e7ed79bca\",\"name\":\"Tar\u0131k\",\"image\":{\"@type\":\"ImageObject\",\"inLanguage\":\"tr\",\"@id\":\"https:\/\/narteks.net\/#\/schema\/person\/image\/\",\"url\":\"https:\/\/secure.gravatar.com\/avatar\/50865afb55632c4ae467e0af0930f6510aa2297d8014be502a55b14f3b7550cf?s=96&d=mm&r=g\",\"contentUrl\":\"https:\/\/secure.gravatar.com\/avatar\/50865afb55632c4ae467e0af0930f6510aa2297d8014be502a55b14f3b7550cf?s=96&d=mm&r=g\",\"caption\":\"Tar\u0131k\"},\"sameAs\":[\"http:\/\/narteks.net\"],\"url\":\"https:\/\/narteks.net\/index.php\/author\/narbak\/\"}]}<\/script>\n<!-- \/ Yoast SEO Premium plugin. -->","yoast_head_json":{"title":"KARACAO\u011eLAN - narteks.net","robots":{"index":"index","follow":"follow","max-snippet":"max-snippet:-1","max-image-preview":"max-image-preview:large","max-video-preview":"max-video-preview:-1"},"canonical":"https:\/\/narteks.net\/index.php\/2009\/12\/05\/karacaoglan\/","og_locale":"tr_TR","og_type":"article","og_title":"KARACAO\u011eLAN","og_description":"\u00a0 Kilimim siyaht\u0131r b\u00fct\u00fcn renklerden \u0130\u00e7inde kil var milim var Umut&#8217;un i\u00e7inde mut varsa Umutsuzlu\u011fun da i\u00e7inde umut Ba\u011fnazl\u0131\u011f\u0131n i\u00e7inde Banaz G\u00f6t\u00fcr\u00fcp sonra Sivas&#8217;ta ast\u0131lar \u00dclkemin \u0131rmaklar\u0131 d\u0131\u015far\u0131 akar Neden bilmem can havliyle akar Akarsular\u0131n hepsi karasu Da\u011f doruklar\u0131nda denizy\u0131ld\u0131z\u0131 \u00e7ak\u0131llar Ak\u0131nt\u0131lar ak\u0131nt\u0131lar ters ak\u0131nt\u0131lar \u00dcst\u00fcnde sim\u00fcrg u\u00e7ar Maphusta beyaz elli Musa Bal\u0131k\u00e7\u0131l y\u00fcr\u00fcy\u00fc\u015fl\u00fc firavunlar [&hellip;]","og_url":"https:\/\/narteks.net\/index.php\/2009\/12\/05\/karacaoglan\/","og_site_name":"narteks.net","article_published_time":"2009-12-05T10:48:51+00:00","og_image":[{"width":300,"height":90,"url":"https:\/\/narteks.net\/wp-content\/uploads\/narteks.png","type":"image\/png"}],"author":"Tar\u0131k","twitter_card":"summary_large_image","twitter_creator":"@narteks","twitter_site":"@narteks","twitter_misc":{"Yazan:":"Tar\u0131k","Tahmini okuma s\u00fcresi":"1 dakika"},"schema":{"@context":"https:\/\/schema.org","@graph":[{"@type":"Article","@id":"https:\/\/narteks.net\/index.php\/2009\/12\/05\/karacaoglan\/#article","isPartOf":{"@id":"https:\/\/narteks.net\/index.php\/2009\/12\/05\/karacaoglan\/"},"author":{"name":"Tar\u0131k","@id":"https:\/\/narteks.net\/#\/schema\/person\/61f37d9834294b72d31d274e7ed79bca"},"headline":"KARACAO\u011eLAN","datePublished":"2009-12-05T10:48:51+00:00","mainEntityOfPage":{"@id":"https:\/\/narteks.net\/index.php\/2009\/12\/05\/karacaoglan\/"},"wordCount":172,"commentCount":0,"publisher":{"@id":"https:\/\/narteks.net\/#organization"},"articleSection":["Cemal S\u00dcREYA"],"inLanguage":"tr","potentialAction":[{"@type":"CommentAction","name":"Comment","target":["https:\/\/narteks.net\/index.php\/2009\/12\/05\/karacaoglan\/#respond"]}]},{"@type":"WebPage","@id":"https:\/\/narteks.net\/index.php\/2009\/12\/05\/karacaoglan\/","url":"https:\/\/narteks.net\/index.php\/2009\/12\/05\/karacaoglan\/","name":"KARACAO\u011eLAN - narteks.net","isPartOf":{"@id":"https:\/\/narteks.net\/#website"},"datePublished":"2009-12-05T10:48:51+00:00","breadcrumb":{"@id":"https:\/\/narteks.net\/index.php\/2009\/12\/05\/karacaoglan\/#breadcrumb"},"inLanguage":"tr","potentialAction":[{"@type":"ReadAction","target":["https:\/\/narteks.net\/index.php\/2009\/12\/05\/karacaoglan\/"]}]},{"@type":"BreadcrumbList","@id":"https:\/\/narteks.net\/index.php\/2009\/12\/05\/karacaoglan\/#breadcrumb","itemListElement":[{"@type":"ListItem","position":1,"name":"Anasayfa","item":"https:\/\/narteks.net\/"},{"@type":"ListItem","position":2,"name":"KARACAO\u011eLAN"}]},{"@type":"WebSite","@id":"https:\/\/narteks.net\/#website","url":"https:\/\/narteks.net\/","name":"narteks.net","description":"K\u00fclt\u00fcr Sanat Edebiyat Felsefe","publisher":{"@id":"https:\/\/narteks.net\/#organization"},"alternateName":"K\u00fclt\u00fcr Sanat Edebiyat Felsefe","potentialAction":[{"@type":"SearchAction","target":{"@type":"EntryPoint","urlTemplate":"https:\/\/narteks.net\/?s={search_term_string}"},"query-input":{"@type":"PropertyValueSpecification","valueRequired":true,"valueName":"search_term_string"}}],"inLanguage":"tr"},{"@type":"Organization","@id":"https:\/\/narteks.net\/#organization","name":"narteks.net","url":"https:\/\/narteks.net\/","logo":{"@type":"ImageObject","inLanguage":"tr","@id":"https:\/\/narteks.net\/#\/schema\/logo\/image\/","url":"https:\/\/narteks.net\/wp-content\/uploads\/narteks.png","contentUrl":"https:\/\/narteks.net\/wp-content\/uploads\/narteks.png","width":300,"height":90,"caption":"narteks.net"},"image":{"@id":"https:\/\/narteks.net\/#\/schema\/logo\/image\/"},"sameAs":["https:\/\/x.com\/narteks","https:\/\/instagram.com\/narteksnet"]},{"@type":"Person","@id":"https:\/\/narteks.net\/#\/schema\/person\/61f37d9834294b72d31d274e7ed79bca","name":"Tar\u0131k","image":{"@type":"ImageObject","inLanguage":"tr","@id":"https:\/\/narteks.net\/#\/schema\/person\/image\/","url":"https:\/\/secure.gravatar.com\/avatar\/50865afb55632c4ae467e0af0930f6510aa2297d8014be502a55b14f3b7550cf?s=96&d=mm&r=g","contentUrl":"https:\/\/secure.gravatar.com\/avatar\/50865afb55632c4ae467e0af0930f6510aa2297d8014be502a55b14f3b7550cf?s=96&d=mm&r=g","caption":"Tar\u0131k"},"sameAs":["http:\/\/narteks.net"],"url":"https:\/\/narteks.net\/index.php\/author\/narbak\/"}]}},"_links":{"self":[{"href":"https:\/\/narteks.net\/index.php\/wp-json\/wp\/v2\/posts\/2325","targetHints":{"allow":["GET"]}}],"collection":[{"href":"https:\/\/narteks.net\/index.php\/wp-json\/wp\/v2\/posts"}],"about":[{"href":"https:\/\/narteks.net\/index.php\/wp-json\/wp\/v2\/types\/post"}],"author":[{"embeddable":true,"href":"https:\/\/narteks.net\/index.php\/wp-json\/wp\/v2\/users\/1"}],"replies":[{"embeddable":true,"href":"https:\/\/narteks.net\/index.php\/wp-json\/wp\/v2\/comments?post=2325"}],"version-history":[{"count":0,"href":"https:\/\/narteks.net\/index.php\/wp-json\/wp\/v2\/posts\/2325\/revisions"}],"wp:attachment":[{"href":"https:\/\/narteks.net\/index.php\/wp-json\/wp\/v2\/media?parent=2325"}],"wp:term":[{"taxonomy":"category","embeddable":true,"href":"https:\/\/narteks.net\/index.php\/wp-json\/wp\/v2\/categories?post=2325"},{"taxonomy":"post_tag","embeddable":true,"href":"https:\/\/narteks.net\/index.php\/wp-json\/wp\/v2\/tags?post=2325"}],"curies":[{"name":"wp","href":"https:\/\/api.w.org\/{rel}","templated":true}]}}