{"id":2331,"date":"2009-12-05T13:52:22","date_gmt":"2009-12-05T10:52:22","guid":{"rendered":"http:\/\/localhost\/wordpress\/2009\/12\/05\/kisa-turkiye-tarihi\/"},"modified":"2009-12-05T13:52:22","modified_gmt":"2009-12-05T10:52:22","slug":"kisa-turkiye-tarihi","status":"publish","type":"post","link":"https:\/\/narteks.net\/index.php\/2009\/12\/05\/kisa-turkiye-tarihi\/","title":{"rendered":"KISA T\u00dcRK\u0130YE TAR\u0130H\u0130"},"content":{"rendered":"<p>\u00a0<\/p>\n<p>I<\/p>\n<p> \u015eelaleye<br \/> D\u00fc\u015fm\u00fc\u015ft\u00fcr<br \/> Zeytinin dal\u0131;<br \/> Celaliyim<br \/> Celalisin<br \/> Celali.<\/p>\n<p> II<\/p>\n<p> \u00dc\u00e7 anayasa<br \/> ortas\u0131nda b\u00fcy\u00fcd\u00fcn:<\/p>\n<p> Biri akasya<br \/> Biri g\u00fcl<br \/> Biri zakkum.<\/p>\n<p> III<\/p>\n<p> T\u00fcrkiye&#8217;nin ad\u0131,<br \/> Soyad\u0131 yasas\u0131ndan beri<br \/> Atat\u00fcrk ad\u0131ndan<br \/> Soyutlanamad\u0131:<\/p>\n<p> 1930&#8217;lu y\u0131llarda<br \/> Etit\u00fcrkiye;<\/p>\n<p> 1940&#8217;l\u0131 y\u0131llarda<br \/> Atet\u00fcrkiye;<\/p>\n<p> 1950&#8217;li y\u0131llarda<br \/> Udit\u00fcrkiye;<\/p>\n<p> 1960&#8217;l\u0131 y\u0131llarda<br \/> \u00d6tet\u00fcrkiye;<\/p>\n<p> 1970&#8217;li y\u0131llarda<br \/> Atat\u00fcrkiye;<\/p>\n<p> 1980&#8217;li y\u0131llarda<br \/> Ad\u0131t\u00fcrkiye;<\/p>\n<p> Mavi yolculuklar var bir de<br \/> O yunani o g\u00fczel yolculuklarda,<br \/> Hemen her zaman:<br \/> Adat\u00fcrkiye.<\/p>\n<p> IV<\/p>\n<p> O y\u0131llarda \u00fclkemizde<br \/> Ce\u015fitli h\u00fck\u00fcmetlerle<br \/> Yetmi\u015f iki dilden<br \/> \u0130kisi yasaklanm\u0131\u015ft\u0131:<\/p>\n<p> \u0130kincisi T\u00fcrk\u00e7e.<\/p>\n<p> V<\/p>\n<p> Kahvede subay yok,<br \/> Bu nas\u0131l i\u015ftir.<\/p>\n","protected":false},"excerpt":{"rendered":"<p>\u00a0 I \u015eelaleye D\u00fc\u015fm\u00fc\u015ft\u00fcr Zeytinin dal\u0131; Celaliyim Celalisin Celali. II \u00dc\u00e7 anayasa ortas\u0131nda b\u00fcy\u00fcd\u00fcn: Biri akasya Biri g\u00fcl Biri zakkum. III T\u00fcrkiye&#8217;nin ad\u0131, Soyad\u0131 yasas\u0131ndan beri Atat\u00fcrk ad\u0131ndan Soyutlanamad\u0131: 1930&#8217;lu y\u0131llarda Etit\u00fcrkiye; 1940&#8217;l\u0131 y\u0131llarda Atet\u00fcrkiye; 1950&#8217;li y\u0131llarda Udit\u00fcrkiye; 1960&#8217;l\u0131 y\u0131llarda \u00d6tet\u00fcrkiye; 1970&#8217;li y\u0131llarda Atat\u00fcrkiye; 1980&#8217;li y\u0131llarda Ad\u0131t\u00fcrkiye; Mavi yolculuklar var bir de O yunani o [&hellip;]<\/p>\n","protected":false},"author":1,"featured_media":0,"comment_status":"open","ping_status":"open","sticky":false,"template":"","format":"standard","meta":{"footnotes":""},"categories":[17],"tags":[],"class_list":{"0":"post-2331","1":"post","2":"type-post","3":"status-publish","4":"format-standard","6":"category-cemal-sureya"},"yoast_head":"<!-- This site is optimized with the Yoast SEO Premium plugin v24.9 (Yoast SEO v24.9) - https:\/\/yoast.com\/wordpress\/plugins\/seo\/ -->\n<title>KISA T\u00dcRK\u0130YE TAR\u0130H\u0130 - narteks.net<\/title>\n<meta name=\"robots\" content=\"index, follow, max-snippet:-1, max-image-preview:large, max-video-preview:-1\" \/>\n<link rel=\"canonical\" href=\"https:\/\/narteks.net\/index.php\/2009\/12\/05\/kisa-turkiye-tarihi\/\" \/>\n<meta property=\"og:locale\" content=\"tr_TR\" \/>\n<meta property=\"og:type\" content=\"article\" \/>\n<meta property=\"og:title\" content=\"KISA T\u00dcRK\u0130YE TAR\u0130H\u0130\" \/>\n<meta property=\"og:description\" content=\"\u00a0 I \u015eelaleye D\u00fc\u015fm\u00fc\u015ft\u00fcr Zeytinin dal\u0131; Celaliyim Celalisin Celali. II \u00dc\u00e7 anayasa ortas\u0131nda b\u00fcy\u00fcd\u00fcn: Biri akasya Biri g\u00fcl Biri zakkum. III T\u00fcrkiye&#8217;nin ad\u0131, Soyad\u0131 yasas\u0131ndan beri Atat\u00fcrk ad\u0131ndan Soyutlanamad\u0131: 1930&#8217;lu y\u0131llarda Etit\u00fcrkiye; 1940&#8217;l\u0131 y\u0131llarda Atet\u00fcrkiye; 1950&#8217;li y\u0131llarda Udit\u00fcrkiye; 1960&#8217;l\u0131 y\u0131llarda \u00d6tet\u00fcrkiye; 1970&#8217;li y\u0131llarda Atat\u00fcrkiye; 1980&#8217;li y\u0131llarda Ad\u0131t\u00fcrkiye; Mavi yolculuklar var bir de O yunani o [&hellip;]\" \/>\n<meta property=\"og:url\" content=\"https:\/\/narteks.net\/index.php\/2009\/12\/05\/kisa-turkiye-tarihi\/\" \/>\n<meta property=\"og:site_name\" content=\"narteks.net\" \/>\n<meta property=\"article:published_time\" content=\"2009-12-05T10:52:22+00:00\" \/>\n<meta property=\"og:image\" content=\"https:\/\/narteks.net\/wp-content\/uploads\/narteks.png\" \/>\n\t<meta property=\"og:image:width\" content=\"300\" \/>\n\t<meta property=\"og:image:height\" content=\"90\" \/>\n\t<meta property=\"og:image:type\" content=\"image\/png\" \/>\n<meta name=\"author\" content=\"Tar\u0131k\" \/>\n<meta name=\"twitter:card\" content=\"summary_large_image\" \/>\n<meta name=\"twitter:creator\" content=\"@narteks\" \/>\n<meta name=\"twitter:site\" content=\"@narteks\" \/>\n<meta name=\"twitter:label1\" content=\"Yazan:\" \/>\n\t<meta name=\"twitter:data1\" content=\"Tar\u0131k\" \/>\n\t<meta name=\"twitter:label2\" content=\"Tahmini okuma s\u00fcresi\" \/>\n\t<meta name=\"twitter:data2\" content=\"1 dakika\" \/>\n<script type=\"application\/ld+json\" class=\"yoast-schema-graph\">{\"@context\":\"https:\/\/schema.org\",\"@graph\":[{\"@type\":\"Article\",\"@id\":\"https:\/\/narteks.net\/index.php\/2009\/12\/05\/kisa-turkiye-tarihi\/#article\",\"isPartOf\":{\"@id\":\"https:\/\/narteks.net\/index.php\/2009\/12\/05\/kisa-turkiye-tarihi\/\"},\"author\":{\"name\":\"Tar\u0131k\",\"@id\":\"https:\/\/narteks.net\/#\/schema\/person\/61f37d9834294b72d31d274e7ed79bca\"},\"headline\":\"KISA T\u00dcRK\u0130YE TAR\u0130H\u0130\",\"datePublished\":\"2009-12-05T10:52:22+00:00\",\"mainEntityOfPage\":{\"@id\":\"https:\/\/narteks.net\/index.php\/2009\/12\/05\/kisa-turkiye-tarihi\/\"},\"wordCount\":121,\"commentCount\":0,\"publisher\":{\"@id\":\"https:\/\/narteks.net\/#organization\"},\"articleSection\":[\"Cemal S\u00dcREYA\"],\"inLanguage\":\"tr\",\"potentialAction\":[{\"@type\":\"CommentAction\",\"name\":\"Comment\",\"target\":[\"https:\/\/narteks.net\/index.php\/2009\/12\/05\/kisa-turkiye-tarihi\/#respond\"]}]},{\"@type\":\"WebPage\",\"@id\":\"https:\/\/narteks.net\/index.php\/2009\/12\/05\/kisa-turkiye-tarihi\/\",\"url\":\"https:\/\/narteks.net\/index.php\/2009\/12\/05\/kisa-turkiye-tarihi\/\",\"name\":\"KISA T\u00dcRK\u0130YE TAR\u0130H\u0130 - narteks.net\",\"isPartOf\":{\"@id\":\"https:\/\/narteks.net\/#website\"},\"datePublished\":\"2009-12-05T10:52:22+00:00\",\"breadcrumb\":{\"@id\":\"https:\/\/narteks.net\/index.php\/2009\/12\/05\/kisa-turkiye-tarihi\/#breadcrumb\"},\"inLanguage\":\"tr\",\"potentialAction\":[{\"@type\":\"ReadAction\",\"target\":[\"https:\/\/narteks.net\/index.php\/2009\/12\/05\/kisa-turkiye-tarihi\/\"]}]},{\"@type\":\"BreadcrumbList\",\"@id\":\"https:\/\/narteks.net\/index.php\/2009\/12\/05\/kisa-turkiye-tarihi\/#breadcrumb\",\"itemListElement\":[{\"@type\":\"ListItem\",\"position\":1,\"name\":\"Anasayfa\",\"item\":\"https:\/\/narteks.net\/\"},{\"@type\":\"ListItem\",\"position\":2,\"name\":\"KISA T\u00dcRK\u0130YE TAR\u0130H\u0130\"}]},{\"@type\":\"WebSite\",\"@id\":\"https:\/\/narteks.net\/#website\",\"url\":\"https:\/\/narteks.net\/\",\"name\":\"narteks.net\",\"description\":\"K\u00fclt\u00fcr Sanat Edebiyat Felsefe\",\"publisher\":{\"@id\":\"https:\/\/narteks.net\/#organization\"},\"alternateName\":\"K\u00fclt\u00fcr Sanat Edebiyat Felsefe\",\"potentialAction\":[{\"@type\":\"SearchAction\",\"target\":{\"@type\":\"EntryPoint\",\"urlTemplate\":\"https:\/\/narteks.net\/?s={search_term_string}\"},\"query-input\":{\"@type\":\"PropertyValueSpecification\",\"valueRequired\":true,\"valueName\":\"search_term_string\"}}],\"inLanguage\":\"tr\"},{\"@type\":\"Organization\",\"@id\":\"https:\/\/narteks.net\/#organization\",\"name\":\"narteks.net\",\"url\":\"https:\/\/narteks.net\/\",\"logo\":{\"@type\":\"ImageObject\",\"inLanguage\":\"tr\",\"@id\":\"https:\/\/narteks.net\/#\/schema\/logo\/image\/\",\"url\":\"https:\/\/narteks.net\/wp-content\/uploads\/narteks.png\",\"contentUrl\":\"https:\/\/narteks.net\/wp-content\/uploads\/narteks.png\",\"width\":300,\"height\":90,\"caption\":\"narteks.net\"},\"image\":{\"@id\":\"https:\/\/narteks.net\/#\/schema\/logo\/image\/\"},\"sameAs\":[\"https:\/\/x.com\/narteks\",\"https:\/\/instagram.com\/narteksnet\"]},{\"@type\":\"Person\",\"@id\":\"https:\/\/narteks.net\/#\/schema\/person\/61f37d9834294b72d31d274e7ed79bca\",\"name\":\"Tar\u0131k\",\"image\":{\"@type\":\"ImageObject\",\"inLanguage\":\"tr\",\"@id\":\"https:\/\/narteks.net\/#\/schema\/person\/image\/\",\"url\":\"https:\/\/secure.gravatar.com\/avatar\/50865afb55632c4ae467e0af0930f6510aa2297d8014be502a55b14f3b7550cf?s=96&d=mm&r=g\",\"contentUrl\":\"https:\/\/secure.gravatar.com\/avatar\/50865afb55632c4ae467e0af0930f6510aa2297d8014be502a55b14f3b7550cf?s=96&d=mm&r=g\",\"caption\":\"Tar\u0131k\"},\"sameAs\":[\"http:\/\/narteks.net\"],\"url\":\"https:\/\/narteks.net\/index.php\/author\/narbak\/\"}]}<\/script>\n<!-- \/ Yoast SEO Premium plugin. -->","yoast_head_json":{"title":"KISA T\u00dcRK\u0130YE TAR\u0130H\u0130 - narteks.net","robots":{"index":"index","follow":"follow","max-snippet":"max-snippet:-1","max-image-preview":"max-image-preview:large","max-video-preview":"max-video-preview:-1"},"canonical":"https:\/\/narteks.net\/index.php\/2009\/12\/05\/kisa-turkiye-tarihi\/","og_locale":"tr_TR","og_type":"article","og_title":"KISA T\u00dcRK\u0130YE TAR\u0130H\u0130","og_description":"\u00a0 I \u015eelaleye D\u00fc\u015fm\u00fc\u015ft\u00fcr Zeytinin dal\u0131; Celaliyim Celalisin Celali. II \u00dc\u00e7 anayasa ortas\u0131nda b\u00fcy\u00fcd\u00fcn: Biri akasya Biri g\u00fcl Biri zakkum. III T\u00fcrkiye&#8217;nin ad\u0131, Soyad\u0131 yasas\u0131ndan beri Atat\u00fcrk ad\u0131ndan Soyutlanamad\u0131: 1930&#8217;lu y\u0131llarda Etit\u00fcrkiye; 1940&#8217;l\u0131 y\u0131llarda Atet\u00fcrkiye; 1950&#8217;li y\u0131llarda Udit\u00fcrkiye; 1960&#8217;l\u0131 y\u0131llarda \u00d6tet\u00fcrkiye; 1970&#8217;li y\u0131llarda Atat\u00fcrkiye; 1980&#8217;li y\u0131llarda Ad\u0131t\u00fcrkiye; Mavi yolculuklar var bir de O yunani o [&hellip;]","og_url":"https:\/\/narteks.net\/index.php\/2009\/12\/05\/kisa-turkiye-tarihi\/","og_site_name":"narteks.net","article_published_time":"2009-12-05T10:52:22+00:00","og_image":[{"width":300,"height":90,"url":"https:\/\/narteks.net\/wp-content\/uploads\/narteks.png","type":"image\/png"}],"author":"Tar\u0131k","twitter_card":"summary_large_image","twitter_creator":"@narteks","twitter_site":"@narteks","twitter_misc":{"Yazan:":"Tar\u0131k","Tahmini okuma s\u00fcresi":"1 dakika"},"schema":{"@context":"https:\/\/schema.org","@graph":[{"@type":"Article","@id":"https:\/\/narteks.net\/index.php\/2009\/12\/05\/kisa-turkiye-tarihi\/#article","isPartOf":{"@id":"https:\/\/narteks.net\/index.php\/2009\/12\/05\/kisa-turkiye-tarihi\/"},"author":{"name":"Tar\u0131k","@id":"https:\/\/narteks.net\/#\/schema\/person\/61f37d9834294b72d31d274e7ed79bca"},"headline":"KISA T\u00dcRK\u0130YE TAR\u0130H\u0130","datePublished":"2009-12-05T10:52:22+00:00","mainEntityOfPage":{"@id":"https:\/\/narteks.net\/index.php\/2009\/12\/05\/kisa-turkiye-tarihi\/"},"wordCount":121,"commentCount":0,"publisher":{"@id":"https:\/\/narteks.net\/#organization"},"articleSection":["Cemal S\u00dcREYA"],"inLanguage":"tr","potentialAction":[{"@type":"CommentAction","name":"Comment","target":["https:\/\/narteks.net\/index.php\/2009\/12\/05\/kisa-turkiye-tarihi\/#respond"]}]},{"@type":"WebPage","@id":"https:\/\/narteks.net\/index.php\/2009\/12\/05\/kisa-turkiye-tarihi\/","url":"https:\/\/narteks.net\/index.php\/2009\/12\/05\/kisa-turkiye-tarihi\/","name":"KISA T\u00dcRK\u0130YE TAR\u0130H\u0130 - narteks.net","isPartOf":{"@id":"https:\/\/narteks.net\/#website"},"datePublished":"2009-12-05T10:52:22+00:00","breadcrumb":{"@id":"https:\/\/narteks.net\/index.php\/2009\/12\/05\/kisa-turkiye-tarihi\/#breadcrumb"},"inLanguage":"tr","potentialAction":[{"@type":"ReadAction","target":["https:\/\/narteks.net\/index.php\/2009\/12\/05\/kisa-turkiye-tarihi\/"]}]},{"@type":"BreadcrumbList","@id":"https:\/\/narteks.net\/index.php\/2009\/12\/05\/kisa-turkiye-tarihi\/#breadcrumb","itemListElement":[{"@type":"ListItem","position":1,"name":"Anasayfa","item":"https:\/\/narteks.net\/"},{"@type":"ListItem","position":2,"name":"KISA T\u00dcRK\u0130YE TAR\u0130H\u0130"}]},{"@type":"WebSite","@id":"https:\/\/narteks.net\/#website","url":"https:\/\/narteks.net\/","name":"narteks.net","description":"K\u00fclt\u00fcr Sanat Edebiyat Felsefe","publisher":{"@id":"https:\/\/narteks.net\/#organization"},"alternateName":"K\u00fclt\u00fcr Sanat Edebiyat Felsefe","potentialAction":[{"@type":"SearchAction","target":{"@type":"EntryPoint","urlTemplate":"https:\/\/narteks.net\/?s={search_term_string}"},"query-input":{"@type":"PropertyValueSpecification","valueRequired":true,"valueName":"search_term_string"}}],"inLanguage":"tr"},{"@type":"Organization","@id":"https:\/\/narteks.net\/#organization","name":"narteks.net","url":"https:\/\/narteks.net\/","logo":{"@type":"ImageObject","inLanguage":"tr","@id":"https:\/\/narteks.net\/#\/schema\/logo\/image\/","url":"https:\/\/narteks.net\/wp-content\/uploads\/narteks.png","contentUrl":"https:\/\/narteks.net\/wp-content\/uploads\/narteks.png","width":300,"height":90,"caption":"narteks.net"},"image":{"@id":"https:\/\/narteks.net\/#\/schema\/logo\/image\/"},"sameAs":["https:\/\/x.com\/narteks","https:\/\/instagram.com\/narteksnet"]},{"@type":"Person","@id":"https:\/\/narteks.net\/#\/schema\/person\/61f37d9834294b72d31d274e7ed79bca","name":"Tar\u0131k","image":{"@type":"ImageObject","inLanguage":"tr","@id":"https:\/\/narteks.net\/#\/schema\/person\/image\/","url":"https:\/\/secure.gravatar.com\/avatar\/50865afb55632c4ae467e0af0930f6510aa2297d8014be502a55b14f3b7550cf?s=96&d=mm&r=g","contentUrl":"https:\/\/secure.gravatar.com\/avatar\/50865afb55632c4ae467e0af0930f6510aa2297d8014be502a55b14f3b7550cf?s=96&d=mm&r=g","caption":"Tar\u0131k"},"sameAs":["http:\/\/narteks.net"],"url":"https:\/\/narteks.net\/index.php\/author\/narbak\/"}]}},"_links":{"self":[{"href":"https:\/\/narteks.net\/index.php\/wp-json\/wp\/v2\/posts\/2331","targetHints":{"allow":["GET"]}}],"collection":[{"href":"https:\/\/narteks.net\/index.php\/wp-json\/wp\/v2\/posts"}],"about":[{"href":"https:\/\/narteks.net\/index.php\/wp-json\/wp\/v2\/types\/post"}],"author":[{"embeddable":true,"href":"https:\/\/narteks.net\/index.php\/wp-json\/wp\/v2\/users\/1"}],"replies":[{"embeddable":true,"href":"https:\/\/narteks.net\/index.php\/wp-json\/wp\/v2\/comments?post=2331"}],"version-history":[{"count":0,"href":"https:\/\/narteks.net\/index.php\/wp-json\/wp\/v2\/posts\/2331\/revisions"}],"wp:attachment":[{"href":"https:\/\/narteks.net\/index.php\/wp-json\/wp\/v2\/media?parent=2331"}],"wp:term":[{"taxonomy":"category","embeddable":true,"href":"https:\/\/narteks.net\/index.php\/wp-json\/wp\/v2\/categories?post=2331"},{"taxonomy":"post_tag","embeddable":true,"href":"https:\/\/narteks.net\/index.php\/wp-json\/wp\/v2\/tags?post=2331"}],"curies":[{"name":"wp","href":"https:\/\/api.w.org\/{rel}","templated":true}]}}