{"id":2332,"date":"2009-12-05T13:53:03","date_gmt":"2009-12-05T10:53:03","guid":{"rendered":"http:\/\/localhost\/wordpress\/2009\/12\/05\/kurt\/"},"modified":"2009-12-05T13:53:03","modified_gmt":"2009-12-05T10:53:03","slug":"kurt","status":"publish","type":"post","link":"https:\/\/narteks.net\/index.php\/2009\/12\/05\/kurt\/","title":{"rendered":"KURT"},"content":{"rendered":"<p>\u00a0<\/p>\n<p>K\u00f6pek, diliyle i\u00e7er suyu <br \/> Kurt, solu\u011fuyla <\/p>\n<p> Y\u00fcre\u011finin kokusunu ta\u015f\u0131r <br \/> Boynundaki kutup \u00e7i\u00e7e\u011fi <br \/> \u00d6fkeli de\u011fil lacivert <br \/> Y\u0131rt\u0131c\u0131 de\u011fil s\u0131cak. <br \/> Kurt: b\u00fcy\u00fck karbonun sesi <br \/> Karanl\u0131ktan \u00e7a\u011flayarak <br \/> Atardamar\u0131yla ko\u015far, <br \/> Ulur g\u00f6zlerinin aras\u0131yla. <\/p>\n<p> K\u0131t kar\u0131nl\u0131, iki mevsimli <br \/> Yazlar\u0131 k\u0131z\u0131l k\u0131\u015flar\u0131 ak <br \/> Bir \u015fimdiki zaman i\u00e7inde <br \/> Belle\u011fini \u00f6rtt\u00fck\u00e7e tipi <br \/> Unutu\u015fun gri tipisi <br \/> Yorgun atlar\u0131n tarazl\u0131 tipisi <br \/> Ay tutulur g\u00f6zlerinde <br \/> Ka\u00e7ar ufuk <br \/> Bulan\u0131r gezegen. <\/p>\n<p> Erzurum&#8217;da Horasan&#8217;da <br \/> B\u00fct\u00fcn kuzey yar\u0131k\u00fcrede <br \/> \u00c7a\u011flar boyunca kurt <br \/> Yekpare bir kemik halinde <br \/> Tek bir kurtta ya\u015fad\u0131 <br \/> Sonra papa\u011fanlar geldi <br \/> G\u00f6zl\u00fckl\u00fc y\u0131lan Hint&#8217;ten geldi <br \/> Maymunlar Madagaskar&#8217;dan <br \/> Ornitorenk Avustralya&#8217;dan <br \/> Denizler b\u00fcy\u00fcd\u00fc <br \/> Gece azald\u0131. <\/p>\n<p> Kurt, solu\u011fuyla i\u00e7er suyu <br \/> K\u00f6pek, diliyle <\/p>\n<p> K\u00f6pek: \u0131l\u0131k profesyoneli <br \/> \u0130pe\u011fin, cam\u0131n, korunun <br \/> Eti havayla dolu <br \/> Burnunda sinir, k\u0131\u00e7\u0131nda peri <br \/> Bakkal, tefeci, orospu <br \/> Hayvan hikayesi d\u00fczenlerin <br \/> Ve tanr\u0131n\u0131n koyunlar\u0131n\u0131 <br \/> G\u00fcden \u00e7oban\u0131n dostu <\/p>\n<p> \u00d6dleriyle \u00f6ten ku\u015flar gibi <br \/> Havlaya havlaya kirlenir <br \/> D\u00fc\u015fen kulaklar\u0131yla birlikte <br \/> Buru\u015fur sevinci <br \/> Ama diktiler mi kurdun kar\u015f\u0131s\u0131na <br \/> A\u011fz\u0131 cehennemle\u015fir. <\/p>\n<p> Kurt alt\u0131 yavru do\u011furur <br \/> K\u00f6pek olur bunlardan biri<\/p>\n","protected":false},"excerpt":{"rendered":"<p>\u00a0 K\u00f6pek, diliyle i\u00e7er suyu Kurt, solu\u011fuyla Y\u00fcre\u011finin kokusunu ta\u015f\u0131r Boynundaki kutup \u00e7i\u00e7e\u011fi \u00d6fkeli de\u011fil lacivert Y\u0131rt\u0131c\u0131 de\u011fil s\u0131cak. Kurt: b\u00fcy\u00fck karbonun sesi Karanl\u0131ktan \u00e7a\u011flayarak Atardamar\u0131yla ko\u015far, Ulur g\u00f6zlerinin aras\u0131yla. K\u0131t kar\u0131nl\u0131, iki mevsimli Yazlar\u0131 k\u0131z\u0131l k\u0131\u015flar\u0131 ak Bir \u015fimdiki zaman i\u00e7inde Belle\u011fini \u00f6rtt\u00fck\u00e7e tipi Unutu\u015fun gri tipisi Yorgun atlar\u0131n tarazl\u0131 tipisi Ay tutulur g\u00f6zlerinde [&hellip;]<\/p>\n","protected":false},"author":1,"featured_media":0,"comment_status":"open","ping_status":"open","sticky":false,"template":"","format":"standard","meta":{"footnotes":""},"categories":[17],"tags":[],"class_list":{"0":"post-2332","1":"post","2":"type-post","3":"status-publish","4":"format-standard","6":"category-cemal-sureya"},"yoast_head":"<!-- This site is optimized with the Yoast SEO Premium plugin v24.9 (Yoast SEO v24.9) - https:\/\/yoast.com\/wordpress\/plugins\/seo\/ -->\n<title>KURT - narteks.net<\/title>\n<meta name=\"robots\" content=\"index, follow, max-snippet:-1, max-image-preview:large, max-video-preview:-1\" \/>\n<link rel=\"canonical\" href=\"https:\/\/narteks.net\/index.php\/2009\/12\/05\/kurt\/\" \/>\n<meta property=\"og:locale\" content=\"tr_TR\" \/>\n<meta property=\"og:type\" content=\"article\" \/>\n<meta property=\"og:title\" content=\"KURT\" \/>\n<meta property=\"og:description\" content=\"\u00a0 K\u00f6pek, diliyle i\u00e7er suyu Kurt, solu\u011fuyla Y\u00fcre\u011finin kokusunu ta\u015f\u0131r Boynundaki kutup \u00e7i\u00e7e\u011fi \u00d6fkeli de\u011fil lacivert Y\u0131rt\u0131c\u0131 de\u011fil s\u0131cak. Kurt: b\u00fcy\u00fck karbonun sesi Karanl\u0131ktan \u00e7a\u011flayarak Atardamar\u0131yla ko\u015far, Ulur g\u00f6zlerinin aras\u0131yla. K\u0131t kar\u0131nl\u0131, iki mevsimli Yazlar\u0131 k\u0131z\u0131l k\u0131\u015flar\u0131 ak Bir \u015fimdiki zaman i\u00e7inde Belle\u011fini \u00f6rtt\u00fck\u00e7e tipi Unutu\u015fun gri tipisi Yorgun atlar\u0131n tarazl\u0131 tipisi Ay tutulur g\u00f6zlerinde [&hellip;]\" \/>\n<meta property=\"og:url\" content=\"https:\/\/narteks.net\/index.php\/2009\/12\/05\/kurt\/\" \/>\n<meta property=\"og:site_name\" content=\"narteks.net\" \/>\n<meta property=\"article:published_time\" content=\"2009-12-05T10:53:03+00:00\" \/>\n<meta property=\"og:image\" content=\"https:\/\/narteks.net\/wp-content\/uploads\/narteks.png\" \/>\n\t<meta property=\"og:image:width\" content=\"300\" \/>\n\t<meta property=\"og:image:height\" content=\"90\" \/>\n\t<meta property=\"og:image:type\" content=\"image\/png\" \/>\n<meta name=\"author\" content=\"Tar\u0131k\" \/>\n<meta name=\"twitter:card\" content=\"summary_large_image\" \/>\n<meta name=\"twitter:creator\" content=\"@narteks\" \/>\n<meta name=\"twitter:site\" content=\"@narteks\" \/>\n<meta name=\"twitter:label1\" content=\"Yazan:\" \/>\n\t<meta name=\"twitter:data1\" content=\"Tar\u0131k\" \/>\n\t<meta name=\"twitter:label2\" content=\"Tahmini okuma s\u00fcresi\" \/>\n\t<meta name=\"twitter:data2\" content=\"1 dakika\" \/>\n<script type=\"application\/ld+json\" class=\"yoast-schema-graph\">{\"@context\":\"https:\/\/schema.org\",\"@graph\":[{\"@type\":\"Article\",\"@id\":\"https:\/\/narteks.net\/index.php\/2009\/12\/05\/kurt\/#article\",\"isPartOf\":{\"@id\":\"https:\/\/narteks.net\/index.php\/2009\/12\/05\/kurt\/\"},\"author\":{\"name\":\"Tar\u0131k\",\"@id\":\"https:\/\/narteks.net\/#\/schema\/person\/61f37d9834294b72d31d274e7ed79bca\"},\"headline\":\"KURT\",\"datePublished\":\"2009-12-05T10:53:03+00:00\",\"mainEntityOfPage\":{\"@id\":\"https:\/\/narteks.net\/index.php\/2009\/12\/05\/kurt\/\"},\"wordCount\":219,\"commentCount\":0,\"publisher\":{\"@id\":\"https:\/\/narteks.net\/#organization\"},\"articleSection\":[\"Cemal S\u00dcREYA\"],\"inLanguage\":\"tr\",\"potentialAction\":[{\"@type\":\"CommentAction\",\"name\":\"Comment\",\"target\":[\"https:\/\/narteks.net\/index.php\/2009\/12\/05\/kurt\/#respond\"]}]},{\"@type\":\"WebPage\",\"@id\":\"https:\/\/narteks.net\/index.php\/2009\/12\/05\/kurt\/\",\"url\":\"https:\/\/narteks.net\/index.php\/2009\/12\/05\/kurt\/\",\"name\":\"KURT - narteks.net\",\"isPartOf\":{\"@id\":\"https:\/\/narteks.net\/#website\"},\"datePublished\":\"2009-12-05T10:53:03+00:00\",\"breadcrumb\":{\"@id\":\"https:\/\/narteks.net\/index.php\/2009\/12\/05\/kurt\/#breadcrumb\"},\"inLanguage\":\"tr\",\"potentialAction\":[{\"@type\":\"ReadAction\",\"target\":[\"https:\/\/narteks.net\/index.php\/2009\/12\/05\/kurt\/\"]}]},{\"@type\":\"BreadcrumbList\",\"@id\":\"https:\/\/narteks.net\/index.php\/2009\/12\/05\/kurt\/#breadcrumb\",\"itemListElement\":[{\"@type\":\"ListItem\",\"position\":1,\"name\":\"Anasayfa\",\"item\":\"https:\/\/narteks.net\/\"},{\"@type\":\"ListItem\",\"position\":2,\"name\":\"KURT\"}]},{\"@type\":\"WebSite\",\"@id\":\"https:\/\/narteks.net\/#website\",\"url\":\"https:\/\/narteks.net\/\",\"name\":\"narteks.net\",\"description\":\"K\u00fclt\u00fcr Sanat Edebiyat Felsefe\",\"publisher\":{\"@id\":\"https:\/\/narteks.net\/#organization\"},\"alternateName\":\"K\u00fclt\u00fcr Sanat Edebiyat Felsefe\",\"potentialAction\":[{\"@type\":\"SearchAction\",\"target\":{\"@type\":\"EntryPoint\",\"urlTemplate\":\"https:\/\/narteks.net\/?s={search_term_string}\"},\"query-input\":{\"@type\":\"PropertyValueSpecification\",\"valueRequired\":true,\"valueName\":\"search_term_string\"}}],\"inLanguage\":\"tr\"},{\"@type\":\"Organization\",\"@id\":\"https:\/\/narteks.net\/#organization\",\"name\":\"narteks.net\",\"url\":\"https:\/\/narteks.net\/\",\"logo\":{\"@type\":\"ImageObject\",\"inLanguage\":\"tr\",\"@id\":\"https:\/\/narteks.net\/#\/schema\/logo\/image\/\",\"url\":\"https:\/\/narteks.net\/wp-content\/uploads\/narteks.png\",\"contentUrl\":\"https:\/\/narteks.net\/wp-content\/uploads\/narteks.png\",\"width\":300,\"height\":90,\"caption\":\"narteks.net\"},\"image\":{\"@id\":\"https:\/\/narteks.net\/#\/schema\/logo\/image\/\"},\"sameAs\":[\"https:\/\/x.com\/narteks\",\"https:\/\/instagram.com\/narteksnet\"]},{\"@type\":\"Person\",\"@id\":\"https:\/\/narteks.net\/#\/schema\/person\/61f37d9834294b72d31d274e7ed79bca\",\"name\":\"Tar\u0131k\",\"image\":{\"@type\":\"ImageObject\",\"inLanguage\":\"tr\",\"@id\":\"https:\/\/narteks.net\/#\/schema\/person\/image\/\",\"url\":\"https:\/\/secure.gravatar.com\/avatar\/50865afb55632c4ae467e0af0930f6510aa2297d8014be502a55b14f3b7550cf?s=96&d=mm&r=g\",\"contentUrl\":\"https:\/\/secure.gravatar.com\/avatar\/50865afb55632c4ae467e0af0930f6510aa2297d8014be502a55b14f3b7550cf?s=96&d=mm&r=g\",\"caption\":\"Tar\u0131k\"},\"sameAs\":[\"http:\/\/narteks.net\"],\"url\":\"https:\/\/narteks.net\/index.php\/author\/narbak\/\"}]}<\/script>\n<!-- \/ Yoast SEO Premium plugin. -->","yoast_head_json":{"title":"KURT - narteks.net","robots":{"index":"index","follow":"follow","max-snippet":"max-snippet:-1","max-image-preview":"max-image-preview:large","max-video-preview":"max-video-preview:-1"},"canonical":"https:\/\/narteks.net\/index.php\/2009\/12\/05\/kurt\/","og_locale":"tr_TR","og_type":"article","og_title":"KURT","og_description":"\u00a0 K\u00f6pek, diliyle i\u00e7er suyu Kurt, solu\u011fuyla Y\u00fcre\u011finin kokusunu ta\u015f\u0131r Boynundaki kutup \u00e7i\u00e7e\u011fi \u00d6fkeli de\u011fil lacivert Y\u0131rt\u0131c\u0131 de\u011fil s\u0131cak. Kurt: b\u00fcy\u00fck karbonun sesi Karanl\u0131ktan \u00e7a\u011flayarak Atardamar\u0131yla ko\u015far, Ulur g\u00f6zlerinin aras\u0131yla. K\u0131t kar\u0131nl\u0131, iki mevsimli Yazlar\u0131 k\u0131z\u0131l k\u0131\u015flar\u0131 ak Bir \u015fimdiki zaman i\u00e7inde Belle\u011fini \u00f6rtt\u00fck\u00e7e tipi Unutu\u015fun gri tipisi Yorgun atlar\u0131n tarazl\u0131 tipisi Ay tutulur g\u00f6zlerinde [&hellip;]","og_url":"https:\/\/narteks.net\/index.php\/2009\/12\/05\/kurt\/","og_site_name":"narteks.net","article_published_time":"2009-12-05T10:53:03+00:00","og_image":[{"width":300,"height":90,"url":"https:\/\/narteks.net\/wp-content\/uploads\/narteks.png","type":"image\/png"}],"author":"Tar\u0131k","twitter_card":"summary_large_image","twitter_creator":"@narteks","twitter_site":"@narteks","twitter_misc":{"Yazan:":"Tar\u0131k","Tahmini okuma s\u00fcresi":"1 dakika"},"schema":{"@context":"https:\/\/schema.org","@graph":[{"@type":"Article","@id":"https:\/\/narteks.net\/index.php\/2009\/12\/05\/kurt\/#article","isPartOf":{"@id":"https:\/\/narteks.net\/index.php\/2009\/12\/05\/kurt\/"},"author":{"name":"Tar\u0131k","@id":"https:\/\/narteks.net\/#\/schema\/person\/61f37d9834294b72d31d274e7ed79bca"},"headline":"KURT","datePublished":"2009-12-05T10:53:03+00:00","mainEntityOfPage":{"@id":"https:\/\/narteks.net\/index.php\/2009\/12\/05\/kurt\/"},"wordCount":219,"commentCount":0,"publisher":{"@id":"https:\/\/narteks.net\/#organization"},"articleSection":["Cemal S\u00dcREYA"],"inLanguage":"tr","potentialAction":[{"@type":"CommentAction","name":"Comment","target":["https:\/\/narteks.net\/index.php\/2009\/12\/05\/kurt\/#respond"]}]},{"@type":"WebPage","@id":"https:\/\/narteks.net\/index.php\/2009\/12\/05\/kurt\/","url":"https:\/\/narteks.net\/index.php\/2009\/12\/05\/kurt\/","name":"KURT - narteks.net","isPartOf":{"@id":"https:\/\/narteks.net\/#website"},"datePublished":"2009-12-05T10:53:03+00:00","breadcrumb":{"@id":"https:\/\/narteks.net\/index.php\/2009\/12\/05\/kurt\/#breadcrumb"},"inLanguage":"tr","potentialAction":[{"@type":"ReadAction","target":["https:\/\/narteks.net\/index.php\/2009\/12\/05\/kurt\/"]}]},{"@type":"BreadcrumbList","@id":"https:\/\/narteks.net\/index.php\/2009\/12\/05\/kurt\/#breadcrumb","itemListElement":[{"@type":"ListItem","position":1,"name":"Anasayfa","item":"https:\/\/narteks.net\/"},{"@type":"ListItem","position":2,"name":"KURT"}]},{"@type":"WebSite","@id":"https:\/\/narteks.net\/#website","url":"https:\/\/narteks.net\/","name":"narteks.net","description":"K\u00fclt\u00fcr Sanat Edebiyat Felsefe","publisher":{"@id":"https:\/\/narteks.net\/#organization"},"alternateName":"K\u00fclt\u00fcr Sanat Edebiyat Felsefe","potentialAction":[{"@type":"SearchAction","target":{"@type":"EntryPoint","urlTemplate":"https:\/\/narteks.net\/?s={search_term_string}"},"query-input":{"@type":"PropertyValueSpecification","valueRequired":true,"valueName":"search_term_string"}}],"inLanguage":"tr"},{"@type":"Organization","@id":"https:\/\/narteks.net\/#organization","name":"narteks.net","url":"https:\/\/narteks.net\/","logo":{"@type":"ImageObject","inLanguage":"tr","@id":"https:\/\/narteks.net\/#\/schema\/logo\/image\/","url":"https:\/\/narteks.net\/wp-content\/uploads\/narteks.png","contentUrl":"https:\/\/narteks.net\/wp-content\/uploads\/narteks.png","width":300,"height":90,"caption":"narteks.net"},"image":{"@id":"https:\/\/narteks.net\/#\/schema\/logo\/image\/"},"sameAs":["https:\/\/x.com\/narteks","https:\/\/instagram.com\/narteksnet"]},{"@type":"Person","@id":"https:\/\/narteks.net\/#\/schema\/person\/61f37d9834294b72d31d274e7ed79bca","name":"Tar\u0131k","image":{"@type":"ImageObject","inLanguage":"tr","@id":"https:\/\/narteks.net\/#\/schema\/person\/image\/","url":"https:\/\/secure.gravatar.com\/avatar\/50865afb55632c4ae467e0af0930f6510aa2297d8014be502a55b14f3b7550cf?s=96&d=mm&r=g","contentUrl":"https:\/\/secure.gravatar.com\/avatar\/50865afb55632c4ae467e0af0930f6510aa2297d8014be502a55b14f3b7550cf?s=96&d=mm&r=g","caption":"Tar\u0131k"},"sameAs":["http:\/\/narteks.net"],"url":"https:\/\/narteks.net\/index.php\/author\/narbak\/"}]}},"_links":{"self":[{"href":"https:\/\/narteks.net\/index.php\/wp-json\/wp\/v2\/posts\/2332","targetHints":{"allow":["GET"]}}],"collection":[{"href":"https:\/\/narteks.net\/index.php\/wp-json\/wp\/v2\/posts"}],"about":[{"href":"https:\/\/narteks.net\/index.php\/wp-json\/wp\/v2\/types\/post"}],"author":[{"embeddable":true,"href":"https:\/\/narteks.net\/index.php\/wp-json\/wp\/v2\/users\/1"}],"replies":[{"embeddable":true,"href":"https:\/\/narteks.net\/index.php\/wp-json\/wp\/v2\/comments?post=2332"}],"version-history":[{"count":0,"href":"https:\/\/narteks.net\/index.php\/wp-json\/wp\/v2\/posts\/2332\/revisions"}],"wp:attachment":[{"href":"https:\/\/narteks.net\/index.php\/wp-json\/wp\/v2\/media?parent=2332"}],"wp:term":[{"taxonomy":"category","embeddable":true,"href":"https:\/\/narteks.net\/index.php\/wp-json\/wp\/v2\/categories?post=2332"},{"taxonomy":"post_tag","embeddable":true,"href":"https:\/\/narteks.net\/index.php\/wp-json\/wp\/v2\/tags?post=2332"}],"curies":[{"name":"wp","href":"https:\/\/api.w.org\/{rel}","templated":true}]}}