{"id":2339,"date":"2009-12-05T13:58:05","date_gmt":"2009-12-05T10:58:05","guid":{"rendered":"http:\/\/localhost\/wordpress\/2009\/12\/05\/nehirler-boyunca-kadinlar-gordum\/"},"modified":"2009-12-05T13:58:05","modified_gmt":"2009-12-05T10:58:05","slug":"nehirler-boyunca-kadinlar-gordum","status":"publish","type":"post","link":"https:\/\/narteks.net\/index.php\/2009\/12\/05\/nehirler-boyunca-kadinlar-gordum\/","title":{"rendered":"NEH\u0130RLER BOYUNCA KADINLAR G\u00d6RD\u00dcM"},"content":{"rendered":"<p>\u00a0<\/p>\n<p>Porsuk nehrinin ge\u00e7ti\u011fi kad\u0131nlar<br \/> Hepsine y\u00fczer kere rastlad\u0131m en azdan<br \/> Umustsuz sevdalara tutulmak onlarda<br \/> Bozk\u0131ra do\u011fru seyrele seyrele ya\u015famak onlarda<br \/> Verdi mi adama her \u015feylerini verirler <br \/> Ben g\u00f6rd\u00fcm ne g\u00f6rd\u00fcmse kad\u0131nlarda <br \/> Porsuk nehrinin ge\u00e7ti\u011fi<\/p>\n<p> K\u0131z\u0131l\u0131rmak par\u00e7a par\u00e7a olas\u0131n <br \/> Bir par\u00e7a ekmek siyah, on kuru\u015fluk k\u0131na k\u0131rm\u0131z\u0131<br \/> Ta\u015f toprak aras\u0131nda t\u00fcrk\u00fcler aras\u0131nda<br \/> Karanl\u0131kta bir yanlar\u0131 \u00f6rt\u00fck bir yanlar\u0131 \u00fcryan<br \/> Kocaman g\u00f6zleriyle oy anam bu kadar dokunakl\u0131<br \/> Kimler \u00fcrk\u00fctm\u00fc\u015f acaba bu kadar kad\u0131n\u0131 <\/p>\n<p> Dicle k\u0131y\u0131lar\u0131na tiren var\u0131nca<br \/> B\u00fcy\u00fck bir g\u00f6ky\u00fcz\u00fc git allah\u0131m git <br \/> Genel olarak \u00f6nce ka\u015flar\u0131 g\u00f6r\u00fcn\u00fcr<br \/> Sonra b\u00fct\u00fcns\u00fcz uykular\u0131 ka\u015fla g\u00f6z aras\u0131nda<br \/> Yanaklar\u0131nda \u00e7\u0131ban izi ta\u015f\u0131yan kad\u0131nlar<br \/> G\u00fcl kurusu<\/p>\n<p> Bir g\u00fcn sizin de yolunuz d\u00fc\u015fer memlekete<br \/> Siz de g\u00f6r\u00fcrs\u00fcn\u00fcz bunlar\u0131 kad\u0131nlarda<br \/> \u00d6devleri yenilmek olan hep<br \/> B\u0131\u00e7akla kemik aras\u0131nda<br \/> Susmakla a\u011flamak aras\u0131nda<br \/> Yenilmek<br \/> Kad\u0131nlar<\/p>\n","protected":false},"excerpt":{"rendered":"<p>\u00a0 Porsuk nehrinin ge\u00e7ti\u011fi kad\u0131nlar Hepsine y\u00fczer kere rastlad\u0131m en azdan Umustsuz sevdalara tutulmak onlarda Bozk\u0131ra do\u011fru seyrele seyrele ya\u015famak onlarda Verdi mi adama her \u015feylerini verirler Ben g\u00f6rd\u00fcm ne g\u00f6rd\u00fcmse kad\u0131nlarda Porsuk nehrinin ge\u00e7ti\u011fi K\u0131z\u0131l\u0131rmak par\u00e7a par\u00e7a olas\u0131n Bir par\u00e7a ekmek siyah, on kuru\u015fluk k\u0131na k\u0131rm\u0131z\u0131 Ta\u015f toprak aras\u0131nda t\u00fcrk\u00fcler aras\u0131nda Karanl\u0131kta bir yanlar\u0131 [&hellip;]<\/p>\n","protected":false},"author":1,"featured_media":0,"comment_status":"open","ping_status":"open","sticky":false,"template":"","format":"standard","meta":{"footnotes":""},"categories":[17],"tags":[],"class_list":{"0":"post-2339","1":"post","2":"type-post","3":"status-publish","4":"format-standard","6":"category-cemal-sureya"},"yoast_head":"<!-- This site is optimized with the Yoast SEO Premium plugin v24.9 (Yoast SEO v24.9) - https:\/\/yoast.com\/wordpress\/plugins\/seo\/ -->\n<title>NEH\u0130RLER BOYUNCA KADINLAR G\u00d6RD\u00dcM - narteks.net<\/title>\n<meta name=\"robots\" content=\"index, follow, max-snippet:-1, max-image-preview:large, max-video-preview:-1\" \/>\n<link rel=\"canonical\" href=\"https:\/\/narteks.net\/index.php\/2009\/12\/05\/nehirler-boyunca-kadinlar-gordum\/\" \/>\n<meta property=\"og:locale\" content=\"tr_TR\" \/>\n<meta property=\"og:type\" content=\"article\" \/>\n<meta property=\"og:title\" content=\"NEH\u0130RLER BOYUNCA KADINLAR G\u00d6RD\u00dcM\" \/>\n<meta property=\"og:description\" content=\"\u00a0 Porsuk nehrinin ge\u00e7ti\u011fi kad\u0131nlar Hepsine y\u00fczer kere rastlad\u0131m en azdan Umustsuz sevdalara tutulmak onlarda Bozk\u0131ra do\u011fru seyrele seyrele ya\u015famak onlarda Verdi mi adama her \u015feylerini verirler Ben g\u00f6rd\u00fcm ne g\u00f6rd\u00fcmse kad\u0131nlarda Porsuk nehrinin ge\u00e7ti\u011fi K\u0131z\u0131l\u0131rmak par\u00e7a par\u00e7a olas\u0131n Bir par\u00e7a ekmek siyah, on kuru\u015fluk k\u0131na k\u0131rm\u0131z\u0131 Ta\u015f toprak aras\u0131nda t\u00fcrk\u00fcler aras\u0131nda Karanl\u0131kta bir yanlar\u0131 [&hellip;]\" \/>\n<meta property=\"og:url\" content=\"https:\/\/narteks.net\/index.php\/2009\/12\/05\/nehirler-boyunca-kadinlar-gordum\/\" \/>\n<meta property=\"og:site_name\" content=\"narteks.net\" \/>\n<meta property=\"article:published_time\" content=\"2009-12-05T10:58:05+00:00\" \/>\n<meta property=\"og:image\" content=\"https:\/\/narteks.net\/wp-content\/uploads\/narteks.png\" \/>\n\t<meta property=\"og:image:width\" content=\"300\" \/>\n\t<meta property=\"og:image:height\" content=\"90\" \/>\n\t<meta property=\"og:image:type\" content=\"image\/png\" \/>\n<meta name=\"author\" content=\"Tar\u0131k\" \/>\n<meta name=\"twitter:card\" content=\"summary_large_image\" \/>\n<meta name=\"twitter:creator\" content=\"@narteks\" \/>\n<meta name=\"twitter:site\" content=\"@narteks\" \/>\n<meta name=\"twitter:label1\" content=\"Yazan:\" \/>\n\t<meta name=\"twitter:data1\" content=\"Tar\u0131k\" \/>\n\t<meta name=\"twitter:label2\" content=\"Tahmini okuma s\u00fcresi\" \/>\n\t<meta name=\"twitter:data2\" content=\"1 dakika\" \/>\n<script type=\"application\/ld+json\" class=\"yoast-schema-graph\">{\"@context\":\"https:\/\/schema.org\",\"@graph\":[{\"@type\":\"Article\",\"@id\":\"https:\/\/narteks.net\/index.php\/2009\/12\/05\/nehirler-boyunca-kadinlar-gordum\/#article\",\"isPartOf\":{\"@id\":\"https:\/\/narteks.net\/index.php\/2009\/12\/05\/nehirler-boyunca-kadinlar-gordum\/\"},\"author\":{\"name\":\"Tar\u0131k\",\"@id\":\"https:\/\/narteks.net\/#\/schema\/person\/61f37d9834294b72d31d274e7ed79bca\"},\"headline\":\"NEH\u0130RLER BOYUNCA KADINLAR G\u00d6RD\u00dcM\",\"datePublished\":\"2009-12-05T10:58:05+00:00\",\"mainEntityOfPage\":{\"@id\":\"https:\/\/narteks.net\/index.php\/2009\/12\/05\/nehirler-boyunca-kadinlar-gordum\/\"},\"wordCount\":200,\"commentCount\":0,\"publisher\":{\"@id\":\"https:\/\/narteks.net\/#organization\"},\"articleSection\":[\"Cemal S\u00dcREYA\"],\"inLanguage\":\"tr\",\"potentialAction\":[{\"@type\":\"CommentAction\",\"name\":\"Comment\",\"target\":[\"https:\/\/narteks.net\/index.php\/2009\/12\/05\/nehirler-boyunca-kadinlar-gordum\/#respond\"]}]},{\"@type\":\"WebPage\",\"@id\":\"https:\/\/narteks.net\/index.php\/2009\/12\/05\/nehirler-boyunca-kadinlar-gordum\/\",\"url\":\"https:\/\/narteks.net\/index.php\/2009\/12\/05\/nehirler-boyunca-kadinlar-gordum\/\",\"name\":\"NEH\u0130RLER BOYUNCA KADINLAR G\u00d6RD\u00dcM - narteks.net\",\"isPartOf\":{\"@id\":\"https:\/\/narteks.net\/#website\"},\"datePublished\":\"2009-12-05T10:58:05+00:00\",\"breadcrumb\":{\"@id\":\"https:\/\/narteks.net\/index.php\/2009\/12\/05\/nehirler-boyunca-kadinlar-gordum\/#breadcrumb\"},\"inLanguage\":\"tr\",\"potentialAction\":[{\"@type\":\"ReadAction\",\"target\":[\"https:\/\/narteks.net\/index.php\/2009\/12\/05\/nehirler-boyunca-kadinlar-gordum\/\"]}]},{\"@type\":\"BreadcrumbList\",\"@id\":\"https:\/\/narteks.net\/index.php\/2009\/12\/05\/nehirler-boyunca-kadinlar-gordum\/#breadcrumb\",\"itemListElement\":[{\"@type\":\"ListItem\",\"position\":1,\"name\":\"Anasayfa\",\"item\":\"https:\/\/narteks.net\/\"},{\"@type\":\"ListItem\",\"position\":2,\"name\":\"NEH\u0130RLER BOYUNCA KADINLAR G\u00d6RD\u00dcM\"}]},{\"@type\":\"WebSite\",\"@id\":\"https:\/\/narteks.net\/#website\",\"url\":\"https:\/\/narteks.net\/\",\"name\":\"narteks.net\",\"description\":\"K\u00fclt\u00fcr Sanat Edebiyat Felsefe\",\"publisher\":{\"@id\":\"https:\/\/narteks.net\/#organization\"},\"alternateName\":\"K\u00fclt\u00fcr Sanat Edebiyat Felsefe\",\"potentialAction\":[{\"@type\":\"SearchAction\",\"target\":{\"@type\":\"EntryPoint\",\"urlTemplate\":\"https:\/\/narteks.net\/?s={search_term_string}\"},\"query-input\":{\"@type\":\"PropertyValueSpecification\",\"valueRequired\":true,\"valueName\":\"search_term_string\"}}],\"inLanguage\":\"tr\"},{\"@type\":\"Organization\",\"@id\":\"https:\/\/narteks.net\/#organization\",\"name\":\"narteks.net\",\"url\":\"https:\/\/narteks.net\/\",\"logo\":{\"@type\":\"ImageObject\",\"inLanguage\":\"tr\",\"@id\":\"https:\/\/narteks.net\/#\/schema\/logo\/image\/\",\"url\":\"https:\/\/narteks.net\/wp-content\/uploads\/narteks.png\",\"contentUrl\":\"https:\/\/narteks.net\/wp-content\/uploads\/narteks.png\",\"width\":300,\"height\":90,\"caption\":\"narteks.net\"},\"image\":{\"@id\":\"https:\/\/narteks.net\/#\/schema\/logo\/image\/\"},\"sameAs\":[\"https:\/\/x.com\/narteks\",\"https:\/\/instagram.com\/narteksnet\"]},{\"@type\":\"Person\",\"@id\":\"https:\/\/narteks.net\/#\/schema\/person\/61f37d9834294b72d31d274e7ed79bca\",\"name\":\"Tar\u0131k\",\"image\":{\"@type\":\"ImageObject\",\"inLanguage\":\"tr\",\"@id\":\"https:\/\/narteks.net\/#\/schema\/person\/image\/\",\"url\":\"https:\/\/secure.gravatar.com\/avatar\/50865afb55632c4ae467e0af0930f6510aa2297d8014be502a55b14f3b7550cf?s=96&d=mm&r=g\",\"contentUrl\":\"https:\/\/secure.gravatar.com\/avatar\/50865afb55632c4ae467e0af0930f6510aa2297d8014be502a55b14f3b7550cf?s=96&d=mm&r=g\",\"caption\":\"Tar\u0131k\"},\"sameAs\":[\"http:\/\/narteks.net\"],\"url\":\"https:\/\/narteks.net\/index.php\/author\/narbak\/\"}]}<\/script>\n<!-- \/ Yoast SEO Premium plugin. -->","yoast_head_json":{"title":"NEH\u0130RLER BOYUNCA KADINLAR G\u00d6RD\u00dcM - narteks.net","robots":{"index":"index","follow":"follow","max-snippet":"max-snippet:-1","max-image-preview":"max-image-preview:large","max-video-preview":"max-video-preview:-1"},"canonical":"https:\/\/narteks.net\/index.php\/2009\/12\/05\/nehirler-boyunca-kadinlar-gordum\/","og_locale":"tr_TR","og_type":"article","og_title":"NEH\u0130RLER BOYUNCA KADINLAR G\u00d6RD\u00dcM","og_description":"\u00a0 Porsuk nehrinin ge\u00e7ti\u011fi kad\u0131nlar Hepsine y\u00fczer kere rastlad\u0131m en azdan Umustsuz sevdalara tutulmak onlarda Bozk\u0131ra do\u011fru seyrele seyrele ya\u015famak onlarda Verdi mi adama her \u015feylerini verirler Ben g\u00f6rd\u00fcm ne g\u00f6rd\u00fcmse kad\u0131nlarda Porsuk nehrinin ge\u00e7ti\u011fi K\u0131z\u0131l\u0131rmak par\u00e7a par\u00e7a olas\u0131n Bir par\u00e7a ekmek siyah, on kuru\u015fluk k\u0131na k\u0131rm\u0131z\u0131 Ta\u015f toprak aras\u0131nda t\u00fcrk\u00fcler aras\u0131nda Karanl\u0131kta bir yanlar\u0131 [&hellip;]","og_url":"https:\/\/narteks.net\/index.php\/2009\/12\/05\/nehirler-boyunca-kadinlar-gordum\/","og_site_name":"narteks.net","article_published_time":"2009-12-05T10:58:05+00:00","og_image":[{"width":300,"height":90,"url":"https:\/\/narteks.net\/wp-content\/uploads\/narteks.png","type":"image\/png"}],"author":"Tar\u0131k","twitter_card":"summary_large_image","twitter_creator":"@narteks","twitter_site":"@narteks","twitter_misc":{"Yazan:":"Tar\u0131k","Tahmini okuma s\u00fcresi":"1 dakika"},"schema":{"@context":"https:\/\/schema.org","@graph":[{"@type":"Article","@id":"https:\/\/narteks.net\/index.php\/2009\/12\/05\/nehirler-boyunca-kadinlar-gordum\/#article","isPartOf":{"@id":"https:\/\/narteks.net\/index.php\/2009\/12\/05\/nehirler-boyunca-kadinlar-gordum\/"},"author":{"name":"Tar\u0131k","@id":"https:\/\/narteks.net\/#\/schema\/person\/61f37d9834294b72d31d274e7ed79bca"},"headline":"NEH\u0130RLER BOYUNCA KADINLAR G\u00d6RD\u00dcM","datePublished":"2009-12-05T10:58:05+00:00","mainEntityOfPage":{"@id":"https:\/\/narteks.net\/index.php\/2009\/12\/05\/nehirler-boyunca-kadinlar-gordum\/"},"wordCount":200,"commentCount":0,"publisher":{"@id":"https:\/\/narteks.net\/#organization"},"articleSection":["Cemal S\u00dcREYA"],"inLanguage":"tr","potentialAction":[{"@type":"CommentAction","name":"Comment","target":["https:\/\/narteks.net\/index.php\/2009\/12\/05\/nehirler-boyunca-kadinlar-gordum\/#respond"]}]},{"@type":"WebPage","@id":"https:\/\/narteks.net\/index.php\/2009\/12\/05\/nehirler-boyunca-kadinlar-gordum\/","url":"https:\/\/narteks.net\/index.php\/2009\/12\/05\/nehirler-boyunca-kadinlar-gordum\/","name":"NEH\u0130RLER BOYUNCA KADINLAR G\u00d6RD\u00dcM - narteks.net","isPartOf":{"@id":"https:\/\/narteks.net\/#website"},"datePublished":"2009-12-05T10:58:05+00:00","breadcrumb":{"@id":"https:\/\/narteks.net\/index.php\/2009\/12\/05\/nehirler-boyunca-kadinlar-gordum\/#breadcrumb"},"inLanguage":"tr","potentialAction":[{"@type":"ReadAction","target":["https:\/\/narteks.net\/index.php\/2009\/12\/05\/nehirler-boyunca-kadinlar-gordum\/"]}]},{"@type":"BreadcrumbList","@id":"https:\/\/narteks.net\/index.php\/2009\/12\/05\/nehirler-boyunca-kadinlar-gordum\/#breadcrumb","itemListElement":[{"@type":"ListItem","position":1,"name":"Anasayfa","item":"https:\/\/narteks.net\/"},{"@type":"ListItem","position":2,"name":"NEH\u0130RLER BOYUNCA KADINLAR G\u00d6RD\u00dcM"}]},{"@type":"WebSite","@id":"https:\/\/narteks.net\/#website","url":"https:\/\/narteks.net\/","name":"narteks.net","description":"K\u00fclt\u00fcr Sanat Edebiyat Felsefe","publisher":{"@id":"https:\/\/narteks.net\/#organization"},"alternateName":"K\u00fclt\u00fcr Sanat Edebiyat Felsefe","potentialAction":[{"@type":"SearchAction","target":{"@type":"EntryPoint","urlTemplate":"https:\/\/narteks.net\/?s={search_term_string}"},"query-input":{"@type":"PropertyValueSpecification","valueRequired":true,"valueName":"search_term_string"}}],"inLanguage":"tr"},{"@type":"Organization","@id":"https:\/\/narteks.net\/#organization","name":"narteks.net","url":"https:\/\/narteks.net\/","logo":{"@type":"ImageObject","inLanguage":"tr","@id":"https:\/\/narteks.net\/#\/schema\/logo\/image\/","url":"https:\/\/narteks.net\/wp-content\/uploads\/narteks.png","contentUrl":"https:\/\/narteks.net\/wp-content\/uploads\/narteks.png","width":300,"height":90,"caption":"narteks.net"},"image":{"@id":"https:\/\/narteks.net\/#\/schema\/logo\/image\/"},"sameAs":["https:\/\/x.com\/narteks","https:\/\/instagram.com\/narteksnet"]},{"@type":"Person","@id":"https:\/\/narteks.net\/#\/schema\/person\/61f37d9834294b72d31d274e7ed79bca","name":"Tar\u0131k","image":{"@type":"ImageObject","inLanguage":"tr","@id":"https:\/\/narteks.net\/#\/schema\/person\/image\/","url":"https:\/\/secure.gravatar.com\/avatar\/50865afb55632c4ae467e0af0930f6510aa2297d8014be502a55b14f3b7550cf?s=96&d=mm&r=g","contentUrl":"https:\/\/secure.gravatar.com\/avatar\/50865afb55632c4ae467e0af0930f6510aa2297d8014be502a55b14f3b7550cf?s=96&d=mm&r=g","caption":"Tar\u0131k"},"sameAs":["http:\/\/narteks.net"],"url":"https:\/\/narteks.net\/index.php\/author\/narbak\/"}]}},"_links":{"self":[{"href":"https:\/\/narteks.net\/index.php\/wp-json\/wp\/v2\/posts\/2339","targetHints":{"allow":["GET"]}}],"collection":[{"href":"https:\/\/narteks.net\/index.php\/wp-json\/wp\/v2\/posts"}],"about":[{"href":"https:\/\/narteks.net\/index.php\/wp-json\/wp\/v2\/types\/post"}],"author":[{"embeddable":true,"href":"https:\/\/narteks.net\/index.php\/wp-json\/wp\/v2\/users\/1"}],"replies":[{"embeddable":true,"href":"https:\/\/narteks.net\/index.php\/wp-json\/wp\/v2\/comments?post=2339"}],"version-history":[{"count":0,"href":"https:\/\/narteks.net\/index.php\/wp-json\/wp\/v2\/posts\/2339\/revisions"}],"wp:attachment":[{"href":"https:\/\/narteks.net\/index.php\/wp-json\/wp\/v2\/media?parent=2339"}],"wp:term":[{"taxonomy":"category","embeddable":true,"href":"https:\/\/narteks.net\/index.php\/wp-json\/wp\/v2\/categories?post=2339"},{"taxonomy":"post_tag","embeddable":true,"href":"https:\/\/narteks.net\/index.php\/wp-json\/wp\/v2\/tags?post=2339"}],"curies":[{"name":"wp","href":"https:\/\/api.w.org\/{rel}","templated":true}]}}