{"id":2352,"date":"2009-12-05T14:05:41","date_gmt":"2009-12-05T11:05:41","guid":{"rendered":"http:\/\/localhost\/wordpress\/2009\/12\/05\/sevgilim-bir-gunun\/"},"modified":"2009-12-05T14:05:41","modified_gmt":"2009-12-05T11:05:41","slug":"sevgilim-bir-gunun","status":"publish","type":"post","link":"https:\/\/narteks.net\/index.php\/2009\/12\/05\/sevgilim-bir-gunun\/","title":{"rendered":"SEVG\u0130L\u0130M, B\u0130R G\u00dcN\u00dcN"},"content":{"rendered":"<p>\u00a0<\/p>\n<p>Sevgilim, bir g\u00fcn\u00fcn ortas\u0131 \u015fimdi <br \/> Ta\u015f\u0131tlar h\u0131zla gelip ge\u00e7iyor, her yer kalabal\u0131k, <br \/> Ben seni d\u00fc\u015f\u00fcn\u00fcyorum bir bodrum kahvesinde <br \/> Uzat bana uzat ellerini <br \/> \u0130zinli askerler g\u00f6r\u00fcyorum, k\u0131r\u0131tarak y\u00fcr\u00fcyen i\u015f\u00e7i k\u0131zlar <br \/> \u0130stanbul her g\u00fcnk\u00fc ya\u015fant\u0131s\u0131 i\u00e7inde, u\u011fultulu, <br \/> G\u00fcvercinler g\u00fcne\u015ften bir sessizli\u011fi biriktiriyor <\/p>\n<p> Ben seni d\u00fc\u015f\u00fcn\u00fcyorum seni <br \/> Hani t\u0131pk\u0131 o ilk g\u00fcnlerdeki gibi <br \/> Kalbim diyorum kalbim <br \/> Daha d\u00fcn tezg\u00e2htan \u00e7\u0131km\u0131\u015f bir su sayac\u0131 gibi <br \/> A\u015fk\u0131 an\u0131lar besliyor d\u00fc\u015fler kadar <br \/> Bu y\u00fczden diyorum ki a\u015fk eskidik\u00e7e a\u015fkt\u0131r <br \/> Sevgi eskidik\u00e7e sevgi. <\/p>\n<p> G\u00fcn\u00fcm\u00fcz ekme\u011fimiz, t\u00fcrk\u00fcm\u00fcz <br \/> \u00c7olu\u011fumuz \u00e7ocu\u011fumuz <br \/> Binalar yan yana y\u00fckselip gidiyor <br \/> Vapurlar\u0131n a\u011fz\u0131 k\u00f6p\u00fck i\u00e7inde <br \/> Uzaklarda ne kap\u0131lar a\u00e7\u0131l\u0131yor <br \/> Tirenin biri bir istasyona var\u0131yor <br \/> Ordan \u00e7\u0131k\u0131yor biri. <\/p>\n<p> Her \u015fey biliyor her \u015fey <br \/> Sen biliyor musun bakal\u0131m <br \/> Seni nice sevdi\u011fimi? <br \/> \u00dcst\u00fcne titrredi\u011fimi? <\/p>\n<p> Geldi\u011fimi? <br \/> Gitti\u011fimi <\/p>\n<p> Hadi!<\/p>\n","protected":false},"excerpt":{"rendered":"<p>\u00a0 Sevgilim, bir g\u00fcn\u00fcn ortas\u0131 \u015fimdi Ta\u015f\u0131tlar h\u0131zla gelip ge\u00e7iyor, her yer kalabal\u0131k, Ben seni d\u00fc\u015f\u00fcn\u00fcyorum bir bodrum kahvesinde Uzat bana uzat ellerini \u0130zinli askerler g\u00f6r\u00fcyorum, k\u0131r\u0131tarak y\u00fcr\u00fcyen i\u015f\u00e7i k\u0131zlar \u0130stanbul her g\u00fcnk\u00fc ya\u015fant\u0131s\u0131 i\u00e7inde, u\u011fultulu, G\u00fcvercinler g\u00fcne\u015ften bir sessizli\u011fi biriktiriyor Ben seni d\u00fc\u015f\u00fcn\u00fcyorum seni Hani t\u0131pk\u0131 o ilk g\u00fcnlerdeki gibi Kalbim diyorum kalbim Daha [&hellip;]<\/p>\n","protected":false},"author":1,"featured_media":0,"comment_status":"open","ping_status":"open","sticky":false,"template":"","format":"standard","meta":{"footnotes":""},"categories":[17],"tags":[],"class_list":{"0":"post-2352","1":"post","2":"type-post","3":"status-publish","4":"format-standard","6":"category-cemal-sureya"},"yoast_head":"<!-- This site is optimized with the Yoast SEO Premium plugin v24.9 (Yoast SEO v24.9) - https:\/\/yoast.com\/wordpress\/plugins\/seo\/ -->\n<title>SEVG\u0130L\u0130M, B\u0130R G\u00dcN\u00dcN - narteks.net<\/title>\n<meta name=\"robots\" content=\"index, follow, max-snippet:-1, max-image-preview:large, max-video-preview:-1\" \/>\n<link rel=\"canonical\" href=\"https:\/\/narteks.net\/index.php\/2009\/12\/05\/sevgilim-bir-gunun\/\" \/>\n<meta property=\"og:locale\" content=\"tr_TR\" \/>\n<meta property=\"og:type\" content=\"article\" \/>\n<meta property=\"og:title\" content=\"SEVG\u0130L\u0130M, B\u0130R G\u00dcN\u00dcN\" \/>\n<meta property=\"og:description\" content=\"\u00a0 Sevgilim, bir g\u00fcn\u00fcn ortas\u0131 \u015fimdi Ta\u015f\u0131tlar h\u0131zla gelip ge\u00e7iyor, her yer kalabal\u0131k, Ben seni d\u00fc\u015f\u00fcn\u00fcyorum bir bodrum kahvesinde Uzat bana uzat ellerini \u0130zinli askerler g\u00f6r\u00fcyorum, k\u0131r\u0131tarak y\u00fcr\u00fcyen i\u015f\u00e7i k\u0131zlar \u0130stanbul her g\u00fcnk\u00fc ya\u015fant\u0131s\u0131 i\u00e7inde, u\u011fultulu, G\u00fcvercinler g\u00fcne\u015ften bir sessizli\u011fi biriktiriyor Ben seni d\u00fc\u015f\u00fcn\u00fcyorum seni Hani t\u0131pk\u0131 o ilk g\u00fcnlerdeki gibi Kalbim diyorum kalbim Daha [&hellip;]\" \/>\n<meta property=\"og:url\" content=\"https:\/\/narteks.net\/index.php\/2009\/12\/05\/sevgilim-bir-gunun\/\" \/>\n<meta property=\"og:site_name\" content=\"narteks.net\" \/>\n<meta property=\"article:published_time\" content=\"2009-12-05T11:05:41+00:00\" \/>\n<meta property=\"og:image\" content=\"https:\/\/narteks.net\/wp-content\/uploads\/narteks.png\" \/>\n\t<meta property=\"og:image:width\" content=\"300\" \/>\n\t<meta property=\"og:image:height\" content=\"90\" \/>\n\t<meta property=\"og:image:type\" content=\"image\/png\" \/>\n<meta name=\"author\" content=\"Tar\u0131k\" \/>\n<meta name=\"twitter:card\" content=\"summary_large_image\" \/>\n<meta name=\"twitter:creator\" content=\"@narteks\" \/>\n<meta name=\"twitter:site\" content=\"@narteks\" \/>\n<meta name=\"twitter:label1\" content=\"Yazan:\" \/>\n\t<meta name=\"twitter:data1\" content=\"Tar\u0131k\" \/>\n\t<meta name=\"twitter:label2\" content=\"Tahmini okuma s\u00fcresi\" \/>\n\t<meta name=\"twitter:data2\" content=\"1 dakika\" \/>\n<script type=\"application\/ld+json\" class=\"yoast-schema-graph\">{\"@context\":\"https:\/\/schema.org\",\"@graph\":[{\"@type\":\"Article\",\"@id\":\"https:\/\/narteks.net\/index.php\/2009\/12\/05\/sevgilim-bir-gunun\/#article\",\"isPartOf\":{\"@id\":\"https:\/\/narteks.net\/index.php\/2009\/12\/05\/sevgilim-bir-gunun\/\"},\"author\":{\"name\":\"Tar\u0131k\",\"@id\":\"https:\/\/narteks.net\/#\/schema\/person\/61f37d9834294b72d31d274e7ed79bca\"},\"headline\":\"SEVG\u0130L\u0130M, B\u0130R G\u00dcN\u00dcN\",\"datePublished\":\"2009-12-05T11:05:41+00:00\",\"mainEntityOfPage\":{\"@id\":\"https:\/\/narteks.net\/index.php\/2009\/12\/05\/sevgilim-bir-gunun\/\"},\"wordCount\":193,\"commentCount\":0,\"publisher\":{\"@id\":\"https:\/\/narteks.net\/#organization\"},\"articleSection\":[\"Cemal S\u00dcREYA\"],\"inLanguage\":\"tr\",\"potentialAction\":[{\"@type\":\"CommentAction\",\"name\":\"Comment\",\"target\":[\"https:\/\/narteks.net\/index.php\/2009\/12\/05\/sevgilim-bir-gunun\/#respond\"]}]},{\"@type\":\"WebPage\",\"@id\":\"https:\/\/narteks.net\/index.php\/2009\/12\/05\/sevgilim-bir-gunun\/\",\"url\":\"https:\/\/narteks.net\/index.php\/2009\/12\/05\/sevgilim-bir-gunun\/\",\"name\":\"SEVG\u0130L\u0130M, B\u0130R G\u00dcN\u00dcN - narteks.net\",\"isPartOf\":{\"@id\":\"https:\/\/narteks.net\/#website\"},\"datePublished\":\"2009-12-05T11:05:41+00:00\",\"breadcrumb\":{\"@id\":\"https:\/\/narteks.net\/index.php\/2009\/12\/05\/sevgilim-bir-gunun\/#breadcrumb\"},\"inLanguage\":\"tr\",\"potentialAction\":[{\"@type\":\"ReadAction\",\"target\":[\"https:\/\/narteks.net\/index.php\/2009\/12\/05\/sevgilim-bir-gunun\/\"]}]},{\"@type\":\"BreadcrumbList\",\"@id\":\"https:\/\/narteks.net\/index.php\/2009\/12\/05\/sevgilim-bir-gunun\/#breadcrumb\",\"itemListElement\":[{\"@type\":\"ListItem\",\"position\":1,\"name\":\"Anasayfa\",\"item\":\"https:\/\/narteks.net\/\"},{\"@type\":\"ListItem\",\"position\":2,\"name\":\"SEVG\u0130L\u0130M, B\u0130R G\u00dcN\u00dcN\"}]},{\"@type\":\"WebSite\",\"@id\":\"https:\/\/narteks.net\/#website\",\"url\":\"https:\/\/narteks.net\/\",\"name\":\"narteks.net\",\"description\":\"K\u00fclt\u00fcr Sanat Edebiyat Felsefe\",\"publisher\":{\"@id\":\"https:\/\/narteks.net\/#organization\"},\"alternateName\":\"K\u00fclt\u00fcr Sanat Edebiyat Felsefe\",\"potentialAction\":[{\"@type\":\"SearchAction\",\"target\":{\"@type\":\"EntryPoint\",\"urlTemplate\":\"https:\/\/narteks.net\/?s={search_term_string}\"},\"query-input\":{\"@type\":\"PropertyValueSpecification\",\"valueRequired\":true,\"valueName\":\"search_term_string\"}}],\"inLanguage\":\"tr\"},{\"@type\":\"Organization\",\"@id\":\"https:\/\/narteks.net\/#organization\",\"name\":\"narteks.net\",\"url\":\"https:\/\/narteks.net\/\",\"logo\":{\"@type\":\"ImageObject\",\"inLanguage\":\"tr\",\"@id\":\"https:\/\/narteks.net\/#\/schema\/logo\/image\/\",\"url\":\"https:\/\/narteks.net\/wp-content\/uploads\/narteks.png\",\"contentUrl\":\"https:\/\/narteks.net\/wp-content\/uploads\/narteks.png\",\"width\":300,\"height\":90,\"caption\":\"narteks.net\"},\"image\":{\"@id\":\"https:\/\/narteks.net\/#\/schema\/logo\/image\/\"},\"sameAs\":[\"https:\/\/x.com\/narteks\",\"https:\/\/instagram.com\/narteksnet\"]},{\"@type\":\"Person\",\"@id\":\"https:\/\/narteks.net\/#\/schema\/person\/61f37d9834294b72d31d274e7ed79bca\",\"name\":\"Tar\u0131k\",\"image\":{\"@type\":\"ImageObject\",\"inLanguage\":\"tr\",\"@id\":\"https:\/\/narteks.net\/#\/schema\/person\/image\/\",\"url\":\"https:\/\/secure.gravatar.com\/avatar\/50865afb55632c4ae467e0af0930f6510aa2297d8014be502a55b14f3b7550cf?s=96&d=mm&r=g\",\"contentUrl\":\"https:\/\/secure.gravatar.com\/avatar\/50865afb55632c4ae467e0af0930f6510aa2297d8014be502a55b14f3b7550cf?s=96&d=mm&r=g\",\"caption\":\"Tar\u0131k\"},\"sameAs\":[\"http:\/\/narteks.net\"],\"url\":\"https:\/\/narteks.net\/index.php\/author\/narbak\/\"}]}<\/script>\n<!-- \/ Yoast SEO Premium plugin. -->","yoast_head_json":{"title":"SEVG\u0130L\u0130M, B\u0130R G\u00dcN\u00dcN - narteks.net","robots":{"index":"index","follow":"follow","max-snippet":"max-snippet:-1","max-image-preview":"max-image-preview:large","max-video-preview":"max-video-preview:-1"},"canonical":"https:\/\/narteks.net\/index.php\/2009\/12\/05\/sevgilim-bir-gunun\/","og_locale":"tr_TR","og_type":"article","og_title":"SEVG\u0130L\u0130M, B\u0130R G\u00dcN\u00dcN","og_description":"\u00a0 Sevgilim, bir g\u00fcn\u00fcn ortas\u0131 \u015fimdi Ta\u015f\u0131tlar h\u0131zla gelip ge\u00e7iyor, her yer kalabal\u0131k, Ben seni d\u00fc\u015f\u00fcn\u00fcyorum bir bodrum kahvesinde Uzat bana uzat ellerini \u0130zinli askerler g\u00f6r\u00fcyorum, k\u0131r\u0131tarak y\u00fcr\u00fcyen i\u015f\u00e7i k\u0131zlar \u0130stanbul her g\u00fcnk\u00fc ya\u015fant\u0131s\u0131 i\u00e7inde, u\u011fultulu, G\u00fcvercinler g\u00fcne\u015ften bir sessizli\u011fi biriktiriyor Ben seni d\u00fc\u015f\u00fcn\u00fcyorum seni Hani t\u0131pk\u0131 o ilk g\u00fcnlerdeki gibi Kalbim diyorum kalbim Daha [&hellip;]","og_url":"https:\/\/narteks.net\/index.php\/2009\/12\/05\/sevgilim-bir-gunun\/","og_site_name":"narteks.net","article_published_time":"2009-12-05T11:05:41+00:00","og_image":[{"width":300,"height":90,"url":"https:\/\/narteks.net\/wp-content\/uploads\/narteks.png","type":"image\/png"}],"author":"Tar\u0131k","twitter_card":"summary_large_image","twitter_creator":"@narteks","twitter_site":"@narteks","twitter_misc":{"Yazan:":"Tar\u0131k","Tahmini okuma s\u00fcresi":"1 dakika"},"schema":{"@context":"https:\/\/schema.org","@graph":[{"@type":"Article","@id":"https:\/\/narteks.net\/index.php\/2009\/12\/05\/sevgilim-bir-gunun\/#article","isPartOf":{"@id":"https:\/\/narteks.net\/index.php\/2009\/12\/05\/sevgilim-bir-gunun\/"},"author":{"name":"Tar\u0131k","@id":"https:\/\/narteks.net\/#\/schema\/person\/61f37d9834294b72d31d274e7ed79bca"},"headline":"SEVG\u0130L\u0130M, B\u0130R G\u00dcN\u00dcN","datePublished":"2009-12-05T11:05:41+00:00","mainEntityOfPage":{"@id":"https:\/\/narteks.net\/index.php\/2009\/12\/05\/sevgilim-bir-gunun\/"},"wordCount":193,"commentCount":0,"publisher":{"@id":"https:\/\/narteks.net\/#organization"},"articleSection":["Cemal S\u00dcREYA"],"inLanguage":"tr","potentialAction":[{"@type":"CommentAction","name":"Comment","target":["https:\/\/narteks.net\/index.php\/2009\/12\/05\/sevgilim-bir-gunun\/#respond"]}]},{"@type":"WebPage","@id":"https:\/\/narteks.net\/index.php\/2009\/12\/05\/sevgilim-bir-gunun\/","url":"https:\/\/narteks.net\/index.php\/2009\/12\/05\/sevgilim-bir-gunun\/","name":"SEVG\u0130L\u0130M, B\u0130R G\u00dcN\u00dcN - narteks.net","isPartOf":{"@id":"https:\/\/narteks.net\/#website"},"datePublished":"2009-12-05T11:05:41+00:00","breadcrumb":{"@id":"https:\/\/narteks.net\/index.php\/2009\/12\/05\/sevgilim-bir-gunun\/#breadcrumb"},"inLanguage":"tr","potentialAction":[{"@type":"ReadAction","target":["https:\/\/narteks.net\/index.php\/2009\/12\/05\/sevgilim-bir-gunun\/"]}]},{"@type":"BreadcrumbList","@id":"https:\/\/narteks.net\/index.php\/2009\/12\/05\/sevgilim-bir-gunun\/#breadcrumb","itemListElement":[{"@type":"ListItem","position":1,"name":"Anasayfa","item":"https:\/\/narteks.net\/"},{"@type":"ListItem","position":2,"name":"SEVG\u0130L\u0130M, B\u0130R G\u00dcN\u00dcN"}]},{"@type":"WebSite","@id":"https:\/\/narteks.net\/#website","url":"https:\/\/narteks.net\/","name":"narteks.net","description":"K\u00fclt\u00fcr Sanat Edebiyat Felsefe","publisher":{"@id":"https:\/\/narteks.net\/#organization"},"alternateName":"K\u00fclt\u00fcr Sanat Edebiyat Felsefe","potentialAction":[{"@type":"SearchAction","target":{"@type":"EntryPoint","urlTemplate":"https:\/\/narteks.net\/?s={search_term_string}"},"query-input":{"@type":"PropertyValueSpecification","valueRequired":true,"valueName":"search_term_string"}}],"inLanguage":"tr"},{"@type":"Organization","@id":"https:\/\/narteks.net\/#organization","name":"narteks.net","url":"https:\/\/narteks.net\/","logo":{"@type":"ImageObject","inLanguage":"tr","@id":"https:\/\/narteks.net\/#\/schema\/logo\/image\/","url":"https:\/\/narteks.net\/wp-content\/uploads\/narteks.png","contentUrl":"https:\/\/narteks.net\/wp-content\/uploads\/narteks.png","width":300,"height":90,"caption":"narteks.net"},"image":{"@id":"https:\/\/narteks.net\/#\/schema\/logo\/image\/"},"sameAs":["https:\/\/x.com\/narteks","https:\/\/instagram.com\/narteksnet"]},{"@type":"Person","@id":"https:\/\/narteks.net\/#\/schema\/person\/61f37d9834294b72d31d274e7ed79bca","name":"Tar\u0131k","image":{"@type":"ImageObject","inLanguage":"tr","@id":"https:\/\/narteks.net\/#\/schema\/person\/image\/","url":"https:\/\/secure.gravatar.com\/avatar\/50865afb55632c4ae467e0af0930f6510aa2297d8014be502a55b14f3b7550cf?s=96&d=mm&r=g","contentUrl":"https:\/\/secure.gravatar.com\/avatar\/50865afb55632c4ae467e0af0930f6510aa2297d8014be502a55b14f3b7550cf?s=96&d=mm&r=g","caption":"Tar\u0131k"},"sameAs":["http:\/\/narteks.net"],"url":"https:\/\/narteks.net\/index.php\/author\/narbak\/"}]}},"_links":{"self":[{"href":"https:\/\/narteks.net\/index.php\/wp-json\/wp\/v2\/posts\/2352","targetHints":{"allow":["GET"]}}],"collection":[{"href":"https:\/\/narteks.net\/index.php\/wp-json\/wp\/v2\/posts"}],"about":[{"href":"https:\/\/narteks.net\/index.php\/wp-json\/wp\/v2\/types\/post"}],"author":[{"embeddable":true,"href":"https:\/\/narteks.net\/index.php\/wp-json\/wp\/v2\/users\/1"}],"replies":[{"embeddable":true,"href":"https:\/\/narteks.net\/index.php\/wp-json\/wp\/v2\/comments?post=2352"}],"version-history":[{"count":0,"href":"https:\/\/narteks.net\/index.php\/wp-json\/wp\/v2\/posts\/2352\/revisions"}],"wp:attachment":[{"href":"https:\/\/narteks.net\/index.php\/wp-json\/wp\/v2\/media?parent=2352"}],"wp:term":[{"taxonomy":"category","embeddable":true,"href":"https:\/\/narteks.net\/index.php\/wp-json\/wp\/v2\/categories?post=2352"},{"taxonomy":"post_tag","embeddable":true,"href":"https:\/\/narteks.net\/index.php\/wp-json\/wp\/v2\/tags?post=2352"}],"curies":[{"name":"wp","href":"https:\/\/api.w.org\/{rel}","templated":true}]}}