{"id":2353,"date":"2009-12-05T14:06:18","date_gmt":"2009-12-05T11:06:18","guid":{"rendered":"http:\/\/localhost\/wordpress\/2009\/12\/05\/sevincelik\/"},"modified":"2009-12-05T14:06:18","modified_gmt":"2009-12-05T11:06:18","slug":"sevincelik","status":"publish","type":"post","link":"https:\/\/narteks.net\/index.php\/2009\/12\/05\/sevincelik\/","title":{"rendered":"SEV\u0130NCEL\u0130K"},"content":{"rendered":"<p>\u00a0<\/p>\n<p>K\u0131zkulesi&#8217;ni d\u00fc\u015f getiren pay senetleri <br \/> K\u0131sa g\u00fcnde kap\u0131\u015f kap\u0131\u015f gitti <\/p>\n<p> \u0130\u015f\u00e7isi k\u00f6yl\u00fcs\u00fc \u00f6\u011frencisi \u015fairi <br \/> Tam tam\u0131na 49,5 milyon ki\u015fi <\/p>\n<p> Yaz\u0131ld\u0131 defterine g\u00fczelli\u011fin <br \/> \u00c7ocuklar sabah ak\u015fam resim \u00e7ektirdi <\/p>\n<p> Sevin\u00e7ler ac\u0131lar \u015fark\u0131lar ki <br \/> \u0130stanbul&#8217;u an an g\u00f6r\u00fcn\u00fcr k\u0131lar <\/p>\n<p> Fenerime u\u011fru ye\u015fil tatl\u0131 pembe s\u00fcr\u00fclm\u00fc\u015f <br \/> Yan\u0131nda ne ki Ko\u00e7&#8217;lar Sabanc\u0131&#8217;lar <\/p>\n<p> Sonra 49,5 milyon d\u00fc\u015f senedi <br \/> Bir sabah t\u00f6renle denize verildi <\/p>\n<p> \u0130\u00e7lerinden \u00fc\u00e7 tanesi de <br \/> \u015eu \u015fu \u015fu ki\u015filere ciro edildi: <\/p>\n<p> Tarihin babas\u0131 say\u0131lan Herodotos&#8217;a; <br \/> Tarihin bir babas\u0131 daha varsa ona; <\/p>\n<p> &#8211; Ve uzun tart\u0131\u015fmalardan sonra &#8211; <br \/> N\u00fcfusumuzun geri kalan k\u0131sm\u0131na.<\/p>\n","protected":false},"excerpt":{"rendered":"<p>\u00a0 K\u0131zkulesi&#8217;ni d\u00fc\u015f getiren pay senetleri K\u0131sa g\u00fcnde kap\u0131\u015f kap\u0131\u015f gitti \u0130\u015f\u00e7isi k\u00f6yl\u00fcs\u00fc \u00f6\u011frencisi \u015fairi Tam tam\u0131na 49,5 milyon ki\u015fi Yaz\u0131ld\u0131 defterine g\u00fczelli\u011fin \u00c7ocuklar sabah ak\u015fam resim \u00e7ektirdi Sevin\u00e7ler ac\u0131lar \u015fark\u0131lar ki \u0130stanbul&#8217;u an an g\u00f6r\u00fcn\u00fcr k\u0131lar Fenerime u\u011fru ye\u015fil tatl\u0131 pembe s\u00fcr\u00fclm\u00fc\u015f Yan\u0131nda ne ki Ko\u00e7&#8217;lar Sabanc\u0131&#8217;lar Sonra 49,5 milyon d\u00fc\u015f senedi Bir sabah [&hellip;]<\/p>\n","protected":false},"author":1,"featured_media":0,"comment_status":"open","ping_status":"open","sticky":false,"template":"","format":"standard","meta":{"footnotes":""},"categories":[17],"tags":[],"class_list":{"0":"post-2353","1":"post","2":"type-post","3":"status-publish","4":"format-standard","6":"category-cemal-sureya"},"yoast_head":"<!-- This site is optimized with the Yoast SEO Premium plugin v24.9 (Yoast SEO v24.9) - https:\/\/yoast.com\/wordpress\/plugins\/seo\/ -->\n<title>SEV\u0130NCEL\u0130K - narteks.net<\/title>\n<meta name=\"robots\" content=\"index, follow, max-snippet:-1, max-image-preview:large, max-video-preview:-1\" \/>\n<link rel=\"canonical\" href=\"https:\/\/narteks.net\/index.php\/2009\/12\/05\/sevincelik\/\" \/>\n<meta property=\"og:locale\" content=\"tr_TR\" \/>\n<meta property=\"og:type\" content=\"article\" \/>\n<meta property=\"og:title\" content=\"SEV\u0130NCEL\u0130K\" \/>\n<meta property=\"og:description\" content=\"\u00a0 K\u0131zkulesi&#8217;ni d\u00fc\u015f getiren pay senetleri K\u0131sa g\u00fcnde kap\u0131\u015f kap\u0131\u015f gitti \u0130\u015f\u00e7isi k\u00f6yl\u00fcs\u00fc \u00f6\u011frencisi \u015fairi Tam tam\u0131na 49,5 milyon ki\u015fi Yaz\u0131ld\u0131 defterine g\u00fczelli\u011fin \u00c7ocuklar sabah ak\u015fam resim \u00e7ektirdi Sevin\u00e7ler ac\u0131lar \u015fark\u0131lar ki \u0130stanbul&#8217;u an an g\u00f6r\u00fcn\u00fcr k\u0131lar Fenerime u\u011fru ye\u015fil tatl\u0131 pembe s\u00fcr\u00fclm\u00fc\u015f Yan\u0131nda ne ki Ko\u00e7&#8217;lar Sabanc\u0131&#8217;lar Sonra 49,5 milyon d\u00fc\u015f senedi Bir sabah [&hellip;]\" \/>\n<meta property=\"og:url\" content=\"https:\/\/narteks.net\/index.php\/2009\/12\/05\/sevincelik\/\" \/>\n<meta property=\"og:site_name\" content=\"narteks.net\" \/>\n<meta property=\"article:published_time\" content=\"2009-12-05T11:06:18+00:00\" \/>\n<meta property=\"og:image\" content=\"https:\/\/narteks.net\/wp-content\/uploads\/narteks.png\" \/>\n\t<meta property=\"og:image:width\" content=\"300\" \/>\n\t<meta property=\"og:image:height\" content=\"90\" \/>\n\t<meta property=\"og:image:type\" content=\"image\/png\" \/>\n<meta name=\"author\" content=\"Tar\u0131k\" \/>\n<meta name=\"twitter:card\" content=\"summary_large_image\" \/>\n<meta name=\"twitter:creator\" content=\"@narteks\" \/>\n<meta name=\"twitter:site\" content=\"@narteks\" \/>\n<meta name=\"twitter:label1\" content=\"Yazan:\" \/>\n\t<meta name=\"twitter:data1\" content=\"Tar\u0131k\" \/>\n\t<meta name=\"twitter:label2\" content=\"Tahmini okuma s\u00fcresi\" \/>\n\t<meta name=\"twitter:data2\" content=\"1 dakika\" \/>\n<script type=\"application\/ld+json\" class=\"yoast-schema-graph\">{\"@context\":\"https:\/\/schema.org\",\"@graph\":[{\"@type\":\"Article\",\"@id\":\"https:\/\/narteks.net\/index.php\/2009\/12\/05\/sevincelik\/#article\",\"isPartOf\":{\"@id\":\"https:\/\/narteks.net\/index.php\/2009\/12\/05\/sevincelik\/\"},\"author\":{\"name\":\"Tar\u0131k\",\"@id\":\"https:\/\/narteks.net\/#\/schema\/person\/61f37d9834294b72d31d274e7ed79bca\"},\"headline\":\"SEV\u0130NCEL\u0130K\",\"datePublished\":\"2009-12-05T11:06:18+00:00\",\"mainEntityOfPage\":{\"@id\":\"https:\/\/narteks.net\/index.php\/2009\/12\/05\/sevincelik\/\"},\"wordCount\":119,\"commentCount\":0,\"publisher\":{\"@id\":\"https:\/\/narteks.net\/#organization\"},\"articleSection\":[\"Cemal S\u00dcREYA\"],\"inLanguage\":\"tr\",\"potentialAction\":[{\"@type\":\"CommentAction\",\"name\":\"Comment\",\"target\":[\"https:\/\/narteks.net\/index.php\/2009\/12\/05\/sevincelik\/#respond\"]}]},{\"@type\":\"WebPage\",\"@id\":\"https:\/\/narteks.net\/index.php\/2009\/12\/05\/sevincelik\/\",\"url\":\"https:\/\/narteks.net\/index.php\/2009\/12\/05\/sevincelik\/\",\"name\":\"SEV\u0130NCEL\u0130K - narteks.net\",\"isPartOf\":{\"@id\":\"https:\/\/narteks.net\/#website\"},\"datePublished\":\"2009-12-05T11:06:18+00:00\",\"breadcrumb\":{\"@id\":\"https:\/\/narteks.net\/index.php\/2009\/12\/05\/sevincelik\/#breadcrumb\"},\"inLanguage\":\"tr\",\"potentialAction\":[{\"@type\":\"ReadAction\",\"target\":[\"https:\/\/narteks.net\/index.php\/2009\/12\/05\/sevincelik\/\"]}]},{\"@type\":\"BreadcrumbList\",\"@id\":\"https:\/\/narteks.net\/index.php\/2009\/12\/05\/sevincelik\/#breadcrumb\",\"itemListElement\":[{\"@type\":\"ListItem\",\"position\":1,\"name\":\"Anasayfa\",\"item\":\"https:\/\/narteks.net\/\"},{\"@type\":\"ListItem\",\"position\":2,\"name\":\"SEV\u0130NCEL\u0130K\"}]},{\"@type\":\"WebSite\",\"@id\":\"https:\/\/narteks.net\/#website\",\"url\":\"https:\/\/narteks.net\/\",\"name\":\"narteks.net\",\"description\":\"K\u00fclt\u00fcr Sanat Edebiyat Felsefe\",\"publisher\":{\"@id\":\"https:\/\/narteks.net\/#organization\"},\"alternateName\":\"K\u00fclt\u00fcr Sanat Edebiyat Felsefe\",\"potentialAction\":[{\"@type\":\"SearchAction\",\"target\":{\"@type\":\"EntryPoint\",\"urlTemplate\":\"https:\/\/narteks.net\/?s={search_term_string}\"},\"query-input\":{\"@type\":\"PropertyValueSpecification\",\"valueRequired\":true,\"valueName\":\"search_term_string\"}}],\"inLanguage\":\"tr\"},{\"@type\":\"Organization\",\"@id\":\"https:\/\/narteks.net\/#organization\",\"name\":\"narteks.net\",\"url\":\"https:\/\/narteks.net\/\",\"logo\":{\"@type\":\"ImageObject\",\"inLanguage\":\"tr\",\"@id\":\"https:\/\/narteks.net\/#\/schema\/logo\/image\/\",\"url\":\"https:\/\/narteks.net\/wp-content\/uploads\/narteks.png\",\"contentUrl\":\"https:\/\/narteks.net\/wp-content\/uploads\/narteks.png\",\"width\":300,\"height\":90,\"caption\":\"narteks.net\"},\"image\":{\"@id\":\"https:\/\/narteks.net\/#\/schema\/logo\/image\/\"},\"sameAs\":[\"https:\/\/x.com\/narteks\",\"https:\/\/instagram.com\/narteksnet\"]},{\"@type\":\"Person\",\"@id\":\"https:\/\/narteks.net\/#\/schema\/person\/61f37d9834294b72d31d274e7ed79bca\",\"name\":\"Tar\u0131k\",\"image\":{\"@type\":\"ImageObject\",\"inLanguage\":\"tr\",\"@id\":\"https:\/\/narteks.net\/#\/schema\/person\/image\/\",\"url\":\"https:\/\/secure.gravatar.com\/avatar\/50865afb55632c4ae467e0af0930f6510aa2297d8014be502a55b14f3b7550cf?s=96&d=mm&r=g\",\"contentUrl\":\"https:\/\/secure.gravatar.com\/avatar\/50865afb55632c4ae467e0af0930f6510aa2297d8014be502a55b14f3b7550cf?s=96&d=mm&r=g\",\"caption\":\"Tar\u0131k\"},\"sameAs\":[\"http:\/\/narteks.net\"],\"url\":\"https:\/\/narteks.net\/index.php\/author\/narbak\/\"}]}<\/script>\n<!-- \/ Yoast SEO Premium plugin. -->","yoast_head_json":{"title":"SEV\u0130NCEL\u0130K - narteks.net","robots":{"index":"index","follow":"follow","max-snippet":"max-snippet:-1","max-image-preview":"max-image-preview:large","max-video-preview":"max-video-preview:-1"},"canonical":"https:\/\/narteks.net\/index.php\/2009\/12\/05\/sevincelik\/","og_locale":"tr_TR","og_type":"article","og_title":"SEV\u0130NCEL\u0130K","og_description":"\u00a0 K\u0131zkulesi&#8217;ni d\u00fc\u015f getiren pay senetleri K\u0131sa g\u00fcnde kap\u0131\u015f kap\u0131\u015f gitti \u0130\u015f\u00e7isi k\u00f6yl\u00fcs\u00fc \u00f6\u011frencisi \u015fairi Tam tam\u0131na 49,5 milyon ki\u015fi Yaz\u0131ld\u0131 defterine g\u00fczelli\u011fin \u00c7ocuklar sabah ak\u015fam resim \u00e7ektirdi Sevin\u00e7ler ac\u0131lar \u015fark\u0131lar ki \u0130stanbul&#8217;u an an g\u00f6r\u00fcn\u00fcr k\u0131lar Fenerime u\u011fru ye\u015fil tatl\u0131 pembe s\u00fcr\u00fclm\u00fc\u015f Yan\u0131nda ne ki Ko\u00e7&#8217;lar Sabanc\u0131&#8217;lar Sonra 49,5 milyon d\u00fc\u015f senedi Bir sabah [&hellip;]","og_url":"https:\/\/narteks.net\/index.php\/2009\/12\/05\/sevincelik\/","og_site_name":"narteks.net","article_published_time":"2009-12-05T11:06:18+00:00","og_image":[{"width":300,"height":90,"url":"https:\/\/narteks.net\/wp-content\/uploads\/narteks.png","type":"image\/png"}],"author":"Tar\u0131k","twitter_card":"summary_large_image","twitter_creator":"@narteks","twitter_site":"@narteks","twitter_misc":{"Yazan:":"Tar\u0131k","Tahmini okuma s\u00fcresi":"1 dakika"},"schema":{"@context":"https:\/\/schema.org","@graph":[{"@type":"Article","@id":"https:\/\/narteks.net\/index.php\/2009\/12\/05\/sevincelik\/#article","isPartOf":{"@id":"https:\/\/narteks.net\/index.php\/2009\/12\/05\/sevincelik\/"},"author":{"name":"Tar\u0131k","@id":"https:\/\/narteks.net\/#\/schema\/person\/61f37d9834294b72d31d274e7ed79bca"},"headline":"SEV\u0130NCEL\u0130K","datePublished":"2009-12-05T11:06:18+00:00","mainEntityOfPage":{"@id":"https:\/\/narteks.net\/index.php\/2009\/12\/05\/sevincelik\/"},"wordCount":119,"commentCount":0,"publisher":{"@id":"https:\/\/narteks.net\/#organization"},"articleSection":["Cemal S\u00dcREYA"],"inLanguage":"tr","potentialAction":[{"@type":"CommentAction","name":"Comment","target":["https:\/\/narteks.net\/index.php\/2009\/12\/05\/sevincelik\/#respond"]}]},{"@type":"WebPage","@id":"https:\/\/narteks.net\/index.php\/2009\/12\/05\/sevincelik\/","url":"https:\/\/narteks.net\/index.php\/2009\/12\/05\/sevincelik\/","name":"SEV\u0130NCEL\u0130K - narteks.net","isPartOf":{"@id":"https:\/\/narteks.net\/#website"},"datePublished":"2009-12-05T11:06:18+00:00","breadcrumb":{"@id":"https:\/\/narteks.net\/index.php\/2009\/12\/05\/sevincelik\/#breadcrumb"},"inLanguage":"tr","potentialAction":[{"@type":"ReadAction","target":["https:\/\/narteks.net\/index.php\/2009\/12\/05\/sevincelik\/"]}]},{"@type":"BreadcrumbList","@id":"https:\/\/narteks.net\/index.php\/2009\/12\/05\/sevincelik\/#breadcrumb","itemListElement":[{"@type":"ListItem","position":1,"name":"Anasayfa","item":"https:\/\/narteks.net\/"},{"@type":"ListItem","position":2,"name":"SEV\u0130NCEL\u0130K"}]},{"@type":"WebSite","@id":"https:\/\/narteks.net\/#website","url":"https:\/\/narteks.net\/","name":"narteks.net","description":"K\u00fclt\u00fcr Sanat Edebiyat Felsefe","publisher":{"@id":"https:\/\/narteks.net\/#organization"},"alternateName":"K\u00fclt\u00fcr Sanat Edebiyat Felsefe","potentialAction":[{"@type":"SearchAction","target":{"@type":"EntryPoint","urlTemplate":"https:\/\/narteks.net\/?s={search_term_string}"},"query-input":{"@type":"PropertyValueSpecification","valueRequired":true,"valueName":"search_term_string"}}],"inLanguage":"tr"},{"@type":"Organization","@id":"https:\/\/narteks.net\/#organization","name":"narteks.net","url":"https:\/\/narteks.net\/","logo":{"@type":"ImageObject","inLanguage":"tr","@id":"https:\/\/narteks.net\/#\/schema\/logo\/image\/","url":"https:\/\/narteks.net\/wp-content\/uploads\/narteks.png","contentUrl":"https:\/\/narteks.net\/wp-content\/uploads\/narteks.png","width":300,"height":90,"caption":"narteks.net"},"image":{"@id":"https:\/\/narteks.net\/#\/schema\/logo\/image\/"},"sameAs":["https:\/\/x.com\/narteks","https:\/\/instagram.com\/narteksnet"]},{"@type":"Person","@id":"https:\/\/narteks.net\/#\/schema\/person\/61f37d9834294b72d31d274e7ed79bca","name":"Tar\u0131k","image":{"@type":"ImageObject","inLanguage":"tr","@id":"https:\/\/narteks.net\/#\/schema\/person\/image\/","url":"https:\/\/secure.gravatar.com\/avatar\/50865afb55632c4ae467e0af0930f6510aa2297d8014be502a55b14f3b7550cf?s=96&d=mm&r=g","contentUrl":"https:\/\/secure.gravatar.com\/avatar\/50865afb55632c4ae467e0af0930f6510aa2297d8014be502a55b14f3b7550cf?s=96&d=mm&r=g","caption":"Tar\u0131k"},"sameAs":["http:\/\/narteks.net"],"url":"https:\/\/narteks.net\/index.php\/author\/narbak\/"}]}},"_links":{"self":[{"href":"https:\/\/narteks.net\/index.php\/wp-json\/wp\/v2\/posts\/2353","targetHints":{"allow":["GET"]}}],"collection":[{"href":"https:\/\/narteks.net\/index.php\/wp-json\/wp\/v2\/posts"}],"about":[{"href":"https:\/\/narteks.net\/index.php\/wp-json\/wp\/v2\/types\/post"}],"author":[{"embeddable":true,"href":"https:\/\/narteks.net\/index.php\/wp-json\/wp\/v2\/users\/1"}],"replies":[{"embeddable":true,"href":"https:\/\/narteks.net\/index.php\/wp-json\/wp\/v2\/comments?post=2353"}],"version-history":[{"count":0,"href":"https:\/\/narteks.net\/index.php\/wp-json\/wp\/v2\/posts\/2353\/revisions"}],"wp:attachment":[{"href":"https:\/\/narteks.net\/index.php\/wp-json\/wp\/v2\/media?parent=2353"}],"wp:term":[{"taxonomy":"category","embeddable":true,"href":"https:\/\/narteks.net\/index.php\/wp-json\/wp\/v2\/categories?post=2353"},{"taxonomy":"post_tag","embeddable":true,"href":"https:\/\/narteks.net\/index.php\/wp-json\/wp\/v2\/tags?post=2353"}],"curies":[{"name":"wp","href":"https:\/\/api.w.org\/{rel}","templated":true}]}}