{"id":2356,"date":"2009-12-05T14:08:11","date_gmt":"2009-12-05T11:08:11","guid":{"rendered":"http:\/\/localhost\/wordpress\/2009\/12\/05\/siz-saatleri\/"},"modified":"2009-12-05T14:08:11","modified_gmt":"2009-12-05T11:08:11","slug":"siz-saatleri","status":"publish","type":"post","link":"https:\/\/narteks.net\/index.php\/2009\/12\/05\/siz-saatleri\/","title":{"rendered":"S\u0130Z SAATLER\u0130"},"content":{"rendered":"<p>\u00a0<\/p>\n<p>Siz, saatleri ya\u015fad\u0131n\u0131z. Zamanta\u015flar\u0131n\u0131. Niceldir saatler. Ads\u0131zs\u0131rlar. Renklerini, kokular\u0131n\u0131 ki\u015fiselliklerden al\u0131rlar. <br \/> Aylar birbirinin i\u00e7inden y\u00fcr\u00fcyebilir. A\u011fustosta bile Marta g\u00f6nderme vard\u0131r. Yine de g\u00f6nderme mevsim mant\u0131\u011f\u0131yla s\u0131n\u0131rl\u0131d\u0131r. <br \/> G\u00fcnlerse bamba\u015fka. Bir g\u00fcn\u00fcn \u00f6b\u00fcr\u00fcn\u00fcn \u00f6n\u00fcne ge\u00e7mesine izin yok. G\u00fcn\u00fcn gizi hem ki\u015fiselli\u011fimizde, hem de onun kendi ki\u015fiselli\u011finde. <br \/> Siz, saatleri ya\u015fad\u0131n\u0131z. Hen\u00fcz s\u00f6zc\u00fck haline d\u00f6n\u00fc\u015fmemi\u015f, ya da bir s\u00f6zc\u00fck kar\u015f\u0131l\u0131\u011f\u0131 olu\u015fmam\u0131\u015f durumlar yaratt\u0131n\u0131z. Tan\u0131\u011f\u0131n\u0131z\u0131m. <br \/> Aylar aylar\u0131 a\u00e7\u0131kl\u0131yor. <br \/> Saatler saatleri kum saatiyle a\u00e7\u0131klayabiliyor. <br \/> A\u00e7\u0131klanmayan tek \u015fey a\u015fk: En b\u00fcy\u00fck sayr\u0131l\u0131k ve en b\u00fcy\u00fck sa\u011fl\u0131k. <br \/> G\u00fcn\u00fc tam gelmemi\u015f olarak bir yan\u0131n\u0131 gizleyen duygu. <br \/> Denet\u00e7i anlamaz, tarih\u00e7i atlar, terzi bir araya getiremez, sanat\u00e7\u0131 elden ka\u00e7\u0131r\u0131r. <br \/> Kent y\u0131k\u0131l\u0131yor. Sokaklar u\u00e7tan uca kaz\u0131lm\u0131\u015f. Sesimiz radyasyon i\u00e7inde. M\u00fchendisler geldiler; kedi resmini bile cetvelle \u00e7izerler. G\u00f6zlem evinde art arda mevsimler s\u00f6k\u00fcl\u00fcr. <br \/> Mah\u015ferin ortal\u0131k yerinde size rastlad\u0131k. Elinizi \u015furam\u0131za koydunuz. <br \/> S\u00fcrg\u00fcnd\u00fck. G\u00f6\u00e7ebeli\u011fin elveri\u015fli yanlar\u0131n\u0131 da yitirmi\u015f gibiydik. Yan\u0131n\u0131zda g\u00f6\u00e7men olduk. Bir yerle\u015fmi\u015flik duygusu ki, h\u0131rkam\u0131z yazl\u0131k sinemada iliklenir. <br \/> G\u00fcne\u015f her sabah verilmi\u015f bir s\u00f6z gibi do\u011fuyordu. <br \/> Ger\u00e7ek neydi biliyor musunuz: Her \u015fey. <br \/> Y\u00fcz y\u0131l sonra bu g\u00fcn ya\u015fayan hi\u00e7bir anne, hi\u00e7bir sevgili, hi\u00e7bir bebek, hi\u00e7bir b\u0131ld\u0131rc\u0131n, hi\u00e7bir balina, hi\u00e7bir \u00f6r\u00fcmcek, hi\u00e7bir aslan, hi\u00e7bir ceylan, hi\u00e7bir y\u0131lan var olmayacak. Ayr\u0131 bir karde\u015flik kan\u0131t\u0131 de\u011fil mi bu? Hayat kan\u0131t\u0131. Birbirimizin her y\u00f6nden \u00e7a\u011fda\u015f\u0131y\u0131z. <br \/> Siz tebe\u015firle kara tahtaya ne g\u00fczel yazan. <br \/> Kuzular i\u00e7in \u00f6zel bir b\u00f6l\u00fcm a\u00e7may\u0131 da hi\u00e7 unutmayan. <br \/> Saatlerle ya\u015fad\u0131n\u0131z. D\u00fc\u015flerinizde do\u011fulu bir ressam\u0131n elinden \u00e7\u0131km\u0131\u015f a\u011f\u0131rl\u0131ks\u0131z yapraklar. <br \/> K\u0131zb\u00f6ce\u011fi de g\u00f6r\u00fcnd\u00fc. Gece de u\u00e7maya ba\u015flam\u0131\u015f. <br \/> Bak\u0131r kaptan g\u00fcnl\u00fck kokusu yay\u0131l\u0131r. <br \/> Geceyle birlikte. <br \/> Gece de. <br \/> Sen Serpin, sen Nuri, orda burda nas\u0131l dola\u015ft\u0131rd\u0131n\u0131z. Benziyordunuz. Ayn\u0131 ki\u015fi miydiniz? <br \/> \u0130ki din var: siyah ve beyaz. Gerisi? ..<\/p>\n","protected":false},"excerpt":{"rendered":"<p>\u00a0 Siz, saatleri ya\u015fad\u0131n\u0131z. Zamanta\u015flar\u0131n\u0131. Niceldir saatler. Ads\u0131zs\u0131rlar. Renklerini, kokular\u0131n\u0131 ki\u015fiselliklerden al\u0131rlar. Aylar birbirinin i\u00e7inden y\u00fcr\u00fcyebilir. A\u011fustosta bile Marta g\u00f6nderme vard\u0131r. Yine de g\u00f6nderme mevsim mant\u0131\u011f\u0131yla s\u0131n\u0131rl\u0131d\u0131r. G\u00fcnlerse bamba\u015fka. Bir g\u00fcn\u00fcn \u00f6b\u00fcr\u00fcn\u00fcn \u00f6n\u00fcne ge\u00e7mesine izin yok. G\u00fcn\u00fcn gizi hem ki\u015fiselli\u011fimizde, hem de onun kendi ki\u015fiselli\u011finde. Siz, saatleri ya\u015fad\u0131n\u0131z. Hen\u00fcz s\u00f6zc\u00fck haline d\u00f6n\u00fc\u015fmemi\u015f, ya da bir [&hellip;]<\/p>\n","protected":false},"author":1,"featured_media":0,"comment_status":"open","ping_status":"open","sticky":false,"template":"","format":"standard","meta":{"footnotes":""},"categories":[17],"tags":[],"class_list":{"0":"post-2356","1":"post","2":"type-post","3":"status-publish","4":"format-standard","6":"category-cemal-sureya"},"yoast_head":"<!-- This site is optimized with the Yoast SEO Premium plugin v24.9 (Yoast SEO v24.9) - https:\/\/yoast.com\/wordpress\/plugins\/seo\/ -->\n<title>S\u0130Z SAATLER\u0130 - narteks.net<\/title>\n<meta name=\"robots\" content=\"index, follow, max-snippet:-1, max-image-preview:large, max-video-preview:-1\" \/>\n<link rel=\"canonical\" href=\"https:\/\/narteks.net\/index.php\/2009\/12\/05\/siz-saatleri\/\" \/>\n<meta property=\"og:locale\" content=\"tr_TR\" \/>\n<meta property=\"og:type\" content=\"article\" \/>\n<meta property=\"og:title\" content=\"S\u0130Z SAATLER\u0130\" \/>\n<meta property=\"og:description\" content=\"\u00a0 Siz, saatleri ya\u015fad\u0131n\u0131z. Zamanta\u015flar\u0131n\u0131. Niceldir saatler. Ads\u0131zs\u0131rlar. Renklerini, kokular\u0131n\u0131 ki\u015fiselliklerden al\u0131rlar. Aylar birbirinin i\u00e7inden y\u00fcr\u00fcyebilir. A\u011fustosta bile Marta g\u00f6nderme vard\u0131r. Yine de g\u00f6nderme mevsim mant\u0131\u011f\u0131yla s\u0131n\u0131rl\u0131d\u0131r. G\u00fcnlerse bamba\u015fka. Bir g\u00fcn\u00fcn \u00f6b\u00fcr\u00fcn\u00fcn \u00f6n\u00fcne ge\u00e7mesine izin yok. G\u00fcn\u00fcn gizi hem ki\u015fiselli\u011fimizde, hem de onun kendi ki\u015fiselli\u011finde. Siz, saatleri ya\u015fad\u0131n\u0131z. Hen\u00fcz s\u00f6zc\u00fck haline d\u00f6n\u00fc\u015fmemi\u015f, ya da bir [&hellip;]\" \/>\n<meta property=\"og:url\" content=\"https:\/\/narteks.net\/index.php\/2009\/12\/05\/siz-saatleri\/\" \/>\n<meta property=\"og:site_name\" content=\"narteks.net\" \/>\n<meta property=\"article:published_time\" content=\"2009-12-05T11:08:11+00:00\" \/>\n<meta property=\"og:image\" content=\"https:\/\/narteks.net\/wp-content\/uploads\/narteks.png\" \/>\n\t<meta property=\"og:image:width\" content=\"300\" \/>\n\t<meta property=\"og:image:height\" content=\"90\" \/>\n\t<meta property=\"og:image:type\" content=\"image\/png\" \/>\n<meta name=\"author\" content=\"Tar\u0131k\" \/>\n<meta name=\"twitter:card\" content=\"summary_large_image\" \/>\n<meta name=\"twitter:creator\" content=\"@narteks\" \/>\n<meta name=\"twitter:site\" content=\"@narteks\" \/>\n<meta name=\"twitter:label1\" content=\"Yazan:\" \/>\n\t<meta name=\"twitter:data1\" content=\"Tar\u0131k\" \/>\n\t<meta name=\"twitter:label2\" content=\"Tahmini okuma s\u00fcresi\" \/>\n\t<meta name=\"twitter:data2\" content=\"2 dakika\" \/>\n<script type=\"application\/ld+json\" class=\"yoast-schema-graph\">{\"@context\":\"https:\/\/schema.org\",\"@graph\":[{\"@type\":\"Article\",\"@id\":\"https:\/\/narteks.net\/index.php\/2009\/12\/05\/siz-saatleri\/#article\",\"isPartOf\":{\"@id\":\"https:\/\/narteks.net\/index.php\/2009\/12\/05\/siz-saatleri\/\"},\"author\":{\"name\":\"Tar\u0131k\",\"@id\":\"https:\/\/narteks.net\/#\/schema\/person\/61f37d9834294b72d31d274e7ed79bca\"},\"headline\":\"S\u0130Z SAATLER\u0130\",\"datePublished\":\"2009-12-05T11:08:11+00:00\",\"mainEntityOfPage\":{\"@id\":\"https:\/\/narteks.net\/index.php\/2009\/12\/05\/siz-saatleri\/\"},\"wordCount\":429,\"commentCount\":0,\"publisher\":{\"@id\":\"https:\/\/narteks.net\/#organization\"},\"articleSection\":[\"Cemal S\u00dcREYA\"],\"inLanguage\":\"tr\",\"potentialAction\":[{\"@type\":\"CommentAction\",\"name\":\"Comment\",\"target\":[\"https:\/\/narteks.net\/index.php\/2009\/12\/05\/siz-saatleri\/#respond\"]}]},{\"@type\":\"WebPage\",\"@id\":\"https:\/\/narteks.net\/index.php\/2009\/12\/05\/siz-saatleri\/\",\"url\":\"https:\/\/narteks.net\/index.php\/2009\/12\/05\/siz-saatleri\/\",\"name\":\"S\u0130Z SAATLER\u0130 - narteks.net\",\"isPartOf\":{\"@id\":\"https:\/\/narteks.net\/#website\"},\"datePublished\":\"2009-12-05T11:08:11+00:00\",\"breadcrumb\":{\"@id\":\"https:\/\/narteks.net\/index.php\/2009\/12\/05\/siz-saatleri\/#breadcrumb\"},\"inLanguage\":\"tr\",\"potentialAction\":[{\"@type\":\"ReadAction\",\"target\":[\"https:\/\/narteks.net\/index.php\/2009\/12\/05\/siz-saatleri\/\"]}]},{\"@type\":\"BreadcrumbList\",\"@id\":\"https:\/\/narteks.net\/index.php\/2009\/12\/05\/siz-saatleri\/#breadcrumb\",\"itemListElement\":[{\"@type\":\"ListItem\",\"position\":1,\"name\":\"Anasayfa\",\"item\":\"https:\/\/narteks.net\/\"},{\"@type\":\"ListItem\",\"position\":2,\"name\":\"S\u0130Z SAATLER\u0130\"}]},{\"@type\":\"WebSite\",\"@id\":\"https:\/\/narteks.net\/#website\",\"url\":\"https:\/\/narteks.net\/\",\"name\":\"narteks.net\",\"description\":\"K\u00fclt\u00fcr Sanat Edebiyat Felsefe\",\"publisher\":{\"@id\":\"https:\/\/narteks.net\/#organization\"},\"alternateName\":\"K\u00fclt\u00fcr Sanat Edebiyat Felsefe\",\"potentialAction\":[{\"@type\":\"SearchAction\",\"target\":{\"@type\":\"EntryPoint\",\"urlTemplate\":\"https:\/\/narteks.net\/?s={search_term_string}\"},\"query-input\":{\"@type\":\"PropertyValueSpecification\",\"valueRequired\":true,\"valueName\":\"search_term_string\"}}],\"inLanguage\":\"tr\"},{\"@type\":\"Organization\",\"@id\":\"https:\/\/narteks.net\/#organization\",\"name\":\"narteks.net\",\"url\":\"https:\/\/narteks.net\/\",\"logo\":{\"@type\":\"ImageObject\",\"inLanguage\":\"tr\",\"@id\":\"https:\/\/narteks.net\/#\/schema\/logo\/image\/\",\"url\":\"https:\/\/narteks.net\/wp-content\/uploads\/narteks.png\",\"contentUrl\":\"https:\/\/narteks.net\/wp-content\/uploads\/narteks.png\",\"width\":300,\"height\":90,\"caption\":\"narteks.net\"},\"image\":{\"@id\":\"https:\/\/narteks.net\/#\/schema\/logo\/image\/\"},\"sameAs\":[\"https:\/\/x.com\/narteks\",\"https:\/\/instagram.com\/narteksnet\"]},{\"@type\":\"Person\",\"@id\":\"https:\/\/narteks.net\/#\/schema\/person\/61f37d9834294b72d31d274e7ed79bca\",\"name\":\"Tar\u0131k\",\"image\":{\"@type\":\"ImageObject\",\"inLanguage\":\"tr\",\"@id\":\"https:\/\/narteks.net\/#\/schema\/person\/image\/\",\"url\":\"https:\/\/secure.gravatar.com\/avatar\/50865afb55632c4ae467e0af0930f6510aa2297d8014be502a55b14f3b7550cf?s=96&d=mm&r=g\",\"contentUrl\":\"https:\/\/secure.gravatar.com\/avatar\/50865afb55632c4ae467e0af0930f6510aa2297d8014be502a55b14f3b7550cf?s=96&d=mm&r=g\",\"caption\":\"Tar\u0131k\"},\"sameAs\":[\"http:\/\/narteks.net\"],\"url\":\"https:\/\/narteks.net\/index.php\/author\/narbak\/\"}]}<\/script>\n<!-- \/ Yoast SEO Premium plugin. -->","yoast_head_json":{"title":"S\u0130Z SAATLER\u0130 - narteks.net","robots":{"index":"index","follow":"follow","max-snippet":"max-snippet:-1","max-image-preview":"max-image-preview:large","max-video-preview":"max-video-preview:-1"},"canonical":"https:\/\/narteks.net\/index.php\/2009\/12\/05\/siz-saatleri\/","og_locale":"tr_TR","og_type":"article","og_title":"S\u0130Z SAATLER\u0130","og_description":"\u00a0 Siz, saatleri ya\u015fad\u0131n\u0131z. Zamanta\u015flar\u0131n\u0131. Niceldir saatler. Ads\u0131zs\u0131rlar. Renklerini, kokular\u0131n\u0131 ki\u015fiselliklerden al\u0131rlar. Aylar birbirinin i\u00e7inden y\u00fcr\u00fcyebilir. A\u011fustosta bile Marta g\u00f6nderme vard\u0131r. Yine de g\u00f6nderme mevsim mant\u0131\u011f\u0131yla s\u0131n\u0131rl\u0131d\u0131r. G\u00fcnlerse bamba\u015fka. Bir g\u00fcn\u00fcn \u00f6b\u00fcr\u00fcn\u00fcn \u00f6n\u00fcne ge\u00e7mesine izin yok. G\u00fcn\u00fcn gizi hem ki\u015fiselli\u011fimizde, hem de onun kendi ki\u015fiselli\u011finde. Siz, saatleri ya\u015fad\u0131n\u0131z. Hen\u00fcz s\u00f6zc\u00fck haline d\u00f6n\u00fc\u015fmemi\u015f, ya da bir [&hellip;]","og_url":"https:\/\/narteks.net\/index.php\/2009\/12\/05\/siz-saatleri\/","og_site_name":"narteks.net","article_published_time":"2009-12-05T11:08:11+00:00","og_image":[{"width":300,"height":90,"url":"https:\/\/narteks.net\/wp-content\/uploads\/narteks.png","type":"image\/png"}],"author":"Tar\u0131k","twitter_card":"summary_large_image","twitter_creator":"@narteks","twitter_site":"@narteks","twitter_misc":{"Yazan:":"Tar\u0131k","Tahmini okuma s\u00fcresi":"2 dakika"},"schema":{"@context":"https:\/\/schema.org","@graph":[{"@type":"Article","@id":"https:\/\/narteks.net\/index.php\/2009\/12\/05\/siz-saatleri\/#article","isPartOf":{"@id":"https:\/\/narteks.net\/index.php\/2009\/12\/05\/siz-saatleri\/"},"author":{"name":"Tar\u0131k","@id":"https:\/\/narteks.net\/#\/schema\/person\/61f37d9834294b72d31d274e7ed79bca"},"headline":"S\u0130Z SAATLER\u0130","datePublished":"2009-12-05T11:08:11+00:00","mainEntityOfPage":{"@id":"https:\/\/narteks.net\/index.php\/2009\/12\/05\/siz-saatleri\/"},"wordCount":429,"commentCount":0,"publisher":{"@id":"https:\/\/narteks.net\/#organization"},"articleSection":["Cemal S\u00dcREYA"],"inLanguage":"tr","potentialAction":[{"@type":"CommentAction","name":"Comment","target":["https:\/\/narteks.net\/index.php\/2009\/12\/05\/siz-saatleri\/#respond"]}]},{"@type":"WebPage","@id":"https:\/\/narteks.net\/index.php\/2009\/12\/05\/siz-saatleri\/","url":"https:\/\/narteks.net\/index.php\/2009\/12\/05\/siz-saatleri\/","name":"S\u0130Z SAATLER\u0130 - narteks.net","isPartOf":{"@id":"https:\/\/narteks.net\/#website"},"datePublished":"2009-12-05T11:08:11+00:00","breadcrumb":{"@id":"https:\/\/narteks.net\/index.php\/2009\/12\/05\/siz-saatleri\/#breadcrumb"},"inLanguage":"tr","potentialAction":[{"@type":"ReadAction","target":["https:\/\/narteks.net\/index.php\/2009\/12\/05\/siz-saatleri\/"]}]},{"@type":"BreadcrumbList","@id":"https:\/\/narteks.net\/index.php\/2009\/12\/05\/siz-saatleri\/#breadcrumb","itemListElement":[{"@type":"ListItem","position":1,"name":"Anasayfa","item":"https:\/\/narteks.net\/"},{"@type":"ListItem","position":2,"name":"S\u0130Z SAATLER\u0130"}]},{"@type":"WebSite","@id":"https:\/\/narteks.net\/#website","url":"https:\/\/narteks.net\/","name":"narteks.net","description":"K\u00fclt\u00fcr Sanat Edebiyat Felsefe","publisher":{"@id":"https:\/\/narteks.net\/#organization"},"alternateName":"K\u00fclt\u00fcr Sanat Edebiyat Felsefe","potentialAction":[{"@type":"SearchAction","target":{"@type":"EntryPoint","urlTemplate":"https:\/\/narteks.net\/?s={search_term_string}"},"query-input":{"@type":"PropertyValueSpecification","valueRequired":true,"valueName":"search_term_string"}}],"inLanguage":"tr"},{"@type":"Organization","@id":"https:\/\/narteks.net\/#organization","name":"narteks.net","url":"https:\/\/narteks.net\/","logo":{"@type":"ImageObject","inLanguage":"tr","@id":"https:\/\/narteks.net\/#\/schema\/logo\/image\/","url":"https:\/\/narteks.net\/wp-content\/uploads\/narteks.png","contentUrl":"https:\/\/narteks.net\/wp-content\/uploads\/narteks.png","width":300,"height":90,"caption":"narteks.net"},"image":{"@id":"https:\/\/narteks.net\/#\/schema\/logo\/image\/"},"sameAs":["https:\/\/x.com\/narteks","https:\/\/instagram.com\/narteksnet"]},{"@type":"Person","@id":"https:\/\/narteks.net\/#\/schema\/person\/61f37d9834294b72d31d274e7ed79bca","name":"Tar\u0131k","image":{"@type":"ImageObject","inLanguage":"tr","@id":"https:\/\/narteks.net\/#\/schema\/person\/image\/","url":"https:\/\/secure.gravatar.com\/avatar\/50865afb55632c4ae467e0af0930f6510aa2297d8014be502a55b14f3b7550cf?s=96&d=mm&r=g","contentUrl":"https:\/\/secure.gravatar.com\/avatar\/50865afb55632c4ae467e0af0930f6510aa2297d8014be502a55b14f3b7550cf?s=96&d=mm&r=g","caption":"Tar\u0131k"},"sameAs":["http:\/\/narteks.net"],"url":"https:\/\/narteks.net\/index.php\/author\/narbak\/"}]}},"_links":{"self":[{"href":"https:\/\/narteks.net\/index.php\/wp-json\/wp\/v2\/posts\/2356","targetHints":{"allow":["GET"]}}],"collection":[{"href":"https:\/\/narteks.net\/index.php\/wp-json\/wp\/v2\/posts"}],"about":[{"href":"https:\/\/narteks.net\/index.php\/wp-json\/wp\/v2\/types\/post"}],"author":[{"embeddable":true,"href":"https:\/\/narteks.net\/index.php\/wp-json\/wp\/v2\/users\/1"}],"replies":[{"embeddable":true,"href":"https:\/\/narteks.net\/index.php\/wp-json\/wp\/v2\/comments?post=2356"}],"version-history":[{"count":0,"href":"https:\/\/narteks.net\/index.php\/wp-json\/wp\/v2\/posts\/2356\/revisions"}],"wp:attachment":[{"href":"https:\/\/narteks.net\/index.php\/wp-json\/wp\/v2\/media?parent=2356"}],"wp:term":[{"taxonomy":"category","embeddable":true,"href":"https:\/\/narteks.net\/index.php\/wp-json\/wp\/v2\/categories?post=2356"},{"taxonomy":"post_tag","embeddable":true,"href":"https:\/\/narteks.net\/index.php\/wp-json\/wp\/v2\/tags?post=2356"}],"curies":[{"name":"wp","href":"https:\/\/api.w.org\/{rel}","templated":true}]}}