{"id":2368,"date":"2009-12-05T14:14:49","date_gmt":"2009-12-05T11:14:49","guid":{"rendered":"http:\/\/localhost\/wordpress\/2009\/12\/05\/vakit-var-daha\/"},"modified":"2009-12-05T14:14:49","modified_gmt":"2009-12-05T11:14:49","slug":"vakit-var-daha","status":"publish","type":"post","link":"https:\/\/narteks.net\/index.php\/2009\/12\/05\/vakit-var-daha\/","title":{"rendered":"VAK\u0130T VAR DAHA"},"content":{"rendered":"<p>\u00a0<\/p>\n<p>Elif Lam Mim. Yirmi \u00fc\u00e7 haziran dokuz y\u00fcz altm\u0131\u015f yedi <br \/> Bulan\u0131k atmosferin i\u00e7inde g\u00f6zlerim s\u0131ms\u0131cak; <br \/> Yel de\u011firmeninden denize sarpa sararak inen bir sokakta. <br \/> Vakit tamamd\u0131r diyorum. Ve soka\u011f\u0131n sesi <br \/> Diyor ki de\u011fil daha <br \/> Vakit var daha <\/p>\n<p> Bir kilise tad\u0131 ta\u015f\u0131yor Dolmabah\u00e7e camiinin pencereleri <br \/> Uzaktan bakmak \u015fart\u0131yla ve ayd\u0131nl\u0131k olu\u015funu saymazsak; <br \/> Ve denizin gi\u015fesinde oturan k\u0131sa boylu saat kulesi <br \/> Yakas\u0131n\u0131n i\u00e7ine kayd\u0131rm\u0131\u015f hafif\u00e7e bas\u0131n\u00e7-\u00f6l\u00e7erini <\/p>\n<p> Diyor ki de\u011fil daha <br \/> Vakit var daha <\/p>\n<p> Mermerin memelerinden hafif\u00e7e hafif\u00e7e daml\u0131yor mavi <br \/> \u0130lk mavi, do\u011fru mavi, \u00e7ay\u0131r \u00e7imen bilgisi <br \/> C\u00fcc\u00fckleniyor orda hemen \u0131l\u0131k menek\u015fesi \u015eems&#8217;in <br \/> \u00c7alg\u0131c\u0131s\u0131n\u0131 da yan\u0131nda gezdirirdi Konya&#8217;da \u015eems ki <\/p>\n<p> Diyor ki de\u011fil daha <br \/> Vakit var daha <\/p>\n<p> Bir koku gibi dururdu parma\u011f\u0131 y\u00fcz\u00fc\u011f\u00fcn\u00fcn i\u00e7inde <br \/> Gerindik\u00e7e b\u00fct\u00fcn Do\u011fuya yayard\u0131 bedenini, <br \/> Sa\u011fl\u0131\u011f\u0131ndan \u00e7er\u00e7eveler yarat\u0131r Kelime Hatun <br \/> Uzun uzun duyard\u0131 g\u00f6zlerine \u00e7ekilmi\u015f mili <\/p>\n<p> Diyor ki de\u011fil daha <br \/> Vakit var daha <\/p>\n<p> Evlerden \u00e7ad\u0131rlardan toplananlar bini bulduk\u00e7a <br \/> Padi\u015fah\u0131n \u00f6n\u00fcnde t\u00f6renle u\u00e7uruldu kelleleri. <br \/> Geceyi bir dert gibi geride b\u0131rakan Yahudiye <br \/> G\u00fcnd\u00fcz de t\u0131rnakl\u0131 hayvanlar\u0131n eti haram edildi <\/p>\n<p> Diyor ki de\u011fil daha <br \/> Vakit var daha <\/p>\n<p> Gen\u00e7 Osman annesinin rahmini \u00e7ekip \u00fcst\u00fcne <br \/> Ad\u0131 burga\u00e7lara yaz\u0131ls\u0131n diye bekledi. <br \/> Ve Sinan d\u00fcdenlerde olsun diye \u00f6l\u00fcm\u00fc <br \/> Kurdu\u011fu her yap\u0131n\u0131n temelini suya indirdi <\/p>\n<p> Diyor ki de\u011fil daha <br \/> Vakit var daha <\/p>\n<p> D\u00fc\u015fman\u0131na ilerlerken tuhaf\u00e7a g\u00fclerdi <br \/> K\u00f6ro\u011flu&#8217;nun s\u0131rt\u0131nda \u00fcst \u00fcste dokuz dombay derisi. <br \/> Ve ka\u00e7arken y\u0131lan sokmu\u015f orman perisi <br \/> G\u00f6zleriyle izlerdi sessizce erke\u011fini <\/p>\n<p> Diyor ki de\u011fil daha <br \/> Vakit var daha <\/p>\n<p> Deve, devenin \u00fcst\u00fcnde tabut, biri \u00e7ekiyor deveyi <br \/> \u00dc\u00e7\u00fc de Ali: deve, deveyi \u00e7eken ve tabutun i\u00e7indeki, <br \/> \u00c7\u0131lg\u0131n gibi ko\u015fuyorum k\u00f6ylerden \u015fehirlere <br \/> Ba\u015f\u0131n\u0131 kayalara vura vura ilerleyen bir insan seli <\/p>\n<p> Diyor ki de\u011fil daha <br \/> Vakit var daha <\/p>\n<p> Hafif kanl\u0131 Chevrolet&#8217;ler, h\u0131rsl\u0131 Pontiac&#8217;lar, k\u0131ranta Buick&#8217;ler <br \/> G\u00fcr\u00fclt\u00fcyle ak\u0131p gidiyor General Motors&#8217;un enikleri; <br \/> Ve a\u011f\u0131r k\u0131\u00e7l\u0131, geni\u015f \u00e7eneli, soluklu arabalar\u0131 Ford&#8217;un; <br \/> Ve a\u011fa\u00e7lar g\u00f6r\u00fcyor, g\u00f6zl\u00fckl\u00fc, iri k\u0131y\u0131m Chrysler ailesini <\/p>\n<p> Diyor ki de\u011fil daha <br \/> Vakit var daha <\/p>\n<p> Sokak lambalar\u0131 yerebatanlar y\u00fck kamyonlar\u0131 <br \/> Almadan edemeyece\u011fimiz bir selam gibi <br \/> S\u0131rtlar arkalar talvekler duldalar \u00f6te y\u00fczler <br \/> Ve kuyuya sark\u0131t\u0131lm\u0131\u015f bir testinin dibi <\/p>\n<p> Diyor ki de\u011fil daha <br \/> Vakit var daha<\/p>\n","protected":false},"excerpt":{"rendered":"<p>\u00a0 Elif Lam Mim. Yirmi \u00fc\u00e7 haziran dokuz y\u00fcz altm\u0131\u015f yedi Bulan\u0131k atmosferin i\u00e7inde g\u00f6zlerim s\u0131ms\u0131cak; Yel de\u011firmeninden denize sarpa sararak inen bir sokakta. Vakit tamamd\u0131r diyorum. Ve soka\u011f\u0131n sesi Diyor ki de\u011fil daha Vakit var daha Bir kilise tad\u0131 ta\u015f\u0131yor Dolmabah\u00e7e camiinin pencereleri Uzaktan bakmak \u015fart\u0131yla ve ayd\u0131nl\u0131k olu\u015funu saymazsak; Ve denizin gi\u015fesinde oturan [&hellip;]<\/p>\n","protected":false},"author":1,"featured_media":0,"comment_status":"open","ping_status":"open","sticky":false,"template":"","format":"standard","meta":{"footnotes":""},"categories":[17],"tags":[],"class_list":{"0":"post-2368","1":"post","2":"type-post","3":"status-publish","4":"format-standard","6":"category-cemal-sureya"},"yoast_head":"<!-- This site is optimized with the Yoast SEO Premium plugin v24.9 (Yoast SEO v24.9) - https:\/\/yoast.com\/wordpress\/plugins\/seo\/ -->\n<title>VAK\u0130T VAR DAHA - narteks.net<\/title>\n<meta name=\"robots\" content=\"index, follow, max-snippet:-1, max-image-preview:large, max-video-preview:-1\" \/>\n<link rel=\"canonical\" href=\"https:\/\/narteks.net\/index.php\/2009\/12\/05\/vakit-var-daha\/\" \/>\n<meta property=\"og:locale\" content=\"tr_TR\" \/>\n<meta property=\"og:type\" content=\"article\" \/>\n<meta property=\"og:title\" content=\"VAK\u0130T VAR DAHA\" \/>\n<meta property=\"og:description\" content=\"\u00a0 Elif Lam Mim. Yirmi \u00fc\u00e7 haziran dokuz y\u00fcz altm\u0131\u015f yedi Bulan\u0131k atmosferin i\u00e7inde g\u00f6zlerim s\u0131ms\u0131cak; Yel de\u011firmeninden denize sarpa sararak inen bir sokakta. Vakit tamamd\u0131r diyorum. Ve soka\u011f\u0131n sesi Diyor ki de\u011fil daha Vakit var daha Bir kilise tad\u0131 ta\u015f\u0131yor Dolmabah\u00e7e camiinin pencereleri Uzaktan bakmak \u015fart\u0131yla ve ayd\u0131nl\u0131k olu\u015funu saymazsak; Ve denizin gi\u015fesinde oturan [&hellip;]\" \/>\n<meta property=\"og:url\" content=\"https:\/\/narteks.net\/index.php\/2009\/12\/05\/vakit-var-daha\/\" \/>\n<meta property=\"og:site_name\" content=\"narteks.net\" \/>\n<meta property=\"article:published_time\" content=\"2009-12-05T11:14:49+00:00\" \/>\n<meta property=\"og:image\" content=\"https:\/\/narteks.net\/wp-content\/uploads\/narteks.png\" \/>\n\t<meta property=\"og:image:width\" content=\"300\" \/>\n\t<meta property=\"og:image:height\" content=\"90\" \/>\n\t<meta property=\"og:image:type\" content=\"image\/png\" \/>\n<meta name=\"author\" content=\"Tar\u0131k\" \/>\n<meta name=\"twitter:card\" content=\"summary_large_image\" \/>\n<meta name=\"twitter:creator\" content=\"@narteks\" \/>\n<meta name=\"twitter:site\" content=\"@narteks\" \/>\n<meta name=\"twitter:label1\" content=\"Yazan:\" \/>\n\t<meta name=\"twitter:data1\" content=\"Tar\u0131k\" \/>\n\t<meta name=\"twitter:label2\" content=\"Tahmini okuma s\u00fcresi\" \/>\n\t<meta name=\"twitter:data2\" content=\"2 dakika\" \/>\n<script type=\"application\/ld+json\" class=\"yoast-schema-graph\">{\"@context\":\"https:\/\/schema.org\",\"@graph\":[{\"@type\":\"Article\",\"@id\":\"https:\/\/narteks.net\/index.php\/2009\/12\/05\/vakit-var-daha\/#article\",\"isPartOf\":{\"@id\":\"https:\/\/narteks.net\/index.php\/2009\/12\/05\/vakit-var-daha\/\"},\"author\":{\"name\":\"Tar\u0131k\",\"@id\":\"https:\/\/narteks.net\/#\/schema\/person\/61f37d9834294b72d31d274e7ed79bca\"},\"headline\":\"VAK\u0130T VAR DAHA\",\"datePublished\":\"2009-12-05T11:14:49+00:00\",\"mainEntityOfPage\":{\"@id\":\"https:\/\/narteks.net\/index.php\/2009\/12\/05\/vakit-var-daha\/\"},\"wordCount\":448,\"commentCount\":0,\"publisher\":{\"@id\":\"https:\/\/narteks.net\/#organization\"},\"articleSection\":[\"Cemal S\u00dcREYA\"],\"inLanguage\":\"tr\",\"potentialAction\":[{\"@type\":\"CommentAction\",\"name\":\"Comment\",\"target\":[\"https:\/\/narteks.net\/index.php\/2009\/12\/05\/vakit-var-daha\/#respond\"]}]},{\"@type\":\"WebPage\",\"@id\":\"https:\/\/narteks.net\/index.php\/2009\/12\/05\/vakit-var-daha\/\",\"url\":\"https:\/\/narteks.net\/index.php\/2009\/12\/05\/vakit-var-daha\/\",\"name\":\"VAK\u0130T VAR DAHA - narteks.net\",\"isPartOf\":{\"@id\":\"https:\/\/narteks.net\/#website\"},\"datePublished\":\"2009-12-05T11:14:49+00:00\",\"breadcrumb\":{\"@id\":\"https:\/\/narteks.net\/index.php\/2009\/12\/05\/vakit-var-daha\/#breadcrumb\"},\"inLanguage\":\"tr\",\"potentialAction\":[{\"@type\":\"ReadAction\",\"target\":[\"https:\/\/narteks.net\/index.php\/2009\/12\/05\/vakit-var-daha\/\"]}]},{\"@type\":\"BreadcrumbList\",\"@id\":\"https:\/\/narteks.net\/index.php\/2009\/12\/05\/vakit-var-daha\/#breadcrumb\",\"itemListElement\":[{\"@type\":\"ListItem\",\"position\":1,\"name\":\"Anasayfa\",\"item\":\"https:\/\/narteks.net\/\"},{\"@type\":\"ListItem\",\"position\":2,\"name\":\"VAK\u0130T VAR DAHA\"}]},{\"@type\":\"WebSite\",\"@id\":\"https:\/\/narteks.net\/#website\",\"url\":\"https:\/\/narteks.net\/\",\"name\":\"narteks.net\",\"description\":\"K\u00fclt\u00fcr Sanat Edebiyat Felsefe\",\"publisher\":{\"@id\":\"https:\/\/narteks.net\/#organization\"},\"alternateName\":\"K\u00fclt\u00fcr Sanat Edebiyat Felsefe\",\"potentialAction\":[{\"@type\":\"SearchAction\",\"target\":{\"@type\":\"EntryPoint\",\"urlTemplate\":\"https:\/\/narteks.net\/?s={search_term_string}\"},\"query-input\":{\"@type\":\"PropertyValueSpecification\",\"valueRequired\":true,\"valueName\":\"search_term_string\"}}],\"inLanguage\":\"tr\"},{\"@type\":\"Organization\",\"@id\":\"https:\/\/narteks.net\/#organization\",\"name\":\"narteks.net\",\"url\":\"https:\/\/narteks.net\/\",\"logo\":{\"@type\":\"ImageObject\",\"inLanguage\":\"tr\",\"@id\":\"https:\/\/narteks.net\/#\/schema\/logo\/image\/\",\"url\":\"https:\/\/narteks.net\/wp-content\/uploads\/narteks.png\",\"contentUrl\":\"https:\/\/narteks.net\/wp-content\/uploads\/narteks.png\",\"width\":300,\"height\":90,\"caption\":\"narteks.net\"},\"image\":{\"@id\":\"https:\/\/narteks.net\/#\/schema\/logo\/image\/\"},\"sameAs\":[\"https:\/\/x.com\/narteks\",\"https:\/\/instagram.com\/narteksnet\"]},{\"@type\":\"Person\",\"@id\":\"https:\/\/narteks.net\/#\/schema\/person\/61f37d9834294b72d31d274e7ed79bca\",\"name\":\"Tar\u0131k\",\"image\":{\"@type\":\"ImageObject\",\"inLanguage\":\"tr\",\"@id\":\"https:\/\/narteks.net\/#\/schema\/person\/image\/\",\"url\":\"https:\/\/secure.gravatar.com\/avatar\/50865afb55632c4ae467e0af0930f6510aa2297d8014be502a55b14f3b7550cf?s=96&d=mm&r=g\",\"contentUrl\":\"https:\/\/secure.gravatar.com\/avatar\/50865afb55632c4ae467e0af0930f6510aa2297d8014be502a55b14f3b7550cf?s=96&d=mm&r=g\",\"caption\":\"Tar\u0131k\"},\"sameAs\":[\"http:\/\/narteks.net\"],\"url\":\"https:\/\/narteks.net\/index.php\/author\/narbak\/\"}]}<\/script>\n<!-- \/ Yoast SEO Premium plugin. -->","yoast_head_json":{"title":"VAK\u0130T VAR DAHA - narteks.net","robots":{"index":"index","follow":"follow","max-snippet":"max-snippet:-1","max-image-preview":"max-image-preview:large","max-video-preview":"max-video-preview:-1"},"canonical":"https:\/\/narteks.net\/index.php\/2009\/12\/05\/vakit-var-daha\/","og_locale":"tr_TR","og_type":"article","og_title":"VAK\u0130T VAR DAHA","og_description":"\u00a0 Elif Lam Mim. Yirmi \u00fc\u00e7 haziran dokuz y\u00fcz altm\u0131\u015f yedi Bulan\u0131k atmosferin i\u00e7inde g\u00f6zlerim s\u0131ms\u0131cak; Yel de\u011firmeninden denize sarpa sararak inen bir sokakta. Vakit tamamd\u0131r diyorum. Ve soka\u011f\u0131n sesi Diyor ki de\u011fil daha Vakit var daha Bir kilise tad\u0131 ta\u015f\u0131yor Dolmabah\u00e7e camiinin pencereleri Uzaktan bakmak \u015fart\u0131yla ve ayd\u0131nl\u0131k olu\u015funu saymazsak; Ve denizin gi\u015fesinde oturan [&hellip;]","og_url":"https:\/\/narteks.net\/index.php\/2009\/12\/05\/vakit-var-daha\/","og_site_name":"narteks.net","article_published_time":"2009-12-05T11:14:49+00:00","og_image":[{"width":300,"height":90,"url":"https:\/\/narteks.net\/wp-content\/uploads\/narteks.png","type":"image\/png"}],"author":"Tar\u0131k","twitter_card":"summary_large_image","twitter_creator":"@narteks","twitter_site":"@narteks","twitter_misc":{"Yazan:":"Tar\u0131k","Tahmini okuma s\u00fcresi":"2 dakika"},"schema":{"@context":"https:\/\/schema.org","@graph":[{"@type":"Article","@id":"https:\/\/narteks.net\/index.php\/2009\/12\/05\/vakit-var-daha\/#article","isPartOf":{"@id":"https:\/\/narteks.net\/index.php\/2009\/12\/05\/vakit-var-daha\/"},"author":{"name":"Tar\u0131k","@id":"https:\/\/narteks.net\/#\/schema\/person\/61f37d9834294b72d31d274e7ed79bca"},"headline":"VAK\u0130T VAR DAHA","datePublished":"2009-12-05T11:14:49+00:00","mainEntityOfPage":{"@id":"https:\/\/narteks.net\/index.php\/2009\/12\/05\/vakit-var-daha\/"},"wordCount":448,"commentCount":0,"publisher":{"@id":"https:\/\/narteks.net\/#organization"},"articleSection":["Cemal S\u00dcREYA"],"inLanguage":"tr","potentialAction":[{"@type":"CommentAction","name":"Comment","target":["https:\/\/narteks.net\/index.php\/2009\/12\/05\/vakit-var-daha\/#respond"]}]},{"@type":"WebPage","@id":"https:\/\/narteks.net\/index.php\/2009\/12\/05\/vakit-var-daha\/","url":"https:\/\/narteks.net\/index.php\/2009\/12\/05\/vakit-var-daha\/","name":"VAK\u0130T VAR DAHA - narteks.net","isPartOf":{"@id":"https:\/\/narteks.net\/#website"},"datePublished":"2009-12-05T11:14:49+00:00","breadcrumb":{"@id":"https:\/\/narteks.net\/index.php\/2009\/12\/05\/vakit-var-daha\/#breadcrumb"},"inLanguage":"tr","potentialAction":[{"@type":"ReadAction","target":["https:\/\/narteks.net\/index.php\/2009\/12\/05\/vakit-var-daha\/"]}]},{"@type":"BreadcrumbList","@id":"https:\/\/narteks.net\/index.php\/2009\/12\/05\/vakit-var-daha\/#breadcrumb","itemListElement":[{"@type":"ListItem","position":1,"name":"Anasayfa","item":"https:\/\/narteks.net\/"},{"@type":"ListItem","position":2,"name":"VAK\u0130T VAR DAHA"}]},{"@type":"WebSite","@id":"https:\/\/narteks.net\/#website","url":"https:\/\/narteks.net\/","name":"narteks.net","description":"K\u00fclt\u00fcr Sanat Edebiyat Felsefe","publisher":{"@id":"https:\/\/narteks.net\/#organization"},"alternateName":"K\u00fclt\u00fcr Sanat Edebiyat Felsefe","potentialAction":[{"@type":"SearchAction","target":{"@type":"EntryPoint","urlTemplate":"https:\/\/narteks.net\/?s={search_term_string}"},"query-input":{"@type":"PropertyValueSpecification","valueRequired":true,"valueName":"search_term_string"}}],"inLanguage":"tr"},{"@type":"Organization","@id":"https:\/\/narteks.net\/#organization","name":"narteks.net","url":"https:\/\/narteks.net\/","logo":{"@type":"ImageObject","inLanguage":"tr","@id":"https:\/\/narteks.net\/#\/schema\/logo\/image\/","url":"https:\/\/narteks.net\/wp-content\/uploads\/narteks.png","contentUrl":"https:\/\/narteks.net\/wp-content\/uploads\/narteks.png","width":300,"height":90,"caption":"narteks.net"},"image":{"@id":"https:\/\/narteks.net\/#\/schema\/logo\/image\/"},"sameAs":["https:\/\/x.com\/narteks","https:\/\/instagram.com\/narteksnet"]},{"@type":"Person","@id":"https:\/\/narteks.net\/#\/schema\/person\/61f37d9834294b72d31d274e7ed79bca","name":"Tar\u0131k","image":{"@type":"ImageObject","inLanguage":"tr","@id":"https:\/\/narteks.net\/#\/schema\/person\/image\/","url":"https:\/\/secure.gravatar.com\/avatar\/50865afb55632c4ae467e0af0930f6510aa2297d8014be502a55b14f3b7550cf?s=96&d=mm&r=g","contentUrl":"https:\/\/secure.gravatar.com\/avatar\/50865afb55632c4ae467e0af0930f6510aa2297d8014be502a55b14f3b7550cf?s=96&d=mm&r=g","caption":"Tar\u0131k"},"sameAs":["http:\/\/narteks.net"],"url":"https:\/\/narteks.net\/index.php\/author\/narbak\/"}]}},"_links":{"self":[{"href":"https:\/\/narteks.net\/index.php\/wp-json\/wp\/v2\/posts\/2368","targetHints":{"allow":["GET"]}}],"collection":[{"href":"https:\/\/narteks.net\/index.php\/wp-json\/wp\/v2\/posts"}],"about":[{"href":"https:\/\/narteks.net\/index.php\/wp-json\/wp\/v2\/types\/post"}],"author":[{"embeddable":true,"href":"https:\/\/narteks.net\/index.php\/wp-json\/wp\/v2\/users\/1"}],"replies":[{"embeddable":true,"href":"https:\/\/narteks.net\/index.php\/wp-json\/wp\/v2\/comments?post=2368"}],"version-history":[{"count":0,"href":"https:\/\/narteks.net\/index.php\/wp-json\/wp\/v2\/posts\/2368\/revisions"}],"wp:attachment":[{"href":"https:\/\/narteks.net\/index.php\/wp-json\/wp\/v2\/media?parent=2368"}],"wp:term":[{"taxonomy":"category","embeddable":true,"href":"https:\/\/narteks.net\/index.php\/wp-json\/wp\/v2\/categories?post=2368"},{"taxonomy":"post_tag","embeddable":true,"href":"https:\/\/narteks.net\/index.php\/wp-json\/wp\/v2\/tags?post=2368"}],"curies":[{"name":"wp","href":"https:\/\/api.w.org\/{rel}","templated":true}]}}