{"id":237,"date":"2009-02-27T17:50:49","date_gmt":"2009-02-27T14:50:49","guid":{"rendered":"http:\/\/localhost\/wordpress\/2009\/02\/27\/gezgin\/"},"modified":"2009-02-27T17:50:49","modified_gmt":"2009-02-27T14:50:49","slug":"gezgin","status":"publish","type":"post","link":"https:\/\/narteks.net\/index.php\/2009\/02\/27\/gezgin\/","title":{"rendered":"GEZG\u0130N"},"content":{"rendered":"<p>\u00a0<\/p>\n<p>d\u00fcn geldim<br \/>ge\u00e7 kalsam da ba\u011f\u0131\u015flan\u0131r<\/p>\n<p>bir bahar bozumuydu yola \u00e7\u0131kt\u0131\u011f\u0131mda<br \/>y\u00fcz\u00fcmde su\u00e7lu bir merak<br \/>kalbim heyecandan tela\u015fl\u0131<br \/>g\u00f6zlerimde \u0131s\u0131rgan bir h\u00fcz\u00fcn vard\u0131<br \/>h\u00fcz\u00fcn: hep bilinir<br \/>bir afyon \u00e7i\u00e7e\u011fidir \u00f6nceleri<br \/>dalayan bir \u0131s\u0131rgan yoncas\u0131 olur sonra<br \/>dalayan ve uyand\u0131ran o afyon uykusundan<\/p>\n<p>d\u00fcn geldim<br \/>ac\u0131 s\u0131rt\u0131mda tabiy<\/p>\n<p>yolum uzundu<br \/>yan\u0131mda hi\u00e7 resim yoktu<br \/>da\u011flara bakt\u0131m: da\u011f\u0131ld\u0131m<br \/>yollara bakt\u0131m: yoruldum<br \/>gece ay\u0131\u015f\u0131\u011f\u0131 i\u00e7tim, dudaklar\u0131m kurudu<br \/>g\u00fcnd\u00fcz b\u00f6\u011f\u00fcrtlen yedim, dilim bu\u011fuland\u0131<br \/>siz g\u00f6rmeliydiniz o kan\u0131<br \/>bir da\u011f \u00e7i\u00e7e\u011fi sevdas\u0131na bin ar\u0131 \u00f6ld\u00fc<br \/>tam ordan ge\u00e7iyordum, g\u00f6rd\u00fcm diyebilirim<br \/>aman nas\u0131l petekti \u00f6yle<br \/>nas\u0131l bald\u0131<br \/>b\u00f6\u011f\u00fcrtlen gibi k\u0131rm\u0131z\u0131yd\u0131<br \/>kan gibi saydam<br \/>bir garip kokuydu, onun kokusuydu<br \/>dayanamad\u0131m, eli titrekti ama<br \/>yedim yedim kalbim \u00e7atlad\u0131<br \/>sevdam o da\u011f \u00e7i\u00e7e\u011finde kald\u0131<\/p>\n<p>d\u00fcn geldim, anca geldim<br \/>usumda v\u0131z\u0131ldayan bin ar\u0131 \u00f6l\u00fcs\u00fc<br \/>heybemde onar\u0131m\u0131 gereken bin i\u011fne<br \/>\u00f6nce kendi etime<\/p>\n<p>d\u00fcn geldim<br \/>ho\u015f mu geldim<br \/>ho\u015f olmayan \u015feylerden geldim<br \/>bir kentten ge\u00e7tim ki can\u0131m titredi<br \/>s\u0131tma kabusuyla sallan\u0131yordu uzaktan<br \/>giri\u015fte insanlar g\u00f6rd\u00fcm, hi\u00e7 g\u00f6rmedi\u011fim<br \/>ama sanki biryerlerden tan\u0131d\u0131\u011f\u0131m, yemin<\/p>\n<p>edebilirim<\/p>\n<p>i\u011fren\u00e7 suratlar\u0131 vard\u0131, insandan \u00e7ok<br \/>c\u00fczzaml\u0131 bir k\u00f6pe\u011fe benziyorlard\u0131<br \/>kuru birer a\u011fa\u00e7 dibine \u00e7\u00f6melmi\u015f<br \/>\u00e7\u00fcr\u00fcm\u00fc\u015f bir dal\u0131 kemiriyorlard\u0131<br \/>omuzlar\u0131nda soyulmu\u015f y\u0131lan derileri<br \/>ellerinde pas tutmu\u015f makaslar<br \/>iki ucu da k\u0131r\u0131k<br \/>tam ben yanlar\u0131ndan ge\u00e7iyorken<br \/>elma a\u011fa\u00e7lar\u0131n\u0131n \u00e7i\u00e7eklerini kesmeye ba\u015flad\u0131lar<br \/>ben sanki tarihini bilmiyormu\u015fum gibi<br \/>bak\u0131r \u00e7al\u0131\u011f\u0131 bir kasede<br \/>elman\u0131n kan\u0131n\u0131 sundular<br \/>geldim ya, nas\u0131l geldim<br \/>bir elimde tarih atlas\u0131<\/p>\n<p>bir elimde g\u00fcne\u015f hummas\u0131<br \/>so\u011futulmaya zorlanm\u0131\u015f bir \u00e7\u00f6l k\u0131zg\u0131nl\u0131\u011f\u0131ndan<br \/>bir kum f\u0131rt\u0131nas\u0131n\u0131n<br \/>soylu kumcuklar\u0131ndan geldim<br \/>yorgundum, susam\u0131\u015ft\u0131m, dilim kuruydu ama<br \/>g\u00f6rd\u00fc\u011f\u00fcm serap m\u0131yd\u0131, ger\u00e7ek miydi<br \/>bilirim ben<br \/>\u00e7\u00f6l\u00fcn tam ortas\u0131nda sonsuz bir \u0131\u015f\u0131lt\u0131yd\u0131<br \/>yedibin rengi yans\u0131tan renksiz bir kuyuydu<br \/>duruydu, ayd\u0131nl\u0131kt\u0131, yaz g\u00f6kleri gibiydi suyu<br \/>uzan\u0131p avu\u00e7lasam benimdi<\/p>\n<p>\u00f6yle yak\u0131n, \u00f6yle kolay, \u00f6yle dokunsam<br \/>ah o kervanc\u0131ba\u015f\u0131<br \/>ah o s\u0131rmal\u0131 soyguncu<br \/>ve ellerinde kesik ba\u015flar ve zebellah ordusu<br \/>birden beliriverdiler tam kuyunun ba\u015f\u0131nda<br \/>ellerinde kan s\u0131z\u0131tan kesik ba\u015flar\u0131<br \/>tan kuyunun a\u011fz\u0131ndan sark\u0131t\u0131yorlard\u0131 ki<br \/>ne olduysa o anda oldu<br \/>k\u0131z\u0131l bir bulut a\u011fd\u0131 kuyunun a\u011fz\u0131ndan g\u00f6\u011fe<br \/>bulut de\u011fil<br \/>bir devin alev sa\u00e7an solu\u011fuydu<br \/>ard\u0131ndan muhte\u015fem bir kum f\u0131rt\u0131nas\u0131<br \/>kum de\u011fil<br \/>devin \u00e7ocuklar\u0131yd\u0131 sa\u00e7\u0131lan<br \/>ah g\u00f6rmeliydiniz o sava\u015f\u0131<br \/>ne kanl\u0131 kervanc\u0131ba\u015f\u0131<br \/>ne zebellah ordusu<br \/>dayanamad\u0131lar kum f\u0131rt\u0131nas\u0131n\u0131n \u015fiddetine<br \/>\u00e7\u00f6l m\u00fc yar\u0131ld\u0131<br \/>kuyu mu b\u00fcy\u00fctt\u00fc a\u011fz\u0131n\u0131<br \/>k\u0131zg\u0131n \u00e7\u00f6l kavu\u015funca dinginli\u011fine<br \/>bir ben vard\u0131m kuyunun ba\u015f\u0131nda diri<br \/>ve her\u015feyi g\u00f6rebilen sa\u011fl\u0131kl\u0131 \u00e7\u00f6l tan\u0131\u011f\u0131<br \/>\u00f6\u011frendim \u00e7\u00f6l k\u0131zg\u0131nsa \u00f6fkesi nice olur<br \/>kum f\u0131rt\u0131nas\u0131nda neler yap\u0131l\u0131r<br \/>nas\u0131l yok edilir \u00e7\u00f6llerin s\u0131rmal\u0131<br \/>soygun kervanc\u0131lar\u0131<br \/>g\u00f6rd\u00fc\u011f\u00fcm serap m\u0131yd\u0131, ger\u00e7ek miydi<br \/>bilirim ben<br \/>bir elimde g\u00fcne\u015f hummas\u0131<br \/>bir elimde tarih atlas\u0131 vard\u0131<br \/>vakit dard\u0131<br \/>kanarak i\u00e7tim de kuyunun duru suyundan<br \/>u\u00e7ar gibi a\u015ft\u0131m \u00e7\u00f6l\u00fc o sonsuz \u0131\u015f\u0131lt\u0131dan<br \/>d\u00fcn geldim <\/p>\n<p>d\u00fcn ben nerden geldim<br \/>ezberlenip unutulmu\u015f bir s\u0131k\u0131nt\u0131dan geldim<br \/>ad\u0131 konulmam\u0131\u015f bir d\u00fc\u015ften geldim<br \/>terlemi\u015f bal\u0131klar g\u00f6rd\u00fcm, rengi bozulmu\u015f mavilikler<br \/>kabaran denizler gibi co\u015fkun s\u00fcr\u00fcc\u00fcler<br \/>k\u0131l\u00e7\u0131\u011f\u0131 beynine saplanm\u0131\u015f g\u00f6zs\u00fcz bal\u0131klar g\u00f6rd\u00fcm<br \/>trollenmi\u015f deniz tarlas\u0131, iyot vurgunu<br \/>derya i\u00e7indeydim de hani deryay\u0131 g\u00f6rd\u00fcm<br \/>k\u00fc\u00e7\u00fck bal\u0131\u011f\u0131 g\u00f6rd\u00fcm, pe\u015finde b\u00fcy\u00fck bal\u0131k<br \/>bir su a\u011fas\u0131 gibi kuvvetli ve sald\u0131rgan<br \/>oh bal\u0131k, k\u00fc\u00e7\u00fck bal\u0131k, can bal\u0131k<br \/>anas\u0131n\u0131n kuzusu, deniz kokulum<br \/>s\u00f6yle yavrum, s\u00f6yle g\u00f6z\u00fcm, s\u00f6yle k\u0131l\u00e7\u0131\u011f\u0131m<br \/>kim dokundu senin pullanmam\u0131\u015f derine<br \/>kim k\u0131yd\u0131 senin o tazecik g\u00f6vdene<br \/>denizde kum gibi dolgun pullar\u0131yla<br \/>doymaz m\u0131 b\u00fcy\u00fck bal\u0131k k\u00fc\u00e7\u00fck bal\u0131\u011fa<br \/>ama g\u00f6rd\u00fcm ya sonunda<br \/>derya i\u00e7indeki deryay\u0131<br \/>b\u00fcy\u00fck bal\u0131k k\u00fc\u00e7\u00fck bal\u0131k pe\u015findeydi ya<br \/>birle\u015fince k\u00fc\u00e7\u00fck bal\u0131k y\u00fczlercesiyle<br \/>\u015fa\u015f\u0131r\u0131p kald\u0131 b\u00fcy\u00fck bal\u0131k<br \/>\u015fa\u015f\u0131r\u0131p kalmad\u0131m amma<br \/>ne de keskinle\u015fmi\u015f di\u015fleri ol mahilerin<br \/>unutulmaz bir deniz anas\u0131 gibi b\u00fcy\u00fcd\u00fc g\u00f6vdeleri<br \/>k\u0131ym\u0131k k\u0131ym\u0131k oldu g\u00f6vdesi b\u00fcy\u00fck bal\u0131\u011f\u0131n<br \/>anlad\u0131m<br \/>nice olsa da<br \/>denizde kum, b\u00fcy\u00fck bal\u0131kta pul<br \/>birle\u015fince<br \/>edemezmi\u015f k\u00fc\u00e7\u00fckleri kendine kul<\/p>\n<p> 14 Mart 1972<\/p>\n<p>ARKADA\u015e Z.\u00d6ZGER<\/p>\n","protected":false},"excerpt":{"rendered":"<p>\u00a0 d\u00fcn geldimge\u00e7 kalsam da ba\u011f\u0131\u015flan\u0131r bir bahar bozumuydu yola \u00e7\u0131kt\u0131\u011f\u0131mday\u00fcz\u00fcmde su\u00e7lu bir merakkalbim heyecandan tela\u015fl\u0131g\u00f6zlerimde \u0131s\u0131rgan bir h\u00fcz\u00fcn vard\u0131h\u00fcz\u00fcn: hep bilinirbir afyon \u00e7i\u00e7e\u011fidir \u00f6nceleridalayan bir \u0131s\u0131rgan yoncas\u0131 olur sonradalayan ve uyand\u0131ran o afyon uykusundan d\u00fcn geldimac\u0131 s\u0131rt\u0131mda tabiy yolum uzunduyan\u0131mda hi\u00e7 resim yoktuda\u011flara bakt\u0131m: da\u011f\u0131ld\u0131myollara bakt\u0131m: yoruldumgece ay\u0131\u015f\u0131\u011f\u0131 i\u00e7tim, dudaklar\u0131m kurudug\u00fcnd\u00fcz b\u00f6\u011f\u00fcrtlen yedim, dilim [&hellip;]<\/p>\n","protected":false},"author":1,"featured_media":0,"comment_status":"open","ping_status":"open","sticky":false,"template":"","format":"standard","meta":{"footnotes":""},"categories":[5],"tags":[],"class_list":{"0":"post-237","1":"post","2":"type-post","3":"status-publish","4":"format-standard","6":"category-arkadas-z-ozger"},"yoast_head":"<!-- This site is optimized with the Yoast SEO Premium plugin v24.9 (Yoast SEO v24.9) - https:\/\/yoast.com\/wordpress\/plugins\/seo\/ -->\n<title>GEZG\u0130N - narteks.net<\/title>\n<meta name=\"robots\" content=\"index, follow, max-snippet:-1, max-image-preview:large, max-video-preview:-1\" \/>\n<link rel=\"canonical\" href=\"https:\/\/narteks.net\/index.php\/2009\/02\/27\/gezgin\/\" \/>\n<meta property=\"og:locale\" content=\"tr_TR\" \/>\n<meta property=\"og:type\" content=\"article\" \/>\n<meta property=\"og:title\" content=\"GEZG\u0130N\" \/>\n<meta property=\"og:description\" content=\"\u00a0 d\u00fcn geldimge\u00e7 kalsam da ba\u011f\u0131\u015flan\u0131r bir bahar bozumuydu yola \u00e7\u0131kt\u0131\u011f\u0131mday\u00fcz\u00fcmde su\u00e7lu bir merakkalbim heyecandan tela\u015fl\u0131g\u00f6zlerimde \u0131s\u0131rgan bir h\u00fcz\u00fcn vard\u0131h\u00fcz\u00fcn: hep bilinirbir afyon \u00e7i\u00e7e\u011fidir \u00f6nceleridalayan bir \u0131s\u0131rgan yoncas\u0131 olur sonradalayan ve uyand\u0131ran o afyon uykusundan d\u00fcn geldimac\u0131 s\u0131rt\u0131mda tabiy yolum uzunduyan\u0131mda hi\u00e7 resim yoktuda\u011flara bakt\u0131m: da\u011f\u0131ld\u0131myollara bakt\u0131m: yoruldumgece ay\u0131\u015f\u0131\u011f\u0131 i\u00e7tim, dudaklar\u0131m kurudug\u00fcnd\u00fcz b\u00f6\u011f\u00fcrtlen yedim, dilim [&hellip;]\" \/>\n<meta property=\"og:url\" content=\"https:\/\/narteks.net\/index.php\/2009\/02\/27\/gezgin\/\" \/>\n<meta property=\"og:site_name\" content=\"narteks.net\" \/>\n<meta property=\"article:published_time\" content=\"2009-02-27T14:50:49+00:00\" \/>\n<meta property=\"og:image\" content=\"https:\/\/narteks.net\/wp-content\/uploads\/narteks.png\" \/>\n\t<meta property=\"og:image:width\" content=\"300\" \/>\n\t<meta property=\"og:image:height\" content=\"90\" \/>\n\t<meta property=\"og:image:type\" content=\"image\/png\" \/>\n<meta name=\"author\" content=\"Tar\u0131k\" \/>\n<meta name=\"twitter:card\" content=\"summary_large_image\" \/>\n<meta name=\"twitter:creator\" content=\"@narteks\" \/>\n<meta name=\"twitter:site\" content=\"@narteks\" \/>\n<meta name=\"twitter:label1\" content=\"Yazan:\" \/>\n\t<meta name=\"twitter:data1\" content=\"Tar\u0131k\" \/>\n\t<meta name=\"twitter:label2\" content=\"Tahmini okuma s\u00fcresi\" \/>\n\t<meta name=\"twitter:data2\" content=\"4 dakika\" \/>\n<script type=\"application\/ld+json\" class=\"yoast-schema-graph\">{\"@context\":\"https:\/\/schema.org\",\"@graph\":[{\"@type\":\"Article\",\"@id\":\"https:\/\/narteks.net\/index.php\/2009\/02\/27\/gezgin\/#article\",\"isPartOf\":{\"@id\":\"https:\/\/narteks.net\/index.php\/2009\/02\/27\/gezgin\/\"},\"author\":{\"name\":\"Tar\u0131k\",\"@id\":\"https:\/\/narteks.net\/#\/schema\/person\/61f37d9834294b72d31d274e7ed79bca\"},\"headline\":\"GEZG\u0130N\",\"datePublished\":\"2009-02-27T14:50:49+00:00\",\"mainEntityOfPage\":{\"@id\":\"https:\/\/narteks.net\/index.php\/2009\/02\/27\/gezgin\/\"},\"wordCount\":766,\"commentCount\":0,\"publisher\":{\"@id\":\"https:\/\/narteks.net\/#organization\"},\"articleSection\":[\"Arkada\u015f Z. \u00d6ZGER\"],\"inLanguage\":\"tr\",\"potentialAction\":[{\"@type\":\"CommentAction\",\"name\":\"Comment\",\"target\":[\"https:\/\/narteks.net\/index.php\/2009\/02\/27\/gezgin\/#respond\"]}]},{\"@type\":\"WebPage\",\"@id\":\"https:\/\/narteks.net\/index.php\/2009\/02\/27\/gezgin\/\",\"url\":\"https:\/\/narteks.net\/index.php\/2009\/02\/27\/gezgin\/\",\"name\":\"GEZG\u0130N - narteks.net\",\"isPartOf\":{\"@id\":\"https:\/\/narteks.net\/#website\"},\"datePublished\":\"2009-02-27T14:50:49+00:00\",\"breadcrumb\":{\"@id\":\"https:\/\/narteks.net\/index.php\/2009\/02\/27\/gezgin\/#breadcrumb\"},\"inLanguage\":\"tr\",\"potentialAction\":[{\"@type\":\"ReadAction\",\"target\":[\"https:\/\/narteks.net\/index.php\/2009\/02\/27\/gezgin\/\"]}]},{\"@type\":\"BreadcrumbList\",\"@id\":\"https:\/\/narteks.net\/index.php\/2009\/02\/27\/gezgin\/#breadcrumb\",\"itemListElement\":[{\"@type\":\"ListItem\",\"position\":1,\"name\":\"Anasayfa\",\"item\":\"https:\/\/narteks.net\/\"},{\"@type\":\"ListItem\",\"position\":2,\"name\":\"GEZG\u0130N\"}]},{\"@type\":\"WebSite\",\"@id\":\"https:\/\/narteks.net\/#website\",\"url\":\"https:\/\/narteks.net\/\",\"name\":\"narteks.net\",\"description\":\"K\u00fclt\u00fcr Sanat Edebiyat Felsefe\",\"publisher\":{\"@id\":\"https:\/\/narteks.net\/#organization\"},\"alternateName\":\"K\u00fclt\u00fcr Sanat Edebiyat Felsefe\",\"potentialAction\":[{\"@type\":\"SearchAction\",\"target\":{\"@type\":\"EntryPoint\",\"urlTemplate\":\"https:\/\/narteks.net\/?s={search_term_string}\"},\"query-input\":{\"@type\":\"PropertyValueSpecification\",\"valueRequired\":true,\"valueName\":\"search_term_string\"}}],\"inLanguage\":\"tr\"},{\"@type\":\"Organization\",\"@id\":\"https:\/\/narteks.net\/#organization\",\"name\":\"narteks.net\",\"url\":\"https:\/\/narteks.net\/\",\"logo\":{\"@type\":\"ImageObject\",\"inLanguage\":\"tr\",\"@id\":\"https:\/\/narteks.net\/#\/schema\/logo\/image\/\",\"url\":\"https:\/\/narteks.net\/wp-content\/uploads\/narteks.png\",\"contentUrl\":\"https:\/\/narteks.net\/wp-content\/uploads\/narteks.png\",\"width\":300,\"height\":90,\"caption\":\"narteks.net\"},\"image\":{\"@id\":\"https:\/\/narteks.net\/#\/schema\/logo\/image\/\"},\"sameAs\":[\"https:\/\/x.com\/narteks\",\"https:\/\/instagram.com\/narteksnet\"]},{\"@type\":\"Person\",\"@id\":\"https:\/\/narteks.net\/#\/schema\/person\/61f37d9834294b72d31d274e7ed79bca\",\"name\":\"Tar\u0131k\",\"image\":{\"@type\":\"ImageObject\",\"inLanguage\":\"tr\",\"@id\":\"https:\/\/narteks.net\/#\/schema\/person\/image\/\",\"url\":\"https:\/\/secure.gravatar.com\/avatar\/50865afb55632c4ae467e0af0930f6510aa2297d8014be502a55b14f3b7550cf?s=96&d=mm&r=g\",\"contentUrl\":\"https:\/\/secure.gravatar.com\/avatar\/50865afb55632c4ae467e0af0930f6510aa2297d8014be502a55b14f3b7550cf?s=96&d=mm&r=g\",\"caption\":\"Tar\u0131k\"},\"sameAs\":[\"http:\/\/narteks.net\"],\"url\":\"https:\/\/narteks.net\/index.php\/author\/narbak\/\"}]}<\/script>\n<!-- \/ Yoast SEO Premium plugin. -->","yoast_head_json":{"title":"GEZG\u0130N - narteks.net","robots":{"index":"index","follow":"follow","max-snippet":"max-snippet:-1","max-image-preview":"max-image-preview:large","max-video-preview":"max-video-preview:-1"},"canonical":"https:\/\/narteks.net\/index.php\/2009\/02\/27\/gezgin\/","og_locale":"tr_TR","og_type":"article","og_title":"GEZG\u0130N","og_description":"\u00a0 d\u00fcn geldimge\u00e7 kalsam da ba\u011f\u0131\u015flan\u0131r bir bahar bozumuydu yola \u00e7\u0131kt\u0131\u011f\u0131mday\u00fcz\u00fcmde su\u00e7lu bir merakkalbim heyecandan tela\u015fl\u0131g\u00f6zlerimde \u0131s\u0131rgan bir h\u00fcz\u00fcn vard\u0131h\u00fcz\u00fcn: hep bilinirbir afyon \u00e7i\u00e7e\u011fidir \u00f6nceleridalayan bir \u0131s\u0131rgan yoncas\u0131 olur sonradalayan ve uyand\u0131ran o afyon uykusundan d\u00fcn geldimac\u0131 s\u0131rt\u0131mda tabiy yolum uzunduyan\u0131mda hi\u00e7 resim yoktuda\u011flara bakt\u0131m: da\u011f\u0131ld\u0131myollara bakt\u0131m: yoruldumgece ay\u0131\u015f\u0131\u011f\u0131 i\u00e7tim, dudaklar\u0131m kurudug\u00fcnd\u00fcz b\u00f6\u011f\u00fcrtlen yedim, dilim [&hellip;]","og_url":"https:\/\/narteks.net\/index.php\/2009\/02\/27\/gezgin\/","og_site_name":"narteks.net","article_published_time":"2009-02-27T14:50:49+00:00","og_image":[{"width":300,"height":90,"url":"https:\/\/narteks.net\/wp-content\/uploads\/narteks.png","type":"image\/png"}],"author":"Tar\u0131k","twitter_card":"summary_large_image","twitter_creator":"@narteks","twitter_site":"@narteks","twitter_misc":{"Yazan:":"Tar\u0131k","Tahmini okuma s\u00fcresi":"4 dakika"},"schema":{"@context":"https:\/\/schema.org","@graph":[{"@type":"Article","@id":"https:\/\/narteks.net\/index.php\/2009\/02\/27\/gezgin\/#article","isPartOf":{"@id":"https:\/\/narteks.net\/index.php\/2009\/02\/27\/gezgin\/"},"author":{"name":"Tar\u0131k","@id":"https:\/\/narteks.net\/#\/schema\/person\/61f37d9834294b72d31d274e7ed79bca"},"headline":"GEZG\u0130N","datePublished":"2009-02-27T14:50:49+00:00","mainEntityOfPage":{"@id":"https:\/\/narteks.net\/index.php\/2009\/02\/27\/gezgin\/"},"wordCount":766,"commentCount":0,"publisher":{"@id":"https:\/\/narteks.net\/#organization"},"articleSection":["Arkada\u015f Z. \u00d6ZGER"],"inLanguage":"tr","potentialAction":[{"@type":"CommentAction","name":"Comment","target":["https:\/\/narteks.net\/index.php\/2009\/02\/27\/gezgin\/#respond"]}]},{"@type":"WebPage","@id":"https:\/\/narteks.net\/index.php\/2009\/02\/27\/gezgin\/","url":"https:\/\/narteks.net\/index.php\/2009\/02\/27\/gezgin\/","name":"GEZG\u0130N - narteks.net","isPartOf":{"@id":"https:\/\/narteks.net\/#website"},"datePublished":"2009-02-27T14:50:49+00:00","breadcrumb":{"@id":"https:\/\/narteks.net\/index.php\/2009\/02\/27\/gezgin\/#breadcrumb"},"inLanguage":"tr","potentialAction":[{"@type":"ReadAction","target":["https:\/\/narteks.net\/index.php\/2009\/02\/27\/gezgin\/"]}]},{"@type":"BreadcrumbList","@id":"https:\/\/narteks.net\/index.php\/2009\/02\/27\/gezgin\/#breadcrumb","itemListElement":[{"@type":"ListItem","position":1,"name":"Anasayfa","item":"https:\/\/narteks.net\/"},{"@type":"ListItem","position":2,"name":"GEZG\u0130N"}]},{"@type":"WebSite","@id":"https:\/\/narteks.net\/#website","url":"https:\/\/narteks.net\/","name":"narteks.net","description":"K\u00fclt\u00fcr Sanat Edebiyat Felsefe","publisher":{"@id":"https:\/\/narteks.net\/#organization"},"alternateName":"K\u00fclt\u00fcr Sanat Edebiyat Felsefe","potentialAction":[{"@type":"SearchAction","target":{"@type":"EntryPoint","urlTemplate":"https:\/\/narteks.net\/?s={search_term_string}"},"query-input":{"@type":"PropertyValueSpecification","valueRequired":true,"valueName":"search_term_string"}}],"inLanguage":"tr"},{"@type":"Organization","@id":"https:\/\/narteks.net\/#organization","name":"narteks.net","url":"https:\/\/narteks.net\/","logo":{"@type":"ImageObject","inLanguage":"tr","@id":"https:\/\/narteks.net\/#\/schema\/logo\/image\/","url":"https:\/\/narteks.net\/wp-content\/uploads\/narteks.png","contentUrl":"https:\/\/narteks.net\/wp-content\/uploads\/narteks.png","width":300,"height":90,"caption":"narteks.net"},"image":{"@id":"https:\/\/narteks.net\/#\/schema\/logo\/image\/"},"sameAs":["https:\/\/x.com\/narteks","https:\/\/instagram.com\/narteksnet"]},{"@type":"Person","@id":"https:\/\/narteks.net\/#\/schema\/person\/61f37d9834294b72d31d274e7ed79bca","name":"Tar\u0131k","image":{"@type":"ImageObject","inLanguage":"tr","@id":"https:\/\/narteks.net\/#\/schema\/person\/image\/","url":"https:\/\/secure.gravatar.com\/avatar\/50865afb55632c4ae467e0af0930f6510aa2297d8014be502a55b14f3b7550cf?s=96&d=mm&r=g","contentUrl":"https:\/\/secure.gravatar.com\/avatar\/50865afb55632c4ae467e0af0930f6510aa2297d8014be502a55b14f3b7550cf?s=96&d=mm&r=g","caption":"Tar\u0131k"},"sameAs":["http:\/\/narteks.net"],"url":"https:\/\/narteks.net\/index.php\/author\/narbak\/"}]}},"_links":{"self":[{"href":"https:\/\/narteks.net\/index.php\/wp-json\/wp\/v2\/posts\/237","targetHints":{"allow":["GET"]}}],"collection":[{"href":"https:\/\/narteks.net\/index.php\/wp-json\/wp\/v2\/posts"}],"about":[{"href":"https:\/\/narteks.net\/index.php\/wp-json\/wp\/v2\/types\/post"}],"author":[{"embeddable":true,"href":"https:\/\/narteks.net\/index.php\/wp-json\/wp\/v2\/users\/1"}],"replies":[{"embeddable":true,"href":"https:\/\/narteks.net\/index.php\/wp-json\/wp\/v2\/comments?post=237"}],"version-history":[{"count":0,"href":"https:\/\/narteks.net\/index.php\/wp-json\/wp\/v2\/posts\/237\/revisions"}],"wp:attachment":[{"href":"https:\/\/narteks.net\/index.php\/wp-json\/wp\/v2\/media?parent=237"}],"wp:term":[{"taxonomy":"category","embeddable":true,"href":"https:\/\/narteks.net\/index.php\/wp-json\/wp\/v2\/categories?post=237"},{"taxonomy":"post_tag","embeddable":true,"href":"https:\/\/narteks.net\/index.php\/wp-json\/wp\/v2\/tags?post=237"}],"curies":[{"name":"wp","href":"https:\/\/api.w.org\/{rel}","templated":true}]}}