{"id":2374,"date":"2009-12-05T14:19:04","date_gmt":"2009-12-05T11:19:04","guid":{"rendered":"http:\/\/localhost\/wordpress\/2009\/12\/05\/yunus-ki-sutdisleriyle-turkcenin\/"},"modified":"2009-12-05T14:19:04","modified_gmt":"2009-12-05T11:19:04","slug":"yunus-ki-sutdisleriyle-turkcenin","status":"publish","type":"post","link":"https:\/\/narteks.net\/index.php\/2009\/12\/05\/yunus-ki-sutdisleriyle-turkcenin\/","title":{"rendered":"YUNUS K\u0130 S\u00dcTD\u0130\u015eLER\u0130YLE T\u00dcRK\u00c7EN\u0130N"},"content":{"rendered":"<p>\u00a0<\/p>\n<p>Yunus ki s\u00fctdi\u015fleriyle T\u00fcrk\u00e7enin <br \/> Ne g\u00fczel bi\u00e7mi\u015fti g\u00f6k ekinini, <br \/> D\u00fc\u015fman m\u00fc\u015fman girmeden araya <br \/> Dolan\u0131p b\u00fct\u00fcn yukar\u0131 illeri <br \/> Toz duman i\u00e7inde yollar boyunca <br \/> Can\u0131ndan s\u0131zd\u0131rm\u0131\u015ft\u0131 \u015fiiri; <br \/> Vasf-\u0131 Hal&#8217;inde \u00f6yle esrikti <br \/> Ac\u0131 dirli\u011fi A\u015f\u0131k PA\u015fa&#8217;n\u0131n, <br \/> G\u00fcnl\u00fck gibi havay\u0131 doldururdu. <br \/> Sevginin ve kimyan\u0131n \u00f6\u011fretisi; <br \/> Bursa &#8216;da otlar a\u011fa\u00e7lar aras\u0131nda <br \/> kim yazd\u0131 g\u00fcn\u00fcn ayd\u0131nl\u0131\u011f\u0131n <br \/> O diri o insan y\u00fczl\u00fc berat\u0131n\u0131 <br \/> Ba\u015fka kim yazd\u0131 Emir Sultan &#8216;dan <br \/> Ve bakal\u0131m Bal\u0131m Sultan Urum Abdallar\u0131ndan <br \/> Baba dostlar\u0131yla kad\u0131nlarla <br \/> Birtak\u0131m ili\u015fkilerden s\u0131yr\u0131larak <br \/> \u00c7\u0131karak kar\u0131kocal\u0131\u011f\u0131n d\u00fckkan\u0131ndan <br \/> Tuttu aynas\u0131nda K\u0131z\u0131l Deli&#8217;yi; <br \/> Ya\u011fmur alt\u0131nda sicim gibi <br \/> Paras\u0131n\u0131 serperken havuzlara <br \/> A\u015f\u0131k Garip unutmu\u015ftu kendini <br \/> Akl\u0131n\u0131 fikrini tak\u0131p Mecnun&#8217;a, <br \/> Oralarda sevgili bir k\u00fcf\u00fcr gibi <br \/> Son y\u00fckseli\u015figibi bir sesin <br \/> Demirin ta\u015f\u0131n yergisiyle dolu <br \/> O \u00e7imenleri ye\u015ferten n\u00e2r\u00e2 <br \/> O dalga dalga yay\u0131lan <br \/> Anam\u0131n i\u00e7i gib ovalara, <br \/> Ve indi mi birden bire inen <br \/> SIms\u0131cak bir \u015fafak gibi da\u011flara, <br \/> S\u00fctbeyaz Ayvaz Kank\u0131rm\u0131z\u0131 K\u00f6ro\u011flu; <br \/> Sen ki \u015fu k\u0131sac\u0131k hayat\u0131nda <br \/> Sevdin ve ya\u015fad\u0131n kelimeleri <br \/> Bir g\u00fcn bile d\u00fc\u015f\u00fcrmedin kalbinden <br \/> Yarana bast\u0131\u011f\u0131n b\u00fcy\u00fcl\u00fc deyimi <br \/> Niye mi ko\u015fars\u0131n b\u00f6yle ufka do\u011fru <br \/> Pir Sultan m\u0131 \u0131smarlad\u0131 seni <br \/> K\u0131z\u0131l\u0131rmaktan \u00f6te Sivas&#8217;a do\u011fru <br \/> Yery\u00fcz\u00fc g\u00f6ky\u00fcz\u00fc ve sabah vakti <br \/> Bilece u\u00e7ars\u0131n\u0131z hastan\u0131z ulu <br \/> Aln\u0131nda g\u00f6\u011fs\u00fcnde parmak u\u00e7lar\u0131nda <br \/> Kan p\u0131ht\u0131s\u0131n\u0131n \u0131srarl\u0131 bak\u0131\u015f\u0131 <br \/> Siyaset meydan\u0131 h\u0131ncah\u0131n\u00e7 dolu, <br \/> Ustam\u0131n g\u00f6zlerindeki son damla mavi <br \/> Tak\u0131l\u0131p kalm\u0131\u015f kirpiklerine, <br \/> Per\u00e7emi uysalca dolanm\u0131\u015f dara\u011fac\u0131na, ; <br \/> Uzakta kavaklar ku\u015fku sorulu <br \/> Bir tambur deh\u015feti saz\u0131nda <br \/> Haz\u0131rlar kaderini Kad\u0131 Burhanettin&#8217;in <br \/> Olsa da bir g\u00fcn Sivas &#8216;a sultan <br \/> F\u0131\u015fk\u0131racakt\u0131r kan\u0131 bir tuyu\u011f gibi <br \/> Azeri a\u011fz\u0131yla ko\u00e7lara devran <br \/> Bir tuyu\u011f gibi elemsiz bir f\u0131sk\u0131ye gibi <br \/> Ba\u015f\u0131 omuzundan kayd\u0131\u011f\u0131 zaman; <br \/> Sen ki g\u00f6zlerinle g\u00f6rm\u00fc\u015ft\u00fcn 57&#8217;de <br \/> Baban\u0131n par\u00e7alanm\u0131\u015f beynini <br \/> Ka\u011f\u0131t bir paketle koydular mezara <br \/> \u0130stesen belki elleyebilirdin de <br \/> Ama a\u011flamak haramd\u0131 sana <br \/> O g\u00fcnler istesende istemesen de <br \/> Bo\u011faz\u0131nda buruldu kald\u0131 T\u00fcrk\u00e7e <br \/> Mevsimlerin t\u00fcl\u00fcne sar\u0131l\u0131 halde <br \/> Y\u0131llarca dinlendirdin ac\u0131n\u0131 <br \/> Utand\u0131n ondan korktun bir bak\u0131ma <br \/> Saklad\u0131n geleninden gideninden; <br \/> Ve sen daha nice raslant\u0131larla <br \/> Nice su\u00e7suzun ba\u015f\u0131nda bulundun ki <br \/> G\u00f6\u011fe urmak ister g\u00f6zbebekleri <br \/> Nice \u015fair nice duyarl\u0131k el\u00e7isi <br \/> Zehir Kazak z\u0131kk\u0131m Gedayi <br \/> Bir bu\u011fday y\u00fczl\u00fc z\u00fclf\u00fc do\u015fa\u015f\u0131\u011f\u0131n <br \/> \u00d6zlemiyle karm\u0131\u015f do\u011fan\u0131n buyru\u011funu <br \/> K\u00fct\u00fc\u011f\u00fc nak\u0131\u015ftan beter olmu\u015f <br \/> Nar \u00e7i\u00e7e\u011fi Karacao\u011flan: ; <br \/> Yaz k\u0131\u015f yaprakl\u0131 Dertli Boran; <br \/> Ezilmi\u015fin tutanak\u00e7\u0131s\u0131 Kabasakal; <br \/> D\u00f6rd\u00fcnc\u00fc Murad&#8217;\u0131n \u00e7\u0131lg\u0131nl\u0131\u011f\u0131yla <br \/> Yeni\u00e7eri bedenineni\u015fanlar vuran <br \/> Seyrek asker Kay\u0131k\u00e7\u0131 Kul Mustafa; <br \/> \u0130\u015fgal ac\u0131lar\u0131ndan mavi bir lirizm \u00e7\u0131karan <br \/> Maliyeci \u015fairlerin ilki Bayburt&#8217;lu Zihni; <br \/> Ve s\u00fcrg\u00fcn \u015fairlerin ne ilki ne de sonuncusu <br \/> Yi\u011fit ve a\u00e7\u0131k T\u00fcrkmen: Dadalo\u011flu; <br \/> Kamu ku\u015flar\u0131n yedi bin y\u0131l <br \/> Tam bir dani\u015fmendlik i\u00e7re u\u00e7tu\u011fu <br \/> Ve g\u00fcl\u00fcn tek bir solukta <br \/> K\u00f6y k\u00f6y da\u011f\u0131l\u0131p kahverengide <br \/> Kent kent k\u0131rm\u0131z\u0131da topland\u0131\u011f\u0131 G\u00fcl\u015fehri; <br \/> Kim bu G\u00fcl\u015fehri \u00f6ks\u00fcz Emrah kim? <br \/> \u015eems Banu ne olacak Ki\u015fverki\u015fan nere kalesi? <br \/> YA ulu Camiin \u00fcnl\u00fc romanc\u0131s\u0131 <br \/> Yalva\u00e7lara kimlik ka\u011f\u0131d\u0131 da\u011f\u0131tan <br \/> \u00c7ekid\u00fczeni unutulmaz S\u00fcleyman \u00c7elebi? <br \/> Sen i\u015fte bunlarla bildin T\u00fcrk\u00e7eyi <br \/> Bunlarla <br \/> Gelen giden obay\u0131 sevdi.<\/p>\n","protected":false},"excerpt":{"rendered":"<p>\u00a0 Yunus ki s\u00fctdi\u015fleriyle T\u00fcrk\u00e7enin Ne g\u00fczel bi\u00e7mi\u015fti g\u00f6k ekinini, D\u00fc\u015fman m\u00fc\u015fman girmeden araya Dolan\u0131p b\u00fct\u00fcn yukar\u0131 illeri Toz duman i\u00e7inde yollar boyunca Can\u0131ndan s\u0131zd\u0131rm\u0131\u015ft\u0131 \u015fiiri; Vasf-\u0131 Hal&#8217;inde \u00f6yle esrikti Ac\u0131 dirli\u011fi A\u015f\u0131k PA\u015fa&#8217;n\u0131n, G\u00fcnl\u00fck gibi havay\u0131 doldururdu. Sevginin ve kimyan\u0131n \u00f6\u011fretisi; Bursa &#8216;da otlar a\u011fa\u00e7lar aras\u0131nda kim yazd\u0131 g\u00fcn\u00fcn ayd\u0131nl\u0131\u011f\u0131n O diri o insan [&hellip;]<\/p>\n","protected":false},"author":1,"featured_media":0,"comment_status":"open","ping_status":"open","sticky":false,"template":"","format":"standard","meta":{"footnotes":""},"categories":[17],"tags":[],"class_list":{"0":"post-2374","1":"post","2":"type-post","3":"status-publish","4":"format-standard","6":"category-cemal-sureya"},"yoast_head":"<!-- This site is optimized with the Yoast SEO Premium plugin v24.9 (Yoast SEO v24.9) - https:\/\/yoast.com\/wordpress\/plugins\/seo\/ -->\n<title>YUNUS K\u0130 S\u00dcTD\u0130\u015eLER\u0130YLE T\u00dcRK\u00c7EN\u0130N - narteks.net<\/title>\n<meta name=\"robots\" content=\"index, follow, max-snippet:-1, max-image-preview:large, max-video-preview:-1\" \/>\n<link rel=\"canonical\" href=\"https:\/\/narteks.net\/index.php\/2009\/12\/05\/yunus-ki-sutdisleriyle-turkcenin\/\" \/>\n<meta property=\"og:locale\" content=\"tr_TR\" \/>\n<meta property=\"og:type\" content=\"article\" \/>\n<meta property=\"og:title\" content=\"YUNUS K\u0130 S\u00dcTD\u0130\u015eLER\u0130YLE T\u00dcRK\u00c7EN\u0130N\" \/>\n<meta property=\"og:description\" content=\"\u00a0 Yunus ki s\u00fctdi\u015fleriyle T\u00fcrk\u00e7enin Ne g\u00fczel bi\u00e7mi\u015fti g\u00f6k ekinini, D\u00fc\u015fman m\u00fc\u015fman girmeden araya Dolan\u0131p b\u00fct\u00fcn yukar\u0131 illeri Toz duman i\u00e7inde yollar boyunca Can\u0131ndan s\u0131zd\u0131rm\u0131\u015ft\u0131 \u015fiiri; Vasf-\u0131 Hal&#8217;inde \u00f6yle esrikti Ac\u0131 dirli\u011fi A\u015f\u0131k PA\u015fa&#8217;n\u0131n, G\u00fcnl\u00fck gibi havay\u0131 doldururdu. Sevginin ve kimyan\u0131n \u00f6\u011fretisi; Bursa &#8216;da otlar a\u011fa\u00e7lar aras\u0131nda kim yazd\u0131 g\u00fcn\u00fcn ayd\u0131nl\u0131\u011f\u0131n O diri o insan [&hellip;]\" \/>\n<meta property=\"og:url\" content=\"https:\/\/narteks.net\/index.php\/2009\/12\/05\/yunus-ki-sutdisleriyle-turkcenin\/\" \/>\n<meta property=\"og:site_name\" content=\"narteks.net\" \/>\n<meta property=\"article:published_time\" content=\"2009-12-05T11:19:04+00:00\" \/>\n<meta property=\"og:image\" content=\"https:\/\/narteks.net\/wp-content\/uploads\/narteks.png\" \/>\n\t<meta property=\"og:image:width\" content=\"300\" \/>\n\t<meta property=\"og:image:height\" content=\"90\" \/>\n\t<meta property=\"og:image:type\" content=\"image\/png\" \/>\n<meta name=\"author\" content=\"Tar\u0131k\" \/>\n<meta name=\"twitter:card\" content=\"summary_large_image\" \/>\n<meta name=\"twitter:creator\" content=\"@narteks\" \/>\n<meta name=\"twitter:site\" content=\"@narteks\" \/>\n<meta name=\"twitter:label1\" content=\"Yazan:\" \/>\n\t<meta name=\"twitter:data1\" content=\"Tar\u0131k\" \/>\n\t<meta name=\"twitter:label2\" content=\"Tahmini okuma s\u00fcresi\" \/>\n\t<meta name=\"twitter:data2\" content=\"3 dakika\" \/>\n<script type=\"application\/ld+json\" class=\"yoast-schema-graph\">{\"@context\":\"https:\/\/schema.org\",\"@graph\":[{\"@type\":\"Article\",\"@id\":\"https:\/\/narteks.net\/index.php\/2009\/12\/05\/yunus-ki-sutdisleriyle-turkcenin\/#article\",\"isPartOf\":{\"@id\":\"https:\/\/narteks.net\/index.php\/2009\/12\/05\/yunus-ki-sutdisleriyle-turkcenin\/\"},\"author\":{\"name\":\"Tar\u0131k\",\"@id\":\"https:\/\/narteks.net\/#\/schema\/person\/61f37d9834294b72d31d274e7ed79bca\"},\"headline\":\"YUNUS K\u0130 S\u00dcTD\u0130\u015eLER\u0130YLE T\u00dcRK\u00c7EN\u0130N\",\"datePublished\":\"2009-12-05T11:19:04+00:00\",\"mainEntityOfPage\":{\"@id\":\"https:\/\/narteks.net\/index.php\/2009\/12\/05\/yunus-ki-sutdisleriyle-turkcenin\/\"},\"wordCount\":662,\"commentCount\":0,\"publisher\":{\"@id\":\"https:\/\/narteks.net\/#organization\"},\"articleSection\":[\"Cemal S\u00dcREYA\"],\"inLanguage\":\"tr\",\"potentialAction\":[{\"@type\":\"CommentAction\",\"name\":\"Comment\",\"target\":[\"https:\/\/narteks.net\/index.php\/2009\/12\/05\/yunus-ki-sutdisleriyle-turkcenin\/#respond\"]}]},{\"@type\":\"WebPage\",\"@id\":\"https:\/\/narteks.net\/index.php\/2009\/12\/05\/yunus-ki-sutdisleriyle-turkcenin\/\",\"url\":\"https:\/\/narteks.net\/index.php\/2009\/12\/05\/yunus-ki-sutdisleriyle-turkcenin\/\",\"name\":\"YUNUS K\u0130 S\u00dcTD\u0130\u015eLER\u0130YLE T\u00dcRK\u00c7EN\u0130N - narteks.net\",\"isPartOf\":{\"@id\":\"https:\/\/narteks.net\/#website\"},\"datePublished\":\"2009-12-05T11:19:04+00:00\",\"breadcrumb\":{\"@id\":\"https:\/\/narteks.net\/index.php\/2009\/12\/05\/yunus-ki-sutdisleriyle-turkcenin\/#breadcrumb\"},\"inLanguage\":\"tr\",\"potentialAction\":[{\"@type\":\"ReadAction\",\"target\":[\"https:\/\/narteks.net\/index.php\/2009\/12\/05\/yunus-ki-sutdisleriyle-turkcenin\/\"]}]},{\"@type\":\"BreadcrumbList\",\"@id\":\"https:\/\/narteks.net\/index.php\/2009\/12\/05\/yunus-ki-sutdisleriyle-turkcenin\/#breadcrumb\",\"itemListElement\":[{\"@type\":\"ListItem\",\"position\":1,\"name\":\"Anasayfa\",\"item\":\"https:\/\/narteks.net\/\"},{\"@type\":\"ListItem\",\"position\":2,\"name\":\"YUNUS K\u0130 S\u00dcTD\u0130\u015eLER\u0130YLE T\u00dcRK\u00c7EN\u0130N\"}]},{\"@type\":\"WebSite\",\"@id\":\"https:\/\/narteks.net\/#website\",\"url\":\"https:\/\/narteks.net\/\",\"name\":\"narteks.net\",\"description\":\"K\u00fclt\u00fcr Sanat Edebiyat Felsefe\",\"publisher\":{\"@id\":\"https:\/\/narteks.net\/#organization\"},\"alternateName\":\"K\u00fclt\u00fcr Sanat Edebiyat Felsefe\",\"potentialAction\":[{\"@type\":\"SearchAction\",\"target\":{\"@type\":\"EntryPoint\",\"urlTemplate\":\"https:\/\/narteks.net\/?s={search_term_string}\"},\"query-input\":{\"@type\":\"PropertyValueSpecification\",\"valueRequired\":true,\"valueName\":\"search_term_string\"}}],\"inLanguage\":\"tr\"},{\"@type\":\"Organization\",\"@id\":\"https:\/\/narteks.net\/#organization\",\"name\":\"narteks.net\",\"url\":\"https:\/\/narteks.net\/\",\"logo\":{\"@type\":\"ImageObject\",\"inLanguage\":\"tr\",\"@id\":\"https:\/\/narteks.net\/#\/schema\/logo\/image\/\",\"url\":\"https:\/\/narteks.net\/wp-content\/uploads\/narteks.png\",\"contentUrl\":\"https:\/\/narteks.net\/wp-content\/uploads\/narteks.png\",\"width\":300,\"height\":90,\"caption\":\"narteks.net\"},\"image\":{\"@id\":\"https:\/\/narteks.net\/#\/schema\/logo\/image\/\"},\"sameAs\":[\"https:\/\/x.com\/narteks\",\"https:\/\/instagram.com\/narteksnet\"]},{\"@type\":\"Person\",\"@id\":\"https:\/\/narteks.net\/#\/schema\/person\/61f37d9834294b72d31d274e7ed79bca\",\"name\":\"Tar\u0131k\",\"image\":{\"@type\":\"ImageObject\",\"inLanguage\":\"tr\",\"@id\":\"https:\/\/narteks.net\/#\/schema\/person\/image\/\",\"url\":\"https:\/\/secure.gravatar.com\/avatar\/50865afb55632c4ae467e0af0930f6510aa2297d8014be502a55b14f3b7550cf?s=96&d=mm&r=g\",\"contentUrl\":\"https:\/\/secure.gravatar.com\/avatar\/50865afb55632c4ae467e0af0930f6510aa2297d8014be502a55b14f3b7550cf?s=96&d=mm&r=g\",\"caption\":\"Tar\u0131k\"},\"sameAs\":[\"http:\/\/narteks.net\"],\"url\":\"https:\/\/narteks.net\/index.php\/author\/narbak\/\"}]}<\/script>\n<!-- \/ Yoast SEO Premium plugin. -->","yoast_head_json":{"title":"YUNUS K\u0130 S\u00dcTD\u0130\u015eLER\u0130YLE T\u00dcRK\u00c7EN\u0130N - narteks.net","robots":{"index":"index","follow":"follow","max-snippet":"max-snippet:-1","max-image-preview":"max-image-preview:large","max-video-preview":"max-video-preview:-1"},"canonical":"https:\/\/narteks.net\/index.php\/2009\/12\/05\/yunus-ki-sutdisleriyle-turkcenin\/","og_locale":"tr_TR","og_type":"article","og_title":"YUNUS K\u0130 S\u00dcTD\u0130\u015eLER\u0130YLE T\u00dcRK\u00c7EN\u0130N","og_description":"\u00a0 Yunus ki s\u00fctdi\u015fleriyle T\u00fcrk\u00e7enin Ne g\u00fczel bi\u00e7mi\u015fti g\u00f6k ekinini, D\u00fc\u015fman m\u00fc\u015fman girmeden araya Dolan\u0131p b\u00fct\u00fcn yukar\u0131 illeri Toz duman i\u00e7inde yollar boyunca Can\u0131ndan s\u0131zd\u0131rm\u0131\u015ft\u0131 \u015fiiri; Vasf-\u0131 Hal&#8217;inde \u00f6yle esrikti Ac\u0131 dirli\u011fi A\u015f\u0131k PA\u015fa&#8217;n\u0131n, G\u00fcnl\u00fck gibi havay\u0131 doldururdu. Sevginin ve kimyan\u0131n \u00f6\u011fretisi; Bursa &#8216;da otlar a\u011fa\u00e7lar aras\u0131nda kim yazd\u0131 g\u00fcn\u00fcn ayd\u0131nl\u0131\u011f\u0131n O diri o insan [&hellip;]","og_url":"https:\/\/narteks.net\/index.php\/2009\/12\/05\/yunus-ki-sutdisleriyle-turkcenin\/","og_site_name":"narteks.net","article_published_time":"2009-12-05T11:19:04+00:00","og_image":[{"width":300,"height":90,"url":"https:\/\/narteks.net\/wp-content\/uploads\/narteks.png","type":"image\/png"}],"author":"Tar\u0131k","twitter_card":"summary_large_image","twitter_creator":"@narteks","twitter_site":"@narteks","twitter_misc":{"Yazan:":"Tar\u0131k","Tahmini okuma s\u00fcresi":"3 dakika"},"schema":{"@context":"https:\/\/schema.org","@graph":[{"@type":"Article","@id":"https:\/\/narteks.net\/index.php\/2009\/12\/05\/yunus-ki-sutdisleriyle-turkcenin\/#article","isPartOf":{"@id":"https:\/\/narteks.net\/index.php\/2009\/12\/05\/yunus-ki-sutdisleriyle-turkcenin\/"},"author":{"name":"Tar\u0131k","@id":"https:\/\/narteks.net\/#\/schema\/person\/61f37d9834294b72d31d274e7ed79bca"},"headline":"YUNUS K\u0130 S\u00dcTD\u0130\u015eLER\u0130YLE T\u00dcRK\u00c7EN\u0130N","datePublished":"2009-12-05T11:19:04+00:00","mainEntityOfPage":{"@id":"https:\/\/narteks.net\/index.php\/2009\/12\/05\/yunus-ki-sutdisleriyle-turkcenin\/"},"wordCount":662,"commentCount":0,"publisher":{"@id":"https:\/\/narteks.net\/#organization"},"articleSection":["Cemal S\u00dcREYA"],"inLanguage":"tr","potentialAction":[{"@type":"CommentAction","name":"Comment","target":["https:\/\/narteks.net\/index.php\/2009\/12\/05\/yunus-ki-sutdisleriyle-turkcenin\/#respond"]}]},{"@type":"WebPage","@id":"https:\/\/narteks.net\/index.php\/2009\/12\/05\/yunus-ki-sutdisleriyle-turkcenin\/","url":"https:\/\/narteks.net\/index.php\/2009\/12\/05\/yunus-ki-sutdisleriyle-turkcenin\/","name":"YUNUS K\u0130 S\u00dcTD\u0130\u015eLER\u0130YLE T\u00dcRK\u00c7EN\u0130N - narteks.net","isPartOf":{"@id":"https:\/\/narteks.net\/#website"},"datePublished":"2009-12-05T11:19:04+00:00","breadcrumb":{"@id":"https:\/\/narteks.net\/index.php\/2009\/12\/05\/yunus-ki-sutdisleriyle-turkcenin\/#breadcrumb"},"inLanguage":"tr","potentialAction":[{"@type":"ReadAction","target":["https:\/\/narteks.net\/index.php\/2009\/12\/05\/yunus-ki-sutdisleriyle-turkcenin\/"]}]},{"@type":"BreadcrumbList","@id":"https:\/\/narteks.net\/index.php\/2009\/12\/05\/yunus-ki-sutdisleriyle-turkcenin\/#breadcrumb","itemListElement":[{"@type":"ListItem","position":1,"name":"Anasayfa","item":"https:\/\/narteks.net\/"},{"@type":"ListItem","position":2,"name":"YUNUS K\u0130 S\u00dcTD\u0130\u015eLER\u0130YLE T\u00dcRK\u00c7EN\u0130N"}]},{"@type":"WebSite","@id":"https:\/\/narteks.net\/#website","url":"https:\/\/narteks.net\/","name":"narteks.net","description":"K\u00fclt\u00fcr Sanat Edebiyat Felsefe","publisher":{"@id":"https:\/\/narteks.net\/#organization"},"alternateName":"K\u00fclt\u00fcr Sanat Edebiyat Felsefe","potentialAction":[{"@type":"SearchAction","target":{"@type":"EntryPoint","urlTemplate":"https:\/\/narteks.net\/?s={search_term_string}"},"query-input":{"@type":"PropertyValueSpecification","valueRequired":true,"valueName":"search_term_string"}}],"inLanguage":"tr"},{"@type":"Organization","@id":"https:\/\/narteks.net\/#organization","name":"narteks.net","url":"https:\/\/narteks.net\/","logo":{"@type":"ImageObject","inLanguage":"tr","@id":"https:\/\/narteks.net\/#\/schema\/logo\/image\/","url":"https:\/\/narteks.net\/wp-content\/uploads\/narteks.png","contentUrl":"https:\/\/narteks.net\/wp-content\/uploads\/narteks.png","width":300,"height":90,"caption":"narteks.net"},"image":{"@id":"https:\/\/narteks.net\/#\/schema\/logo\/image\/"},"sameAs":["https:\/\/x.com\/narteks","https:\/\/instagram.com\/narteksnet"]},{"@type":"Person","@id":"https:\/\/narteks.net\/#\/schema\/person\/61f37d9834294b72d31d274e7ed79bca","name":"Tar\u0131k","image":{"@type":"ImageObject","inLanguage":"tr","@id":"https:\/\/narteks.net\/#\/schema\/person\/image\/","url":"https:\/\/secure.gravatar.com\/avatar\/50865afb55632c4ae467e0af0930f6510aa2297d8014be502a55b14f3b7550cf?s=96&d=mm&r=g","contentUrl":"https:\/\/secure.gravatar.com\/avatar\/50865afb55632c4ae467e0af0930f6510aa2297d8014be502a55b14f3b7550cf?s=96&d=mm&r=g","caption":"Tar\u0131k"},"sameAs":["http:\/\/narteks.net"],"url":"https:\/\/narteks.net\/index.php\/author\/narbak\/"}]}},"_links":{"self":[{"href":"https:\/\/narteks.net\/index.php\/wp-json\/wp\/v2\/posts\/2374","targetHints":{"allow":["GET"]}}],"collection":[{"href":"https:\/\/narteks.net\/index.php\/wp-json\/wp\/v2\/posts"}],"about":[{"href":"https:\/\/narteks.net\/index.php\/wp-json\/wp\/v2\/types\/post"}],"author":[{"embeddable":true,"href":"https:\/\/narteks.net\/index.php\/wp-json\/wp\/v2\/users\/1"}],"replies":[{"embeddable":true,"href":"https:\/\/narteks.net\/index.php\/wp-json\/wp\/v2\/comments?post=2374"}],"version-history":[{"count":0,"href":"https:\/\/narteks.net\/index.php\/wp-json\/wp\/v2\/posts\/2374\/revisions"}],"wp:attachment":[{"href":"https:\/\/narteks.net\/index.php\/wp-json\/wp\/v2\/media?parent=2374"}],"wp:term":[{"taxonomy":"category","embeddable":true,"href":"https:\/\/narteks.net\/index.php\/wp-json\/wp\/v2\/categories?post=2374"},{"taxonomy":"post_tag","embeddable":true,"href":"https:\/\/narteks.net\/index.php\/wp-json\/wp\/v2\/tags?post=2374"}],"curies":[{"name":"wp","href":"https:\/\/api.w.org\/{rel}","templated":true}]}}