{"id":2388,"date":"2009-12-05T14:38:19","date_gmt":"2009-12-05T11:38:19","guid":{"rendered":"http:\/\/localhost\/wordpress\/2009\/12\/05\/ilhan-berk-biyografisi\/"},"modified":"2009-12-05T14:38:19","modified_gmt":"2009-12-05T11:38:19","slug":"ilhan-berk-biyografisi","status":"publish","type":"post","link":"https:\/\/narteks.net\/index.php\/2009\/12\/05\/ilhan-berk-biyografisi\/","title":{"rendered":"\u0130lhan BERK Biyografisi"},"content":{"rendered":"<p><img loading=\"lazy\" decoding=\"async\" src=\"http:\/\/upload.wikimedia.org\/wikipedia\/tr\/b\/b6\/%C4%B0lhan_Berk.jpg\" width=\"155\" height=\"205\" border=\"0\" \/><\/p>\n<p style=\"text-align: justify;\">\u0130lhan Berk (d. 18 Kas\u0131m 1918, Manisa &#8211; \u00f6. 28 A\u011fustos 2008, Bodrum)<\/p>\n<p>Bal\u0131kesir Necatibey \u00d6\u011fretmen Okulu&#8217;ndan mezun olmu\u015f, Espiye&#8217;de iki y\u0131l ilkokul \u00f6\u011fretmenli\u011finden sonra Ankara Gazi E\u011fitim Enstit\u00fcs\u00fc&#8217;ne girdi. Enstit\u00fcn\u00fcn Frans\u0131zca b\u00f6l\u00fcm\u00fcnden mezun (1944) olan Berk, 1945-1955 y\u0131llar\u0131 aras\u0131nda Zonguldak, Samsun ve K\u0131r\u015fehir&#8217;de ortaokul ve liselerde Frans\u0131zca \u00f6\u011fretmenli\u011fi yapt\u0131. 1956 y\u0131l\u0131ndan itibaren on \u00fc\u00e7 y\u0131l boyunca Ankara&#8217;da T.C. Ziraat Bankas\u0131&#8217;n\u0131n Yay\u0131n B\u00fcrosu&#8217;nda \u00e7evirmenlik yapt\u0131.<\/p>\n<p>Bu s\u00fcre i\u00e7inde modern d\u00fcnya \u015fiirinin iki b\u00fcy\u00fck \u015fairi say\u0131lan Arthur Rimbaud ve Ezra Pound&#8217;un \u015fiirlerini \u00e7evirerek kitapla\u015ft\u0131rd\u0131. Bu tarihten sonra kendini t\u00fcm\u00fcyle yazmaya verdi ve bir anlat\u0131 kitab\u0131 d\u0131\u015f\u0131nda, yaln\u0131z \u015fiir ve \u015fiire ili\u015fkin yaz\u0131lar yazd\u0131. K\u00fcl adl\u0131 kitab\u0131yla 1979 y\u0131l\u0131nda T\u00fcrk Dil Kurumu ve \u0130stanbul kitab\u0131 ile de 1980 y\u0131l\u0131nda Beh\u00e7et Necatigil \u015eiir \u00d6d\u00fcllerini kazand\u0131. 1983&#8217;de Deniz Eskisi adl\u0131 kitab\u0131yla, Yedi Tepe \u015fiir Arma\u011f\u0131n\u0131&#8217;n\u0131n 1988&#8217;de de G\u00fczel Irmak adl\u0131 kitab\u0131yla Sedat Simavi Edebiyat \u00d6d\u00fcl\u00fc&#8217;n\u00fc (F. Edg\u00fc ile) ald\u0131. 28 A\u011fustos 2008 tarihinde Bodrum&#8217;da 90 ya\u015f\u0131nda vefat etti.<\/p>\n<p>Yaz\u0131m Hayat\u0131<\/p>\n<p>\u0130lhan, Berk, ilk \u015fiirlerini Manisa Halkevi&#8217;nin dergisi Uyan\u0131\u015f&#8217;ta yay\u0131mlam\u0131\u015ft\u0131r (1935). Berk, 19 ya\u015f\u0131ndayken G\u00fcne\u015fi Yakanlar\u0131n Sel\u00e2m\u0131 ad\u0131yla kitapla\u015ft\u0131rd\u0131\u011f\u0131 bu \u015fiirlerinde &#8220;hece vezni&#8221; kullanmakta ve o d\u00f6nemin \u015fiir anlay\u0131\u015f\u0131na \u00f6zg\u00fc bir karamsarl\u0131k ta\u015f\u0131maktad\u0131r. &#8220;Sonsuzluk&#8221;, &#8220;k\u0131z\u0131l&#8221;, &#8220;hulya&#8221;, &#8220;ate\u015f&#8221; en sevdi\u011fi s\u00f6zc\u00fckler olarak g\u00f6r\u00fcnmektedir. Sembolist \u015fiirden esinlenilmi\u015f izlenimi veren imgeler yapmay\u0131 sevmektedir: &#8220;Bir karanl\u0131k gecenin masmavi seherinde \/ K\u0131z\u0131l ba\u015f\u00f6rt\u00fcnle g\u00fcl y\u00fczl\u00fc bah\u00e7ede g\u00f6r\u00fcn&#8221;.<\/p>\n<p>Dil anlay\u0131\u015f\u0131 da hen\u00fcz d\u00f6neminden kopamam\u0131\u015ft\u0131r ki, bunu da 19 ya\u015f\u0131ndaki bir \u015fair aday\u0131 i\u00e7in do\u011fal kar\u015f\u0131lamak gerekmektedir: &#8220;K\u0131pk\u0131z\u0131l hulyal\u0131 bir renge y\u00fckselmeden g\u00fcn \/ Bir devrin ne\u015fesini ta\u015f\u0131makta y\u00fcz\u00fcn&#8221;. Berk&#8217;in ilk kitab\u0131na ad\u0131n\u0131 veren \u015fiirinin son k\u0131tas\u0131 da \u015f\u00f6yledir: &#8220;Neler, neler beklenmez nihayetsiz bir yerden \/ G\u00fcne\u015fi i\u00e7elim mor \u015fafaklar gecesinden \/ Sel\u00e2m! Sonsuzlukalra, hasret g\u00f6n\u00fcllerden \/ Sel\u00e2m, g\u00fcne\u015fe, g\u00f6\u011f\u00fc yakanlar bah\u00e7esinden!&#8221;.<\/p>\n<p>\u0130lhan Berk, daha sonra 1940&#8217;lara do\u011fru Yeni Edebiyat anlay\u0131\u015f\u0131 i\u00e7inde yer alm\u0131\u015f, Servet-i F\u00fcnun (Uyan\u0131\u015f), Ses, Y\u0131\u011f\u0131n, Yery\u00fcz\u00fc, Kaynak gibi dergilerde yazm\u0131\u015ft\u0131r. T\u00fcrk \u015fiirinin en deneyci \u015fairlerinden biri olan \u0130lhan Berk, durmadan yatak de\u011fi\u015ftirerek, ama baz\u0131 sorunsallara hep ba\u011fl\u0131 kalarak \u015fiirini g\u00fcn\u00fcm\u00fcze kadar eskitmeden getirmeyi ba\u015farm\u0131\u015ft\u0131r.<\/p>\n<p>\u201cYazmak mutsuzluktur, mutlu insan yazmaz.<br \/>bu yery\u00fcz\u00fcn\u00fc oldu\u011fu gibi g\u00f6rmeme engel olan<br \/>ve bana bu yery\u00fcz\u00fcn\u00fc cehennem eden<br \/>bu yazmak eyleminden kurtuldu\u011fum,<br \/>mutlu oldu\u011fum bir tek \u015fey var: resim yapmak.\u201d<\/p>\n<p style=\"text-align: justify;\"><strong>\u0130lhan Berk<\/strong><\/p>\n<p style=\"text-align: justify;\">\u00d6d\u00fclleri<\/p>\n<p> * K\u00fcl, 1979 TDK \u015eiir \u00d6d\u00fcl\u00fc.<br \/> * \u0130stanbul, 1980 Beh\u00e7et Necatigil \u015eiir \u00d6d\u00fcl\u00fc.<br \/> * Deniz Eskisi, 1983 Yedi Tepe \u015eiir Arma\u011fan\u0131<br \/> * G\u00fczel Irmak, 1988 Sedat Simavi Edebiyat \u00d6d\u00fcl\u00fc.<\/p>\n<p>90 yas\u0131na kdr olmeme odulu \ud83d\ude00<br \/>Yap\u0131tlar\u0131<br \/>\u015eiir<\/p>\n<p> * G\u00fcne\u015fi Yakanlar\u0131n Selam\u0131 (1978)<br \/> * Istanbul (1978<br \/> * G\u00fcnayd\u0131n Yery\u00fcz\u00fc (1952)<br \/> * T\u00fcrkiye \u015eark\u0131s\u0131 (1953)<br \/> * K\u00f6ro\u011flu (1955)<br \/> * Galile Denizi (1958)<br \/> * \u00c7ivi Yaz\u0131s\u0131 (1960)<br \/> * Ota\u011f (1961)<br \/> * M\u0131s\u0131rkalyoni\u011fne (1962)<br \/> * \u00c2\u015f\u0131kane (1968)<br \/> * Ta\u015fbask\u0131s\u0131 (1975)<br \/> * \u015eenlikname (1976)<br \/> * Atlas (1976)<br \/> * K\u00fcl (1978)<br \/> * \u0130stanbul Kitab\u0131 (1980)<br \/> * Kitaplar Kitab\u0131 (1981)(Se\u00e7ilmi\u015f \u015eiirler)<br \/> * Deniz Eskisi (1982) (\u015eiirin Gizli Tarihi&#8217;ni de i\u00e7erir.)<br \/> * Delta ve \u00c7ocuk (1984)<br \/> * Galata (1985)<br \/> * G\u00fczel Irmak (1988)<br \/> * Pera (1990)<br \/> * D\u00fcn Da\u011flarda Dola\u015ft\u0131m Evde Yoktum (1993)<br \/> * Avluya D\u00fc\u015fen G\u00f6lge (1996)<br \/> * \u015eeyler Kitab\u0131 Ev (1997)<br \/> * \u00c7ok Ya\u015fas\u0131n Say\u0131lar (1999)<\/p>\n<p>Anlat\u0131<\/p>\n<p> * Uzun Bir Adam (1982)<\/p>\n<p>1984 tokat niksar<br \/>\u00c7eviri<\/p>\n<p> * A. Rimbaud : Se\u00e7me \u015eiirler (1962)<br \/> * D\u00fcnya Edebiyat\u0131nda A\u015fk \u015eiirleri (1968)<br \/> * D\u00fcnya \u015eiiri (1969)<\/p>\n<p>Antoloji<\/p>\n<p> * Ba\u015flang\u0131c\u0131ndan Bug\u00fcne Beyit M\u0131sra Antolojisi (1960)<br \/> * A\u015fk El\u00e7isi (1965-antoloji),<\/p>\n<p>Di\u011fer<\/p>\n<p> * \u015eifal\u0131 Otlar Kitab\u0131 (1982)<br \/> * El Yaz\u0131lar\u0131na Vuruyor G\u00fcne\u015f (1983)<br \/> * E. Pound : Se\u00e7me Kantolar (1983)<br \/> * \u015eairin Topra\u011f\u0131 (1992).<\/p>\n","protected":false},"excerpt":{"rendered":"<p>\u0130lhan Berk (d. 18 Kas\u0131m 1918, Manisa &#8211; \u00f6. 28 A\u011fustos 2008, Bodrum) Bal\u0131kesir Necatibey \u00d6\u011fretmen Okulu&#8217;ndan mezun olmu\u015f, Espiye&#8217;de iki y\u0131l ilkokul \u00f6\u011fretmenli\u011finden sonra Ankara Gazi E\u011fitim Enstit\u00fcs\u00fc&#8217;ne girdi. Enstit\u00fcn\u00fcn Frans\u0131zca b\u00f6l\u00fcm\u00fcnden mezun (1944) olan Berk, 1945-1955 y\u0131llar\u0131 aras\u0131nda Zonguldak, Samsun ve K\u0131r\u015fehir&#8217;de ortaokul ve liselerde Frans\u0131zca \u00f6\u011fretmenli\u011fi yapt\u0131. 1956 y\u0131l\u0131ndan itibaren on \u00fc\u00e7 [&hellip;]<\/p>\n","protected":false},"author":1,"featured_media":0,"comment_status":"open","ping_status":"open","sticky":false,"template":"","format":"standard","meta":{"footnotes":""},"categories":[89],"tags":[],"class_list":{"0":"post-2388","1":"post","2":"type-post","3":"status-publish","4":"format-standard","6":"category-ilhan-berk"},"yoast_head":"<!-- This site is optimized with the Yoast SEO Premium plugin v24.9 (Yoast SEO v24.9) - https:\/\/yoast.com\/wordpress\/plugins\/seo\/ -->\n<title>\u0130lhan BERK Biyografisi - narteks.net<\/title>\n<meta name=\"robots\" content=\"index, follow, max-snippet:-1, max-image-preview:large, max-video-preview:-1\" \/>\n<link rel=\"canonical\" href=\"https:\/\/narteks.net\/index.php\/2009\/12\/05\/ilhan-berk-biyografisi\/\" \/>\n<meta property=\"og:locale\" content=\"tr_TR\" \/>\n<meta property=\"og:type\" content=\"article\" \/>\n<meta property=\"og:title\" content=\"\u0130lhan BERK Biyografisi\" \/>\n<meta property=\"og:description\" content=\"\u0130lhan Berk (d. 18 Kas\u0131m 1918, Manisa &#8211; \u00f6. 28 A\u011fustos 2008, Bodrum) Bal\u0131kesir Necatibey \u00d6\u011fretmen Okulu&#8217;ndan mezun olmu\u015f, Espiye&#8217;de iki y\u0131l ilkokul \u00f6\u011fretmenli\u011finden sonra Ankara Gazi E\u011fitim Enstit\u00fcs\u00fc&#8217;ne girdi. Enstit\u00fcn\u00fcn Frans\u0131zca b\u00f6l\u00fcm\u00fcnden mezun (1944) olan Berk, 1945-1955 y\u0131llar\u0131 aras\u0131nda Zonguldak, Samsun ve K\u0131r\u015fehir&#8217;de ortaokul ve liselerde Frans\u0131zca \u00f6\u011fretmenli\u011fi yapt\u0131. 1956 y\u0131l\u0131ndan itibaren on \u00fc\u00e7 [&hellip;]\" \/>\n<meta property=\"og:url\" content=\"https:\/\/narteks.net\/index.php\/2009\/12\/05\/ilhan-berk-biyografisi\/\" \/>\n<meta property=\"og:site_name\" content=\"narteks.net\" \/>\n<meta property=\"article:published_time\" content=\"2009-12-05T11:38:19+00:00\" \/>\n<meta property=\"og:image\" content=\"http:\/\/upload.wikimedia.org\/wikipedia\/tr\/b\/b6\/%C4%B0lhan_Berk.jpg\" \/>\n<meta name=\"author\" content=\"Tar\u0131k\" \/>\n<meta name=\"twitter:card\" content=\"summary_large_image\" \/>\n<meta name=\"twitter:creator\" content=\"@narteks\" \/>\n<meta name=\"twitter:site\" content=\"@narteks\" \/>\n<meta name=\"twitter:label1\" content=\"Yazan:\" \/>\n\t<meta name=\"twitter:data1\" content=\"Tar\u0131k\" \/>\n\t<meta name=\"twitter:label2\" content=\"Tahmini okuma s\u00fcresi\" \/>\n\t<meta name=\"twitter:data2\" content=\"3 dakika\" \/>\n<script type=\"application\/ld+json\" class=\"yoast-schema-graph\">{\"@context\":\"https:\/\/schema.org\",\"@graph\":[{\"@type\":\"Article\",\"@id\":\"https:\/\/narteks.net\/index.php\/2009\/12\/05\/ilhan-berk-biyografisi\/#article\",\"isPartOf\":{\"@id\":\"https:\/\/narteks.net\/index.php\/2009\/12\/05\/ilhan-berk-biyografisi\/\"},\"author\":{\"name\":\"Tar\u0131k\",\"@id\":\"https:\/\/narteks.net\/#\/schema\/person\/61f37d9834294b72d31d274e7ed79bca\"},\"headline\":\"\u0130lhan BERK Biyografisi\",\"datePublished\":\"2009-12-05T11:38:19+00:00\",\"mainEntityOfPage\":{\"@id\":\"https:\/\/narteks.net\/index.php\/2009\/12\/05\/ilhan-berk-biyografisi\/\"},\"wordCount\":667,\"commentCount\":0,\"publisher\":{\"@id\":\"https:\/\/narteks.net\/#organization\"},\"image\":{\"@id\":\"https:\/\/narteks.net\/index.php\/2009\/12\/05\/ilhan-berk-biyografisi\/#primaryimage\"},\"thumbnailUrl\":\"http:\/\/upload.wikimedia.org\/wikipedia\/tr\/b\/b6\/%C4%B0lhan_Berk.jpg\",\"articleSection\":[\"\u0130lhan BERK\"],\"inLanguage\":\"tr\",\"potentialAction\":[{\"@type\":\"CommentAction\",\"name\":\"Comment\",\"target\":[\"https:\/\/narteks.net\/index.php\/2009\/12\/05\/ilhan-berk-biyografisi\/#respond\"]}]},{\"@type\":\"WebPage\",\"@id\":\"https:\/\/narteks.net\/index.php\/2009\/12\/05\/ilhan-berk-biyografisi\/\",\"url\":\"https:\/\/narteks.net\/index.php\/2009\/12\/05\/ilhan-berk-biyografisi\/\",\"name\":\"\u0130lhan BERK Biyografisi - narteks.net\",\"isPartOf\":{\"@id\":\"https:\/\/narteks.net\/#website\"},\"primaryImageOfPage\":{\"@id\":\"https:\/\/narteks.net\/index.php\/2009\/12\/05\/ilhan-berk-biyografisi\/#primaryimage\"},\"image\":{\"@id\":\"https:\/\/narteks.net\/index.php\/2009\/12\/05\/ilhan-berk-biyografisi\/#primaryimage\"},\"thumbnailUrl\":\"http:\/\/upload.wikimedia.org\/wikipedia\/tr\/b\/b6\/%C4%B0lhan_Berk.jpg\",\"datePublished\":\"2009-12-05T11:38:19+00:00\",\"breadcrumb\":{\"@id\":\"https:\/\/narteks.net\/index.php\/2009\/12\/05\/ilhan-berk-biyografisi\/#breadcrumb\"},\"inLanguage\":\"tr\",\"potentialAction\":[{\"@type\":\"ReadAction\",\"target\":[\"https:\/\/narteks.net\/index.php\/2009\/12\/05\/ilhan-berk-biyografisi\/\"]}]},{\"@type\":\"ImageObject\",\"inLanguage\":\"tr\",\"@id\":\"https:\/\/narteks.net\/index.php\/2009\/12\/05\/ilhan-berk-biyografisi\/#primaryimage\",\"url\":\"http:\/\/upload.wikimedia.org\/wikipedia\/tr\/b\/b6\/%C4%B0lhan_Berk.jpg\",\"contentUrl\":\"http:\/\/upload.wikimedia.org\/wikipedia\/tr\/b\/b6\/%C4%B0lhan_Berk.jpg\"},{\"@type\":\"BreadcrumbList\",\"@id\":\"https:\/\/narteks.net\/index.php\/2009\/12\/05\/ilhan-berk-biyografisi\/#breadcrumb\",\"itemListElement\":[{\"@type\":\"ListItem\",\"position\":1,\"name\":\"Anasayfa\",\"item\":\"https:\/\/narteks.net\/\"},{\"@type\":\"ListItem\",\"position\":2,\"name\":\"\u0130lhan BERK Biyografisi\"}]},{\"@type\":\"WebSite\",\"@id\":\"https:\/\/narteks.net\/#website\",\"url\":\"https:\/\/narteks.net\/\",\"name\":\"narteks.net\",\"description\":\"K\u00fclt\u00fcr Sanat Edebiyat Felsefe\",\"publisher\":{\"@id\":\"https:\/\/narteks.net\/#organization\"},\"alternateName\":\"K\u00fclt\u00fcr Sanat Edebiyat Felsefe\",\"potentialAction\":[{\"@type\":\"SearchAction\",\"target\":{\"@type\":\"EntryPoint\",\"urlTemplate\":\"https:\/\/narteks.net\/?s={search_term_string}\"},\"query-input\":{\"@type\":\"PropertyValueSpecification\",\"valueRequired\":true,\"valueName\":\"search_term_string\"}}],\"inLanguage\":\"tr\"},{\"@type\":\"Organization\",\"@id\":\"https:\/\/narteks.net\/#organization\",\"name\":\"narteks.net\",\"url\":\"https:\/\/narteks.net\/\",\"logo\":{\"@type\":\"ImageObject\",\"inLanguage\":\"tr\",\"@id\":\"https:\/\/narteks.net\/#\/schema\/logo\/image\/\",\"url\":\"https:\/\/narteks.net\/wp-content\/uploads\/narteks.png\",\"contentUrl\":\"https:\/\/narteks.net\/wp-content\/uploads\/narteks.png\",\"width\":300,\"height\":90,\"caption\":\"narteks.net\"},\"image\":{\"@id\":\"https:\/\/narteks.net\/#\/schema\/logo\/image\/\"},\"sameAs\":[\"https:\/\/x.com\/narteks\",\"https:\/\/instagram.com\/narteksnet\"]},{\"@type\":\"Person\",\"@id\":\"https:\/\/narteks.net\/#\/schema\/person\/61f37d9834294b72d31d274e7ed79bca\",\"name\":\"Tar\u0131k\",\"image\":{\"@type\":\"ImageObject\",\"inLanguage\":\"tr\",\"@id\":\"https:\/\/narteks.net\/#\/schema\/person\/image\/\",\"url\":\"https:\/\/secure.gravatar.com\/avatar\/50865afb55632c4ae467e0af0930f6510aa2297d8014be502a55b14f3b7550cf?s=96&d=mm&r=g\",\"contentUrl\":\"https:\/\/secure.gravatar.com\/avatar\/50865afb55632c4ae467e0af0930f6510aa2297d8014be502a55b14f3b7550cf?s=96&d=mm&r=g\",\"caption\":\"Tar\u0131k\"},\"sameAs\":[\"http:\/\/narteks.net\"],\"url\":\"https:\/\/narteks.net\/index.php\/author\/narbak\/\"}]}<\/script>\n<!-- \/ Yoast SEO Premium plugin. -->","yoast_head_json":{"title":"\u0130lhan BERK Biyografisi - narteks.net","robots":{"index":"index","follow":"follow","max-snippet":"max-snippet:-1","max-image-preview":"max-image-preview:large","max-video-preview":"max-video-preview:-1"},"canonical":"https:\/\/narteks.net\/index.php\/2009\/12\/05\/ilhan-berk-biyografisi\/","og_locale":"tr_TR","og_type":"article","og_title":"\u0130lhan BERK Biyografisi","og_description":"\u0130lhan Berk (d. 18 Kas\u0131m 1918, Manisa &#8211; \u00f6. 28 A\u011fustos 2008, Bodrum) Bal\u0131kesir Necatibey \u00d6\u011fretmen Okulu&#8217;ndan mezun olmu\u015f, Espiye&#8217;de iki y\u0131l ilkokul \u00f6\u011fretmenli\u011finden sonra Ankara Gazi E\u011fitim Enstit\u00fcs\u00fc&#8217;ne girdi. Enstit\u00fcn\u00fcn Frans\u0131zca b\u00f6l\u00fcm\u00fcnden mezun (1944) olan Berk, 1945-1955 y\u0131llar\u0131 aras\u0131nda Zonguldak, Samsun ve K\u0131r\u015fehir&#8217;de ortaokul ve liselerde Frans\u0131zca \u00f6\u011fretmenli\u011fi yapt\u0131. 1956 y\u0131l\u0131ndan itibaren on \u00fc\u00e7 [&hellip;]","og_url":"https:\/\/narteks.net\/index.php\/2009\/12\/05\/ilhan-berk-biyografisi\/","og_site_name":"narteks.net","article_published_time":"2009-12-05T11:38:19+00:00","og_image":[{"url":"http:\/\/upload.wikimedia.org\/wikipedia\/tr\/b\/b6\/%C4%B0lhan_Berk.jpg","type":"","width":"","height":""}],"author":"Tar\u0131k","twitter_card":"summary_large_image","twitter_creator":"@narteks","twitter_site":"@narteks","twitter_misc":{"Yazan:":"Tar\u0131k","Tahmini okuma s\u00fcresi":"3 dakika"},"schema":{"@context":"https:\/\/schema.org","@graph":[{"@type":"Article","@id":"https:\/\/narteks.net\/index.php\/2009\/12\/05\/ilhan-berk-biyografisi\/#article","isPartOf":{"@id":"https:\/\/narteks.net\/index.php\/2009\/12\/05\/ilhan-berk-biyografisi\/"},"author":{"name":"Tar\u0131k","@id":"https:\/\/narteks.net\/#\/schema\/person\/61f37d9834294b72d31d274e7ed79bca"},"headline":"\u0130lhan BERK Biyografisi","datePublished":"2009-12-05T11:38:19+00:00","mainEntityOfPage":{"@id":"https:\/\/narteks.net\/index.php\/2009\/12\/05\/ilhan-berk-biyografisi\/"},"wordCount":667,"commentCount":0,"publisher":{"@id":"https:\/\/narteks.net\/#organization"},"image":{"@id":"https:\/\/narteks.net\/index.php\/2009\/12\/05\/ilhan-berk-biyografisi\/#primaryimage"},"thumbnailUrl":"http:\/\/upload.wikimedia.org\/wikipedia\/tr\/b\/b6\/%C4%B0lhan_Berk.jpg","articleSection":["\u0130lhan BERK"],"inLanguage":"tr","potentialAction":[{"@type":"CommentAction","name":"Comment","target":["https:\/\/narteks.net\/index.php\/2009\/12\/05\/ilhan-berk-biyografisi\/#respond"]}]},{"@type":"WebPage","@id":"https:\/\/narteks.net\/index.php\/2009\/12\/05\/ilhan-berk-biyografisi\/","url":"https:\/\/narteks.net\/index.php\/2009\/12\/05\/ilhan-berk-biyografisi\/","name":"\u0130lhan BERK Biyografisi - narteks.net","isPartOf":{"@id":"https:\/\/narteks.net\/#website"},"primaryImageOfPage":{"@id":"https:\/\/narteks.net\/index.php\/2009\/12\/05\/ilhan-berk-biyografisi\/#primaryimage"},"image":{"@id":"https:\/\/narteks.net\/index.php\/2009\/12\/05\/ilhan-berk-biyografisi\/#primaryimage"},"thumbnailUrl":"http:\/\/upload.wikimedia.org\/wikipedia\/tr\/b\/b6\/%C4%B0lhan_Berk.jpg","datePublished":"2009-12-05T11:38:19+00:00","breadcrumb":{"@id":"https:\/\/narteks.net\/index.php\/2009\/12\/05\/ilhan-berk-biyografisi\/#breadcrumb"},"inLanguage":"tr","potentialAction":[{"@type":"ReadAction","target":["https:\/\/narteks.net\/index.php\/2009\/12\/05\/ilhan-berk-biyografisi\/"]}]},{"@type":"ImageObject","inLanguage":"tr","@id":"https:\/\/narteks.net\/index.php\/2009\/12\/05\/ilhan-berk-biyografisi\/#primaryimage","url":"http:\/\/upload.wikimedia.org\/wikipedia\/tr\/b\/b6\/%C4%B0lhan_Berk.jpg","contentUrl":"http:\/\/upload.wikimedia.org\/wikipedia\/tr\/b\/b6\/%C4%B0lhan_Berk.jpg"},{"@type":"BreadcrumbList","@id":"https:\/\/narteks.net\/index.php\/2009\/12\/05\/ilhan-berk-biyografisi\/#breadcrumb","itemListElement":[{"@type":"ListItem","position":1,"name":"Anasayfa","item":"https:\/\/narteks.net\/"},{"@type":"ListItem","position":2,"name":"\u0130lhan BERK Biyografisi"}]},{"@type":"WebSite","@id":"https:\/\/narteks.net\/#website","url":"https:\/\/narteks.net\/","name":"narteks.net","description":"K\u00fclt\u00fcr Sanat Edebiyat Felsefe","publisher":{"@id":"https:\/\/narteks.net\/#organization"},"alternateName":"K\u00fclt\u00fcr Sanat Edebiyat Felsefe","potentialAction":[{"@type":"SearchAction","target":{"@type":"EntryPoint","urlTemplate":"https:\/\/narteks.net\/?s={search_term_string}"},"query-input":{"@type":"PropertyValueSpecification","valueRequired":true,"valueName":"search_term_string"}}],"inLanguage":"tr"},{"@type":"Organization","@id":"https:\/\/narteks.net\/#organization","name":"narteks.net","url":"https:\/\/narteks.net\/","logo":{"@type":"ImageObject","inLanguage":"tr","@id":"https:\/\/narteks.net\/#\/schema\/logo\/image\/","url":"https:\/\/narteks.net\/wp-content\/uploads\/narteks.png","contentUrl":"https:\/\/narteks.net\/wp-content\/uploads\/narteks.png","width":300,"height":90,"caption":"narteks.net"},"image":{"@id":"https:\/\/narteks.net\/#\/schema\/logo\/image\/"},"sameAs":["https:\/\/x.com\/narteks","https:\/\/instagram.com\/narteksnet"]},{"@type":"Person","@id":"https:\/\/narteks.net\/#\/schema\/person\/61f37d9834294b72d31d274e7ed79bca","name":"Tar\u0131k","image":{"@type":"ImageObject","inLanguage":"tr","@id":"https:\/\/narteks.net\/#\/schema\/person\/image\/","url":"https:\/\/secure.gravatar.com\/avatar\/50865afb55632c4ae467e0af0930f6510aa2297d8014be502a55b14f3b7550cf?s=96&d=mm&r=g","contentUrl":"https:\/\/secure.gravatar.com\/avatar\/50865afb55632c4ae467e0af0930f6510aa2297d8014be502a55b14f3b7550cf?s=96&d=mm&r=g","caption":"Tar\u0131k"},"sameAs":["http:\/\/narteks.net"],"url":"https:\/\/narteks.net\/index.php\/author\/narbak\/"}]}},"_links":{"self":[{"href":"https:\/\/narteks.net\/index.php\/wp-json\/wp\/v2\/posts\/2388","targetHints":{"allow":["GET"]}}],"collection":[{"href":"https:\/\/narteks.net\/index.php\/wp-json\/wp\/v2\/posts"}],"about":[{"href":"https:\/\/narteks.net\/index.php\/wp-json\/wp\/v2\/types\/post"}],"author":[{"embeddable":true,"href":"https:\/\/narteks.net\/index.php\/wp-json\/wp\/v2\/users\/1"}],"replies":[{"embeddable":true,"href":"https:\/\/narteks.net\/index.php\/wp-json\/wp\/v2\/comments?post=2388"}],"version-history":[{"count":0,"href":"https:\/\/narteks.net\/index.php\/wp-json\/wp\/v2\/posts\/2388\/revisions"}],"wp:attachment":[{"href":"https:\/\/narteks.net\/index.php\/wp-json\/wp\/v2\/media?parent=2388"}],"wp:term":[{"taxonomy":"category","embeddable":true,"href":"https:\/\/narteks.net\/index.php\/wp-json\/wp\/v2\/categories?post=2388"},{"taxonomy":"post_tag","embeddable":true,"href":"https:\/\/narteks.net\/index.php\/wp-json\/wp\/v2\/tags?post=2388"}],"curies":[{"name":"wp","href":"https:\/\/api.w.org\/{rel}","templated":true}]}}