{"id":2392,"date":"2009-12-05T14:46:01","date_gmt":"2009-12-05T11:46:01","guid":{"rendered":"http:\/\/localhost\/wordpress\/2009\/12\/05\/anlatilir-gibi-degil-yasi-ciceklerin\/"},"modified":"2009-12-05T14:46:01","modified_gmt":"2009-12-05T11:46:01","slug":"anlatilir-gibi-degil-yasi-ciceklerin","status":"publish","type":"post","link":"https:\/\/narteks.net\/index.php\/2009\/12\/05\/anlatilir-gibi-degil-yasi-ciceklerin\/","title":{"rendered":"ANLATILIR G\u0130B\u0130 DE\u011e\u0130L YASI \u00c7\u0130\u00c7EKLER\u0130N"},"content":{"rendered":"<p>\u00a0<\/p>\n<p>Karanfil<\/p>\n<p> Ad\u0131n her sabah uyand\u0131\u011f\u0131m\u0131z g\u00f6ky\u00fcz\u00fcn\u00fcn yerini ald\u0131.<br \/> Hangi su olursa olsun<br \/> Ye\u015fil sen bak\u0131nca.<br \/> Her g\u00fcn sen bakt\u0131ktan sonra<br \/> Bu kadar g\u00fczel<br \/> Bu g\u00f6ky\u00fcz\u00fc.<\/p>\n<p> Fesle\u011fen<\/p>\n<p> Sen varken karanl\u0131k bilmez<br \/> Hi\u00e7bir su.<br \/> Hi\u00e7bir su<br \/> Kaybolmaz.<\/p>\n<p> Sar\u0131 \u00c7i\u011fdem<\/p>\n<p> \u0130lk biz geldik d\u00fcnyaya<br \/> Gelir gelmez<br \/> Sevmeyi \u00e7al\u0131\u015fmay\u0131 \u00f6\u011frendik<br \/> Bir g\u00fcn yas\u0131 \u00f6\u011frenece\u011fimizi<br \/> Hi\u00e7 bilmiyorduk.<\/p>\n<p> Defne<\/p>\n<p> Kimse \u00f6l\u00fcm\u00fc \u00f6vemez<br \/> Seni g\u00f6rd\u00fckten sonra<br \/> Kullu\u011fu<br \/> Sava\u015f\u0131<br \/> G\u00fczel g\u00f6steremez.<\/p>\n<p> Lale<\/p>\n<p> Yalan Ayvaz&#8217;\u0131n laleyi sevmedi\u011fi<br \/> Do\u011fru de\u011fil sonra<br \/> \u0130lk defa \u00e7i\u011fdemin g\u00f6rd\u00fc\u011f\u00fc d\u00fcnyay\u0131<br \/> \u0130lk Ayvaz geldi<br \/> Bu manzara<br \/> Ona bakarak geldi<br \/> Hep ona bakarak geldik.<\/p>\n<p> K\u00f6ro\u011flu<\/p>\n","protected":false},"excerpt":{"rendered":"<p>\u00a0 Karanfil Ad\u0131n her sabah uyand\u0131\u011f\u0131m\u0131z g\u00f6ky\u00fcz\u00fcn\u00fcn yerini ald\u0131. Hangi su olursa olsun Ye\u015fil sen bak\u0131nca. Her g\u00fcn sen bakt\u0131ktan sonra Bu kadar g\u00fczel Bu g\u00f6ky\u00fcz\u00fc. Fesle\u011fen Sen varken karanl\u0131k bilmez Hi\u00e7bir su. Hi\u00e7bir su Kaybolmaz. Sar\u0131 \u00c7i\u011fdem \u0130lk biz geldik d\u00fcnyaya Gelir gelmez Sevmeyi \u00e7al\u0131\u015fmay\u0131 \u00f6\u011frendik Bir g\u00fcn yas\u0131 \u00f6\u011frenece\u011fimizi Hi\u00e7 bilmiyorduk. Defne Kimse [&hellip;]<\/p>\n","protected":false},"author":1,"featured_media":0,"comment_status":"open","ping_status":"open","sticky":false,"template":"","format":"standard","meta":{"footnotes":""},"categories":[89],"tags":[],"class_list":{"0":"post-2392","1":"post","2":"type-post","3":"status-publish","4":"format-standard","6":"category-ilhan-berk"},"yoast_head":"<!-- This site is optimized with the Yoast SEO Premium plugin v24.9 (Yoast SEO v24.9) - https:\/\/yoast.com\/wordpress\/plugins\/seo\/ -->\n<title>ANLATILIR G\u0130B\u0130 DE\u011e\u0130L YASI \u00c7\u0130\u00c7EKLER\u0130N - narteks.net<\/title>\n<meta name=\"robots\" content=\"index, follow, max-snippet:-1, max-image-preview:large, max-video-preview:-1\" \/>\n<link rel=\"canonical\" href=\"https:\/\/narteks.net\/index.php\/2009\/12\/05\/anlatilir-gibi-degil-yasi-ciceklerin\/\" \/>\n<meta property=\"og:locale\" content=\"tr_TR\" \/>\n<meta property=\"og:type\" content=\"article\" \/>\n<meta property=\"og:title\" content=\"ANLATILIR G\u0130B\u0130 DE\u011e\u0130L YASI \u00c7\u0130\u00c7EKLER\u0130N\" \/>\n<meta property=\"og:description\" content=\"\u00a0 Karanfil Ad\u0131n her sabah uyand\u0131\u011f\u0131m\u0131z g\u00f6ky\u00fcz\u00fcn\u00fcn yerini ald\u0131. Hangi su olursa olsun Ye\u015fil sen bak\u0131nca. Her g\u00fcn sen bakt\u0131ktan sonra Bu kadar g\u00fczel Bu g\u00f6ky\u00fcz\u00fc. Fesle\u011fen Sen varken karanl\u0131k bilmez Hi\u00e7bir su. Hi\u00e7bir su Kaybolmaz. Sar\u0131 \u00c7i\u011fdem \u0130lk biz geldik d\u00fcnyaya Gelir gelmez Sevmeyi \u00e7al\u0131\u015fmay\u0131 \u00f6\u011frendik Bir g\u00fcn yas\u0131 \u00f6\u011frenece\u011fimizi Hi\u00e7 bilmiyorduk. Defne Kimse [&hellip;]\" \/>\n<meta property=\"og:url\" content=\"https:\/\/narteks.net\/index.php\/2009\/12\/05\/anlatilir-gibi-degil-yasi-ciceklerin\/\" \/>\n<meta property=\"og:site_name\" content=\"narteks.net\" \/>\n<meta property=\"article:published_time\" content=\"2009-12-05T11:46:01+00:00\" \/>\n<meta property=\"og:image\" content=\"https:\/\/narteks.net\/wp-content\/uploads\/narteks.png\" \/>\n\t<meta property=\"og:image:width\" content=\"300\" \/>\n\t<meta property=\"og:image:height\" content=\"90\" \/>\n\t<meta property=\"og:image:type\" content=\"image\/png\" \/>\n<meta name=\"author\" content=\"Tar\u0131k\" \/>\n<meta name=\"twitter:card\" content=\"summary_large_image\" \/>\n<meta name=\"twitter:creator\" content=\"@narteks\" \/>\n<meta name=\"twitter:site\" content=\"@narteks\" \/>\n<meta name=\"twitter:label1\" content=\"Yazan:\" \/>\n\t<meta name=\"twitter:data1\" content=\"Tar\u0131k\" \/>\n\t<meta name=\"twitter:label2\" content=\"Tahmini okuma s\u00fcresi\" \/>\n\t<meta name=\"twitter:data2\" content=\"1 dakika\" \/>\n<script type=\"application\/ld+json\" class=\"yoast-schema-graph\">{\"@context\":\"https:\/\/schema.org\",\"@graph\":[{\"@type\":\"Article\",\"@id\":\"https:\/\/narteks.net\/index.php\/2009\/12\/05\/anlatilir-gibi-degil-yasi-ciceklerin\/#article\",\"isPartOf\":{\"@id\":\"https:\/\/narteks.net\/index.php\/2009\/12\/05\/anlatilir-gibi-degil-yasi-ciceklerin\/\"},\"author\":{\"name\":\"Tar\u0131k\",\"@id\":\"https:\/\/narteks.net\/#\/schema\/person\/61f37d9834294b72d31d274e7ed79bca\"},\"headline\":\"ANLATILIR G\u0130B\u0130 DE\u011e\u0130L YASI \u00c7\u0130\u00c7EKLER\u0130N\",\"datePublished\":\"2009-12-05T11:46:01+00:00\",\"mainEntityOfPage\":{\"@id\":\"https:\/\/narteks.net\/index.php\/2009\/12\/05\/anlatilir-gibi-degil-yasi-ciceklerin\/\"},\"wordCount\":135,\"commentCount\":0,\"publisher\":{\"@id\":\"https:\/\/narteks.net\/#organization\"},\"articleSection\":[\"\u0130lhan BERK\"],\"inLanguage\":\"tr\",\"potentialAction\":[{\"@type\":\"CommentAction\",\"name\":\"Comment\",\"target\":[\"https:\/\/narteks.net\/index.php\/2009\/12\/05\/anlatilir-gibi-degil-yasi-ciceklerin\/#respond\"]}]},{\"@type\":\"WebPage\",\"@id\":\"https:\/\/narteks.net\/index.php\/2009\/12\/05\/anlatilir-gibi-degil-yasi-ciceklerin\/\",\"url\":\"https:\/\/narteks.net\/index.php\/2009\/12\/05\/anlatilir-gibi-degil-yasi-ciceklerin\/\",\"name\":\"ANLATILIR G\u0130B\u0130 DE\u011e\u0130L YASI \u00c7\u0130\u00c7EKLER\u0130N - narteks.net\",\"isPartOf\":{\"@id\":\"https:\/\/narteks.net\/#website\"},\"datePublished\":\"2009-12-05T11:46:01+00:00\",\"breadcrumb\":{\"@id\":\"https:\/\/narteks.net\/index.php\/2009\/12\/05\/anlatilir-gibi-degil-yasi-ciceklerin\/#breadcrumb\"},\"inLanguage\":\"tr\",\"potentialAction\":[{\"@type\":\"ReadAction\",\"target\":[\"https:\/\/narteks.net\/index.php\/2009\/12\/05\/anlatilir-gibi-degil-yasi-ciceklerin\/\"]}]},{\"@type\":\"BreadcrumbList\",\"@id\":\"https:\/\/narteks.net\/index.php\/2009\/12\/05\/anlatilir-gibi-degil-yasi-ciceklerin\/#breadcrumb\",\"itemListElement\":[{\"@type\":\"ListItem\",\"position\":1,\"name\":\"Anasayfa\",\"item\":\"https:\/\/narteks.net\/\"},{\"@type\":\"ListItem\",\"position\":2,\"name\":\"ANLATILIR G\u0130B\u0130 DE\u011e\u0130L YASI \u00c7\u0130\u00c7EKLER\u0130N\"}]},{\"@type\":\"WebSite\",\"@id\":\"https:\/\/narteks.net\/#website\",\"url\":\"https:\/\/narteks.net\/\",\"name\":\"narteks.net\",\"description\":\"K\u00fclt\u00fcr Sanat Edebiyat Felsefe\",\"publisher\":{\"@id\":\"https:\/\/narteks.net\/#organization\"},\"alternateName\":\"K\u00fclt\u00fcr Sanat Edebiyat Felsefe\",\"potentialAction\":[{\"@type\":\"SearchAction\",\"target\":{\"@type\":\"EntryPoint\",\"urlTemplate\":\"https:\/\/narteks.net\/?s={search_term_string}\"},\"query-input\":{\"@type\":\"PropertyValueSpecification\",\"valueRequired\":true,\"valueName\":\"search_term_string\"}}],\"inLanguage\":\"tr\"},{\"@type\":\"Organization\",\"@id\":\"https:\/\/narteks.net\/#organization\",\"name\":\"narteks.net\",\"url\":\"https:\/\/narteks.net\/\",\"logo\":{\"@type\":\"ImageObject\",\"inLanguage\":\"tr\",\"@id\":\"https:\/\/narteks.net\/#\/schema\/logo\/image\/\",\"url\":\"https:\/\/narteks.net\/wp-content\/uploads\/narteks.png\",\"contentUrl\":\"https:\/\/narteks.net\/wp-content\/uploads\/narteks.png\",\"width\":300,\"height\":90,\"caption\":\"narteks.net\"},\"image\":{\"@id\":\"https:\/\/narteks.net\/#\/schema\/logo\/image\/\"},\"sameAs\":[\"https:\/\/x.com\/narteks\",\"https:\/\/instagram.com\/narteksnet\"]},{\"@type\":\"Person\",\"@id\":\"https:\/\/narteks.net\/#\/schema\/person\/61f37d9834294b72d31d274e7ed79bca\",\"name\":\"Tar\u0131k\",\"image\":{\"@type\":\"ImageObject\",\"inLanguage\":\"tr\",\"@id\":\"https:\/\/narteks.net\/#\/schema\/person\/image\/\",\"url\":\"https:\/\/secure.gravatar.com\/avatar\/50865afb55632c4ae467e0af0930f6510aa2297d8014be502a55b14f3b7550cf?s=96&d=mm&r=g\",\"contentUrl\":\"https:\/\/secure.gravatar.com\/avatar\/50865afb55632c4ae467e0af0930f6510aa2297d8014be502a55b14f3b7550cf?s=96&d=mm&r=g\",\"caption\":\"Tar\u0131k\"},\"sameAs\":[\"http:\/\/narteks.net\"],\"url\":\"https:\/\/narteks.net\/index.php\/author\/narbak\/\"}]}<\/script>\n<!-- \/ Yoast SEO Premium plugin. -->","yoast_head_json":{"title":"ANLATILIR G\u0130B\u0130 DE\u011e\u0130L YASI \u00c7\u0130\u00c7EKLER\u0130N - narteks.net","robots":{"index":"index","follow":"follow","max-snippet":"max-snippet:-1","max-image-preview":"max-image-preview:large","max-video-preview":"max-video-preview:-1"},"canonical":"https:\/\/narteks.net\/index.php\/2009\/12\/05\/anlatilir-gibi-degil-yasi-ciceklerin\/","og_locale":"tr_TR","og_type":"article","og_title":"ANLATILIR G\u0130B\u0130 DE\u011e\u0130L YASI \u00c7\u0130\u00c7EKLER\u0130N","og_description":"\u00a0 Karanfil Ad\u0131n her sabah uyand\u0131\u011f\u0131m\u0131z g\u00f6ky\u00fcz\u00fcn\u00fcn yerini ald\u0131. Hangi su olursa olsun Ye\u015fil sen bak\u0131nca. Her g\u00fcn sen bakt\u0131ktan sonra Bu kadar g\u00fczel Bu g\u00f6ky\u00fcz\u00fc. Fesle\u011fen Sen varken karanl\u0131k bilmez Hi\u00e7bir su. Hi\u00e7bir su Kaybolmaz. Sar\u0131 \u00c7i\u011fdem \u0130lk biz geldik d\u00fcnyaya Gelir gelmez Sevmeyi \u00e7al\u0131\u015fmay\u0131 \u00f6\u011frendik Bir g\u00fcn yas\u0131 \u00f6\u011frenece\u011fimizi Hi\u00e7 bilmiyorduk. Defne Kimse [&hellip;]","og_url":"https:\/\/narteks.net\/index.php\/2009\/12\/05\/anlatilir-gibi-degil-yasi-ciceklerin\/","og_site_name":"narteks.net","article_published_time":"2009-12-05T11:46:01+00:00","og_image":[{"width":300,"height":90,"url":"https:\/\/narteks.net\/wp-content\/uploads\/narteks.png","type":"image\/png"}],"author":"Tar\u0131k","twitter_card":"summary_large_image","twitter_creator":"@narteks","twitter_site":"@narteks","twitter_misc":{"Yazan:":"Tar\u0131k","Tahmini okuma s\u00fcresi":"1 dakika"},"schema":{"@context":"https:\/\/schema.org","@graph":[{"@type":"Article","@id":"https:\/\/narteks.net\/index.php\/2009\/12\/05\/anlatilir-gibi-degil-yasi-ciceklerin\/#article","isPartOf":{"@id":"https:\/\/narteks.net\/index.php\/2009\/12\/05\/anlatilir-gibi-degil-yasi-ciceklerin\/"},"author":{"name":"Tar\u0131k","@id":"https:\/\/narteks.net\/#\/schema\/person\/61f37d9834294b72d31d274e7ed79bca"},"headline":"ANLATILIR G\u0130B\u0130 DE\u011e\u0130L YASI \u00c7\u0130\u00c7EKLER\u0130N","datePublished":"2009-12-05T11:46:01+00:00","mainEntityOfPage":{"@id":"https:\/\/narteks.net\/index.php\/2009\/12\/05\/anlatilir-gibi-degil-yasi-ciceklerin\/"},"wordCount":135,"commentCount":0,"publisher":{"@id":"https:\/\/narteks.net\/#organization"},"articleSection":["\u0130lhan BERK"],"inLanguage":"tr","potentialAction":[{"@type":"CommentAction","name":"Comment","target":["https:\/\/narteks.net\/index.php\/2009\/12\/05\/anlatilir-gibi-degil-yasi-ciceklerin\/#respond"]}]},{"@type":"WebPage","@id":"https:\/\/narteks.net\/index.php\/2009\/12\/05\/anlatilir-gibi-degil-yasi-ciceklerin\/","url":"https:\/\/narteks.net\/index.php\/2009\/12\/05\/anlatilir-gibi-degil-yasi-ciceklerin\/","name":"ANLATILIR G\u0130B\u0130 DE\u011e\u0130L YASI \u00c7\u0130\u00c7EKLER\u0130N - narteks.net","isPartOf":{"@id":"https:\/\/narteks.net\/#website"},"datePublished":"2009-12-05T11:46:01+00:00","breadcrumb":{"@id":"https:\/\/narteks.net\/index.php\/2009\/12\/05\/anlatilir-gibi-degil-yasi-ciceklerin\/#breadcrumb"},"inLanguage":"tr","potentialAction":[{"@type":"ReadAction","target":["https:\/\/narteks.net\/index.php\/2009\/12\/05\/anlatilir-gibi-degil-yasi-ciceklerin\/"]}]},{"@type":"BreadcrumbList","@id":"https:\/\/narteks.net\/index.php\/2009\/12\/05\/anlatilir-gibi-degil-yasi-ciceklerin\/#breadcrumb","itemListElement":[{"@type":"ListItem","position":1,"name":"Anasayfa","item":"https:\/\/narteks.net\/"},{"@type":"ListItem","position":2,"name":"ANLATILIR G\u0130B\u0130 DE\u011e\u0130L YASI \u00c7\u0130\u00c7EKLER\u0130N"}]},{"@type":"WebSite","@id":"https:\/\/narteks.net\/#website","url":"https:\/\/narteks.net\/","name":"narteks.net","description":"K\u00fclt\u00fcr Sanat Edebiyat Felsefe","publisher":{"@id":"https:\/\/narteks.net\/#organization"},"alternateName":"K\u00fclt\u00fcr Sanat Edebiyat Felsefe","potentialAction":[{"@type":"SearchAction","target":{"@type":"EntryPoint","urlTemplate":"https:\/\/narteks.net\/?s={search_term_string}"},"query-input":{"@type":"PropertyValueSpecification","valueRequired":true,"valueName":"search_term_string"}}],"inLanguage":"tr"},{"@type":"Organization","@id":"https:\/\/narteks.net\/#organization","name":"narteks.net","url":"https:\/\/narteks.net\/","logo":{"@type":"ImageObject","inLanguage":"tr","@id":"https:\/\/narteks.net\/#\/schema\/logo\/image\/","url":"https:\/\/narteks.net\/wp-content\/uploads\/narteks.png","contentUrl":"https:\/\/narteks.net\/wp-content\/uploads\/narteks.png","width":300,"height":90,"caption":"narteks.net"},"image":{"@id":"https:\/\/narteks.net\/#\/schema\/logo\/image\/"},"sameAs":["https:\/\/x.com\/narteks","https:\/\/instagram.com\/narteksnet"]},{"@type":"Person","@id":"https:\/\/narteks.net\/#\/schema\/person\/61f37d9834294b72d31d274e7ed79bca","name":"Tar\u0131k","image":{"@type":"ImageObject","inLanguage":"tr","@id":"https:\/\/narteks.net\/#\/schema\/person\/image\/","url":"https:\/\/secure.gravatar.com\/avatar\/50865afb55632c4ae467e0af0930f6510aa2297d8014be502a55b14f3b7550cf?s=96&d=mm&r=g","contentUrl":"https:\/\/secure.gravatar.com\/avatar\/50865afb55632c4ae467e0af0930f6510aa2297d8014be502a55b14f3b7550cf?s=96&d=mm&r=g","caption":"Tar\u0131k"},"sameAs":["http:\/\/narteks.net"],"url":"https:\/\/narteks.net\/index.php\/author\/narbak\/"}]}},"_links":{"self":[{"href":"https:\/\/narteks.net\/index.php\/wp-json\/wp\/v2\/posts\/2392","targetHints":{"allow":["GET"]}}],"collection":[{"href":"https:\/\/narteks.net\/index.php\/wp-json\/wp\/v2\/posts"}],"about":[{"href":"https:\/\/narteks.net\/index.php\/wp-json\/wp\/v2\/types\/post"}],"author":[{"embeddable":true,"href":"https:\/\/narteks.net\/index.php\/wp-json\/wp\/v2\/users\/1"}],"replies":[{"embeddable":true,"href":"https:\/\/narteks.net\/index.php\/wp-json\/wp\/v2\/comments?post=2392"}],"version-history":[{"count":0,"href":"https:\/\/narteks.net\/index.php\/wp-json\/wp\/v2\/posts\/2392\/revisions"}],"wp:attachment":[{"href":"https:\/\/narteks.net\/index.php\/wp-json\/wp\/v2\/media?parent=2392"}],"wp:term":[{"taxonomy":"category","embeddable":true,"href":"https:\/\/narteks.net\/index.php\/wp-json\/wp\/v2\/categories?post=2392"},{"taxonomy":"post_tag","embeddable":true,"href":"https:\/\/narteks.net\/index.php\/wp-json\/wp\/v2\/tags?post=2392"}],"curies":[{"name":"wp","href":"https:\/\/api.w.org\/{rel}","templated":true}]}}