{"id":24,"date":"2009-02-27T13:21:51","date_gmt":"2009-02-27T10:21:51","guid":{"rendered":"http:\/\/localhost\/wordpress\/2009\/02\/27\/olumum-bahar-olsa\/"},"modified":"2009-02-27T13:21:51","modified_gmt":"2009-02-27T10:21:51","slug":"olumum-bahar-olsa","status":"publish","type":"post","link":"https:\/\/narteks.net\/index.php\/2009\/02\/27\/olumum-bahar-olsa\/","title":{"rendered":"\u00d6L\u00dcM\u00dcM BAHAR OLSA"},"content":{"rendered":"<p>\u00a0<\/p>\n<p>\u00d6fkelerim kadar k\u00fc\u00e7\u00fck bu gece \u00e7\u0131\u011fl\u0131\u011f\u0131 <br \/> D\u00fc\u015flerim kadar b\u00fcy\u00fck <br \/> Duygular\u0131m kadar karma\u015f\u0131k nas\u0131l anlatsam <br \/> \u00c7\u0131ksam \u015fimdi \u00e7\u00f6l suskunu sokaklara <br \/> Dallara y\u00fcr\u00fcyen sular gibi \u00e7\u0131ld\u0131rsam <br \/> Bahar\u0131 mu\u015ftulamak ad\u0131na kap\u0131lar \u00e7alsam <br \/> Hangi ana b\u00f6ler ki uykular\u0131n <br \/> \u00d6zg\u00fcrl\u00fc\u011f\u00fc yery\u00fcz\u00fcne bayrak yapsam <\/p>\n<p> Hi\u00e7 mi hi\u00e7 sevmiyorum yorgun ya\u011fmurlar\u0131 <br \/> Ne k\u0131rlar\u0131 \u00e7\u0131ld\u0131rt\u0131yor ne da\u011flar\u0131 <br \/> Ya\u011fd\u0131 m\u0131 Toroslarca ya\u011fmal\u0131 ya\u011fmur <br \/> Seller co\u015fturup barajlar ta\u015f\u0131rmal\u0131 <br \/> Bir yudum su demekten aciz y\u00fcrekler <br \/> Ya ses verip hayk\u0131rmal\u0131 ya bo\u011fulmal\u0131 <\/p>\n<p> Ey ate\u015fe s\u00fcr\u00fclm\u00fc\u015f \u00f6l\u00fcmler \u00fclkesi <br \/> Ufuk \u00e7izgilerinde silikle\u015fen an\u0131lar <br \/> Kutsal soygunlar yasal vurgunlar <br \/> \u00c7\u00f6pl\u00fck kumbaralarda biriken \u00e7ocuklar <br \/> Hi\u00e7bir dilden <br \/> Hi\u00e7bir s\u00f6zc\u00fck yetmiyor anlatmaya bu ak\u015fam <\/p>\n<p> Ku\u015f kanad\u0131nda bir bulut mu yaln\u0131zl\u0131k <br \/> Belirsiz bir h\u00fcz\u00fcn \u00e7iseliyor yine <br \/> D\u00fc\u015f yorgunu kirpiklerden ak\u015fam \u00fcst\u00fcne <\/p>\n<p> Kaya \u00e7atla\u011f\u0131nda k\u00f6knar \u00e7\u0131lg\u0131nl\u0131\u011f\u0131 benimki <br \/> K\u0131ra\u00e7lara kahreden tohum darg\u0131nl\u0131\u011f\u0131 <br \/> Ya\u011fmursuz g\u00fclmeyi bilmiyor ki kurakl\u0131k <br \/> Beynimi y\u00fcre\u011fime nas\u0131l hayk\u0131rsam bu ak\u015fam <br \/> Bu ak\u015fam hi\u00e7 ya\u015famam\u0131\u015f olsam <br \/> Bir badem \u00e7i\u00e7e\u011fi s\u00fcrsem \u015fimdi namluya <br \/> Beynime s\u0131ksam <br \/> \u00d6l\u00fcm\u00fcm bahar olsa nas\u0131l anla\u015f\u0131lsam<\/p>\n<p>ADNAN Y\u00dcCEL<\/p>\n","protected":false},"excerpt":{"rendered":"<p>\u00a0 \u00d6fkelerim kadar k\u00fc\u00e7\u00fck bu gece \u00e7\u0131\u011fl\u0131\u011f\u0131 D\u00fc\u015flerim kadar b\u00fcy\u00fck Duygular\u0131m kadar karma\u015f\u0131k nas\u0131l anlatsam \u00c7\u0131ksam \u015fimdi \u00e7\u00f6l suskunu sokaklara Dallara y\u00fcr\u00fcyen sular gibi \u00e7\u0131ld\u0131rsam Bahar\u0131 mu\u015ftulamak ad\u0131na kap\u0131lar \u00e7alsam Hangi ana b\u00f6ler ki uykular\u0131n \u00d6zg\u00fcrl\u00fc\u011f\u00fc yery\u00fcz\u00fcne bayrak yapsam Hi\u00e7 mi hi\u00e7 sevmiyorum yorgun ya\u011fmurlar\u0131 Ne k\u0131rlar\u0131 \u00e7\u0131ld\u0131rt\u0131yor ne da\u011flar\u0131 Ya\u011fd\u0131 m\u0131 Toroslarca ya\u011fmal\u0131 ya\u011fmur [&hellip;]<\/p>\n","protected":false},"author":1,"featured_media":0,"comment_status":"open","ping_status":"open","sticky":false,"template":"","format":"standard","meta":{"footnotes":""},"categories":[3],"tags":[],"class_list":{"0":"post-24","1":"post","2":"type-post","3":"status-publish","4":"format-standard","6":"category-adnan-yucel"},"yoast_head":"<!-- This site is optimized with the Yoast SEO Premium plugin v24.9 (Yoast SEO v24.9) - https:\/\/yoast.com\/wordpress\/plugins\/seo\/ -->\n<title>\u00d6L\u00dcM\u00dcM BAHAR OLSA - narteks.net<\/title>\n<meta name=\"robots\" content=\"index, follow, max-snippet:-1, max-image-preview:large, max-video-preview:-1\" \/>\n<link rel=\"canonical\" href=\"https:\/\/narteks.net\/index.php\/2009\/02\/27\/olumum-bahar-olsa\/\" \/>\n<meta property=\"og:locale\" content=\"tr_TR\" \/>\n<meta property=\"og:type\" content=\"article\" \/>\n<meta property=\"og:title\" content=\"\u00d6L\u00dcM\u00dcM BAHAR OLSA\" \/>\n<meta property=\"og:description\" content=\"\u00a0 \u00d6fkelerim kadar k\u00fc\u00e7\u00fck bu gece \u00e7\u0131\u011fl\u0131\u011f\u0131 D\u00fc\u015flerim kadar b\u00fcy\u00fck Duygular\u0131m kadar karma\u015f\u0131k nas\u0131l anlatsam \u00c7\u0131ksam \u015fimdi \u00e7\u00f6l suskunu sokaklara Dallara y\u00fcr\u00fcyen sular gibi \u00e7\u0131ld\u0131rsam Bahar\u0131 mu\u015ftulamak ad\u0131na kap\u0131lar \u00e7alsam Hangi ana b\u00f6ler ki uykular\u0131n \u00d6zg\u00fcrl\u00fc\u011f\u00fc yery\u00fcz\u00fcne bayrak yapsam Hi\u00e7 mi hi\u00e7 sevmiyorum yorgun ya\u011fmurlar\u0131 Ne k\u0131rlar\u0131 \u00e7\u0131ld\u0131rt\u0131yor ne da\u011flar\u0131 Ya\u011fd\u0131 m\u0131 Toroslarca ya\u011fmal\u0131 ya\u011fmur [&hellip;]\" \/>\n<meta property=\"og:url\" content=\"https:\/\/narteks.net\/index.php\/2009\/02\/27\/olumum-bahar-olsa\/\" \/>\n<meta property=\"og:site_name\" content=\"narteks.net\" \/>\n<meta property=\"article:published_time\" content=\"2009-02-27T10:21:51+00:00\" \/>\n<meta property=\"og:image\" content=\"https:\/\/narteks.net\/wp-content\/uploads\/narteks.png\" \/>\n\t<meta property=\"og:image:width\" content=\"300\" \/>\n\t<meta property=\"og:image:height\" content=\"90\" \/>\n\t<meta property=\"og:image:type\" content=\"image\/png\" \/>\n<meta name=\"author\" content=\"Tar\u0131k\" \/>\n<meta name=\"twitter:card\" content=\"summary_large_image\" \/>\n<meta name=\"twitter:creator\" content=\"@narteks\" \/>\n<meta name=\"twitter:site\" content=\"@narteks\" \/>\n<meta name=\"twitter:label1\" content=\"Yazan:\" \/>\n\t<meta name=\"twitter:data1\" content=\"Tar\u0131k\" \/>\n\t<meta name=\"twitter:label2\" content=\"Tahmini okuma s\u00fcresi\" \/>\n\t<meta name=\"twitter:data2\" content=\"1 dakika\" \/>\n<script type=\"application\/ld+json\" class=\"yoast-schema-graph\">{\"@context\":\"https:\/\/schema.org\",\"@graph\":[{\"@type\":\"Article\",\"@id\":\"https:\/\/narteks.net\/index.php\/2009\/02\/27\/olumum-bahar-olsa\/#article\",\"isPartOf\":{\"@id\":\"https:\/\/narteks.net\/index.php\/2009\/02\/27\/olumum-bahar-olsa\/\"},\"author\":{\"name\":\"Tar\u0131k\",\"@id\":\"https:\/\/narteks.net\/#\/schema\/person\/61f37d9834294b72d31d274e7ed79bca\"},\"headline\":\"\u00d6L\u00dcM\u00dcM BAHAR OLSA\",\"datePublished\":\"2009-02-27T10:21:51+00:00\",\"mainEntityOfPage\":{\"@id\":\"https:\/\/narteks.net\/index.php\/2009\/02\/27\/olumum-bahar-olsa\/\"},\"wordCount\":231,\"commentCount\":0,\"publisher\":{\"@id\":\"https:\/\/narteks.net\/#organization\"},\"articleSection\":[\"Adnan Y\u00dcCEL\"],\"inLanguage\":\"tr\",\"potentialAction\":[{\"@type\":\"CommentAction\",\"name\":\"Comment\",\"target\":[\"https:\/\/narteks.net\/index.php\/2009\/02\/27\/olumum-bahar-olsa\/#respond\"]}]},{\"@type\":\"WebPage\",\"@id\":\"https:\/\/narteks.net\/index.php\/2009\/02\/27\/olumum-bahar-olsa\/\",\"url\":\"https:\/\/narteks.net\/index.php\/2009\/02\/27\/olumum-bahar-olsa\/\",\"name\":\"\u00d6L\u00dcM\u00dcM BAHAR OLSA - narteks.net\",\"isPartOf\":{\"@id\":\"https:\/\/narteks.net\/#website\"},\"datePublished\":\"2009-02-27T10:21:51+00:00\",\"breadcrumb\":{\"@id\":\"https:\/\/narteks.net\/index.php\/2009\/02\/27\/olumum-bahar-olsa\/#breadcrumb\"},\"inLanguage\":\"tr\",\"potentialAction\":[{\"@type\":\"ReadAction\",\"target\":[\"https:\/\/narteks.net\/index.php\/2009\/02\/27\/olumum-bahar-olsa\/\"]}]},{\"@type\":\"BreadcrumbList\",\"@id\":\"https:\/\/narteks.net\/index.php\/2009\/02\/27\/olumum-bahar-olsa\/#breadcrumb\",\"itemListElement\":[{\"@type\":\"ListItem\",\"position\":1,\"name\":\"Anasayfa\",\"item\":\"https:\/\/narteks.net\/\"},{\"@type\":\"ListItem\",\"position\":2,\"name\":\"\u00d6L\u00dcM\u00dcM BAHAR OLSA\"}]},{\"@type\":\"WebSite\",\"@id\":\"https:\/\/narteks.net\/#website\",\"url\":\"https:\/\/narteks.net\/\",\"name\":\"narteks.net\",\"description\":\"K\u00fclt\u00fcr Sanat Edebiyat Felsefe\",\"publisher\":{\"@id\":\"https:\/\/narteks.net\/#organization\"},\"alternateName\":\"K\u00fclt\u00fcr Sanat Edebiyat Felsefe\",\"potentialAction\":[{\"@type\":\"SearchAction\",\"target\":{\"@type\":\"EntryPoint\",\"urlTemplate\":\"https:\/\/narteks.net\/?s={search_term_string}\"},\"query-input\":{\"@type\":\"PropertyValueSpecification\",\"valueRequired\":true,\"valueName\":\"search_term_string\"}}],\"inLanguage\":\"tr\"},{\"@type\":\"Organization\",\"@id\":\"https:\/\/narteks.net\/#organization\",\"name\":\"narteks.net\",\"url\":\"https:\/\/narteks.net\/\",\"logo\":{\"@type\":\"ImageObject\",\"inLanguage\":\"tr\",\"@id\":\"https:\/\/narteks.net\/#\/schema\/logo\/image\/\",\"url\":\"https:\/\/narteks.net\/wp-content\/uploads\/narteks.png\",\"contentUrl\":\"https:\/\/narteks.net\/wp-content\/uploads\/narteks.png\",\"width\":300,\"height\":90,\"caption\":\"narteks.net\"},\"image\":{\"@id\":\"https:\/\/narteks.net\/#\/schema\/logo\/image\/\"},\"sameAs\":[\"https:\/\/x.com\/narteks\",\"https:\/\/instagram.com\/narteksnet\"]},{\"@type\":\"Person\",\"@id\":\"https:\/\/narteks.net\/#\/schema\/person\/61f37d9834294b72d31d274e7ed79bca\",\"name\":\"Tar\u0131k\",\"image\":{\"@type\":\"ImageObject\",\"inLanguage\":\"tr\",\"@id\":\"https:\/\/narteks.net\/#\/schema\/person\/image\/\",\"url\":\"https:\/\/secure.gravatar.com\/avatar\/50865afb55632c4ae467e0af0930f6510aa2297d8014be502a55b14f3b7550cf?s=96&d=mm&r=g\",\"contentUrl\":\"https:\/\/secure.gravatar.com\/avatar\/50865afb55632c4ae467e0af0930f6510aa2297d8014be502a55b14f3b7550cf?s=96&d=mm&r=g\",\"caption\":\"Tar\u0131k\"},\"sameAs\":[\"http:\/\/narteks.net\"],\"url\":\"https:\/\/narteks.net\/index.php\/author\/narbak\/\"}]}<\/script>\n<!-- \/ Yoast SEO Premium plugin. -->","yoast_head_json":{"title":"\u00d6L\u00dcM\u00dcM BAHAR OLSA - narteks.net","robots":{"index":"index","follow":"follow","max-snippet":"max-snippet:-1","max-image-preview":"max-image-preview:large","max-video-preview":"max-video-preview:-1"},"canonical":"https:\/\/narteks.net\/index.php\/2009\/02\/27\/olumum-bahar-olsa\/","og_locale":"tr_TR","og_type":"article","og_title":"\u00d6L\u00dcM\u00dcM BAHAR OLSA","og_description":"\u00a0 \u00d6fkelerim kadar k\u00fc\u00e7\u00fck bu gece \u00e7\u0131\u011fl\u0131\u011f\u0131 D\u00fc\u015flerim kadar b\u00fcy\u00fck Duygular\u0131m kadar karma\u015f\u0131k nas\u0131l anlatsam \u00c7\u0131ksam \u015fimdi \u00e7\u00f6l suskunu sokaklara Dallara y\u00fcr\u00fcyen sular gibi \u00e7\u0131ld\u0131rsam Bahar\u0131 mu\u015ftulamak ad\u0131na kap\u0131lar \u00e7alsam Hangi ana b\u00f6ler ki uykular\u0131n \u00d6zg\u00fcrl\u00fc\u011f\u00fc yery\u00fcz\u00fcne bayrak yapsam Hi\u00e7 mi hi\u00e7 sevmiyorum yorgun ya\u011fmurlar\u0131 Ne k\u0131rlar\u0131 \u00e7\u0131ld\u0131rt\u0131yor ne da\u011flar\u0131 Ya\u011fd\u0131 m\u0131 Toroslarca ya\u011fmal\u0131 ya\u011fmur [&hellip;]","og_url":"https:\/\/narteks.net\/index.php\/2009\/02\/27\/olumum-bahar-olsa\/","og_site_name":"narteks.net","article_published_time":"2009-02-27T10:21:51+00:00","og_image":[{"width":300,"height":90,"url":"https:\/\/narteks.net\/wp-content\/uploads\/narteks.png","type":"image\/png"}],"author":"Tar\u0131k","twitter_card":"summary_large_image","twitter_creator":"@narteks","twitter_site":"@narteks","twitter_misc":{"Yazan:":"Tar\u0131k","Tahmini okuma s\u00fcresi":"1 dakika"},"schema":{"@context":"https:\/\/schema.org","@graph":[{"@type":"Article","@id":"https:\/\/narteks.net\/index.php\/2009\/02\/27\/olumum-bahar-olsa\/#article","isPartOf":{"@id":"https:\/\/narteks.net\/index.php\/2009\/02\/27\/olumum-bahar-olsa\/"},"author":{"name":"Tar\u0131k","@id":"https:\/\/narteks.net\/#\/schema\/person\/61f37d9834294b72d31d274e7ed79bca"},"headline":"\u00d6L\u00dcM\u00dcM BAHAR OLSA","datePublished":"2009-02-27T10:21:51+00:00","mainEntityOfPage":{"@id":"https:\/\/narteks.net\/index.php\/2009\/02\/27\/olumum-bahar-olsa\/"},"wordCount":231,"commentCount":0,"publisher":{"@id":"https:\/\/narteks.net\/#organization"},"articleSection":["Adnan Y\u00dcCEL"],"inLanguage":"tr","potentialAction":[{"@type":"CommentAction","name":"Comment","target":["https:\/\/narteks.net\/index.php\/2009\/02\/27\/olumum-bahar-olsa\/#respond"]}]},{"@type":"WebPage","@id":"https:\/\/narteks.net\/index.php\/2009\/02\/27\/olumum-bahar-olsa\/","url":"https:\/\/narteks.net\/index.php\/2009\/02\/27\/olumum-bahar-olsa\/","name":"\u00d6L\u00dcM\u00dcM BAHAR OLSA - narteks.net","isPartOf":{"@id":"https:\/\/narteks.net\/#website"},"datePublished":"2009-02-27T10:21:51+00:00","breadcrumb":{"@id":"https:\/\/narteks.net\/index.php\/2009\/02\/27\/olumum-bahar-olsa\/#breadcrumb"},"inLanguage":"tr","potentialAction":[{"@type":"ReadAction","target":["https:\/\/narteks.net\/index.php\/2009\/02\/27\/olumum-bahar-olsa\/"]}]},{"@type":"BreadcrumbList","@id":"https:\/\/narteks.net\/index.php\/2009\/02\/27\/olumum-bahar-olsa\/#breadcrumb","itemListElement":[{"@type":"ListItem","position":1,"name":"Anasayfa","item":"https:\/\/narteks.net\/"},{"@type":"ListItem","position":2,"name":"\u00d6L\u00dcM\u00dcM BAHAR OLSA"}]},{"@type":"WebSite","@id":"https:\/\/narteks.net\/#website","url":"https:\/\/narteks.net\/","name":"narteks.net","description":"K\u00fclt\u00fcr Sanat Edebiyat Felsefe","publisher":{"@id":"https:\/\/narteks.net\/#organization"},"alternateName":"K\u00fclt\u00fcr Sanat Edebiyat Felsefe","potentialAction":[{"@type":"SearchAction","target":{"@type":"EntryPoint","urlTemplate":"https:\/\/narteks.net\/?s={search_term_string}"},"query-input":{"@type":"PropertyValueSpecification","valueRequired":true,"valueName":"search_term_string"}}],"inLanguage":"tr"},{"@type":"Organization","@id":"https:\/\/narteks.net\/#organization","name":"narteks.net","url":"https:\/\/narteks.net\/","logo":{"@type":"ImageObject","inLanguage":"tr","@id":"https:\/\/narteks.net\/#\/schema\/logo\/image\/","url":"https:\/\/narteks.net\/wp-content\/uploads\/narteks.png","contentUrl":"https:\/\/narteks.net\/wp-content\/uploads\/narteks.png","width":300,"height":90,"caption":"narteks.net"},"image":{"@id":"https:\/\/narteks.net\/#\/schema\/logo\/image\/"},"sameAs":["https:\/\/x.com\/narteks","https:\/\/instagram.com\/narteksnet"]},{"@type":"Person","@id":"https:\/\/narteks.net\/#\/schema\/person\/61f37d9834294b72d31d274e7ed79bca","name":"Tar\u0131k","image":{"@type":"ImageObject","inLanguage":"tr","@id":"https:\/\/narteks.net\/#\/schema\/person\/image\/","url":"https:\/\/secure.gravatar.com\/avatar\/50865afb55632c4ae467e0af0930f6510aa2297d8014be502a55b14f3b7550cf?s=96&d=mm&r=g","contentUrl":"https:\/\/secure.gravatar.com\/avatar\/50865afb55632c4ae467e0af0930f6510aa2297d8014be502a55b14f3b7550cf?s=96&d=mm&r=g","caption":"Tar\u0131k"},"sameAs":["http:\/\/narteks.net"],"url":"https:\/\/narteks.net\/index.php\/author\/narbak\/"}]}},"_links":{"self":[{"href":"https:\/\/narteks.net\/index.php\/wp-json\/wp\/v2\/posts\/24","targetHints":{"allow":["GET"]}}],"collection":[{"href":"https:\/\/narteks.net\/index.php\/wp-json\/wp\/v2\/posts"}],"about":[{"href":"https:\/\/narteks.net\/index.php\/wp-json\/wp\/v2\/types\/post"}],"author":[{"embeddable":true,"href":"https:\/\/narteks.net\/index.php\/wp-json\/wp\/v2\/users\/1"}],"replies":[{"embeddable":true,"href":"https:\/\/narteks.net\/index.php\/wp-json\/wp\/v2\/comments?post=24"}],"version-history":[{"count":0,"href":"https:\/\/narteks.net\/index.php\/wp-json\/wp\/v2\/posts\/24\/revisions"}],"wp:attachment":[{"href":"https:\/\/narteks.net\/index.php\/wp-json\/wp\/v2\/media?parent=24"}],"wp:term":[{"taxonomy":"category","embeddable":true,"href":"https:\/\/narteks.net\/index.php\/wp-json\/wp\/v2\/categories?post=24"},{"taxonomy":"post_tag","embeddable":true,"href":"https:\/\/narteks.net\/index.php\/wp-json\/wp\/v2\/tags?post=24"}],"curies":[{"name":"wp","href":"https:\/\/api.w.org\/{rel}","templated":true}]}}