{"id":241,"date":"2009-02-27T17:54:46","date_gmt":"2009-02-27T14:54:46","guid":{"rendered":"http:\/\/localhost\/wordpress\/2009\/02\/27\/kan-recetesi\/"},"modified":"2009-02-27T17:54:46","modified_gmt":"2009-02-27T14:54:46","slug":"kan-recetesi","status":"publish","type":"post","link":"https:\/\/narteks.net\/index.php\/2009\/02\/27\/kan-recetesi\/","title":{"rendered":"KAN RE\u00c7ETES\u0130"},"content":{"rendered":"<p>\u00a0<\/p>\n<p>Kara bir g\u00f6k i\u00e7in \u00e7ok \u015fey s\u00f6ylenebilir elbet<\/p>\n<p>\u0130\u015fte benim bulutum<br \/>pas tutmam\u0131\u015f s\u00f6zc\u00fcklerden \u00f6rg\u00fcl\u00fc bir a\u011f\u0131t<br \/>aln\u0131na halk s\u0131\u00e7ram\u0131\u015f neferlerin \u00e7\u0131lgar g\u00f6zleriyle<br \/>sana<br \/>ey rengi tarihini utand\u0131ran elbise<\/p>\n<p>Y\u00fcz\u00fcn hi\u00e7 yabanc\u0131 de\u011fil<br \/>sen eski borazanlar\u0131n gedikli \u00e7alg\u0131c\u0131s\u0131<br \/>sesine k\u00fcfl\u00fc ambarlar\u0131n kokusu sinmi\u015f<br \/>irin salg\u0131n\u0131, cinayet fotokopisi ve kangren depolanm\u0131\u015f<br \/>eskimi\u015f tarih sat\u0131c\u0131s\u0131 ambarlar\u0131n kokusu.<\/p>\n<p>Burnum duymuyor ama seni<br \/>uslanm\u0131\u015f \u0131t\u0131r kokusunu da duymuyor<br \/>benim burnum<br \/>benim burnum<br \/>vah\u015fi da\u011f \u00e7i\u00e7ekleri, bozk\u0131r g\u00fclleri ve devedikenlerinin<br \/>k\u0131rlar\u0131 geni\u015fleten halk kokusuyla yan\u0131yor<br \/>genzim \u00e7atl\u0131yor<br \/>genzim \u00e7atl\u0131yor ve seni de \u00e7atlat\u0131yor<br \/>el illizyonizmin s\u0131r\u00e7a k\u00fcresi.<br \/>sana kim sus dedi Kalbim.<br \/>D\u00fcnya bir ate\u015ften top gibi kavruluyorken<br \/>toprak g\u00fcne\u015f s\u0131tmas\u0131yla sars\u0131l\u0131yorken<br \/>burda, orda, \u00f6te yanlarda<br \/>al\u0131nterinin \u00f6fkeyle f\u0131\u015fk\u0131yan \u015favk\u0131<br \/>yery\u00fcz\u00fcn\u00fc yeniden bi\u00e7imliyorken<br \/>ve depremle sars\u0131lan halklar\u0131n beyni<br \/>illizyonizmin b\u00fcy\u00fcs\u00fcn\u00fc bozuyorken<br \/>seni kim b\u00fcy\u00fclemek istiyor Kalbim.<br \/>Bildim hi\u00e7 ku\u015fkusuz<br \/>su y\u0131lanlar\u0131, yeralt\u0131 fareleri ve akbabalar\u0131n koruyucusu<br \/>\u00e7arp\u0131c\u0131lar\u0131n, kemirgenlerin, le\u015f\u00e7ilerin<br \/>\u015fa\u015f\u0131rt\u0131lm\u0131\u015f kolcusu.<\/p>\n<p>Usul usul da gelsen, harlayarak da gelsen<br \/>el illizyonizmin g\u00fclery\u00fczl\u00fc b\u00fcy\u00fcc\u00fcs\u00fc<br \/>masken kand\u0131rm\u0131yor \u00e7oktand\u0131r beni<br \/>beni ve benim gibi<br \/>d\u00fcnyaya kan\u0131ndan d\u00fcrb\u00fcnle bakanlar\u0131<br \/>solu\u011fu cehennem yakanlar\u0131.<br \/>\u00c7\u00fcnk\u00fc biz hayat\u0131 kendi aynas\u0131ndan g\u00f6rd\u00fck<br \/>biliriz s\u0131r\u00e7a k\u00fcrenin yald\u0131z\u0131ndaki pu\u015ftlu\u011fu<br \/>Ey t\u0131rnaklar\u0131m\u0131 b\u00fcy\u00fcten tahamm\u00fcls\u00fczl\u00fck<br \/>beynimde hora tepen on sivri b\u0131\u00e7ak<br \/>senin kendi damar\u0131nda denedi\u011fin keskinlik<br \/>halk\u0131n\u0131n aln\u0131ndaki tomurcu\u011fu patlatsa da<br \/>kan kendini aldatmaz<br \/>kan kendini aldatmaz<\/p>\n<p>Kalbim!<br \/>bu ac\u0131ya dayan<br \/>vars\u0131n i\u015fkenceler da\u011flas\u0131n seni<br \/>duru bir g\u00f6k i\u00e7in vah\u015fete katlananlar<br \/>ac\u0131y\u0131 bir silah gibi g\u00f6\u011fs\u00fcnde saklamal\u0131 <\/p>\n<p>Kalbim!<br \/>bu ac\u0131ya dayan<br \/>bu ac\u0131ya dayanman i\u00e7in<br \/>yaran\u0131 iyile\u015ftirmek i\u00e7in sana<br \/>par\u00e7alanm\u0131\u015f g\u00fcl cesetlerinden bir re\u00e7ete <\/p>\n<p>verece\u011fim<\/p>\n<p>vah\u015fet da\u011flar\u0131ndan k\u0131zg\u0131n kemik k\u00fclleri<br \/>i\u015fkenceler ovas\u0131ndan kan d\u00f6lleri<br \/>ve yang\u0131nlar vadisinden deh\u015fet bir ate\u015f.<br \/>Kan kokusu b\u00fcy\u00fcy\u00fc bozmak i\u00e7in<br \/>Kemik s\u0131cakl\u0131\u011f\u0131 s\u0131r\u00e7a k\u00fcreyi eritmek i\u00e7in<br \/>Ate\u015f k\u0131rm\u0131z\u0131s\u0131 g\u00f6\u011f\u00fc ayd\u0131nlatmak i\u00e7in<\/p>\n<p>B\u00f6ylece dirilir i\u00e7indeki g\u00fcl cesetleri bile<br \/>dirilir ve o zaman<br \/>\u00e7\u0131lg\u0131n bir \u015fafakla tazelenen g\u00f6ky\u00fcz\u00fc<br \/>bir taze tomurcuk gibi a\u00e7ar<br \/>kan\u0131yan aln\u0131nda senin.<\/p>\n<p>Kalbim!<br \/>sen vars\u0131n<br \/>sen t\u00f6kezleyen bir \u015fark\u0131 de\u011filsin<br \/>ne de uzun, yan\u0131k haval\u0131 t\u00fcrk\u00fc<br \/>sen kendinin ezgisisin.<\/p>\n<p>Y\u0131rt \u00f6fkenin sabredilmez da\u011farc\u0131\u011f\u0131n\u0131<br \/>da\u011f\u0131lan, sa\u00e7\u0131lan ne varsa hepsi senindir<br \/>kara bir g\u00f6k ancak bunlarla ar\u0131n\u0131r<br \/>ve elbette yeter bunlar s\u0131r\u00e7a k\u00fcreyi da\u011f\u0131tmaya<br \/>ac\u0131 diye ne varsa hepsini onarmaya<\/p>\n<p>Kalbim!<br \/>elimden tut<br \/>elimden tut<br \/>sensiz bir\u015fey yapamam.<\/p>\n<p> (Kas\u0131m 1971 &#8211; Yans\u0131ma)<\/p>\n<p>ARKADA\u015e Z.\u00d6ZGER<\/p>\n","protected":false},"excerpt":{"rendered":"<p>\u00a0 Kara bir g\u00f6k i\u00e7in \u00e7ok \u015fey s\u00f6ylenebilir elbet \u0130\u015fte benim bulutumpas tutmam\u0131\u015f s\u00f6zc\u00fcklerden \u00f6rg\u00fcl\u00fc bir a\u011f\u0131taln\u0131na halk s\u0131\u00e7ram\u0131\u015f neferlerin \u00e7\u0131lgar g\u00f6zleriylesanaey rengi tarihini utand\u0131ran elbise Y\u00fcz\u00fcn hi\u00e7 yabanc\u0131 de\u011filsen eski borazanlar\u0131n gedikli \u00e7alg\u0131c\u0131s\u0131sesine k\u00fcfl\u00fc ambarlar\u0131n kokusu sinmi\u015firin salg\u0131n\u0131, cinayet fotokopisi ve kangren depolanm\u0131\u015feskimi\u015f tarih sat\u0131c\u0131s\u0131 ambarlar\u0131n kokusu. Burnum duymuyor ama seniuslanm\u0131\u015f \u0131t\u0131r kokusunu da [&hellip;]<\/p>\n","protected":false},"author":1,"featured_media":0,"comment_status":"open","ping_status":"open","sticky":false,"template":"","format":"standard","meta":{"footnotes":""},"categories":[5],"tags":[],"class_list":{"0":"post-241","1":"post","2":"type-post","3":"status-publish","4":"format-standard","6":"category-arkadas-z-ozger"},"yoast_head":"<!-- This site is optimized with the Yoast SEO Premium plugin v24.9 (Yoast SEO v24.9) - https:\/\/yoast.com\/wordpress\/plugins\/seo\/ -->\n<title>KAN RE\u00c7ETES\u0130 - narteks.net<\/title>\n<meta name=\"robots\" content=\"index, follow, max-snippet:-1, max-image-preview:large, max-video-preview:-1\" \/>\n<link rel=\"canonical\" href=\"https:\/\/narteks.net\/index.php\/2009\/02\/27\/kan-recetesi\/\" \/>\n<meta property=\"og:locale\" content=\"tr_TR\" \/>\n<meta property=\"og:type\" content=\"article\" \/>\n<meta property=\"og:title\" content=\"KAN RE\u00c7ETES\u0130\" \/>\n<meta property=\"og:description\" content=\"\u00a0 Kara bir g\u00f6k i\u00e7in \u00e7ok \u015fey s\u00f6ylenebilir elbet \u0130\u015fte benim bulutumpas tutmam\u0131\u015f s\u00f6zc\u00fcklerden \u00f6rg\u00fcl\u00fc bir a\u011f\u0131taln\u0131na halk s\u0131\u00e7ram\u0131\u015f neferlerin \u00e7\u0131lgar g\u00f6zleriylesanaey rengi tarihini utand\u0131ran elbise Y\u00fcz\u00fcn hi\u00e7 yabanc\u0131 de\u011filsen eski borazanlar\u0131n gedikli \u00e7alg\u0131c\u0131s\u0131sesine k\u00fcfl\u00fc ambarlar\u0131n kokusu sinmi\u015firin salg\u0131n\u0131, cinayet fotokopisi ve kangren depolanm\u0131\u015feskimi\u015f tarih sat\u0131c\u0131s\u0131 ambarlar\u0131n kokusu. Burnum duymuyor ama seniuslanm\u0131\u015f \u0131t\u0131r kokusunu da [&hellip;]\" \/>\n<meta property=\"og:url\" content=\"https:\/\/narteks.net\/index.php\/2009\/02\/27\/kan-recetesi\/\" \/>\n<meta property=\"og:site_name\" content=\"narteks.net\" \/>\n<meta property=\"article:published_time\" content=\"2009-02-27T14:54:46+00:00\" \/>\n<meta property=\"og:image\" content=\"https:\/\/narteks.net\/wp-content\/uploads\/narteks.png\" \/>\n\t<meta property=\"og:image:width\" content=\"300\" \/>\n\t<meta property=\"og:image:height\" content=\"90\" \/>\n\t<meta property=\"og:image:type\" content=\"image\/png\" \/>\n<meta name=\"author\" content=\"Tar\u0131k\" \/>\n<meta name=\"twitter:card\" content=\"summary_large_image\" \/>\n<meta name=\"twitter:creator\" content=\"@narteks\" \/>\n<meta name=\"twitter:site\" content=\"@narteks\" \/>\n<meta name=\"twitter:label1\" content=\"Yazan:\" \/>\n\t<meta name=\"twitter:data1\" content=\"Tar\u0131k\" \/>\n\t<meta name=\"twitter:label2\" content=\"Tahmini okuma s\u00fcresi\" \/>\n\t<meta name=\"twitter:data2\" content=\"2 dakika\" \/>\n<script type=\"application\/ld+json\" class=\"yoast-schema-graph\">{\"@context\":\"https:\/\/schema.org\",\"@graph\":[{\"@type\":\"Article\",\"@id\":\"https:\/\/narteks.net\/index.php\/2009\/02\/27\/kan-recetesi\/#article\",\"isPartOf\":{\"@id\":\"https:\/\/narteks.net\/index.php\/2009\/02\/27\/kan-recetesi\/\"},\"author\":{\"name\":\"Tar\u0131k\",\"@id\":\"https:\/\/narteks.net\/#\/schema\/person\/61f37d9834294b72d31d274e7ed79bca\"},\"headline\":\"KAN RE\u00c7ETES\u0130\",\"datePublished\":\"2009-02-27T14:54:46+00:00\",\"mainEntityOfPage\":{\"@id\":\"https:\/\/narteks.net\/index.php\/2009\/02\/27\/kan-recetesi\/\"},\"wordCount\":491,\"commentCount\":0,\"publisher\":{\"@id\":\"https:\/\/narteks.net\/#organization\"},\"articleSection\":[\"Arkada\u015f Z. \u00d6ZGER\"],\"inLanguage\":\"tr\",\"potentialAction\":[{\"@type\":\"CommentAction\",\"name\":\"Comment\",\"target\":[\"https:\/\/narteks.net\/index.php\/2009\/02\/27\/kan-recetesi\/#respond\"]}]},{\"@type\":\"WebPage\",\"@id\":\"https:\/\/narteks.net\/index.php\/2009\/02\/27\/kan-recetesi\/\",\"url\":\"https:\/\/narteks.net\/index.php\/2009\/02\/27\/kan-recetesi\/\",\"name\":\"KAN RE\u00c7ETES\u0130 - narteks.net\",\"isPartOf\":{\"@id\":\"https:\/\/narteks.net\/#website\"},\"datePublished\":\"2009-02-27T14:54:46+00:00\",\"breadcrumb\":{\"@id\":\"https:\/\/narteks.net\/index.php\/2009\/02\/27\/kan-recetesi\/#breadcrumb\"},\"inLanguage\":\"tr\",\"potentialAction\":[{\"@type\":\"ReadAction\",\"target\":[\"https:\/\/narteks.net\/index.php\/2009\/02\/27\/kan-recetesi\/\"]}]},{\"@type\":\"BreadcrumbList\",\"@id\":\"https:\/\/narteks.net\/index.php\/2009\/02\/27\/kan-recetesi\/#breadcrumb\",\"itemListElement\":[{\"@type\":\"ListItem\",\"position\":1,\"name\":\"Anasayfa\",\"item\":\"https:\/\/narteks.net\/\"},{\"@type\":\"ListItem\",\"position\":2,\"name\":\"KAN RE\u00c7ETES\u0130\"}]},{\"@type\":\"WebSite\",\"@id\":\"https:\/\/narteks.net\/#website\",\"url\":\"https:\/\/narteks.net\/\",\"name\":\"narteks.net\",\"description\":\"K\u00fclt\u00fcr Sanat Edebiyat Felsefe\",\"publisher\":{\"@id\":\"https:\/\/narteks.net\/#organization\"},\"alternateName\":\"K\u00fclt\u00fcr Sanat Edebiyat Felsefe\",\"potentialAction\":[{\"@type\":\"SearchAction\",\"target\":{\"@type\":\"EntryPoint\",\"urlTemplate\":\"https:\/\/narteks.net\/?s={search_term_string}\"},\"query-input\":{\"@type\":\"PropertyValueSpecification\",\"valueRequired\":true,\"valueName\":\"search_term_string\"}}],\"inLanguage\":\"tr\"},{\"@type\":\"Organization\",\"@id\":\"https:\/\/narteks.net\/#organization\",\"name\":\"narteks.net\",\"url\":\"https:\/\/narteks.net\/\",\"logo\":{\"@type\":\"ImageObject\",\"inLanguage\":\"tr\",\"@id\":\"https:\/\/narteks.net\/#\/schema\/logo\/image\/\",\"url\":\"https:\/\/narteks.net\/wp-content\/uploads\/narteks.png\",\"contentUrl\":\"https:\/\/narteks.net\/wp-content\/uploads\/narteks.png\",\"width\":300,\"height\":90,\"caption\":\"narteks.net\"},\"image\":{\"@id\":\"https:\/\/narteks.net\/#\/schema\/logo\/image\/\"},\"sameAs\":[\"https:\/\/x.com\/narteks\",\"https:\/\/instagram.com\/narteksnet\"]},{\"@type\":\"Person\",\"@id\":\"https:\/\/narteks.net\/#\/schema\/person\/61f37d9834294b72d31d274e7ed79bca\",\"name\":\"Tar\u0131k\",\"image\":{\"@type\":\"ImageObject\",\"inLanguage\":\"tr\",\"@id\":\"https:\/\/narteks.net\/#\/schema\/person\/image\/\",\"url\":\"https:\/\/secure.gravatar.com\/avatar\/50865afb55632c4ae467e0af0930f6510aa2297d8014be502a55b14f3b7550cf?s=96&d=mm&r=g\",\"contentUrl\":\"https:\/\/secure.gravatar.com\/avatar\/50865afb55632c4ae467e0af0930f6510aa2297d8014be502a55b14f3b7550cf?s=96&d=mm&r=g\",\"caption\":\"Tar\u0131k\"},\"sameAs\":[\"http:\/\/narteks.net\"],\"url\":\"https:\/\/narteks.net\/index.php\/author\/narbak\/\"}]}<\/script>\n<!-- \/ Yoast SEO Premium plugin. -->","yoast_head_json":{"title":"KAN RE\u00c7ETES\u0130 - narteks.net","robots":{"index":"index","follow":"follow","max-snippet":"max-snippet:-1","max-image-preview":"max-image-preview:large","max-video-preview":"max-video-preview:-1"},"canonical":"https:\/\/narteks.net\/index.php\/2009\/02\/27\/kan-recetesi\/","og_locale":"tr_TR","og_type":"article","og_title":"KAN RE\u00c7ETES\u0130","og_description":"\u00a0 Kara bir g\u00f6k i\u00e7in \u00e7ok \u015fey s\u00f6ylenebilir elbet \u0130\u015fte benim bulutumpas tutmam\u0131\u015f s\u00f6zc\u00fcklerden \u00f6rg\u00fcl\u00fc bir a\u011f\u0131taln\u0131na halk s\u0131\u00e7ram\u0131\u015f neferlerin \u00e7\u0131lgar g\u00f6zleriylesanaey rengi tarihini utand\u0131ran elbise Y\u00fcz\u00fcn hi\u00e7 yabanc\u0131 de\u011filsen eski borazanlar\u0131n gedikli \u00e7alg\u0131c\u0131s\u0131sesine k\u00fcfl\u00fc ambarlar\u0131n kokusu sinmi\u015firin salg\u0131n\u0131, cinayet fotokopisi ve kangren depolanm\u0131\u015feskimi\u015f tarih sat\u0131c\u0131s\u0131 ambarlar\u0131n kokusu. Burnum duymuyor ama seniuslanm\u0131\u015f \u0131t\u0131r kokusunu da [&hellip;]","og_url":"https:\/\/narteks.net\/index.php\/2009\/02\/27\/kan-recetesi\/","og_site_name":"narteks.net","article_published_time":"2009-02-27T14:54:46+00:00","og_image":[{"width":300,"height":90,"url":"https:\/\/narteks.net\/wp-content\/uploads\/narteks.png","type":"image\/png"}],"author":"Tar\u0131k","twitter_card":"summary_large_image","twitter_creator":"@narteks","twitter_site":"@narteks","twitter_misc":{"Yazan:":"Tar\u0131k","Tahmini okuma s\u00fcresi":"2 dakika"},"schema":{"@context":"https:\/\/schema.org","@graph":[{"@type":"Article","@id":"https:\/\/narteks.net\/index.php\/2009\/02\/27\/kan-recetesi\/#article","isPartOf":{"@id":"https:\/\/narteks.net\/index.php\/2009\/02\/27\/kan-recetesi\/"},"author":{"name":"Tar\u0131k","@id":"https:\/\/narteks.net\/#\/schema\/person\/61f37d9834294b72d31d274e7ed79bca"},"headline":"KAN RE\u00c7ETES\u0130","datePublished":"2009-02-27T14:54:46+00:00","mainEntityOfPage":{"@id":"https:\/\/narteks.net\/index.php\/2009\/02\/27\/kan-recetesi\/"},"wordCount":491,"commentCount":0,"publisher":{"@id":"https:\/\/narteks.net\/#organization"},"articleSection":["Arkada\u015f Z. \u00d6ZGER"],"inLanguage":"tr","potentialAction":[{"@type":"CommentAction","name":"Comment","target":["https:\/\/narteks.net\/index.php\/2009\/02\/27\/kan-recetesi\/#respond"]}]},{"@type":"WebPage","@id":"https:\/\/narteks.net\/index.php\/2009\/02\/27\/kan-recetesi\/","url":"https:\/\/narteks.net\/index.php\/2009\/02\/27\/kan-recetesi\/","name":"KAN RE\u00c7ETES\u0130 - narteks.net","isPartOf":{"@id":"https:\/\/narteks.net\/#website"},"datePublished":"2009-02-27T14:54:46+00:00","breadcrumb":{"@id":"https:\/\/narteks.net\/index.php\/2009\/02\/27\/kan-recetesi\/#breadcrumb"},"inLanguage":"tr","potentialAction":[{"@type":"ReadAction","target":["https:\/\/narteks.net\/index.php\/2009\/02\/27\/kan-recetesi\/"]}]},{"@type":"BreadcrumbList","@id":"https:\/\/narteks.net\/index.php\/2009\/02\/27\/kan-recetesi\/#breadcrumb","itemListElement":[{"@type":"ListItem","position":1,"name":"Anasayfa","item":"https:\/\/narteks.net\/"},{"@type":"ListItem","position":2,"name":"KAN RE\u00c7ETES\u0130"}]},{"@type":"WebSite","@id":"https:\/\/narteks.net\/#website","url":"https:\/\/narteks.net\/","name":"narteks.net","description":"K\u00fclt\u00fcr Sanat Edebiyat Felsefe","publisher":{"@id":"https:\/\/narteks.net\/#organization"},"alternateName":"K\u00fclt\u00fcr Sanat Edebiyat Felsefe","potentialAction":[{"@type":"SearchAction","target":{"@type":"EntryPoint","urlTemplate":"https:\/\/narteks.net\/?s={search_term_string}"},"query-input":{"@type":"PropertyValueSpecification","valueRequired":true,"valueName":"search_term_string"}}],"inLanguage":"tr"},{"@type":"Organization","@id":"https:\/\/narteks.net\/#organization","name":"narteks.net","url":"https:\/\/narteks.net\/","logo":{"@type":"ImageObject","inLanguage":"tr","@id":"https:\/\/narteks.net\/#\/schema\/logo\/image\/","url":"https:\/\/narteks.net\/wp-content\/uploads\/narteks.png","contentUrl":"https:\/\/narteks.net\/wp-content\/uploads\/narteks.png","width":300,"height":90,"caption":"narteks.net"},"image":{"@id":"https:\/\/narteks.net\/#\/schema\/logo\/image\/"},"sameAs":["https:\/\/x.com\/narteks","https:\/\/instagram.com\/narteksnet"]},{"@type":"Person","@id":"https:\/\/narteks.net\/#\/schema\/person\/61f37d9834294b72d31d274e7ed79bca","name":"Tar\u0131k","image":{"@type":"ImageObject","inLanguage":"tr","@id":"https:\/\/narteks.net\/#\/schema\/person\/image\/","url":"https:\/\/secure.gravatar.com\/avatar\/50865afb55632c4ae467e0af0930f6510aa2297d8014be502a55b14f3b7550cf?s=96&d=mm&r=g","contentUrl":"https:\/\/secure.gravatar.com\/avatar\/50865afb55632c4ae467e0af0930f6510aa2297d8014be502a55b14f3b7550cf?s=96&d=mm&r=g","caption":"Tar\u0131k"},"sameAs":["http:\/\/narteks.net"],"url":"https:\/\/narteks.net\/index.php\/author\/narbak\/"}]}},"_links":{"self":[{"href":"https:\/\/narteks.net\/index.php\/wp-json\/wp\/v2\/posts\/241","targetHints":{"allow":["GET"]}}],"collection":[{"href":"https:\/\/narteks.net\/index.php\/wp-json\/wp\/v2\/posts"}],"about":[{"href":"https:\/\/narteks.net\/index.php\/wp-json\/wp\/v2\/types\/post"}],"author":[{"embeddable":true,"href":"https:\/\/narteks.net\/index.php\/wp-json\/wp\/v2\/users\/1"}],"replies":[{"embeddable":true,"href":"https:\/\/narteks.net\/index.php\/wp-json\/wp\/v2\/comments?post=241"}],"version-history":[{"count":0,"href":"https:\/\/narteks.net\/index.php\/wp-json\/wp\/v2\/posts\/241\/revisions"}],"wp:attachment":[{"href":"https:\/\/narteks.net\/index.php\/wp-json\/wp\/v2\/media?parent=241"}],"wp:term":[{"taxonomy":"category","embeddable":true,"href":"https:\/\/narteks.net\/index.php\/wp-json\/wp\/v2\/categories?post=241"},{"taxonomy":"post_tag","embeddable":true,"href":"https:\/\/narteks.net\/index.php\/wp-json\/wp\/v2\/tags?post=241"}],"curies":[{"name":"wp","href":"https:\/\/api.w.org\/{rel}","templated":true}]}}