{"id":2410,"date":"2009-12-05T14:57:03","date_gmt":"2009-12-05T11:57:03","guid":{"rendered":"http:\/\/localhost\/wordpress\/2009\/12\/05\/haci-bektas-veli\/"},"modified":"2009-12-05T14:57:03","modified_gmt":"2009-12-05T11:57:03","slug":"haci-bektas-veli","status":"publish","type":"post","link":"https:\/\/narteks.net\/index.php\/2009\/12\/05\/haci-bektas-veli\/","title":{"rendered":"HACI BEKTA\u015e VEL\u0130"},"content":{"rendered":"<p>\u00a0<\/p>\n<p>Bir resimde ba\u011fda\u015f kurmu\u015f oturuyor Hac\u0131 Bekta\u015f Veli. Evi gibi <br \/> yery\u00fcz\u00fc. <\/p>\n<p> Bir bulut d\u00fc\u015f\u00fcrm\u00fc\u015f ba\u015f\u0131n\u0131 duruyor. Onunla gidip gelen. Uzakta <br \/> bellibelirsiz. <\/p>\n<p> Beyaz, uzun kavu\u011fu. Demek ki g\u00fcne\u015f var. <\/p>\n<p> Kuca\u011f\u0131na alm\u0131\u015f bir ceylan\u0131, bir aslan\u0131. Duruyorlar. \u00dc\u00e7 ki\u015filer. <\/p>\n<p> Hayvanlar\u0131 m\u0131 severdi Hac\u0131 Bekta\u015f Veli? Bilmiyoruz. Ama a\u00e7\u0131kt\u0131 <br \/> hep evinin kap\u0131s\u0131. <\/p>\n<p> \u00c7izgili mintan\u0131. Yal\u0131n. D\u00fcz. Ta bileklerine de\u011fin uzuyor, uzay\u0131p <br \/> orda kal\u0131yor. <\/p>\n<p> Y\u00fcz\u00fc? Uzun y\u00fcz\u00fc. Sakall\u0131, virdi okur gibi de \u00f6n\u00fcne bak\u0131yor. <\/p>\n<p> Delik de\u011fil kula\u011f\u0131 ve halkas\u0131z. <\/p>\n<p> Yan\u0131nda yery\u00fcz\u00fc: A\u011fa\u00e7lar, sular, g\u00f6k. Her sabah okudu\u011fu.<\/p>\n","protected":false},"excerpt":{"rendered":"<p>\u00a0 Bir resimde ba\u011fda\u015f kurmu\u015f oturuyor Hac\u0131 Bekta\u015f Veli. Evi gibi yery\u00fcz\u00fc. Bir bulut d\u00fc\u015f\u00fcrm\u00fc\u015f ba\u015f\u0131n\u0131 duruyor. Onunla gidip gelen. Uzakta bellibelirsiz. Beyaz, uzun kavu\u011fu. Demek ki g\u00fcne\u015f var. Kuca\u011f\u0131na alm\u0131\u015f bir ceylan\u0131, bir aslan\u0131. Duruyorlar. \u00dc\u00e7 ki\u015filer. Hayvanlar\u0131 m\u0131 severdi Hac\u0131 Bekta\u015f Veli? Bilmiyoruz. Ama a\u00e7\u0131kt\u0131 hep evinin kap\u0131s\u0131. \u00c7izgili mintan\u0131. Yal\u0131n. D\u00fcz. Ta [&hellip;]<\/p>\n","protected":false},"author":1,"featured_media":0,"comment_status":"open","ping_status":"open","sticky":false,"template":"","format":"standard","meta":{"footnotes":""},"categories":[89],"tags":[],"class_list":{"0":"post-2410","1":"post","2":"type-post","3":"status-publish","4":"format-standard","6":"category-ilhan-berk"},"yoast_head":"<!-- This site is optimized with the Yoast SEO Premium plugin v24.9 (Yoast SEO v24.9) - https:\/\/yoast.com\/wordpress\/plugins\/seo\/ -->\n<title>HACI BEKTA\u015e VEL\u0130 - narteks.net<\/title>\n<meta name=\"robots\" content=\"index, follow, max-snippet:-1, max-image-preview:large, max-video-preview:-1\" \/>\n<link rel=\"canonical\" href=\"https:\/\/narteks.net\/index.php\/2009\/12\/05\/haci-bektas-veli\/\" \/>\n<meta property=\"og:locale\" content=\"tr_TR\" \/>\n<meta property=\"og:type\" content=\"article\" \/>\n<meta property=\"og:title\" content=\"HACI BEKTA\u015e VEL\u0130\" \/>\n<meta property=\"og:description\" content=\"\u00a0 Bir resimde ba\u011fda\u015f kurmu\u015f oturuyor Hac\u0131 Bekta\u015f Veli. Evi gibi yery\u00fcz\u00fc. Bir bulut d\u00fc\u015f\u00fcrm\u00fc\u015f ba\u015f\u0131n\u0131 duruyor. Onunla gidip gelen. Uzakta bellibelirsiz. Beyaz, uzun kavu\u011fu. Demek ki g\u00fcne\u015f var. Kuca\u011f\u0131na alm\u0131\u015f bir ceylan\u0131, bir aslan\u0131. Duruyorlar. \u00dc\u00e7 ki\u015filer. Hayvanlar\u0131 m\u0131 severdi Hac\u0131 Bekta\u015f Veli? Bilmiyoruz. Ama a\u00e7\u0131kt\u0131 hep evinin kap\u0131s\u0131. \u00c7izgili mintan\u0131. Yal\u0131n. D\u00fcz. Ta [&hellip;]\" \/>\n<meta property=\"og:url\" content=\"https:\/\/narteks.net\/index.php\/2009\/12\/05\/haci-bektas-veli\/\" \/>\n<meta property=\"og:site_name\" content=\"narteks.net\" \/>\n<meta property=\"article:published_time\" content=\"2009-12-05T11:57:03+00:00\" \/>\n<meta property=\"og:image\" content=\"https:\/\/narteks.net\/wp-content\/uploads\/narteks.png\" \/>\n\t<meta property=\"og:image:width\" content=\"300\" \/>\n\t<meta property=\"og:image:height\" content=\"90\" \/>\n\t<meta property=\"og:image:type\" content=\"image\/png\" \/>\n<meta name=\"author\" content=\"Tar\u0131k\" \/>\n<meta name=\"twitter:card\" content=\"summary_large_image\" \/>\n<meta name=\"twitter:creator\" content=\"@narteks\" \/>\n<meta name=\"twitter:site\" content=\"@narteks\" \/>\n<meta name=\"twitter:label1\" content=\"Yazan:\" \/>\n\t<meta name=\"twitter:data1\" content=\"Tar\u0131k\" \/>\n\t<meta name=\"twitter:label2\" content=\"Tahmini okuma s\u00fcresi\" \/>\n\t<meta name=\"twitter:data2\" content=\"1 dakika\" \/>\n<script type=\"application\/ld+json\" class=\"yoast-schema-graph\">{\"@context\":\"https:\/\/schema.org\",\"@graph\":[{\"@type\":\"Article\",\"@id\":\"https:\/\/narteks.net\/index.php\/2009\/12\/05\/haci-bektas-veli\/#article\",\"isPartOf\":{\"@id\":\"https:\/\/narteks.net\/index.php\/2009\/12\/05\/haci-bektas-veli\/\"},\"author\":{\"name\":\"Tar\u0131k\",\"@id\":\"https:\/\/narteks.net\/#\/schema\/person\/61f37d9834294b72d31d274e7ed79bca\"},\"headline\":\"HACI BEKTA\u015e VEL\u0130\",\"datePublished\":\"2009-12-05T11:57:03+00:00\",\"mainEntityOfPage\":{\"@id\":\"https:\/\/narteks.net\/index.php\/2009\/12\/05\/haci-bektas-veli\/\"},\"wordCount\":112,\"commentCount\":0,\"publisher\":{\"@id\":\"https:\/\/narteks.net\/#organization\"},\"articleSection\":[\"\u0130lhan BERK\"],\"inLanguage\":\"tr\",\"potentialAction\":[{\"@type\":\"CommentAction\",\"name\":\"Comment\",\"target\":[\"https:\/\/narteks.net\/index.php\/2009\/12\/05\/haci-bektas-veli\/#respond\"]}]},{\"@type\":\"WebPage\",\"@id\":\"https:\/\/narteks.net\/index.php\/2009\/12\/05\/haci-bektas-veli\/\",\"url\":\"https:\/\/narteks.net\/index.php\/2009\/12\/05\/haci-bektas-veli\/\",\"name\":\"HACI BEKTA\u015e VEL\u0130 - narteks.net\",\"isPartOf\":{\"@id\":\"https:\/\/narteks.net\/#website\"},\"datePublished\":\"2009-12-05T11:57:03+00:00\",\"breadcrumb\":{\"@id\":\"https:\/\/narteks.net\/index.php\/2009\/12\/05\/haci-bektas-veli\/#breadcrumb\"},\"inLanguage\":\"tr\",\"potentialAction\":[{\"@type\":\"ReadAction\",\"target\":[\"https:\/\/narteks.net\/index.php\/2009\/12\/05\/haci-bektas-veli\/\"]}]},{\"@type\":\"BreadcrumbList\",\"@id\":\"https:\/\/narteks.net\/index.php\/2009\/12\/05\/haci-bektas-veli\/#breadcrumb\",\"itemListElement\":[{\"@type\":\"ListItem\",\"position\":1,\"name\":\"Anasayfa\",\"item\":\"https:\/\/narteks.net\/\"},{\"@type\":\"ListItem\",\"position\":2,\"name\":\"HACI BEKTA\u015e VEL\u0130\"}]},{\"@type\":\"WebSite\",\"@id\":\"https:\/\/narteks.net\/#website\",\"url\":\"https:\/\/narteks.net\/\",\"name\":\"narteks.net\",\"description\":\"K\u00fclt\u00fcr Sanat Edebiyat Felsefe\",\"publisher\":{\"@id\":\"https:\/\/narteks.net\/#organization\"},\"alternateName\":\"K\u00fclt\u00fcr Sanat Edebiyat Felsefe\",\"potentialAction\":[{\"@type\":\"SearchAction\",\"target\":{\"@type\":\"EntryPoint\",\"urlTemplate\":\"https:\/\/narteks.net\/?s={search_term_string}\"},\"query-input\":{\"@type\":\"PropertyValueSpecification\",\"valueRequired\":true,\"valueName\":\"search_term_string\"}}],\"inLanguage\":\"tr\"},{\"@type\":\"Organization\",\"@id\":\"https:\/\/narteks.net\/#organization\",\"name\":\"narteks.net\",\"url\":\"https:\/\/narteks.net\/\",\"logo\":{\"@type\":\"ImageObject\",\"inLanguage\":\"tr\",\"@id\":\"https:\/\/narteks.net\/#\/schema\/logo\/image\/\",\"url\":\"https:\/\/narteks.net\/wp-content\/uploads\/narteks.png\",\"contentUrl\":\"https:\/\/narteks.net\/wp-content\/uploads\/narteks.png\",\"width\":300,\"height\":90,\"caption\":\"narteks.net\"},\"image\":{\"@id\":\"https:\/\/narteks.net\/#\/schema\/logo\/image\/\"},\"sameAs\":[\"https:\/\/x.com\/narteks\",\"https:\/\/instagram.com\/narteksnet\"]},{\"@type\":\"Person\",\"@id\":\"https:\/\/narteks.net\/#\/schema\/person\/61f37d9834294b72d31d274e7ed79bca\",\"name\":\"Tar\u0131k\",\"image\":{\"@type\":\"ImageObject\",\"inLanguage\":\"tr\",\"@id\":\"https:\/\/narteks.net\/#\/schema\/person\/image\/\",\"url\":\"https:\/\/secure.gravatar.com\/avatar\/50865afb55632c4ae467e0af0930f6510aa2297d8014be502a55b14f3b7550cf?s=96&d=mm&r=g\",\"contentUrl\":\"https:\/\/secure.gravatar.com\/avatar\/50865afb55632c4ae467e0af0930f6510aa2297d8014be502a55b14f3b7550cf?s=96&d=mm&r=g\",\"caption\":\"Tar\u0131k\"},\"sameAs\":[\"http:\/\/narteks.net\"],\"url\":\"https:\/\/narteks.net\/index.php\/author\/narbak\/\"}]}<\/script>\n<!-- \/ Yoast SEO Premium plugin. -->","yoast_head_json":{"title":"HACI BEKTA\u015e VEL\u0130 - narteks.net","robots":{"index":"index","follow":"follow","max-snippet":"max-snippet:-1","max-image-preview":"max-image-preview:large","max-video-preview":"max-video-preview:-1"},"canonical":"https:\/\/narteks.net\/index.php\/2009\/12\/05\/haci-bektas-veli\/","og_locale":"tr_TR","og_type":"article","og_title":"HACI BEKTA\u015e VEL\u0130","og_description":"\u00a0 Bir resimde ba\u011fda\u015f kurmu\u015f oturuyor Hac\u0131 Bekta\u015f Veli. Evi gibi yery\u00fcz\u00fc. Bir bulut d\u00fc\u015f\u00fcrm\u00fc\u015f ba\u015f\u0131n\u0131 duruyor. Onunla gidip gelen. Uzakta bellibelirsiz. Beyaz, uzun kavu\u011fu. Demek ki g\u00fcne\u015f var. Kuca\u011f\u0131na alm\u0131\u015f bir ceylan\u0131, bir aslan\u0131. Duruyorlar. \u00dc\u00e7 ki\u015filer. Hayvanlar\u0131 m\u0131 severdi Hac\u0131 Bekta\u015f Veli? Bilmiyoruz. Ama a\u00e7\u0131kt\u0131 hep evinin kap\u0131s\u0131. \u00c7izgili mintan\u0131. Yal\u0131n. D\u00fcz. Ta [&hellip;]","og_url":"https:\/\/narteks.net\/index.php\/2009\/12\/05\/haci-bektas-veli\/","og_site_name":"narteks.net","article_published_time":"2009-12-05T11:57:03+00:00","og_image":[{"width":300,"height":90,"url":"https:\/\/narteks.net\/wp-content\/uploads\/narteks.png","type":"image\/png"}],"author":"Tar\u0131k","twitter_card":"summary_large_image","twitter_creator":"@narteks","twitter_site":"@narteks","twitter_misc":{"Yazan:":"Tar\u0131k","Tahmini okuma s\u00fcresi":"1 dakika"},"schema":{"@context":"https:\/\/schema.org","@graph":[{"@type":"Article","@id":"https:\/\/narteks.net\/index.php\/2009\/12\/05\/haci-bektas-veli\/#article","isPartOf":{"@id":"https:\/\/narteks.net\/index.php\/2009\/12\/05\/haci-bektas-veli\/"},"author":{"name":"Tar\u0131k","@id":"https:\/\/narteks.net\/#\/schema\/person\/61f37d9834294b72d31d274e7ed79bca"},"headline":"HACI BEKTA\u015e VEL\u0130","datePublished":"2009-12-05T11:57:03+00:00","mainEntityOfPage":{"@id":"https:\/\/narteks.net\/index.php\/2009\/12\/05\/haci-bektas-veli\/"},"wordCount":112,"commentCount":0,"publisher":{"@id":"https:\/\/narteks.net\/#organization"},"articleSection":["\u0130lhan BERK"],"inLanguage":"tr","potentialAction":[{"@type":"CommentAction","name":"Comment","target":["https:\/\/narteks.net\/index.php\/2009\/12\/05\/haci-bektas-veli\/#respond"]}]},{"@type":"WebPage","@id":"https:\/\/narteks.net\/index.php\/2009\/12\/05\/haci-bektas-veli\/","url":"https:\/\/narteks.net\/index.php\/2009\/12\/05\/haci-bektas-veli\/","name":"HACI BEKTA\u015e VEL\u0130 - narteks.net","isPartOf":{"@id":"https:\/\/narteks.net\/#website"},"datePublished":"2009-12-05T11:57:03+00:00","breadcrumb":{"@id":"https:\/\/narteks.net\/index.php\/2009\/12\/05\/haci-bektas-veli\/#breadcrumb"},"inLanguage":"tr","potentialAction":[{"@type":"ReadAction","target":["https:\/\/narteks.net\/index.php\/2009\/12\/05\/haci-bektas-veli\/"]}]},{"@type":"BreadcrumbList","@id":"https:\/\/narteks.net\/index.php\/2009\/12\/05\/haci-bektas-veli\/#breadcrumb","itemListElement":[{"@type":"ListItem","position":1,"name":"Anasayfa","item":"https:\/\/narteks.net\/"},{"@type":"ListItem","position":2,"name":"HACI BEKTA\u015e VEL\u0130"}]},{"@type":"WebSite","@id":"https:\/\/narteks.net\/#website","url":"https:\/\/narteks.net\/","name":"narteks.net","description":"K\u00fclt\u00fcr Sanat Edebiyat Felsefe","publisher":{"@id":"https:\/\/narteks.net\/#organization"},"alternateName":"K\u00fclt\u00fcr Sanat Edebiyat Felsefe","potentialAction":[{"@type":"SearchAction","target":{"@type":"EntryPoint","urlTemplate":"https:\/\/narteks.net\/?s={search_term_string}"},"query-input":{"@type":"PropertyValueSpecification","valueRequired":true,"valueName":"search_term_string"}}],"inLanguage":"tr"},{"@type":"Organization","@id":"https:\/\/narteks.net\/#organization","name":"narteks.net","url":"https:\/\/narteks.net\/","logo":{"@type":"ImageObject","inLanguage":"tr","@id":"https:\/\/narteks.net\/#\/schema\/logo\/image\/","url":"https:\/\/narteks.net\/wp-content\/uploads\/narteks.png","contentUrl":"https:\/\/narteks.net\/wp-content\/uploads\/narteks.png","width":300,"height":90,"caption":"narteks.net"},"image":{"@id":"https:\/\/narteks.net\/#\/schema\/logo\/image\/"},"sameAs":["https:\/\/x.com\/narteks","https:\/\/instagram.com\/narteksnet"]},{"@type":"Person","@id":"https:\/\/narteks.net\/#\/schema\/person\/61f37d9834294b72d31d274e7ed79bca","name":"Tar\u0131k","image":{"@type":"ImageObject","inLanguage":"tr","@id":"https:\/\/narteks.net\/#\/schema\/person\/image\/","url":"https:\/\/secure.gravatar.com\/avatar\/50865afb55632c4ae467e0af0930f6510aa2297d8014be502a55b14f3b7550cf?s=96&d=mm&r=g","contentUrl":"https:\/\/secure.gravatar.com\/avatar\/50865afb55632c4ae467e0af0930f6510aa2297d8014be502a55b14f3b7550cf?s=96&d=mm&r=g","caption":"Tar\u0131k"},"sameAs":["http:\/\/narteks.net"],"url":"https:\/\/narteks.net\/index.php\/author\/narbak\/"}]}},"_links":{"self":[{"href":"https:\/\/narteks.net\/index.php\/wp-json\/wp\/v2\/posts\/2410","targetHints":{"allow":["GET"]}}],"collection":[{"href":"https:\/\/narteks.net\/index.php\/wp-json\/wp\/v2\/posts"}],"about":[{"href":"https:\/\/narteks.net\/index.php\/wp-json\/wp\/v2\/types\/post"}],"author":[{"embeddable":true,"href":"https:\/\/narteks.net\/index.php\/wp-json\/wp\/v2\/users\/1"}],"replies":[{"embeddable":true,"href":"https:\/\/narteks.net\/index.php\/wp-json\/wp\/v2\/comments?post=2410"}],"version-history":[{"count":0,"href":"https:\/\/narteks.net\/index.php\/wp-json\/wp\/v2\/posts\/2410\/revisions"}],"wp:attachment":[{"href":"https:\/\/narteks.net\/index.php\/wp-json\/wp\/v2\/media?parent=2410"}],"wp:term":[{"taxonomy":"category","embeddable":true,"href":"https:\/\/narteks.net\/index.php\/wp-json\/wp\/v2\/categories?post=2410"},{"taxonomy":"post_tag","embeddable":true,"href":"https:\/\/narteks.net\/index.php\/wp-json\/wp\/v2\/tags?post=2410"}],"curies":[{"name":"wp","href":"https:\/\/api.w.org\/{rel}","templated":true}]}}