{"id":2416,"date":"2009-12-05T15:00:50","date_gmt":"2009-12-05T12:00:50","guid":{"rendered":"http:\/\/localhost\/wordpress\/2009\/12\/05\/istanbul-dan\/"},"modified":"2009-12-05T15:00:50","modified_gmt":"2009-12-05T12:00:50","slug":"istanbul-dan","status":"publish","type":"post","link":"https:\/\/narteks.net\/index.php\/2009\/12\/05\/istanbul-dan\/","title":{"rendered":"\u0130STANBUL DAN"},"content":{"rendered":"<p>\u00a0<\/p>\n<p>\u0130\u015fte kur\u015fun kubbeler \u015fehri \u0130stanbul&#8217;das\u0131n <br \/> Havada ka\u00e7an bulutlar\u0131n h\u0131\u015f\u0131rt\u0131s\u0131 <br \/> Karak\u00f6y \u00e7ar\u015f\u0131s\u0131ndan ge\u00e7en tramvaylar\u0131n camlar\u0131na ya\u011fmur ya\u011f\u0131yor <br \/> Yenicami S\u00fcleymaniye arkalar\u0131n\u0131 kirli bir g\u00f6\u011fe vermi\u015fler <br \/> Hi\u00e7 k\u0131m\u0131ldam\u0131yorlar <br \/> Ayasofya elleriyle y\u00fcz\u00fcn\u00fc kapam\u0131\u015f b\u00fct\u00fcn i\u015ftah\u0131yla a\u011fl\u0131yor <\/p>\n<p> \u0130nsanlar sokak sokak \u00e7ar\u015f\u0131 \u00e7ar\u015f\u0131 ev ev <br \/> \u0130nsanlar s\u0131rt s\u0131rta omuz omuza verip durmu\u015flar <br \/> Boyunlar\u0131 b\u00fck\u00fck <br \/> Yorgun asabi kederli kindar <br \/> Y\u0131\u011f\u0131n y\u0131\u011f\u0131n olmu\u015flar hepsi k\u00f6pr\u00fcn\u00fcn a\u00e7\u0131lmas\u0131n\u0131 bekliyor <br \/> Bir anda \u015fehrin d\u00f6rt buca\u011f\u0131na akacaklar <br \/> Bir anda iki ayr\u0131 k\u0131tadaki insanlar gibi <br \/> Fatihliyle Be\u015fikta\u015fl\u0131 sarma\u015f dola\u015f olacak <\/p>\n<p> Sar\u0131 uzun y\u00fczl\u00fc cesur i\u015f\u00e7iler <br \/> D\u00f6rt k\u00f6\u015fe halinde veya da\u011f\u0131n\u0131k bir \u015fekilde durmu\u015flar <br \/> Hi\u00e7 konu\u015fmuyorlar <br \/> Benim onlar\u0131 birer birer \u00e7al\u0131\u015ft\u0131klar\u0131 yerlere g\u00f6t\u00fcr\u00fcp b\u0131rakt\u0131\u011f\u0131m <br \/> olmu\u015ftur <br \/> Hepsi dar kapan\u0131k yerlerde, s\u0131k\u0131nt\u0131l\u0131 i\u015flerde \u00e7al\u0131\u015f\u0131rlar <br \/> Hepsi deli gibi severler ya\u015famay\u0131 <br \/> Bu en \u00f6nde giden grup <br \/> Tophane&#8217;de Dikimevi&#8217;nde \u00e7al\u0131\u015f\u0131r <br \/> Sekiz k\u0131zd\u0131r ancak \u00fc\u00e7\u00fc evlenmi\u015ftir <br \/> Bu sa\u00e7lar\u0131 darmada\u011f\u0131n as\u0131k suratl\u0131 delikanl\u0131lar <br \/> K\u00f6m\u00fcr i\u015f\u00e7isidir <br \/> Bu \u00fc\u00e7 k\u0131z, Beyo\u011flu&#8217;nda b\u00fcy\u00fck bir ma\u011fazada tezg\u00e2htar <br \/> Bunlar yol amelesidir <br \/> Bunlar vapur i\u015f\u00e7isi <br \/> \u00d6b\u00fcrleri duvarc\u0131 hamal \u0131rgat kay\u0131k\u00e7\u0131 <br \/> Hepsi bu g\u00f6k alt\u0131nda sarma\u015f dola\u015f olmu\u015f y\u00fcr\u00fcyorlar <\/p>\n<p> D\u00fcnyada i\u015flerine giden insanlar\u0131 g\u00f6rmek kadar g\u00fczel bir \u015fey yoktur <br \/> (Biliyorum art\u0131k ak\u015fama kadar onlar\u0131 hi\u00e7 g\u00f6rmeyece\u011fim) <\/p>\n<p> Durdu\u011fun yerden \u0130stanbul k\u00f6pr\u00fcs\u00fc tramvaylar\u0131 mavnalar\u0131yla <br \/> sanki y\u00fcr\u00fcyor <br \/> Bu sislerin ve bulutlar\u0131n aras\u0131ndan en sonra harekete ge\u00e7en K\u0131z <br \/> Kulesi&#8217;dir <br \/> Kay\u0131klar\u0131n direkleri insanlar\u0131n \u00fczerinde <br \/> B\u00fcy\u00fck bir bulut gelip durmu\u015ftur <br \/> \u0130\u015fte kar\u0131n kar\u0131na vermi\u015f motorlardaki bal\u0131klar\u0131n \u00fcstlerine ya\u011fmur <br \/> ya\u011f\u0131yor <br \/> Bir defa olsun ak\u0131llar\u0131na gelmemi\u015ftir <br \/> G\u00f6zleri p\u0131r\u0131l p\u0131r\u0131l bal\u0131klar\u0131n <br \/> Bir \u0130stanbul g\u00f6\u011f\u00fc alt\u0131nda a\u011flamak <\/p>\n<p> Hepsi denizde ge\u00e7en hayatlar\u0131n\u0131 d\u00fc\u015f\u00fcn\u00fcyorlar <br \/> Dokunsan\u0131z a\u011flayacaklard\u0131r <\/p>\n<p> \u0130stanbul a\u00e7lar\u0131 toklar\u0131 hastalar\u0131yla ayn\u0131 k\u0131ta \u00fczerinde bulunuyor<\/p>\n","protected":false},"excerpt":{"rendered":"<p>\u00a0 \u0130\u015fte kur\u015fun kubbeler \u015fehri \u0130stanbul&#8217;das\u0131n Havada ka\u00e7an bulutlar\u0131n h\u0131\u015f\u0131rt\u0131s\u0131 Karak\u00f6y \u00e7ar\u015f\u0131s\u0131ndan ge\u00e7en tramvaylar\u0131n camlar\u0131na ya\u011fmur ya\u011f\u0131yor Yenicami S\u00fcleymaniye arkalar\u0131n\u0131 kirli bir g\u00f6\u011fe vermi\u015fler Hi\u00e7 k\u0131m\u0131ldam\u0131yorlar Ayasofya elleriyle y\u00fcz\u00fcn\u00fc kapam\u0131\u015f b\u00fct\u00fcn i\u015ftah\u0131yla a\u011fl\u0131yor \u0130nsanlar sokak sokak \u00e7ar\u015f\u0131 \u00e7ar\u015f\u0131 ev ev \u0130nsanlar s\u0131rt s\u0131rta omuz omuza verip durmu\u015flar Boyunlar\u0131 b\u00fck\u00fck Yorgun asabi kederli kindar Y\u0131\u011f\u0131n y\u0131\u011f\u0131n [&hellip;]<\/p>\n","protected":false},"author":1,"featured_media":0,"comment_status":"open","ping_status":"open","sticky":false,"template":"","format":"standard","meta":{"footnotes":""},"categories":[89],"tags":[],"class_list":{"0":"post-2416","1":"post","2":"type-post","3":"status-publish","4":"format-standard","6":"category-ilhan-berk"},"yoast_head":"<!-- This site is optimized with the Yoast SEO Premium plugin v24.9 (Yoast SEO v24.9) - https:\/\/yoast.com\/wordpress\/plugins\/seo\/ -->\n<title>\u0130STANBUL DAN - narteks.net<\/title>\n<meta name=\"robots\" content=\"index, follow, max-snippet:-1, max-image-preview:large, max-video-preview:-1\" \/>\n<link rel=\"canonical\" href=\"https:\/\/narteks.net\/index.php\/2009\/12\/05\/istanbul-dan\/\" \/>\n<meta property=\"og:locale\" content=\"tr_TR\" \/>\n<meta property=\"og:type\" content=\"article\" \/>\n<meta property=\"og:title\" content=\"\u0130STANBUL DAN\" \/>\n<meta property=\"og:description\" content=\"\u00a0 \u0130\u015fte kur\u015fun kubbeler \u015fehri \u0130stanbul&#8217;das\u0131n Havada ka\u00e7an bulutlar\u0131n h\u0131\u015f\u0131rt\u0131s\u0131 Karak\u00f6y \u00e7ar\u015f\u0131s\u0131ndan ge\u00e7en tramvaylar\u0131n camlar\u0131na ya\u011fmur ya\u011f\u0131yor Yenicami S\u00fcleymaniye arkalar\u0131n\u0131 kirli bir g\u00f6\u011fe vermi\u015fler Hi\u00e7 k\u0131m\u0131ldam\u0131yorlar Ayasofya elleriyle y\u00fcz\u00fcn\u00fc kapam\u0131\u015f b\u00fct\u00fcn i\u015ftah\u0131yla a\u011fl\u0131yor \u0130nsanlar sokak sokak \u00e7ar\u015f\u0131 \u00e7ar\u015f\u0131 ev ev \u0130nsanlar s\u0131rt s\u0131rta omuz omuza verip durmu\u015flar Boyunlar\u0131 b\u00fck\u00fck Yorgun asabi kederli kindar Y\u0131\u011f\u0131n y\u0131\u011f\u0131n [&hellip;]\" \/>\n<meta property=\"og:url\" content=\"https:\/\/narteks.net\/index.php\/2009\/12\/05\/istanbul-dan\/\" \/>\n<meta property=\"og:site_name\" content=\"narteks.net\" \/>\n<meta property=\"article:published_time\" content=\"2009-12-05T12:00:50+00:00\" \/>\n<meta property=\"og:image\" content=\"https:\/\/narteks.net\/wp-content\/uploads\/narteks.png\" \/>\n\t<meta property=\"og:image:width\" content=\"300\" \/>\n\t<meta property=\"og:image:height\" content=\"90\" \/>\n\t<meta property=\"og:image:type\" content=\"image\/png\" \/>\n<meta name=\"author\" content=\"Tar\u0131k\" \/>\n<meta name=\"twitter:card\" content=\"summary_large_image\" \/>\n<meta name=\"twitter:creator\" content=\"@narteks\" \/>\n<meta name=\"twitter:site\" content=\"@narteks\" \/>\n<meta name=\"twitter:label1\" content=\"Yazan:\" \/>\n\t<meta name=\"twitter:data1\" content=\"Tar\u0131k\" \/>\n\t<meta name=\"twitter:label2\" content=\"Tahmini okuma s\u00fcresi\" \/>\n\t<meta name=\"twitter:data2\" content=\"2 dakika\" \/>\n<script type=\"application\/ld+json\" class=\"yoast-schema-graph\">{\"@context\":\"https:\/\/schema.org\",\"@graph\":[{\"@type\":\"Article\",\"@id\":\"https:\/\/narteks.net\/index.php\/2009\/12\/05\/istanbul-dan\/#article\",\"isPartOf\":{\"@id\":\"https:\/\/narteks.net\/index.php\/2009\/12\/05\/istanbul-dan\/\"},\"author\":{\"name\":\"Tar\u0131k\",\"@id\":\"https:\/\/narteks.net\/#\/schema\/person\/61f37d9834294b72d31d274e7ed79bca\"},\"headline\":\"\u0130STANBUL DAN\",\"datePublished\":\"2009-12-05T12:00:50+00:00\",\"mainEntityOfPage\":{\"@id\":\"https:\/\/narteks.net\/index.php\/2009\/12\/05\/istanbul-dan\/\"},\"wordCount\":390,\"commentCount\":0,\"publisher\":{\"@id\":\"https:\/\/narteks.net\/#organization\"},\"articleSection\":[\"\u0130lhan BERK\"],\"inLanguage\":\"tr\",\"potentialAction\":[{\"@type\":\"CommentAction\",\"name\":\"Comment\",\"target\":[\"https:\/\/narteks.net\/index.php\/2009\/12\/05\/istanbul-dan\/#respond\"]}]},{\"@type\":\"WebPage\",\"@id\":\"https:\/\/narteks.net\/index.php\/2009\/12\/05\/istanbul-dan\/\",\"url\":\"https:\/\/narteks.net\/index.php\/2009\/12\/05\/istanbul-dan\/\",\"name\":\"\u0130STANBUL DAN - narteks.net\",\"isPartOf\":{\"@id\":\"https:\/\/narteks.net\/#website\"},\"datePublished\":\"2009-12-05T12:00:50+00:00\",\"breadcrumb\":{\"@id\":\"https:\/\/narteks.net\/index.php\/2009\/12\/05\/istanbul-dan\/#breadcrumb\"},\"inLanguage\":\"tr\",\"potentialAction\":[{\"@type\":\"ReadAction\",\"target\":[\"https:\/\/narteks.net\/index.php\/2009\/12\/05\/istanbul-dan\/\"]}]},{\"@type\":\"BreadcrumbList\",\"@id\":\"https:\/\/narteks.net\/index.php\/2009\/12\/05\/istanbul-dan\/#breadcrumb\",\"itemListElement\":[{\"@type\":\"ListItem\",\"position\":1,\"name\":\"Anasayfa\",\"item\":\"https:\/\/narteks.net\/\"},{\"@type\":\"ListItem\",\"position\":2,\"name\":\"\u0130STANBUL DAN\"}]},{\"@type\":\"WebSite\",\"@id\":\"https:\/\/narteks.net\/#website\",\"url\":\"https:\/\/narteks.net\/\",\"name\":\"narteks.net\",\"description\":\"K\u00fclt\u00fcr Sanat Edebiyat Felsefe\",\"publisher\":{\"@id\":\"https:\/\/narteks.net\/#organization\"},\"alternateName\":\"K\u00fclt\u00fcr Sanat Edebiyat Felsefe\",\"potentialAction\":[{\"@type\":\"SearchAction\",\"target\":{\"@type\":\"EntryPoint\",\"urlTemplate\":\"https:\/\/narteks.net\/?s={search_term_string}\"},\"query-input\":{\"@type\":\"PropertyValueSpecification\",\"valueRequired\":true,\"valueName\":\"search_term_string\"}}],\"inLanguage\":\"tr\"},{\"@type\":\"Organization\",\"@id\":\"https:\/\/narteks.net\/#organization\",\"name\":\"narteks.net\",\"url\":\"https:\/\/narteks.net\/\",\"logo\":{\"@type\":\"ImageObject\",\"inLanguage\":\"tr\",\"@id\":\"https:\/\/narteks.net\/#\/schema\/logo\/image\/\",\"url\":\"https:\/\/narteks.net\/wp-content\/uploads\/narteks.png\",\"contentUrl\":\"https:\/\/narteks.net\/wp-content\/uploads\/narteks.png\",\"width\":300,\"height\":90,\"caption\":\"narteks.net\"},\"image\":{\"@id\":\"https:\/\/narteks.net\/#\/schema\/logo\/image\/\"},\"sameAs\":[\"https:\/\/x.com\/narteks\",\"https:\/\/instagram.com\/narteksnet\"]},{\"@type\":\"Person\",\"@id\":\"https:\/\/narteks.net\/#\/schema\/person\/61f37d9834294b72d31d274e7ed79bca\",\"name\":\"Tar\u0131k\",\"image\":{\"@type\":\"ImageObject\",\"inLanguage\":\"tr\",\"@id\":\"https:\/\/narteks.net\/#\/schema\/person\/image\/\",\"url\":\"https:\/\/secure.gravatar.com\/avatar\/50865afb55632c4ae467e0af0930f6510aa2297d8014be502a55b14f3b7550cf?s=96&d=mm&r=g\",\"contentUrl\":\"https:\/\/secure.gravatar.com\/avatar\/50865afb55632c4ae467e0af0930f6510aa2297d8014be502a55b14f3b7550cf?s=96&d=mm&r=g\",\"caption\":\"Tar\u0131k\"},\"sameAs\":[\"http:\/\/narteks.net\"],\"url\":\"https:\/\/narteks.net\/index.php\/author\/narbak\/\"}]}<\/script>\n<!-- \/ Yoast SEO Premium plugin. -->","yoast_head_json":{"title":"\u0130STANBUL DAN - narteks.net","robots":{"index":"index","follow":"follow","max-snippet":"max-snippet:-1","max-image-preview":"max-image-preview:large","max-video-preview":"max-video-preview:-1"},"canonical":"https:\/\/narteks.net\/index.php\/2009\/12\/05\/istanbul-dan\/","og_locale":"tr_TR","og_type":"article","og_title":"\u0130STANBUL DAN","og_description":"\u00a0 \u0130\u015fte kur\u015fun kubbeler \u015fehri \u0130stanbul&#8217;das\u0131n Havada ka\u00e7an bulutlar\u0131n h\u0131\u015f\u0131rt\u0131s\u0131 Karak\u00f6y \u00e7ar\u015f\u0131s\u0131ndan ge\u00e7en tramvaylar\u0131n camlar\u0131na ya\u011fmur ya\u011f\u0131yor Yenicami S\u00fcleymaniye arkalar\u0131n\u0131 kirli bir g\u00f6\u011fe vermi\u015fler Hi\u00e7 k\u0131m\u0131ldam\u0131yorlar Ayasofya elleriyle y\u00fcz\u00fcn\u00fc kapam\u0131\u015f b\u00fct\u00fcn i\u015ftah\u0131yla a\u011fl\u0131yor \u0130nsanlar sokak sokak \u00e7ar\u015f\u0131 \u00e7ar\u015f\u0131 ev ev \u0130nsanlar s\u0131rt s\u0131rta omuz omuza verip durmu\u015flar Boyunlar\u0131 b\u00fck\u00fck Yorgun asabi kederli kindar Y\u0131\u011f\u0131n y\u0131\u011f\u0131n [&hellip;]","og_url":"https:\/\/narteks.net\/index.php\/2009\/12\/05\/istanbul-dan\/","og_site_name":"narteks.net","article_published_time":"2009-12-05T12:00:50+00:00","og_image":[{"width":300,"height":90,"url":"https:\/\/narteks.net\/wp-content\/uploads\/narteks.png","type":"image\/png"}],"author":"Tar\u0131k","twitter_card":"summary_large_image","twitter_creator":"@narteks","twitter_site":"@narteks","twitter_misc":{"Yazan:":"Tar\u0131k","Tahmini okuma s\u00fcresi":"2 dakika"},"schema":{"@context":"https:\/\/schema.org","@graph":[{"@type":"Article","@id":"https:\/\/narteks.net\/index.php\/2009\/12\/05\/istanbul-dan\/#article","isPartOf":{"@id":"https:\/\/narteks.net\/index.php\/2009\/12\/05\/istanbul-dan\/"},"author":{"name":"Tar\u0131k","@id":"https:\/\/narteks.net\/#\/schema\/person\/61f37d9834294b72d31d274e7ed79bca"},"headline":"\u0130STANBUL DAN","datePublished":"2009-12-05T12:00:50+00:00","mainEntityOfPage":{"@id":"https:\/\/narteks.net\/index.php\/2009\/12\/05\/istanbul-dan\/"},"wordCount":390,"commentCount":0,"publisher":{"@id":"https:\/\/narteks.net\/#organization"},"articleSection":["\u0130lhan BERK"],"inLanguage":"tr","potentialAction":[{"@type":"CommentAction","name":"Comment","target":["https:\/\/narteks.net\/index.php\/2009\/12\/05\/istanbul-dan\/#respond"]}]},{"@type":"WebPage","@id":"https:\/\/narteks.net\/index.php\/2009\/12\/05\/istanbul-dan\/","url":"https:\/\/narteks.net\/index.php\/2009\/12\/05\/istanbul-dan\/","name":"\u0130STANBUL DAN - narteks.net","isPartOf":{"@id":"https:\/\/narteks.net\/#website"},"datePublished":"2009-12-05T12:00:50+00:00","breadcrumb":{"@id":"https:\/\/narteks.net\/index.php\/2009\/12\/05\/istanbul-dan\/#breadcrumb"},"inLanguage":"tr","potentialAction":[{"@type":"ReadAction","target":["https:\/\/narteks.net\/index.php\/2009\/12\/05\/istanbul-dan\/"]}]},{"@type":"BreadcrumbList","@id":"https:\/\/narteks.net\/index.php\/2009\/12\/05\/istanbul-dan\/#breadcrumb","itemListElement":[{"@type":"ListItem","position":1,"name":"Anasayfa","item":"https:\/\/narteks.net\/"},{"@type":"ListItem","position":2,"name":"\u0130STANBUL DAN"}]},{"@type":"WebSite","@id":"https:\/\/narteks.net\/#website","url":"https:\/\/narteks.net\/","name":"narteks.net","description":"K\u00fclt\u00fcr Sanat Edebiyat Felsefe","publisher":{"@id":"https:\/\/narteks.net\/#organization"},"alternateName":"K\u00fclt\u00fcr Sanat Edebiyat Felsefe","potentialAction":[{"@type":"SearchAction","target":{"@type":"EntryPoint","urlTemplate":"https:\/\/narteks.net\/?s={search_term_string}"},"query-input":{"@type":"PropertyValueSpecification","valueRequired":true,"valueName":"search_term_string"}}],"inLanguage":"tr"},{"@type":"Organization","@id":"https:\/\/narteks.net\/#organization","name":"narteks.net","url":"https:\/\/narteks.net\/","logo":{"@type":"ImageObject","inLanguage":"tr","@id":"https:\/\/narteks.net\/#\/schema\/logo\/image\/","url":"https:\/\/narteks.net\/wp-content\/uploads\/narteks.png","contentUrl":"https:\/\/narteks.net\/wp-content\/uploads\/narteks.png","width":300,"height":90,"caption":"narteks.net"},"image":{"@id":"https:\/\/narteks.net\/#\/schema\/logo\/image\/"},"sameAs":["https:\/\/x.com\/narteks","https:\/\/instagram.com\/narteksnet"]},{"@type":"Person","@id":"https:\/\/narteks.net\/#\/schema\/person\/61f37d9834294b72d31d274e7ed79bca","name":"Tar\u0131k","image":{"@type":"ImageObject","inLanguage":"tr","@id":"https:\/\/narteks.net\/#\/schema\/person\/image\/","url":"https:\/\/secure.gravatar.com\/avatar\/50865afb55632c4ae467e0af0930f6510aa2297d8014be502a55b14f3b7550cf?s=96&d=mm&r=g","contentUrl":"https:\/\/secure.gravatar.com\/avatar\/50865afb55632c4ae467e0af0930f6510aa2297d8014be502a55b14f3b7550cf?s=96&d=mm&r=g","caption":"Tar\u0131k"},"sameAs":["http:\/\/narteks.net"],"url":"https:\/\/narteks.net\/index.php\/author\/narbak\/"}]}},"_links":{"self":[{"href":"https:\/\/narteks.net\/index.php\/wp-json\/wp\/v2\/posts\/2416","targetHints":{"allow":["GET"]}}],"collection":[{"href":"https:\/\/narteks.net\/index.php\/wp-json\/wp\/v2\/posts"}],"about":[{"href":"https:\/\/narteks.net\/index.php\/wp-json\/wp\/v2\/types\/post"}],"author":[{"embeddable":true,"href":"https:\/\/narteks.net\/index.php\/wp-json\/wp\/v2\/users\/1"}],"replies":[{"embeddable":true,"href":"https:\/\/narteks.net\/index.php\/wp-json\/wp\/v2\/comments?post=2416"}],"version-history":[{"count":0,"href":"https:\/\/narteks.net\/index.php\/wp-json\/wp\/v2\/posts\/2416\/revisions"}],"wp:attachment":[{"href":"https:\/\/narteks.net\/index.php\/wp-json\/wp\/v2\/media?parent=2416"}],"wp:term":[{"taxonomy":"category","embeddable":true,"href":"https:\/\/narteks.net\/index.php\/wp-json\/wp\/v2\/categories?post=2416"},{"taxonomy":"post_tag","embeddable":true,"href":"https:\/\/narteks.net\/index.php\/wp-json\/wp\/v2\/tags?post=2416"}],"curies":[{"name":"wp","href":"https:\/\/api.w.org\/{rel}","templated":true}]}}