{"id":2433,"date":"2009-12-05T15:15:17","date_gmt":"2009-12-05T12:15:17","guid":{"rendered":"http:\/\/localhost\/wordpress\/2009\/12\/05\/uc-kez-seni-seviyorum-diye-uyandim\/"},"modified":"2009-12-05T15:15:17","modified_gmt":"2009-12-05T12:15:17","slug":"uc-kez-seni-seviyorum-diye-uyandim","status":"publish","type":"post","link":"https:\/\/narteks.net\/index.php\/2009\/12\/05\/uc-kez-seni-seviyorum-diye-uyandim\/","title":{"rendered":"\u00dc\u00c7 KEZ SEN\u0130 SEV\u0130YORUM D\u0130YE UYANDIM"},"content":{"rendered":"<p>\u00a0<\/p>\n<p>\u00dc\u00e7 kez seni seviyorum diye uyand\u0131m <br \/> Tuttum sonra \u00e7i\u00e7eklerin suyunu de\u011fi\u015ftirdim <br \/> Bir bulut alm\u0131\u015f ba\u015f\u0131n\u0131 gidiyordu g\u00f6r\u00fcyordum <\/p>\n<p> Sabah\u0131n bir yerinden d\u00fc\u015fm\u00fc\u015f gibiydi y\u00fcz\u00fcn <\/p>\n<p> Soka\u011f\u0131 balkonlar\u0131 yar\u0131m kalm\u0131\u015f bir \u015fiiri teptim <br \/> S\u0131k\u0131ld\u0131m yemekler yapt\u0131m kendime otlar kuruttum <br \/> Taflan\u0131m! diyordu bir ses duyuyordum <\/p>\n<p> Cumhuriyetin ilk g\u00fcnleri gibiydi y\u00fcz\u00fcn <\/p>\n<p> Kalkt\u0131m sonra bir a\u015fa\u011f\u0131 bir yukar\u0131 dola\u015ft\u0131m <br \/> \u015eiirler okudum \u015fiirlerdeki ya\u015fa geldim <br \/> Karanfil sak\u0131z kokan solu\u011funu \u00fcst\u00fcmde duydum <\/p>\n<p> Eskitiyorum eskitiyorum kal\u0131yor ne kadar g\u00fczel oldu\u011fun<\/p>\n","protected":false},"excerpt":{"rendered":"<p>\u00a0 \u00dc\u00e7 kez seni seviyorum diye uyand\u0131m Tuttum sonra \u00e7i\u00e7eklerin suyunu de\u011fi\u015ftirdim Bir bulut alm\u0131\u015f ba\u015f\u0131n\u0131 gidiyordu g\u00f6r\u00fcyordum Sabah\u0131n bir yerinden d\u00fc\u015fm\u00fc\u015f gibiydi y\u00fcz\u00fcn Soka\u011f\u0131 balkonlar\u0131 yar\u0131m kalm\u0131\u015f bir \u015fiiri teptim S\u0131k\u0131ld\u0131m yemekler yapt\u0131m kendime otlar kuruttum Taflan\u0131m! diyordu bir ses duyuyordum Cumhuriyetin ilk g\u00fcnleri gibiydi y\u00fcz\u00fcn Kalkt\u0131m sonra bir a\u015fa\u011f\u0131 bir yukar\u0131 dola\u015ft\u0131m \u015eiirler [&hellip;]<\/p>\n","protected":false},"author":1,"featured_media":0,"comment_status":"open","ping_status":"open","sticky":false,"template":"","format":"standard","meta":{"footnotes":""},"categories":[89],"tags":[],"class_list":{"0":"post-2433","1":"post","2":"type-post","3":"status-publish","4":"format-standard","6":"category-ilhan-berk"},"yoast_head":"<!-- This site is optimized with the Yoast SEO Premium plugin v24.9 (Yoast SEO v24.9) - https:\/\/yoast.com\/wordpress\/plugins\/seo\/ -->\n<title>\u00dc\u00c7 KEZ SEN\u0130 SEV\u0130YORUM D\u0130YE UYANDIM - narteks.net<\/title>\n<meta name=\"robots\" content=\"index, follow, max-snippet:-1, max-image-preview:large, max-video-preview:-1\" \/>\n<link rel=\"canonical\" href=\"https:\/\/narteks.net\/index.php\/2009\/12\/05\/uc-kez-seni-seviyorum-diye-uyandim\/\" \/>\n<meta property=\"og:locale\" content=\"tr_TR\" \/>\n<meta property=\"og:type\" content=\"article\" \/>\n<meta property=\"og:title\" content=\"\u00dc\u00c7 KEZ SEN\u0130 SEV\u0130YORUM D\u0130YE UYANDIM\" \/>\n<meta property=\"og:description\" content=\"\u00a0 \u00dc\u00e7 kez seni seviyorum diye uyand\u0131m Tuttum sonra \u00e7i\u00e7eklerin suyunu de\u011fi\u015ftirdim Bir bulut alm\u0131\u015f ba\u015f\u0131n\u0131 gidiyordu g\u00f6r\u00fcyordum Sabah\u0131n bir yerinden d\u00fc\u015fm\u00fc\u015f gibiydi y\u00fcz\u00fcn Soka\u011f\u0131 balkonlar\u0131 yar\u0131m kalm\u0131\u015f bir \u015fiiri teptim S\u0131k\u0131ld\u0131m yemekler yapt\u0131m kendime otlar kuruttum Taflan\u0131m! diyordu bir ses duyuyordum Cumhuriyetin ilk g\u00fcnleri gibiydi y\u00fcz\u00fcn Kalkt\u0131m sonra bir a\u015fa\u011f\u0131 bir yukar\u0131 dola\u015ft\u0131m \u015eiirler [&hellip;]\" \/>\n<meta property=\"og:url\" content=\"https:\/\/narteks.net\/index.php\/2009\/12\/05\/uc-kez-seni-seviyorum-diye-uyandim\/\" \/>\n<meta property=\"og:site_name\" content=\"narteks.net\" \/>\n<meta property=\"article:published_time\" content=\"2009-12-05T12:15:17+00:00\" \/>\n<meta property=\"og:image\" content=\"https:\/\/narteks.net\/wp-content\/uploads\/narteks.png\" \/>\n\t<meta property=\"og:image:width\" content=\"300\" \/>\n\t<meta property=\"og:image:height\" content=\"90\" \/>\n\t<meta property=\"og:image:type\" content=\"image\/png\" \/>\n<meta name=\"author\" content=\"Tar\u0131k\" \/>\n<meta name=\"twitter:card\" content=\"summary_large_image\" \/>\n<meta name=\"twitter:creator\" content=\"@narteks\" \/>\n<meta name=\"twitter:site\" content=\"@narteks\" \/>\n<meta name=\"twitter:label1\" content=\"Yazan:\" \/>\n\t<meta name=\"twitter:data1\" content=\"Tar\u0131k\" \/>\n\t<meta name=\"twitter:label2\" content=\"Tahmini okuma s\u00fcresi\" \/>\n\t<meta name=\"twitter:data2\" content=\"1 dakika\" \/>\n<script type=\"application\/ld+json\" class=\"yoast-schema-graph\">{\"@context\":\"https:\/\/schema.org\",\"@graph\":[{\"@type\":\"Article\",\"@id\":\"https:\/\/narteks.net\/index.php\/2009\/12\/05\/uc-kez-seni-seviyorum-diye-uyandim\/#article\",\"isPartOf\":{\"@id\":\"https:\/\/narteks.net\/index.php\/2009\/12\/05\/uc-kez-seni-seviyorum-diye-uyandim\/\"},\"author\":{\"name\":\"Tar\u0131k\",\"@id\":\"https:\/\/narteks.net\/#\/schema\/person\/61f37d9834294b72d31d274e7ed79bca\"},\"headline\":\"\u00dc\u00c7 KEZ SEN\u0130 SEV\u0130YORUM D\u0130YE UYANDIM\",\"datePublished\":\"2009-12-05T12:15:17+00:00\",\"mainEntityOfPage\":{\"@id\":\"https:\/\/narteks.net\/index.php\/2009\/12\/05\/uc-kez-seni-seviyorum-diye-uyandim\/\"},\"wordCount\":108,\"commentCount\":0,\"publisher\":{\"@id\":\"https:\/\/narteks.net\/#organization\"},\"articleSection\":[\"\u0130lhan BERK\"],\"inLanguage\":\"tr\",\"potentialAction\":[{\"@type\":\"CommentAction\",\"name\":\"Comment\",\"target\":[\"https:\/\/narteks.net\/index.php\/2009\/12\/05\/uc-kez-seni-seviyorum-diye-uyandim\/#respond\"]}]},{\"@type\":\"WebPage\",\"@id\":\"https:\/\/narteks.net\/index.php\/2009\/12\/05\/uc-kez-seni-seviyorum-diye-uyandim\/\",\"url\":\"https:\/\/narteks.net\/index.php\/2009\/12\/05\/uc-kez-seni-seviyorum-diye-uyandim\/\",\"name\":\"\u00dc\u00c7 KEZ SEN\u0130 SEV\u0130YORUM D\u0130YE UYANDIM - narteks.net\",\"isPartOf\":{\"@id\":\"https:\/\/narteks.net\/#website\"},\"datePublished\":\"2009-12-05T12:15:17+00:00\",\"breadcrumb\":{\"@id\":\"https:\/\/narteks.net\/index.php\/2009\/12\/05\/uc-kez-seni-seviyorum-diye-uyandim\/#breadcrumb\"},\"inLanguage\":\"tr\",\"potentialAction\":[{\"@type\":\"ReadAction\",\"target\":[\"https:\/\/narteks.net\/index.php\/2009\/12\/05\/uc-kez-seni-seviyorum-diye-uyandim\/\"]}]},{\"@type\":\"BreadcrumbList\",\"@id\":\"https:\/\/narteks.net\/index.php\/2009\/12\/05\/uc-kez-seni-seviyorum-diye-uyandim\/#breadcrumb\",\"itemListElement\":[{\"@type\":\"ListItem\",\"position\":1,\"name\":\"Anasayfa\",\"item\":\"https:\/\/narteks.net\/\"},{\"@type\":\"ListItem\",\"position\":2,\"name\":\"\u00dc\u00c7 KEZ SEN\u0130 SEV\u0130YORUM D\u0130YE UYANDIM\"}]},{\"@type\":\"WebSite\",\"@id\":\"https:\/\/narteks.net\/#website\",\"url\":\"https:\/\/narteks.net\/\",\"name\":\"narteks.net\",\"description\":\"K\u00fclt\u00fcr Sanat Edebiyat Felsefe\",\"publisher\":{\"@id\":\"https:\/\/narteks.net\/#organization\"},\"alternateName\":\"K\u00fclt\u00fcr Sanat Edebiyat Felsefe\",\"potentialAction\":[{\"@type\":\"SearchAction\",\"target\":{\"@type\":\"EntryPoint\",\"urlTemplate\":\"https:\/\/narteks.net\/?s={search_term_string}\"},\"query-input\":{\"@type\":\"PropertyValueSpecification\",\"valueRequired\":true,\"valueName\":\"search_term_string\"}}],\"inLanguage\":\"tr\"},{\"@type\":\"Organization\",\"@id\":\"https:\/\/narteks.net\/#organization\",\"name\":\"narteks.net\",\"url\":\"https:\/\/narteks.net\/\",\"logo\":{\"@type\":\"ImageObject\",\"inLanguage\":\"tr\",\"@id\":\"https:\/\/narteks.net\/#\/schema\/logo\/image\/\",\"url\":\"https:\/\/narteks.net\/wp-content\/uploads\/narteks.png\",\"contentUrl\":\"https:\/\/narteks.net\/wp-content\/uploads\/narteks.png\",\"width\":300,\"height\":90,\"caption\":\"narteks.net\"},\"image\":{\"@id\":\"https:\/\/narteks.net\/#\/schema\/logo\/image\/\"},\"sameAs\":[\"https:\/\/x.com\/narteks\",\"https:\/\/instagram.com\/narteksnet\"]},{\"@type\":\"Person\",\"@id\":\"https:\/\/narteks.net\/#\/schema\/person\/61f37d9834294b72d31d274e7ed79bca\",\"name\":\"Tar\u0131k\",\"image\":{\"@type\":\"ImageObject\",\"inLanguage\":\"tr\",\"@id\":\"https:\/\/narteks.net\/#\/schema\/person\/image\/\",\"url\":\"https:\/\/secure.gravatar.com\/avatar\/50865afb55632c4ae467e0af0930f6510aa2297d8014be502a55b14f3b7550cf?s=96&d=mm&r=g\",\"contentUrl\":\"https:\/\/secure.gravatar.com\/avatar\/50865afb55632c4ae467e0af0930f6510aa2297d8014be502a55b14f3b7550cf?s=96&d=mm&r=g\",\"caption\":\"Tar\u0131k\"},\"sameAs\":[\"http:\/\/narteks.net\"],\"url\":\"https:\/\/narteks.net\/index.php\/author\/narbak\/\"}]}<\/script>\n<!-- \/ Yoast SEO Premium plugin. -->","yoast_head_json":{"title":"\u00dc\u00c7 KEZ SEN\u0130 SEV\u0130YORUM D\u0130YE UYANDIM - narteks.net","robots":{"index":"index","follow":"follow","max-snippet":"max-snippet:-1","max-image-preview":"max-image-preview:large","max-video-preview":"max-video-preview:-1"},"canonical":"https:\/\/narteks.net\/index.php\/2009\/12\/05\/uc-kez-seni-seviyorum-diye-uyandim\/","og_locale":"tr_TR","og_type":"article","og_title":"\u00dc\u00c7 KEZ SEN\u0130 SEV\u0130YORUM D\u0130YE UYANDIM","og_description":"\u00a0 \u00dc\u00e7 kez seni seviyorum diye uyand\u0131m Tuttum sonra \u00e7i\u00e7eklerin suyunu de\u011fi\u015ftirdim Bir bulut alm\u0131\u015f ba\u015f\u0131n\u0131 gidiyordu g\u00f6r\u00fcyordum Sabah\u0131n bir yerinden d\u00fc\u015fm\u00fc\u015f gibiydi y\u00fcz\u00fcn Soka\u011f\u0131 balkonlar\u0131 yar\u0131m kalm\u0131\u015f bir \u015fiiri teptim S\u0131k\u0131ld\u0131m yemekler yapt\u0131m kendime otlar kuruttum Taflan\u0131m! diyordu bir ses duyuyordum Cumhuriyetin ilk g\u00fcnleri gibiydi y\u00fcz\u00fcn Kalkt\u0131m sonra bir a\u015fa\u011f\u0131 bir yukar\u0131 dola\u015ft\u0131m \u015eiirler [&hellip;]","og_url":"https:\/\/narteks.net\/index.php\/2009\/12\/05\/uc-kez-seni-seviyorum-diye-uyandim\/","og_site_name":"narteks.net","article_published_time":"2009-12-05T12:15:17+00:00","og_image":[{"width":300,"height":90,"url":"https:\/\/narteks.net\/wp-content\/uploads\/narteks.png","type":"image\/png"}],"author":"Tar\u0131k","twitter_card":"summary_large_image","twitter_creator":"@narteks","twitter_site":"@narteks","twitter_misc":{"Yazan:":"Tar\u0131k","Tahmini okuma s\u00fcresi":"1 dakika"},"schema":{"@context":"https:\/\/schema.org","@graph":[{"@type":"Article","@id":"https:\/\/narteks.net\/index.php\/2009\/12\/05\/uc-kez-seni-seviyorum-diye-uyandim\/#article","isPartOf":{"@id":"https:\/\/narteks.net\/index.php\/2009\/12\/05\/uc-kez-seni-seviyorum-diye-uyandim\/"},"author":{"name":"Tar\u0131k","@id":"https:\/\/narteks.net\/#\/schema\/person\/61f37d9834294b72d31d274e7ed79bca"},"headline":"\u00dc\u00c7 KEZ SEN\u0130 SEV\u0130YORUM D\u0130YE UYANDIM","datePublished":"2009-12-05T12:15:17+00:00","mainEntityOfPage":{"@id":"https:\/\/narteks.net\/index.php\/2009\/12\/05\/uc-kez-seni-seviyorum-diye-uyandim\/"},"wordCount":108,"commentCount":0,"publisher":{"@id":"https:\/\/narteks.net\/#organization"},"articleSection":["\u0130lhan BERK"],"inLanguage":"tr","potentialAction":[{"@type":"CommentAction","name":"Comment","target":["https:\/\/narteks.net\/index.php\/2009\/12\/05\/uc-kez-seni-seviyorum-diye-uyandim\/#respond"]}]},{"@type":"WebPage","@id":"https:\/\/narteks.net\/index.php\/2009\/12\/05\/uc-kez-seni-seviyorum-diye-uyandim\/","url":"https:\/\/narteks.net\/index.php\/2009\/12\/05\/uc-kez-seni-seviyorum-diye-uyandim\/","name":"\u00dc\u00c7 KEZ SEN\u0130 SEV\u0130YORUM D\u0130YE UYANDIM - narteks.net","isPartOf":{"@id":"https:\/\/narteks.net\/#website"},"datePublished":"2009-12-05T12:15:17+00:00","breadcrumb":{"@id":"https:\/\/narteks.net\/index.php\/2009\/12\/05\/uc-kez-seni-seviyorum-diye-uyandim\/#breadcrumb"},"inLanguage":"tr","potentialAction":[{"@type":"ReadAction","target":["https:\/\/narteks.net\/index.php\/2009\/12\/05\/uc-kez-seni-seviyorum-diye-uyandim\/"]}]},{"@type":"BreadcrumbList","@id":"https:\/\/narteks.net\/index.php\/2009\/12\/05\/uc-kez-seni-seviyorum-diye-uyandim\/#breadcrumb","itemListElement":[{"@type":"ListItem","position":1,"name":"Anasayfa","item":"https:\/\/narteks.net\/"},{"@type":"ListItem","position":2,"name":"\u00dc\u00c7 KEZ SEN\u0130 SEV\u0130YORUM D\u0130YE UYANDIM"}]},{"@type":"WebSite","@id":"https:\/\/narteks.net\/#website","url":"https:\/\/narteks.net\/","name":"narteks.net","description":"K\u00fclt\u00fcr Sanat Edebiyat Felsefe","publisher":{"@id":"https:\/\/narteks.net\/#organization"},"alternateName":"K\u00fclt\u00fcr Sanat Edebiyat Felsefe","potentialAction":[{"@type":"SearchAction","target":{"@type":"EntryPoint","urlTemplate":"https:\/\/narteks.net\/?s={search_term_string}"},"query-input":{"@type":"PropertyValueSpecification","valueRequired":true,"valueName":"search_term_string"}}],"inLanguage":"tr"},{"@type":"Organization","@id":"https:\/\/narteks.net\/#organization","name":"narteks.net","url":"https:\/\/narteks.net\/","logo":{"@type":"ImageObject","inLanguage":"tr","@id":"https:\/\/narteks.net\/#\/schema\/logo\/image\/","url":"https:\/\/narteks.net\/wp-content\/uploads\/narteks.png","contentUrl":"https:\/\/narteks.net\/wp-content\/uploads\/narteks.png","width":300,"height":90,"caption":"narteks.net"},"image":{"@id":"https:\/\/narteks.net\/#\/schema\/logo\/image\/"},"sameAs":["https:\/\/x.com\/narteks","https:\/\/instagram.com\/narteksnet"]},{"@type":"Person","@id":"https:\/\/narteks.net\/#\/schema\/person\/61f37d9834294b72d31d274e7ed79bca","name":"Tar\u0131k","image":{"@type":"ImageObject","inLanguage":"tr","@id":"https:\/\/narteks.net\/#\/schema\/person\/image\/","url":"https:\/\/secure.gravatar.com\/avatar\/50865afb55632c4ae467e0af0930f6510aa2297d8014be502a55b14f3b7550cf?s=96&d=mm&r=g","contentUrl":"https:\/\/secure.gravatar.com\/avatar\/50865afb55632c4ae467e0af0930f6510aa2297d8014be502a55b14f3b7550cf?s=96&d=mm&r=g","caption":"Tar\u0131k"},"sameAs":["http:\/\/narteks.net"],"url":"https:\/\/narteks.net\/index.php\/author\/narbak\/"}]}},"_links":{"self":[{"href":"https:\/\/narteks.net\/index.php\/wp-json\/wp\/v2\/posts\/2433","targetHints":{"allow":["GET"]}}],"collection":[{"href":"https:\/\/narteks.net\/index.php\/wp-json\/wp\/v2\/posts"}],"about":[{"href":"https:\/\/narteks.net\/index.php\/wp-json\/wp\/v2\/types\/post"}],"author":[{"embeddable":true,"href":"https:\/\/narteks.net\/index.php\/wp-json\/wp\/v2\/users\/1"}],"replies":[{"embeddable":true,"href":"https:\/\/narteks.net\/index.php\/wp-json\/wp\/v2\/comments?post=2433"}],"version-history":[{"count":0,"href":"https:\/\/narteks.net\/index.php\/wp-json\/wp\/v2\/posts\/2433\/revisions"}],"wp:attachment":[{"href":"https:\/\/narteks.net\/index.php\/wp-json\/wp\/v2\/media?parent=2433"}],"wp:term":[{"taxonomy":"category","embeddable":true,"href":"https:\/\/narteks.net\/index.php\/wp-json\/wp\/v2\/categories?post=2433"},{"taxonomy":"post_tag","embeddable":true,"href":"https:\/\/narteks.net\/index.php\/wp-json\/wp\/v2\/tags?post=2433"}],"curies":[{"name":"wp","href":"https:\/\/api.w.org\/{rel}","templated":true}]}}