{"id":244,"date":"2009-02-27T17:58:42","date_gmt":"2009-02-27T14:58:42","guid":{"rendered":"http:\/\/localhost\/wordpress\/2009\/02\/27\/sakalsiz-bir-oglanin-tragedyasi\/"},"modified":"2009-02-27T17:58:42","modified_gmt":"2009-02-27T14:58:42","slug":"sakalsiz-bir-oglanin-tragedyasi","status":"publish","type":"post","link":"https:\/\/narteks.net\/index.php\/2009\/02\/27\/sakalsiz-bir-oglanin-tragedyasi\/","title":{"rendered":"SAKALSIZ BIR OGLANIN TRAGEDYASI"},"content":{"rendered":"<p>\u00a0<\/p>\n<p>charles chaplin bir sava\u015fta yitirdim sakal\u0131m\u0131<br \/>\u00e7\u0131kmazl\u0131\u011f\u0131n grev sesi umutlar\u0131m\u0131 vururken<br \/>yendirdim b\u0131y\u0131klar\u0131m\u0131 papa\u011fan ku\u015fkulara<br \/>biraz elma \u015fekeriyle kaz\u0131d\u0131m sakal\u0131m\u0131<br \/>lohusa \u015ferbetiyle kaz\u0131d\u0131m sakal\u0131m\u0131<br \/>yanaklar\u0131m paprika lahmacun ister misiniz<br \/>al i\u015fte sana b\u00f6yle y\u00fcze b\u00f6yle g\u00fcz<br \/>demeyin deseniz de sakal yok ya ucunda<br \/>bu g\u00fcz vermedi tarla seneye b\u0131y\u0131k kerim<br \/>ben ettim siz etmeyin sakal veririm size<br \/>i\u011fne iplik elimde b\u0131y\u0131k dikerim size<br \/>yanaklar\u0131m ta\u015fl\u0131tarla kurabiye yer misiniz<\/p>\n<p>Say\u0131n bayan dursan\u0131za g\u00f6z\u00fcn\u00fcze ku\u015f ka\u00e7m\u0131\u015f<br \/>bu b\u0131y\u0131k hi\u00e7 gitmemi\u015f sesinizin rengine<br \/>sakal\u0131n\u0131z uzam\u0131\u015f inmi\u015f ta belinize<br \/>at kuyru\u011fu yap\u0131n\u0131z ya da \u00f6rg\u00fcleyiniz<br \/>kedinizin b\u0131y\u0131\u011f\u0131n\u0131 usturayla kesiniz<br \/>yanaklar\u0131m bileyta\u015f\u0131 ispirto sever misiniz<br \/>yoksul ve utanga\u00e7 bir m\u00fc\u015fteriyim ben<br \/>sizde g\u00fcne\u015f bulunur mu biraz\/kakt\u00fcs al\u0131cam<br \/>saks\u0131lar\u0131m ye\u015fersin \u00fc\u00e7 be\u015f bulut verin de<br \/>\u00e7ok \u00fc\u015f\u00fcd\u00fc g\u00fcne\u015ften \u015fizofreni olucak<br \/>\u00e7abuk olun l\u00fctfen dikenleri solucak<br \/>yanaklar\u0131m gobi \u00e7\u00f6l\u00fc so\u011fuk su i\u00e7er misiniz<br \/>y\u00fcz\u00fcm eski bir artist ya\u015fland\u0131k\u00e7a shirley temple<br \/>elimde bir ba\u015f so\u011fan bir ba\u015f sar\u0131msak<br \/>ah ne kadar \u015fakac\u0131s\u0131n\u0131z hi\u00e7 hamlet oynamad\u0131n\u0131z<br \/>m\u0131<br \/>olmak ya da olmamak b\u00fct\u00fcn sorun bu<br \/>yanaklar\u0131m yul bryner \u015fim\u015fir tarak ister<br \/>misiniz<\/p>\n<p>ARKADA\u015e Z.\u00d6ZGER<\/p>\n","protected":false},"excerpt":{"rendered":"<p>\u00a0 charles chaplin bir sava\u015fta yitirdim sakal\u0131m\u0131\u00e7\u0131kmazl\u0131\u011f\u0131n grev sesi umutlar\u0131m\u0131 vururkenyendirdim b\u0131y\u0131klar\u0131m\u0131 papa\u011fan ku\u015fkularabiraz elma \u015fekeriyle kaz\u0131d\u0131m sakal\u0131m\u0131lohusa \u015ferbetiyle kaz\u0131d\u0131m sakal\u0131m\u0131yanaklar\u0131m paprika lahmacun ister misinizal i\u015fte sana b\u00f6yle y\u00fcze b\u00f6yle g\u00fczdemeyin deseniz de sakal yok ya ucundabu g\u00fcz vermedi tarla seneye b\u0131y\u0131k kerimben ettim siz etmeyin sakal veririm sizei\u011fne iplik elimde b\u0131y\u0131k dikerim sizeyanaklar\u0131m ta\u015fl\u0131tarla [&hellip;]<\/p>\n","protected":false},"author":1,"featured_media":0,"comment_status":"open","ping_status":"open","sticky":false,"template":"","format":"standard","meta":{"footnotes":""},"categories":[5],"tags":[],"class_list":{"0":"post-244","1":"post","2":"type-post","3":"status-publish","4":"format-standard","6":"category-arkadas-z-ozger"},"yoast_head":"<!-- This site is optimized with the Yoast SEO Premium plugin v24.9 (Yoast SEO v24.9) - https:\/\/yoast.com\/wordpress\/plugins\/seo\/ -->\n<title>SAKALSIZ BIR OGLANIN TRAGEDYASI - narteks.net<\/title>\n<meta name=\"robots\" content=\"index, follow, max-snippet:-1, max-image-preview:large, max-video-preview:-1\" \/>\n<link rel=\"canonical\" href=\"https:\/\/narteks.net\/index.php\/2009\/02\/27\/sakalsiz-bir-oglanin-tragedyasi\/\" \/>\n<meta property=\"og:locale\" content=\"tr_TR\" \/>\n<meta property=\"og:type\" content=\"article\" \/>\n<meta property=\"og:title\" content=\"SAKALSIZ BIR OGLANIN TRAGEDYASI\" \/>\n<meta property=\"og:description\" content=\"\u00a0 charles chaplin bir sava\u015fta yitirdim sakal\u0131m\u0131\u00e7\u0131kmazl\u0131\u011f\u0131n grev sesi umutlar\u0131m\u0131 vururkenyendirdim b\u0131y\u0131klar\u0131m\u0131 papa\u011fan ku\u015fkularabiraz elma \u015fekeriyle kaz\u0131d\u0131m sakal\u0131m\u0131lohusa \u015ferbetiyle kaz\u0131d\u0131m sakal\u0131m\u0131yanaklar\u0131m paprika lahmacun ister misinizal i\u015fte sana b\u00f6yle y\u00fcze b\u00f6yle g\u00fczdemeyin deseniz de sakal yok ya ucundabu g\u00fcz vermedi tarla seneye b\u0131y\u0131k kerimben ettim siz etmeyin sakal veririm sizei\u011fne iplik elimde b\u0131y\u0131k dikerim sizeyanaklar\u0131m ta\u015fl\u0131tarla [&hellip;]\" \/>\n<meta property=\"og:url\" content=\"https:\/\/narteks.net\/index.php\/2009\/02\/27\/sakalsiz-bir-oglanin-tragedyasi\/\" \/>\n<meta property=\"og:site_name\" content=\"narteks.net\" \/>\n<meta property=\"article:published_time\" content=\"2009-02-27T14:58:42+00:00\" \/>\n<meta property=\"og:image\" content=\"https:\/\/narteks.net\/wp-content\/uploads\/narteks.png\" \/>\n\t<meta property=\"og:image:width\" content=\"300\" \/>\n\t<meta property=\"og:image:height\" content=\"90\" \/>\n\t<meta property=\"og:image:type\" content=\"image\/png\" \/>\n<meta name=\"author\" content=\"Tar\u0131k\" \/>\n<meta name=\"twitter:card\" content=\"summary_large_image\" \/>\n<meta name=\"twitter:creator\" content=\"@narteks\" \/>\n<meta name=\"twitter:site\" content=\"@narteks\" \/>\n<meta name=\"twitter:label1\" content=\"Yazan:\" \/>\n\t<meta name=\"twitter:data1\" content=\"Tar\u0131k\" \/>\n\t<meta name=\"twitter:label2\" content=\"Tahmini okuma s\u00fcresi\" \/>\n\t<meta name=\"twitter:data2\" content=\"1 dakika\" \/>\n<script type=\"application\/ld+json\" class=\"yoast-schema-graph\">{\"@context\":\"https:\/\/schema.org\",\"@graph\":[{\"@type\":\"Article\",\"@id\":\"https:\/\/narteks.net\/index.php\/2009\/02\/27\/sakalsiz-bir-oglanin-tragedyasi\/#article\",\"isPartOf\":{\"@id\":\"https:\/\/narteks.net\/index.php\/2009\/02\/27\/sakalsiz-bir-oglanin-tragedyasi\/\"},\"author\":{\"name\":\"Tar\u0131k\",\"@id\":\"https:\/\/narteks.net\/#\/schema\/person\/61f37d9834294b72d31d274e7ed79bca\"},\"headline\":\"SAKALSIZ BIR OGLANIN TRAGEDYASI\",\"datePublished\":\"2009-02-27T14:58:42+00:00\",\"mainEntityOfPage\":{\"@id\":\"https:\/\/narteks.net\/index.php\/2009\/02\/27\/sakalsiz-bir-oglanin-tragedyasi\/\"},\"wordCount\":233,\"commentCount\":0,\"publisher\":{\"@id\":\"https:\/\/narteks.net\/#organization\"},\"articleSection\":[\"Arkada\u015f Z. \u00d6ZGER\"],\"inLanguage\":\"tr\",\"potentialAction\":[{\"@type\":\"CommentAction\",\"name\":\"Comment\",\"target\":[\"https:\/\/narteks.net\/index.php\/2009\/02\/27\/sakalsiz-bir-oglanin-tragedyasi\/#respond\"]}]},{\"@type\":\"WebPage\",\"@id\":\"https:\/\/narteks.net\/index.php\/2009\/02\/27\/sakalsiz-bir-oglanin-tragedyasi\/\",\"url\":\"https:\/\/narteks.net\/index.php\/2009\/02\/27\/sakalsiz-bir-oglanin-tragedyasi\/\",\"name\":\"SAKALSIZ BIR OGLANIN TRAGEDYASI - narteks.net\",\"isPartOf\":{\"@id\":\"https:\/\/narteks.net\/#website\"},\"datePublished\":\"2009-02-27T14:58:42+00:00\",\"breadcrumb\":{\"@id\":\"https:\/\/narteks.net\/index.php\/2009\/02\/27\/sakalsiz-bir-oglanin-tragedyasi\/#breadcrumb\"},\"inLanguage\":\"tr\",\"potentialAction\":[{\"@type\":\"ReadAction\",\"target\":[\"https:\/\/narteks.net\/index.php\/2009\/02\/27\/sakalsiz-bir-oglanin-tragedyasi\/\"]}]},{\"@type\":\"BreadcrumbList\",\"@id\":\"https:\/\/narteks.net\/index.php\/2009\/02\/27\/sakalsiz-bir-oglanin-tragedyasi\/#breadcrumb\",\"itemListElement\":[{\"@type\":\"ListItem\",\"position\":1,\"name\":\"Anasayfa\",\"item\":\"https:\/\/narteks.net\/\"},{\"@type\":\"ListItem\",\"position\":2,\"name\":\"SAKALSIZ BIR OGLANIN TRAGEDYASI\"}]},{\"@type\":\"WebSite\",\"@id\":\"https:\/\/narteks.net\/#website\",\"url\":\"https:\/\/narteks.net\/\",\"name\":\"narteks.net\",\"description\":\"K\u00fclt\u00fcr Sanat Edebiyat Felsefe\",\"publisher\":{\"@id\":\"https:\/\/narteks.net\/#organization\"},\"alternateName\":\"K\u00fclt\u00fcr Sanat Edebiyat Felsefe\",\"potentialAction\":[{\"@type\":\"SearchAction\",\"target\":{\"@type\":\"EntryPoint\",\"urlTemplate\":\"https:\/\/narteks.net\/?s={search_term_string}\"},\"query-input\":{\"@type\":\"PropertyValueSpecification\",\"valueRequired\":true,\"valueName\":\"search_term_string\"}}],\"inLanguage\":\"tr\"},{\"@type\":\"Organization\",\"@id\":\"https:\/\/narteks.net\/#organization\",\"name\":\"narteks.net\",\"url\":\"https:\/\/narteks.net\/\",\"logo\":{\"@type\":\"ImageObject\",\"inLanguage\":\"tr\",\"@id\":\"https:\/\/narteks.net\/#\/schema\/logo\/image\/\",\"url\":\"https:\/\/narteks.net\/wp-content\/uploads\/narteks.png\",\"contentUrl\":\"https:\/\/narteks.net\/wp-content\/uploads\/narteks.png\",\"width\":300,\"height\":90,\"caption\":\"narteks.net\"},\"image\":{\"@id\":\"https:\/\/narteks.net\/#\/schema\/logo\/image\/\"},\"sameAs\":[\"https:\/\/x.com\/narteks\",\"https:\/\/instagram.com\/narteksnet\"]},{\"@type\":\"Person\",\"@id\":\"https:\/\/narteks.net\/#\/schema\/person\/61f37d9834294b72d31d274e7ed79bca\",\"name\":\"Tar\u0131k\",\"image\":{\"@type\":\"ImageObject\",\"inLanguage\":\"tr\",\"@id\":\"https:\/\/narteks.net\/#\/schema\/person\/image\/\",\"url\":\"https:\/\/secure.gravatar.com\/avatar\/50865afb55632c4ae467e0af0930f6510aa2297d8014be502a55b14f3b7550cf?s=96&d=mm&r=g\",\"contentUrl\":\"https:\/\/secure.gravatar.com\/avatar\/50865afb55632c4ae467e0af0930f6510aa2297d8014be502a55b14f3b7550cf?s=96&d=mm&r=g\",\"caption\":\"Tar\u0131k\"},\"sameAs\":[\"http:\/\/narteks.net\"],\"url\":\"https:\/\/narteks.net\/index.php\/author\/narbak\/\"}]}<\/script>\n<!-- \/ Yoast SEO Premium plugin. -->","yoast_head_json":{"title":"SAKALSIZ BIR OGLANIN TRAGEDYASI - narteks.net","robots":{"index":"index","follow":"follow","max-snippet":"max-snippet:-1","max-image-preview":"max-image-preview:large","max-video-preview":"max-video-preview:-1"},"canonical":"https:\/\/narteks.net\/index.php\/2009\/02\/27\/sakalsiz-bir-oglanin-tragedyasi\/","og_locale":"tr_TR","og_type":"article","og_title":"SAKALSIZ BIR OGLANIN TRAGEDYASI","og_description":"\u00a0 charles chaplin bir sava\u015fta yitirdim sakal\u0131m\u0131\u00e7\u0131kmazl\u0131\u011f\u0131n grev sesi umutlar\u0131m\u0131 vururkenyendirdim b\u0131y\u0131klar\u0131m\u0131 papa\u011fan ku\u015fkularabiraz elma \u015fekeriyle kaz\u0131d\u0131m sakal\u0131m\u0131lohusa \u015ferbetiyle kaz\u0131d\u0131m sakal\u0131m\u0131yanaklar\u0131m paprika lahmacun ister misinizal i\u015fte sana b\u00f6yle y\u00fcze b\u00f6yle g\u00fczdemeyin deseniz de sakal yok ya ucundabu g\u00fcz vermedi tarla seneye b\u0131y\u0131k kerimben ettim siz etmeyin sakal veririm sizei\u011fne iplik elimde b\u0131y\u0131k dikerim sizeyanaklar\u0131m ta\u015fl\u0131tarla [&hellip;]","og_url":"https:\/\/narteks.net\/index.php\/2009\/02\/27\/sakalsiz-bir-oglanin-tragedyasi\/","og_site_name":"narteks.net","article_published_time":"2009-02-27T14:58:42+00:00","og_image":[{"width":300,"height":90,"url":"https:\/\/narteks.net\/wp-content\/uploads\/narteks.png","type":"image\/png"}],"author":"Tar\u0131k","twitter_card":"summary_large_image","twitter_creator":"@narteks","twitter_site":"@narteks","twitter_misc":{"Yazan:":"Tar\u0131k","Tahmini okuma s\u00fcresi":"1 dakika"},"schema":{"@context":"https:\/\/schema.org","@graph":[{"@type":"Article","@id":"https:\/\/narteks.net\/index.php\/2009\/02\/27\/sakalsiz-bir-oglanin-tragedyasi\/#article","isPartOf":{"@id":"https:\/\/narteks.net\/index.php\/2009\/02\/27\/sakalsiz-bir-oglanin-tragedyasi\/"},"author":{"name":"Tar\u0131k","@id":"https:\/\/narteks.net\/#\/schema\/person\/61f37d9834294b72d31d274e7ed79bca"},"headline":"SAKALSIZ BIR OGLANIN TRAGEDYASI","datePublished":"2009-02-27T14:58:42+00:00","mainEntityOfPage":{"@id":"https:\/\/narteks.net\/index.php\/2009\/02\/27\/sakalsiz-bir-oglanin-tragedyasi\/"},"wordCount":233,"commentCount":0,"publisher":{"@id":"https:\/\/narteks.net\/#organization"},"articleSection":["Arkada\u015f Z. \u00d6ZGER"],"inLanguage":"tr","potentialAction":[{"@type":"CommentAction","name":"Comment","target":["https:\/\/narteks.net\/index.php\/2009\/02\/27\/sakalsiz-bir-oglanin-tragedyasi\/#respond"]}]},{"@type":"WebPage","@id":"https:\/\/narteks.net\/index.php\/2009\/02\/27\/sakalsiz-bir-oglanin-tragedyasi\/","url":"https:\/\/narteks.net\/index.php\/2009\/02\/27\/sakalsiz-bir-oglanin-tragedyasi\/","name":"SAKALSIZ BIR OGLANIN TRAGEDYASI - narteks.net","isPartOf":{"@id":"https:\/\/narteks.net\/#website"},"datePublished":"2009-02-27T14:58:42+00:00","breadcrumb":{"@id":"https:\/\/narteks.net\/index.php\/2009\/02\/27\/sakalsiz-bir-oglanin-tragedyasi\/#breadcrumb"},"inLanguage":"tr","potentialAction":[{"@type":"ReadAction","target":["https:\/\/narteks.net\/index.php\/2009\/02\/27\/sakalsiz-bir-oglanin-tragedyasi\/"]}]},{"@type":"BreadcrumbList","@id":"https:\/\/narteks.net\/index.php\/2009\/02\/27\/sakalsiz-bir-oglanin-tragedyasi\/#breadcrumb","itemListElement":[{"@type":"ListItem","position":1,"name":"Anasayfa","item":"https:\/\/narteks.net\/"},{"@type":"ListItem","position":2,"name":"SAKALSIZ BIR OGLANIN TRAGEDYASI"}]},{"@type":"WebSite","@id":"https:\/\/narteks.net\/#website","url":"https:\/\/narteks.net\/","name":"narteks.net","description":"K\u00fclt\u00fcr Sanat Edebiyat Felsefe","publisher":{"@id":"https:\/\/narteks.net\/#organization"},"alternateName":"K\u00fclt\u00fcr Sanat Edebiyat Felsefe","potentialAction":[{"@type":"SearchAction","target":{"@type":"EntryPoint","urlTemplate":"https:\/\/narteks.net\/?s={search_term_string}"},"query-input":{"@type":"PropertyValueSpecification","valueRequired":true,"valueName":"search_term_string"}}],"inLanguage":"tr"},{"@type":"Organization","@id":"https:\/\/narteks.net\/#organization","name":"narteks.net","url":"https:\/\/narteks.net\/","logo":{"@type":"ImageObject","inLanguage":"tr","@id":"https:\/\/narteks.net\/#\/schema\/logo\/image\/","url":"https:\/\/narteks.net\/wp-content\/uploads\/narteks.png","contentUrl":"https:\/\/narteks.net\/wp-content\/uploads\/narteks.png","width":300,"height":90,"caption":"narteks.net"},"image":{"@id":"https:\/\/narteks.net\/#\/schema\/logo\/image\/"},"sameAs":["https:\/\/x.com\/narteks","https:\/\/instagram.com\/narteksnet"]},{"@type":"Person","@id":"https:\/\/narteks.net\/#\/schema\/person\/61f37d9834294b72d31d274e7ed79bca","name":"Tar\u0131k","image":{"@type":"ImageObject","inLanguage":"tr","@id":"https:\/\/narteks.net\/#\/schema\/person\/image\/","url":"https:\/\/secure.gravatar.com\/avatar\/50865afb55632c4ae467e0af0930f6510aa2297d8014be502a55b14f3b7550cf?s=96&d=mm&r=g","contentUrl":"https:\/\/secure.gravatar.com\/avatar\/50865afb55632c4ae467e0af0930f6510aa2297d8014be502a55b14f3b7550cf?s=96&d=mm&r=g","caption":"Tar\u0131k"},"sameAs":["http:\/\/narteks.net"],"url":"https:\/\/narteks.net\/index.php\/author\/narbak\/"}]}},"_links":{"self":[{"href":"https:\/\/narteks.net\/index.php\/wp-json\/wp\/v2\/posts\/244","targetHints":{"allow":["GET"]}}],"collection":[{"href":"https:\/\/narteks.net\/index.php\/wp-json\/wp\/v2\/posts"}],"about":[{"href":"https:\/\/narteks.net\/index.php\/wp-json\/wp\/v2\/types\/post"}],"author":[{"embeddable":true,"href":"https:\/\/narteks.net\/index.php\/wp-json\/wp\/v2\/users\/1"}],"replies":[{"embeddable":true,"href":"https:\/\/narteks.net\/index.php\/wp-json\/wp\/v2\/comments?post=244"}],"version-history":[{"count":0,"href":"https:\/\/narteks.net\/index.php\/wp-json\/wp\/v2\/posts\/244\/revisions"}],"wp:attachment":[{"href":"https:\/\/narteks.net\/index.php\/wp-json\/wp\/v2\/media?parent=244"}],"wp:term":[{"taxonomy":"category","embeddable":true,"href":"https:\/\/narteks.net\/index.php\/wp-json\/wp\/v2\/categories?post=244"},{"taxonomy":"post_tag","embeddable":true,"href":"https:\/\/narteks.net\/index.php\/wp-json\/wp\/v2\/tags?post=244"}],"curies":[{"name":"wp","href":"https:\/\/api.w.org\/{rel}","templated":true}]}}