{"id":2444,"date":"2009-12-05T15:23:48","date_gmt":"2009-12-05T12:23:48","guid":{"rendered":"http:\/\/localhost\/wordpress\/2009\/12\/05\/atimi-istedim-evin-gogu-gerindi\/"},"modified":"2009-12-05T15:23:48","modified_gmt":"2009-12-05T12:23:48","slug":"atimi-istedim-evin-gogu-gerindi","status":"publish","type":"post","link":"https:\/\/narteks.net\/index.php\/2009\/12\/05\/atimi-istedim-evin-gogu-gerindi\/","title":{"rendered":"ATIMI \u0130STED\u0130M EV\u0130N G\u00d6\u011e\u00dc GER\u0130ND\u0130"},"content":{"rendered":"<p>\u00a0<\/p>\n<p>At\u0131m\u0131 istedim evin g\u00f6\u011f\u00fc gerindi <br \/>Cin g\u00fclleri bir yerden ordan geliyorum <br \/>\u00d6yle sular da\u011flar\u0131n \u00fcst\u00fcyd\u00fc isminiz <br \/>Ye\u015fil, o soluklar\u0131 gibi r\u00fczgarlar\u0131n <br \/>Bir bin y\u0131l r\u00fczgar de\u011firmeninizde kald\u0131m<\/p>\n<p>Tep krallar\u0131 gibiydim \u00f6yle yaln\u0131zd\u0131m <br \/>Bir \u00e7a\u011fda seni bu beyazl\u0131\u011f\u0131nda tuttum <br \/>Ak, sabah kalyonlar\u0131m hep g\u00f6ky\u00fcz\u00fcndeydi <br \/>Ben r\u00fczgar de\u011firmeninizde kald\u0131m<\/p>\n<p>\u0130\u015fte ellerin o d\u00fcnya kadar Akdeniz <br \/>Hansi, gecenin pancurunda Berk ku\u015flar\u0131m <br \/>Ey benim s\u0131\u011fl\u0131\u011f\u0131m e\u015fkim karanl\u0131\u011f\u0131m siz <br \/>Yitik g\u00fcl\u00fc\u015f\u00fcn\u00fcn a\u00e7t\u0131\u011f\u0131 sular \u015fimdi <br \/>Ben o gecelerde sa\u00e7\u0131yd\u0131m \u00e7ocuklar\u0131n <br \/>Bir bin y\u0131l r\u00fczgar de\u011firmeninizde kald\u0131m.<\/p>\n","protected":false},"excerpt":{"rendered":"<p>\u00a0 At\u0131m\u0131 istedim evin g\u00f6\u011f\u00fc gerindi Cin g\u00fclleri bir yerden ordan geliyorum \u00d6yle sular da\u011flar\u0131n \u00fcst\u00fcyd\u00fc isminiz Ye\u015fil, o soluklar\u0131 gibi r\u00fczgarlar\u0131n Bir bin y\u0131l r\u00fczgar de\u011firmeninizde kald\u0131m Tep krallar\u0131 gibiydim \u00f6yle yaln\u0131zd\u0131m Bir \u00e7a\u011fda seni bu beyazl\u0131\u011f\u0131nda tuttum Ak, sabah kalyonlar\u0131m hep g\u00f6ky\u00fcz\u00fcndeydi Ben r\u00fczgar de\u011firmeninizde kald\u0131m \u0130\u015fte ellerin o d\u00fcnya kadar Akdeniz Hansi, [&hellip;]<\/p>\n","protected":false},"author":1,"featured_media":0,"comment_status":"open","ping_status":"open","sticky":false,"template":"","format":"standard","meta":{"footnotes":""},"categories":[89],"tags":[],"class_list":{"0":"post-2444","1":"post","2":"type-post","3":"status-publish","4":"format-standard","6":"category-ilhan-berk"},"yoast_head":"<!-- This site is optimized with the Yoast SEO Premium plugin v24.9 (Yoast SEO v24.9) - https:\/\/yoast.com\/wordpress\/plugins\/seo\/ -->\n<title>ATIMI \u0130STED\u0130M EV\u0130N G\u00d6\u011e\u00dc GER\u0130ND\u0130 - narteks.net<\/title>\n<meta name=\"robots\" content=\"index, follow, max-snippet:-1, max-image-preview:large, max-video-preview:-1\" \/>\n<link rel=\"canonical\" href=\"https:\/\/narteks.net\/index.php\/2009\/12\/05\/atimi-istedim-evin-gogu-gerindi\/\" \/>\n<meta property=\"og:locale\" content=\"tr_TR\" \/>\n<meta property=\"og:type\" content=\"article\" \/>\n<meta property=\"og:title\" content=\"ATIMI \u0130STED\u0130M EV\u0130N G\u00d6\u011e\u00dc GER\u0130ND\u0130\" \/>\n<meta property=\"og:description\" content=\"\u00a0 At\u0131m\u0131 istedim evin g\u00f6\u011f\u00fc gerindi Cin g\u00fclleri bir yerden ordan geliyorum \u00d6yle sular da\u011flar\u0131n \u00fcst\u00fcyd\u00fc isminiz Ye\u015fil, o soluklar\u0131 gibi r\u00fczgarlar\u0131n Bir bin y\u0131l r\u00fczgar de\u011firmeninizde kald\u0131m Tep krallar\u0131 gibiydim \u00f6yle yaln\u0131zd\u0131m Bir \u00e7a\u011fda seni bu beyazl\u0131\u011f\u0131nda tuttum Ak, sabah kalyonlar\u0131m hep g\u00f6ky\u00fcz\u00fcndeydi Ben r\u00fczgar de\u011firmeninizde kald\u0131m \u0130\u015fte ellerin o d\u00fcnya kadar Akdeniz Hansi, [&hellip;]\" \/>\n<meta property=\"og:url\" content=\"https:\/\/narteks.net\/index.php\/2009\/12\/05\/atimi-istedim-evin-gogu-gerindi\/\" \/>\n<meta property=\"og:site_name\" content=\"narteks.net\" \/>\n<meta property=\"article:published_time\" content=\"2009-12-05T12:23:48+00:00\" \/>\n<meta property=\"og:image\" content=\"https:\/\/narteks.net\/wp-content\/uploads\/narteks.png\" \/>\n\t<meta property=\"og:image:width\" content=\"300\" \/>\n\t<meta property=\"og:image:height\" content=\"90\" \/>\n\t<meta property=\"og:image:type\" content=\"image\/png\" \/>\n<meta name=\"author\" content=\"Tar\u0131k\" \/>\n<meta name=\"twitter:card\" content=\"summary_large_image\" \/>\n<meta name=\"twitter:creator\" content=\"@narteks\" \/>\n<meta name=\"twitter:site\" content=\"@narteks\" \/>\n<meta name=\"twitter:label1\" content=\"Yazan:\" \/>\n\t<meta name=\"twitter:data1\" content=\"Tar\u0131k\" \/>\n\t<meta name=\"twitter:label2\" content=\"Tahmini okuma s\u00fcresi\" \/>\n\t<meta name=\"twitter:data2\" content=\"1 dakika\" \/>\n<script type=\"application\/ld+json\" class=\"yoast-schema-graph\">{\"@context\":\"https:\/\/schema.org\",\"@graph\":[{\"@type\":\"Article\",\"@id\":\"https:\/\/narteks.net\/index.php\/2009\/12\/05\/atimi-istedim-evin-gogu-gerindi\/#article\",\"isPartOf\":{\"@id\":\"https:\/\/narteks.net\/index.php\/2009\/12\/05\/atimi-istedim-evin-gogu-gerindi\/\"},\"author\":{\"name\":\"Tar\u0131k\",\"@id\":\"https:\/\/narteks.net\/#\/schema\/person\/61f37d9834294b72d31d274e7ed79bca\"},\"headline\":\"ATIMI \u0130STED\u0130M EV\u0130N G\u00d6\u011e\u00dc GER\u0130ND\u0130\",\"datePublished\":\"2009-12-05T12:23:48+00:00\",\"mainEntityOfPage\":{\"@id\":\"https:\/\/narteks.net\/index.php\/2009\/12\/05\/atimi-istedim-evin-gogu-gerindi\/\"},\"wordCount\":129,\"commentCount\":0,\"publisher\":{\"@id\":\"https:\/\/narteks.net\/#organization\"},\"articleSection\":[\"\u0130lhan BERK\"],\"inLanguage\":\"tr\",\"potentialAction\":[{\"@type\":\"CommentAction\",\"name\":\"Comment\",\"target\":[\"https:\/\/narteks.net\/index.php\/2009\/12\/05\/atimi-istedim-evin-gogu-gerindi\/#respond\"]}]},{\"@type\":\"WebPage\",\"@id\":\"https:\/\/narteks.net\/index.php\/2009\/12\/05\/atimi-istedim-evin-gogu-gerindi\/\",\"url\":\"https:\/\/narteks.net\/index.php\/2009\/12\/05\/atimi-istedim-evin-gogu-gerindi\/\",\"name\":\"ATIMI \u0130STED\u0130M EV\u0130N G\u00d6\u011e\u00dc GER\u0130ND\u0130 - narteks.net\",\"isPartOf\":{\"@id\":\"https:\/\/narteks.net\/#website\"},\"datePublished\":\"2009-12-05T12:23:48+00:00\",\"breadcrumb\":{\"@id\":\"https:\/\/narteks.net\/index.php\/2009\/12\/05\/atimi-istedim-evin-gogu-gerindi\/#breadcrumb\"},\"inLanguage\":\"tr\",\"potentialAction\":[{\"@type\":\"ReadAction\",\"target\":[\"https:\/\/narteks.net\/index.php\/2009\/12\/05\/atimi-istedim-evin-gogu-gerindi\/\"]}]},{\"@type\":\"BreadcrumbList\",\"@id\":\"https:\/\/narteks.net\/index.php\/2009\/12\/05\/atimi-istedim-evin-gogu-gerindi\/#breadcrumb\",\"itemListElement\":[{\"@type\":\"ListItem\",\"position\":1,\"name\":\"Anasayfa\",\"item\":\"https:\/\/narteks.net\/\"},{\"@type\":\"ListItem\",\"position\":2,\"name\":\"ATIMI \u0130STED\u0130M EV\u0130N G\u00d6\u011e\u00dc GER\u0130ND\u0130\"}]},{\"@type\":\"WebSite\",\"@id\":\"https:\/\/narteks.net\/#website\",\"url\":\"https:\/\/narteks.net\/\",\"name\":\"narteks.net\",\"description\":\"K\u00fclt\u00fcr Sanat Edebiyat Felsefe\",\"publisher\":{\"@id\":\"https:\/\/narteks.net\/#organization\"},\"alternateName\":\"K\u00fclt\u00fcr Sanat Edebiyat Felsefe\",\"potentialAction\":[{\"@type\":\"SearchAction\",\"target\":{\"@type\":\"EntryPoint\",\"urlTemplate\":\"https:\/\/narteks.net\/?s={search_term_string}\"},\"query-input\":{\"@type\":\"PropertyValueSpecification\",\"valueRequired\":true,\"valueName\":\"search_term_string\"}}],\"inLanguage\":\"tr\"},{\"@type\":\"Organization\",\"@id\":\"https:\/\/narteks.net\/#organization\",\"name\":\"narteks.net\",\"url\":\"https:\/\/narteks.net\/\",\"logo\":{\"@type\":\"ImageObject\",\"inLanguage\":\"tr\",\"@id\":\"https:\/\/narteks.net\/#\/schema\/logo\/image\/\",\"url\":\"https:\/\/narteks.net\/wp-content\/uploads\/narteks.png\",\"contentUrl\":\"https:\/\/narteks.net\/wp-content\/uploads\/narteks.png\",\"width\":300,\"height\":90,\"caption\":\"narteks.net\"},\"image\":{\"@id\":\"https:\/\/narteks.net\/#\/schema\/logo\/image\/\"},\"sameAs\":[\"https:\/\/x.com\/narteks\",\"https:\/\/instagram.com\/narteksnet\"]},{\"@type\":\"Person\",\"@id\":\"https:\/\/narteks.net\/#\/schema\/person\/61f37d9834294b72d31d274e7ed79bca\",\"name\":\"Tar\u0131k\",\"image\":{\"@type\":\"ImageObject\",\"inLanguage\":\"tr\",\"@id\":\"https:\/\/narteks.net\/#\/schema\/person\/image\/\",\"url\":\"https:\/\/secure.gravatar.com\/avatar\/50865afb55632c4ae467e0af0930f6510aa2297d8014be502a55b14f3b7550cf?s=96&d=mm&r=g\",\"contentUrl\":\"https:\/\/secure.gravatar.com\/avatar\/50865afb55632c4ae467e0af0930f6510aa2297d8014be502a55b14f3b7550cf?s=96&d=mm&r=g\",\"caption\":\"Tar\u0131k\"},\"sameAs\":[\"http:\/\/narteks.net\"],\"url\":\"https:\/\/narteks.net\/index.php\/author\/narbak\/\"}]}<\/script>\n<!-- \/ Yoast SEO Premium plugin. -->","yoast_head_json":{"title":"ATIMI \u0130STED\u0130M EV\u0130N G\u00d6\u011e\u00dc GER\u0130ND\u0130 - narteks.net","robots":{"index":"index","follow":"follow","max-snippet":"max-snippet:-1","max-image-preview":"max-image-preview:large","max-video-preview":"max-video-preview:-1"},"canonical":"https:\/\/narteks.net\/index.php\/2009\/12\/05\/atimi-istedim-evin-gogu-gerindi\/","og_locale":"tr_TR","og_type":"article","og_title":"ATIMI \u0130STED\u0130M EV\u0130N G\u00d6\u011e\u00dc GER\u0130ND\u0130","og_description":"\u00a0 At\u0131m\u0131 istedim evin g\u00f6\u011f\u00fc gerindi Cin g\u00fclleri bir yerden ordan geliyorum \u00d6yle sular da\u011flar\u0131n \u00fcst\u00fcyd\u00fc isminiz Ye\u015fil, o soluklar\u0131 gibi r\u00fczgarlar\u0131n Bir bin y\u0131l r\u00fczgar de\u011firmeninizde kald\u0131m Tep krallar\u0131 gibiydim \u00f6yle yaln\u0131zd\u0131m Bir \u00e7a\u011fda seni bu beyazl\u0131\u011f\u0131nda tuttum Ak, sabah kalyonlar\u0131m hep g\u00f6ky\u00fcz\u00fcndeydi Ben r\u00fczgar de\u011firmeninizde kald\u0131m \u0130\u015fte ellerin o d\u00fcnya kadar Akdeniz Hansi, [&hellip;]","og_url":"https:\/\/narteks.net\/index.php\/2009\/12\/05\/atimi-istedim-evin-gogu-gerindi\/","og_site_name":"narteks.net","article_published_time":"2009-12-05T12:23:48+00:00","og_image":[{"width":300,"height":90,"url":"https:\/\/narteks.net\/wp-content\/uploads\/narteks.png","type":"image\/png"}],"author":"Tar\u0131k","twitter_card":"summary_large_image","twitter_creator":"@narteks","twitter_site":"@narteks","twitter_misc":{"Yazan:":"Tar\u0131k","Tahmini okuma s\u00fcresi":"1 dakika"},"schema":{"@context":"https:\/\/schema.org","@graph":[{"@type":"Article","@id":"https:\/\/narteks.net\/index.php\/2009\/12\/05\/atimi-istedim-evin-gogu-gerindi\/#article","isPartOf":{"@id":"https:\/\/narteks.net\/index.php\/2009\/12\/05\/atimi-istedim-evin-gogu-gerindi\/"},"author":{"name":"Tar\u0131k","@id":"https:\/\/narteks.net\/#\/schema\/person\/61f37d9834294b72d31d274e7ed79bca"},"headline":"ATIMI \u0130STED\u0130M EV\u0130N G\u00d6\u011e\u00dc GER\u0130ND\u0130","datePublished":"2009-12-05T12:23:48+00:00","mainEntityOfPage":{"@id":"https:\/\/narteks.net\/index.php\/2009\/12\/05\/atimi-istedim-evin-gogu-gerindi\/"},"wordCount":129,"commentCount":0,"publisher":{"@id":"https:\/\/narteks.net\/#organization"},"articleSection":["\u0130lhan BERK"],"inLanguage":"tr","potentialAction":[{"@type":"CommentAction","name":"Comment","target":["https:\/\/narteks.net\/index.php\/2009\/12\/05\/atimi-istedim-evin-gogu-gerindi\/#respond"]}]},{"@type":"WebPage","@id":"https:\/\/narteks.net\/index.php\/2009\/12\/05\/atimi-istedim-evin-gogu-gerindi\/","url":"https:\/\/narteks.net\/index.php\/2009\/12\/05\/atimi-istedim-evin-gogu-gerindi\/","name":"ATIMI \u0130STED\u0130M EV\u0130N G\u00d6\u011e\u00dc GER\u0130ND\u0130 - narteks.net","isPartOf":{"@id":"https:\/\/narteks.net\/#website"},"datePublished":"2009-12-05T12:23:48+00:00","breadcrumb":{"@id":"https:\/\/narteks.net\/index.php\/2009\/12\/05\/atimi-istedim-evin-gogu-gerindi\/#breadcrumb"},"inLanguage":"tr","potentialAction":[{"@type":"ReadAction","target":["https:\/\/narteks.net\/index.php\/2009\/12\/05\/atimi-istedim-evin-gogu-gerindi\/"]}]},{"@type":"BreadcrumbList","@id":"https:\/\/narteks.net\/index.php\/2009\/12\/05\/atimi-istedim-evin-gogu-gerindi\/#breadcrumb","itemListElement":[{"@type":"ListItem","position":1,"name":"Anasayfa","item":"https:\/\/narteks.net\/"},{"@type":"ListItem","position":2,"name":"ATIMI \u0130STED\u0130M EV\u0130N G\u00d6\u011e\u00dc GER\u0130ND\u0130"}]},{"@type":"WebSite","@id":"https:\/\/narteks.net\/#website","url":"https:\/\/narteks.net\/","name":"narteks.net","description":"K\u00fclt\u00fcr Sanat Edebiyat Felsefe","publisher":{"@id":"https:\/\/narteks.net\/#organization"},"alternateName":"K\u00fclt\u00fcr Sanat Edebiyat Felsefe","potentialAction":[{"@type":"SearchAction","target":{"@type":"EntryPoint","urlTemplate":"https:\/\/narteks.net\/?s={search_term_string}"},"query-input":{"@type":"PropertyValueSpecification","valueRequired":true,"valueName":"search_term_string"}}],"inLanguage":"tr"},{"@type":"Organization","@id":"https:\/\/narteks.net\/#organization","name":"narteks.net","url":"https:\/\/narteks.net\/","logo":{"@type":"ImageObject","inLanguage":"tr","@id":"https:\/\/narteks.net\/#\/schema\/logo\/image\/","url":"https:\/\/narteks.net\/wp-content\/uploads\/narteks.png","contentUrl":"https:\/\/narteks.net\/wp-content\/uploads\/narteks.png","width":300,"height":90,"caption":"narteks.net"},"image":{"@id":"https:\/\/narteks.net\/#\/schema\/logo\/image\/"},"sameAs":["https:\/\/x.com\/narteks","https:\/\/instagram.com\/narteksnet"]},{"@type":"Person","@id":"https:\/\/narteks.net\/#\/schema\/person\/61f37d9834294b72d31d274e7ed79bca","name":"Tar\u0131k","image":{"@type":"ImageObject","inLanguage":"tr","@id":"https:\/\/narteks.net\/#\/schema\/person\/image\/","url":"https:\/\/secure.gravatar.com\/avatar\/50865afb55632c4ae467e0af0930f6510aa2297d8014be502a55b14f3b7550cf?s=96&d=mm&r=g","contentUrl":"https:\/\/secure.gravatar.com\/avatar\/50865afb55632c4ae467e0af0930f6510aa2297d8014be502a55b14f3b7550cf?s=96&d=mm&r=g","caption":"Tar\u0131k"},"sameAs":["http:\/\/narteks.net"],"url":"https:\/\/narteks.net\/index.php\/author\/narbak\/"}]}},"_links":{"self":[{"href":"https:\/\/narteks.net\/index.php\/wp-json\/wp\/v2\/posts\/2444","targetHints":{"allow":["GET"]}}],"collection":[{"href":"https:\/\/narteks.net\/index.php\/wp-json\/wp\/v2\/posts"}],"about":[{"href":"https:\/\/narteks.net\/index.php\/wp-json\/wp\/v2\/types\/post"}],"author":[{"embeddable":true,"href":"https:\/\/narteks.net\/index.php\/wp-json\/wp\/v2\/users\/1"}],"replies":[{"embeddable":true,"href":"https:\/\/narteks.net\/index.php\/wp-json\/wp\/v2\/comments?post=2444"}],"version-history":[{"count":0,"href":"https:\/\/narteks.net\/index.php\/wp-json\/wp\/v2\/posts\/2444\/revisions"}],"wp:attachment":[{"href":"https:\/\/narteks.net\/index.php\/wp-json\/wp\/v2\/media?parent=2444"}],"wp:term":[{"taxonomy":"category","embeddable":true,"href":"https:\/\/narteks.net\/index.php\/wp-json\/wp\/v2\/categories?post=2444"},{"taxonomy":"post_tag","embeddable":true,"href":"https:\/\/narteks.net\/index.php\/wp-json\/wp\/v2\/tags?post=2444"}],"curies":[{"name":"wp","href":"https:\/\/api.w.org\/{rel}","templated":true}]}}