{"id":245,"date":"2009-02-27T17:59:32","date_gmt":"2009-02-27T14:59:32","guid":{"rendered":"http:\/\/localhost\/wordpress\/2009\/02\/27\/sevdadir\/"},"modified":"2009-02-27T17:59:32","modified_gmt":"2009-02-27T14:59:32","slug":"sevdadir","status":"publish","type":"post","link":"https:\/\/narteks.net\/index.php\/2009\/02\/27\/sevdadir\/","title":{"rendered":"SEVDADIR"},"content":{"rendered":"<p>\u00a0<\/p>\n<p>G\u00f6\u011f\u00fc kucaklay\u0131p getirdim sana<br \/>kokla <br \/>a\u00e7\u0131l\u0131rs\u0131n<\/p>\n<p>solmu\u015fsun<br \/>benzin sararm\u0131\u015f<br \/>yorgun bir i\u015f\u00e7inin y\u00fcz\u00fcne\u00a0 benziyor y\u00fcz\u00fcn<br \/>\u00f6yle b\u00fck\u00fck bakma bana<\/p>\n<p>\u00e7am kolonyas\u0131 getirdim sana<br \/>kentli da\u011fl\u0131lar\u0131n hakl\u0131 sevdas\u0131n\u0131<br \/>bolu ormanlar\u0131ndan \u00e7arpan bir koku<br \/>sanki k\u00f6ro\u011flunun ter kokusu<br \/>aman kokusu, billah kokusu<br \/>canlar\u0131m, can\u0131m benim<\/p>\n<p>\u00fczme kendini bu kadar<br \/>sana umudu \u00f6\u011fretmeyenlerin su\u00e7u mu var<br \/>bak yery\u00fcz\u00fc ne kadar geni\u015f<br \/>ne kadar dar<\/p>\n<p>Dur <br \/>ak\u0131tma g\u00f6nl\u00fcm ya\u015f\u0131n\u0131<br \/>g\u00f6z\u00fcnden \u00f6pecek bir yer b\u0131rak<br \/>oy bana en yak\u0131n<br \/>bana en uzak<br \/>sevgili yar<br \/>Hasretine vur beni<\/p>\n<p>Giyecek \u00e7ama\u015f\u0131r getirdim sana<br \/>adettir diye de\u011fil, sevdim diyedir<br \/>ba\u011f\u0131\u015fla, eski biraz<br \/>bedenim uygundur diye bedenine<br \/>elimle y\u0131kad\u0131m, \u00fct\u00fcledim<br \/>elma a\u011fac\u0131nda kuruttum<\/p>\n<p>G\u00fcnler sarmal bir yay gibi<br \/>bunu unutma<br \/>Bahar annemizin yemenisindeki solgun \u00e7i\u00e7ektir<br \/>bunu unutma<br \/>Seni ben her yerinden \u00f6perim<br \/>bunu unutma<\/p>\n<p>kadere inansayd\u0131m<br \/>sana inan\u0131rd\u0131m<br \/>D\u00fc\u015f\u00fcrmem sigaram\u0131n ucundaki k\u00fcl\u00fc ben<\/p>\n<p>\u00f6yle k\u0131r\u0131k bakma bana<br \/>Caddeler nas\u0131l da geni\u015fliyor<br \/>sana bunu s\u00f6yleyecektim<br \/>Bileyli bir makas vard\u0131 yan\u0131mda<br \/>sana bunu s\u00f6yleyecektim<br \/>Hadi kes b\u00fcy\u00fcyen t\u0131rnaklar\u0131ndaki kiri<br \/>sana bunu&#8230;<br \/>Oyy nas\u0131l s\u00f6yleyebilirim<br \/>deliren sevdam\u0131z\u0131n k\u0131srak huyunu<\/p>\n<p>Elimi tut<br \/>tuttururlar, o kadar\u0131na izin verirler<br \/>kahreden bir ayr\u0131l\u0131\u011f\u0131n \u00e7\u0131lg\u0131nl\u0131\u011f\u0131 de\u011fil bu<br \/>Bir isyan\u0131n kelep\u00e7ele\u015fmi\u015f resmidir parmaklar\u0131m\u0131z<\/p>\n<p>sen i\u00e7erde<br \/>Ben d\u0131\u015farda&#8230;<br \/>Oyyy mahpusluk mahpusluk&#8230;<\/p>\n<p>ARKADA\u015e Z.\u00d6ZGER<\/p>\n","protected":false},"excerpt":{"rendered":"<p>\u00a0 G\u00f6\u011f\u00fc kucaklay\u0131p getirdim sanakokla a\u00e7\u0131l\u0131rs\u0131n solmu\u015fsunbenzin sararm\u0131\u015fyorgun bir i\u015f\u00e7inin y\u00fcz\u00fcne\u00a0 benziyor y\u00fcz\u00fcn\u00f6yle b\u00fck\u00fck bakma bana \u00e7am kolonyas\u0131 getirdim sanakentli da\u011fl\u0131lar\u0131n hakl\u0131 sevdas\u0131n\u0131bolu ormanlar\u0131ndan \u00e7arpan bir kokusanki k\u00f6ro\u011flunun ter kokusuaman kokusu, billah kokusucanlar\u0131m, can\u0131m benim \u00fczme kendini bu kadarsana umudu \u00f6\u011fretmeyenlerin su\u00e7u mu varbak yery\u00fcz\u00fc ne kadar geni\u015fne kadar dar Dur ak\u0131tma g\u00f6nl\u00fcm ya\u015f\u0131n\u0131g\u00f6z\u00fcnden \u00f6pecek [&hellip;]<\/p>\n","protected":false},"author":1,"featured_media":0,"comment_status":"open","ping_status":"open","sticky":false,"template":"","format":"standard","meta":{"footnotes":""},"categories":[5],"tags":[],"class_list":{"0":"post-245","1":"post","2":"type-post","3":"status-publish","4":"format-standard","6":"category-arkadas-z-ozger"},"yoast_head":"<!-- This site is optimized with the Yoast SEO Premium plugin v24.9 (Yoast SEO v24.9) - https:\/\/yoast.com\/wordpress\/plugins\/seo\/ -->\n<title>SEVDADIR - narteks.net<\/title>\n<meta name=\"robots\" content=\"index, follow, max-snippet:-1, max-image-preview:large, max-video-preview:-1\" \/>\n<link rel=\"canonical\" href=\"https:\/\/narteks.net\/index.php\/2009\/02\/27\/sevdadir\/\" \/>\n<meta property=\"og:locale\" content=\"tr_TR\" \/>\n<meta property=\"og:type\" content=\"article\" \/>\n<meta property=\"og:title\" content=\"SEVDADIR\" \/>\n<meta property=\"og:description\" content=\"\u00a0 G\u00f6\u011f\u00fc kucaklay\u0131p getirdim sanakokla a\u00e7\u0131l\u0131rs\u0131n solmu\u015fsunbenzin sararm\u0131\u015fyorgun bir i\u015f\u00e7inin y\u00fcz\u00fcne\u00a0 benziyor y\u00fcz\u00fcn\u00f6yle b\u00fck\u00fck bakma bana \u00e7am kolonyas\u0131 getirdim sanakentli da\u011fl\u0131lar\u0131n hakl\u0131 sevdas\u0131n\u0131bolu ormanlar\u0131ndan \u00e7arpan bir kokusanki k\u00f6ro\u011flunun ter kokusuaman kokusu, billah kokusucanlar\u0131m, can\u0131m benim \u00fczme kendini bu kadarsana umudu \u00f6\u011fretmeyenlerin su\u00e7u mu varbak yery\u00fcz\u00fc ne kadar geni\u015fne kadar dar Dur ak\u0131tma g\u00f6nl\u00fcm ya\u015f\u0131n\u0131g\u00f6z\u00fcnden \u00f6pecek [&hellip;]\" \/>\n<meta property=\"og:url\" content=\"https:\/\/narteks.net\/index.php\/2009\/02\/27\/sevdadir\/\" \/>\n<meta property=\"og:site_name\" content=\"narteks.net\" \/>\n<meta property=\"article:published_time\" content=\"2009-02-27T14:59:32+00:00\" \/>\n<meta property=\"og:image\" content=\"https:\/\/narteks.net\/wp-content\/uploads\/narteks.png\" \/>\n\t<meta property=\"og:image:width\" content=\"300\" \/>\n\t<meta property=\"og:image:height\" content=\"90\" \/>\n\t<meta property=\"og:image:type\" content=\"image\/png\" \/>\n<meta name=\"author\" content=\"Tar\u0131k\" \/>\n<meta name=\"twitter:card\" content=\"summary_large_image\" \/>\n<meta name=\"twitter:creator\" content=\"@narteks\" \/>\n<meta name=\"twitter:site\" content=\"@narteks\" \/>\n<meta name=\"twitter:label1\" content=\"Yazan:\" \/>\n\t<meta name=\"twitter:data1\" content=\"Tar\u0131k\" \/>\n\t<meta name=\"twitter:label2\" content=\"Tahmini okuma s\u00fcresi\" \/>\n\t<meta name=\"twitter:data2\" content=\"1 dakika\" \/>\n<script type=\"application\/ld+json\" class=\"yoast-schema-graph\">{\"@context\":\"https:\/\/schema.org\",\"@graph\":[{\"@type\":\"Article\",\"@id\":\"https:\/\/narteks.net\/index.php\/2009\/02\/27\/sevdadir\/#article\",\"isPartOf\":{\"@id\":\"https:\/\/narteks.net\/index.php\/2009\/02\/27\/sevdadir\/\"},\"author\":{\"name\":\"Tar\u0131k\",\"@id\":\"https:\/\/narteks.net\/#\/schema\/person\/61f37d9834294b72d31d274e7ed79bca\"},\"headline\":\"SEVDADIR\",\"datePublished\":\"2009-02-27T14:59:32+00:00\",\"mainEntityOfPage\":{\"@id\":\"https:\/\/narteks.net\/index.php\/2009\/02\/27\/sevdadir\/\"},\"wordCount\":236,\"commentCount\":0,\"publisher\":{\"@id\":\"https:\/\/narteks.net\/#organization\"},\"articleSection\":[\"Arkada\u015f Z. \u00d6ZGER\"],\"inLanguage\":\"tr\",\"potentialAction\":[{\"@type\":\"CommentAction\",\"name\":\"Comment\",\"target\":[\"https:\/\/narteks.net\/index.php\/2009\/02\/27\/sevdadir\/#respond\"]}]},{\"@type\":\"WebPage\",\"@id\":\"https:\/\/narteks.net\/index.php\/2009\/02\/27\/sevdadir\/\",\"url\":\"https:\/\/narteks.net\/index.php\/2009\/02\/27\/sevdadir\/\",\"name\":\"SEVDADIR - narteks.net\",\"isPartOf\":{\"@id\":\"https:\/\/narteks.net\/#website\"},\"datePublished\":\"2009-02-27T14:59:32+00:00\",\"breadcrumb\":{\"@id\":\"https:\/\/narteks.net\/index.php\/2009\/02\/27\/sevdadir\/#breadcrumb\"},\"inLanguage\":\"tr\",\"potentialAction\":[{\"@type\":\"ReadAction\",\"target\":[\"https:\/\/narteks.net\/index.php\/2009\/02\/27\/sevdadir\/\"]}]},{\"@type\":\"BreadcrumbList\",\"@id\":\"https:\/\/narteks.net\/index.php\/2009\/02\/27\/sevdadir\/#breadcrumb\",\"itemListElement\":[{\"@type\":\"ListItem\",\"position\":1,\"name\":\"Anasayfa\",\"item\":\"https:\/\/narteks.net\/\"},{\"@type\":\"ListItem\",\"position\":2,\"name\":\"SEVDADIR\"}]},{\"@type\":\"WebSite\",\"@id\":\"https:\/\/narteks.net\/#website\",\"url\":\"https:\/\/narteks.net\/\",\"name\":\"narteks.net\",\"description\":\"K\u00fclt\u00fcr Sanat Edebiyat Felsefe\",\"publisher\":{\"@id\":\"https:\/\/narteks.net\/#organization\"},\"alternateName\":\"K\u00fclt\u00fcr Sanat Edebiyat Felsefe\",\"potentialAction\":[{\"@type\":\"SearchAction\",\"target\":{\"@type\":\"EntryPoint\",\"urlTemplate\":\"https:\/\/narteks.net\/?s={search_term_string}\"},\"query-input\":{\"@type\":\"PropertyValueSpecification\",\"valueRequired\":true,\"valueName\":\"search_term_string\"}}],\"inLanguage\":\"tr\"},{\"@type\":\"Organization\",\"@id\":\"https:\/\/narteks.net\/#organization\",\"name\":\"narteks.net\",\"url\":\"https:\/\/narteks.net\/\",\"logo\":{\"@type\":\"ImageObject\",\"inLanguage\":\"tr\",\"@id\":\"https:\/\/narteks.net\/#\/schema\/logo\/image\/\",\"url\":\"https:\/\/narteks.net\/wp-content\/uploads\/narteks.png\",\"contentUrl\":\"https:\/\/narteks.net\/wp-content\/uploads\/narteks.png\",\"width\":300,\"height\":90,\"caption\":\"narteks.net\"},\"image\":{\"@id\":\"https:\/\/narteks.net\/#\/schema\/logo\/image\/\"},\"sameAs\":[\"https:\/\/x.com\/narteks\",\"https:\/\/instagram.com\/narteksnet\"]},{\"@type\":\"Person\",\"@id\":\"https:\/\/narteks.net\/#\/schema\/person\/61f37d9834294b72d31d274e7ed79bca\",\"name\":\"Tar\u0131k\",\"image\":{\"@type\":\"ImageObject\",\"inLanguage\":\"tr\",\"@id\":\"https:\/\/narteks.net\/#\/schema\/person\/image\/\",\"url\":\"https:\/\/secure.gravatar.com\/avatar\/50865afb55632c4ae467e0af0930f6510aa2297d8014be502a55b14f3b7550cf?s=96&d=mm&r=g\",\"contentUrl\":\"https:\/\/secure.gravatar.com\/avatar\/50865afb55632c4ae467e0af0930f6510aa2297d8014be502a55b14f3b7550cf?s=96&d=mm&r=g\",\"caption\":\"Tar\u0131k\"},\"sameAs\":[\"http:\/\/narteks.net\"],\"url\":\"https:\/\/narteks.net\/index.php\/author\/narbak\/\"}]}<\/script>\n<!-- \/ Yoast SEO Premium plugin. -->","yoast_head_json":{"title":"SEVDADIR - narteks.net","robots":{"index":"index","follow":"follow","max-snippet":"max-snippet:-1","max-image-preview":"max-image-preview:large","max-video-preview":"max-video-preview:-1"},"canonical":"https:\/\/narteks.net\/index.php\/2009\/02\/27\/sevdadir\/","og_locale":"tr_TR","og_type":"article","og_title":"SEVDADIR","og_description":"\u00a0 G\u00f6\u011f\u00fc kucaklay\u0131p getirdim sanakokla a\u00e7\u0131l\u0131rs\u0131n solmu\u015fsunbenzin sararm\u0131\u015fyorgun bir i\u015f\u00e7inin y\u00fcz\u00fcne\u00a0 benziyor y\u00fcz\u00fcn\u00f6yle b\u00fck\u00fck bakma bana \u00e7am kolonyas\u0131 getirdim sanakentli da\u011fl\u0131lar\u0131n hakl\u0131 sevdas\u0131n\u0131bolu ormanlar\u0131ndan \u00e7arpan bir kokusanki k\u00f6ro\u011flunun ter kokusuaman kokusu, billah kokusucanlar\u0131m, can\u0131m benim \u00fczme kendini bu kadarsana umudu \u00f6\u011fretmeyenlerin su\u00e7u mu varbak yery\u00fcz\u00fc ne kadar geni\u015fne kadar dar Dur ak\u0131tma g\u00f6nl\u00fcm ya\u015f\u0131n\u0131g\u00f6z\u00fcnden \u00f6pecek [&hellip;]","og_url":"https:\/\/narteks.net\/index.php\/2009\/02\/27\/sevdadir\/","og_site_name":"narteks.net","article_published_time":"2009-02-27T14:59:32+00:00","og_image":[{"width":300,"height":90,"url":"https:\/\/narteks.net\/wp-content\/uploads\/narteks.png","type":"image\/png"}],"author":"Tar\u0131k","twitter_card":"summary_large_image","twitter_creator":"@narteks","twitter_site":"@narteks","twitter_misc":{"Yazan:":"Tar\u0131k","Tahmini okuma s\u00fcresi":"1 dakika"},"schema":{"@context":"https:\/\/schema.org","@graph":[{"@type":"Article","@id":"https:\/\/narteks.net\/index.php\/2009\/02\/27\/sevdadir\/#article","isPartOf":{"@id":"https:\/\/narteks.net\/index.php\/2009\/02\/27\/sevdadir\/"},"author":{"name":"Tar\u0131k","@id":"https:\/\/narteks.net\/#\/schema\/person\/61f37d9834294b72d31d274e7ed79bca"},"headline":"SEVDADIR","datePublished":"2009-02-27T14:59:32+00:00","mainEntityOfPage":{"@id":"https:\/\/narteks.net\/index.php\/2009\/02\/27\/sevdadir\/"},"wordCount":236,"commentCount":0,"publisher":{"@id":"https:\/\/narteks.net\/#organization"},"articleSection":["Arkada\u015f Z. \u00d6ZGER"],"inLanguage":"tr","potentialAction":[{"@type":"CommentAction","name":"Comment","target":["https:\/\/narteks.net\/index.php\/2009\/02\/27\/sevdadir\/#respond"]}]},{"@type":"WebPage","@id":"https:\/\/narteks.net\/index.php\/2009\/02\/27\/sevdadir\/","url":"https:\/\/narteks.net\/index.php\/2009\/02\/27\/sevdadir\/","name":"SEVDADIR - narteks.net","isPartOf":{"@id":"https:\/\/narteks.net\/#website"},"datePublished":"2009-02-27T14:59:32+00:00","breadcrumb":{"@id":"https:\/\/narteks.net\/index.php\/2009\/02\/27\/sevdadir\/#breadcrumb"},"inLanguage":"tr","potentialAction":[{"@type":"ReadAction","target":["https:\/\/narteks.net\/index.php\/2009\/02\/27\/sevdadir\/"]}]},{"@type":"BreadcrumbList","@id":"https:\/\/narteks.net\/index.php\/2009\/02\/27\/sevdadir\/#breadcrumb","itemListElement":[{"@type":"ListItem","position":1,"name":"Anasayfa","item":"https:\/\/narteks.net\/"},{"@type":"ListItem","position":2,"name":"SEVDADIR"}]},{"@type":"WebSite","@id":"https:\/\/narteks.net\/#website","url":"https:\/\/narteks.net\/","name":"narteks.net","description":"K\u00fclt\u00fcr Sanat Edebiyat Felsefe","publisher":{"@id":"https:\/\/narteks.net\/#organization"},"alternateName":"K\u00fclt\u00fcr Sanat Edebiyat Felsefe","potentialAction":[{"@type":"SearchAction","target":{"@type":"EntryPoint","urlTemplate":"https:\/\/narteks.net\/?s={search_term_string}"},"query-input":{"@type":"PropertyValueSpecification","valueRequired":true,"valueName":"search_term_string"}}],"inLanguage":"tr"},{"@type":"Organization","@id":"https:\/\/narteks.net\/#organization","name":"narteks.net","url":"https:\/\/narteks.net\/","logo":{"@type":"ImageObject","inLanguage":"tr","@id":"https:\/\/narteks.net\/#\/schema\/logo\/image\/","url":"https:\/\/narteks.net\/wp-content\/uploads\/narteks.png","contentUrl":"https:\/\/narteks.net\/wp-content\/uploads\/narteks.png","width":300,"height":90,"caption":"narteks.net"},"image":{"@id":"https:\/\/narteks.net\/#\/schema\/logo\/image\/"},"sameAs":["https:\/\/x.com\/narteks","https:\/\/instagram.com\/narteksnet"]},{"@type":"Person","@id":"https:\/\/narteks.net\/#\/schema\/person\/61f37d9834294b72d31d274e7ed79bca","name":"Tar\u0131k","image":{"@type":"ImageObject","inLanguage":"tr","@id":"https:\/\/narteks.net\/#\/schema\/person\/image\/","url":"https:\/\/secure.gravatar.com\/avatar\/50865afb55632c4ae467e0af0930f6510aa2297d8014be502a55b14f3b7550cf?s=96&d=mm&r=g","contentUrl":"https:\/\/secure.gravatar.com\/avatar\/50865afb55632c4ae467e0af0930f6510aa2297d8014be502a55b14f3b7550cf?s=96&d=mm&r=g","caption":"Tar\u0131k"},"sameAs":["http:\/\/narteks.net"],"url":"https:\/\/narteks.net\/index.php\/author\/narbak\/"}]}},"_links":{"self":[{"href":"https:\/\/narteks.net\/index.php\/wp-json\/wp\/v2\/posts\/245","targetHints":{"allow":["GET"]}}],"collection":[{"href":"https:\/\/narteks.net\/index.php\/wp-json\/wp\/v2\/posts"}],"about":[{"href":"https:\/\/narteks.net\/index.php\/wp-json\/wp\/v2\/types\/post"}],"author":[{"embeddable":true,"href":"https:\/\/narteks.net\/index.php\/wp-json\/wp\/v2\/users\/1"}],"replies":[{"embeddable":true,"href":"https:\/\/narteks.net\/index.php\/wp-json\/wp\/v2\/comments?post=245"}],"version-history":[{"count":0,"href":"https:\/\/narteks.net\/index.php\/wp-json\/wp\/v2\/posts\/245\/revisions"}],"wp:attachment":[{"href":"https:\/\/narteks.net\/index.php\/wp-json\/wp\/v2\/media?parent=245"}],"wp:term":[{"taxonomy":"category","embeddable":true,"href":"https:\/\/narteks.net\/index.php\/wp-json\/wp\/v2\/categories?post=245"},{"taxonomy":"post_tag","embeddable":true,"href":"https:\/\/narteks.net\/index.php\/wp-json\/wp\/v2\/tags?post=245"}],"curies":[{"name":"wp","href":"https:\/\/api.w.org\/{rel}","templated":true}]}}