{"id":2460,"date":"2009-12-05T15:37:00","date_gmt":"2009-12-05T12:37:00","guid":{"rendered":"http:\/\/localhost\/wordpress\/2009\/12\/05\/cok-yasasin-sayilar-dan\/"},"modified":"2009-12-05T15:37:00","modified_gmt":"2009-12-05T12:37:00","slug":"cok-yasasin-sayilar-dan","status":"publish","type":"post","link":"https:\/\/narteks.net\/index.php\/2009\/12\/05\/cok-yasasin-sayilar-dan\/","title":{"rendered":"\u00c7OK YA\u015eASIN SAYILAR&#8217;DAN"},"content":{"rendered":"<p>\u00a0<\/p>\n<p>3&#8217;d\u00fcr say\u0131lar\u0131n en g\u00fczeli.<br \/>Bi\u00e7imler bi\u00e7imi.<br \/>Hi\u00e7birine de benzemez.<br \/>Bir<br \/> daire<br \/> \u00e7iziyor<br \/> gibidir<br \/> ama<\/p>\n<p>(alttan alta yat\u0131k iki a\u00e7\u0131 da diyebiliriz)<\/p>\n<p>iki \u00e7engel de<br \/>(gene <br \/>alttan<br \/>alta.)<br \/> As\u0131l da iki yar\u0131m dairedir: Dikey.<br \/> (Dikeyin<br \/> g\u00fczelli\u011fini<br \/> d\u00fc\u015f\u00fcn\u00fcn!)<\/p>\n<p>3&#8217;\u00fcn g\u00fczelli\u011fi salt bi\u00e7imden de gelmez: esrik do\u011fmu\u015ftur.<br \/>Uzaktan da olsa etik\u00e7i (etik \u015feylerin sorunu de\u011fildir) oldu\u011funu da s\u00f6yleyebiliriz.<br \/>Hazc\u0131 bir etik\u00e7i. Kayna\u011f\u0131n\u0131 aramaya \u00e7\u0131km\u0131\u015f gibidir sevincin.<br \/>Hi\u00e7 mi hi\u00e7 asmam\u0131\u015ft\u0131r y\u00fcz\u00fcn\u00fc.<br \/>Hem say\u0131lar i\u00e7inde yaln\u0131z 3&#8217;\u00fcn can\u0131ndan s\u00f6z edilebilir belki de.<\/p>\n<p> &#8216;SAYILARIN CANI YOKTUR&#8217;<\/p>\n<p>sonra da, g\u00fczel huyludur 3. Bu da yetmelidir bize.<br \/>Ama say\u0131lar\u0131n gizli tarih\u00e7isi sevgi Borges&#8217;e yetmez bu.<br \/>3&#8217;e 1&#8217;i de katarak 3 i\u00e7in \u00f6zel bir varl\u0131k k\u00fct\u00fc\u011f\u00fc de bi\u00e7ecektir.<br \/>Varl\u0131k tutkunu Eskimolar da 3&#8217;\u00fc belki de bu y\u00fczden severler.<br \/>Eskimo dilinde \u00fc\u00e7ten \u00e7o\u011fu yoktur, yaln\u0131zca koca bir<\/p>\n<p> \u00c7OK<\/p>\n<p>vard\u0131r.<br \/>Her \u015fey \u00fc\u00e7 ile ve \u00e7ok&#8217;la biter.<br \/>D\u00fcnya da 3 ile anlat\u0131l\u0131r.<br \/>3 gelecektir hem.<\/p>\n<p>B\u00fcy\u00fck uzakl\u0131k!<br \/>(Hem 3&#8217;le \u00f6\u011frenmedik mi biz uzakl\u0131\u011f\u0131?)<\/p>\n<p> \u00e7ok ya\u015fas\u0131n say\u0131lar<\/p>\n","protected":false},"excerpt":{"rendered":"<p>\u00a0 3&#8217;d\u00fcr say\u0131lar\u0131n en g\u00fczeli.Bi\u00e7imler bi\u00e7imi.Hi\u00e7birine de benzemez.Bir daire \u00e7iziyor gibidir ama (alttan alta yat\u0131k iki a\u00e7\u0131 da diyebiliriz) iki \u00e7engel de(gene alttanalta.) As\u0131l da iki yar\u0131m dairedir: Dikey. (Dikeyin g\u00fczelli\u011fini d\u00fc\u015f\u00fcn\u00fcn!) 3&#8217;\u00fcn g\u00fczelli\u011fi salt bi\u00e7imden de gelmez: esrik do\u011fmu\u015ftur.Uzaktan da olsa etik\u00e7i (etik \u015feylerin sorunu de\u011fildir) oldu\u011funu da s\u00f6yleyebiliriz.Hazc\u0131 bir etik\u00e7i. Kayna\u011f\u0131n\u0131 aramaya \u00e7\u0131km\u0131\u015f [&hellip;]<\/p>\n","protected":false},"author":1,"featured_media":0,"comment_status":"open","ping_status":"open","sticky":false,"template":"","format":"standard","meta":{"footnotes":""},"categories":[89],"tags":[],"class_list":{"0":"post-2460","1":"post","2":"type-post","3":"status-publish","4":"format-standard","6":"category-ilhan-berk"},"yoast_head":"<!-- This site is optimized with the Yoast SEO Premium plugin v24.9 (Yoast SEO v24.9) - https:\/\/yoast.com\/wordpress\/plugins\/seo\/ -->\n<title>\u00c7OK YA\u015eASIN SAYILAR&#039;DAN - narteks.net<\/title>\n<meta name=\"robots\" content=\"index, follow, max-snippet:-1, max-image-preview:large, max-video-preview:-1\" \/>\n<link rel=\"canonical\" href=\"https:\/\/narteks.net\/index.php\/2009\/12\/05\/cok-yasasin-sayilar-dan\/\" \/>\n<meta property=\"og:locale\" content=\"tr_TR\" \/>\n<meta property=\"og:type\" content=\"article\" \/>\n<meta property=\"og:title\" content=\"\u00c7OK YA\u015eASIN SAYILAR&#039;DAN\" \/>\n<meta property=\"og:description\" content=\"\u00a0 3&#8217;d\u00fcr say\u0131lar\u0131n en g\u00fczeli.Bi\u00e7imler bi\u00e7imi.Hi\u00e7birine de benzemez.Bir daire \u00e7iziyor gibidir ama (alttan alta yat\u0131k iki a\u00e7\u0131 da diyebiliriz) iki \u00e7engel de(gene alttanalta.) As\u0131l da iki yar\u0131m dairedir: Dikey. (Dikeyin g\u00fczelli\u011fini d\u00fc\u015f\u00fcn\u00fcn!) 3&#8217;\u00fcn g\u00fczelli\u011fi salt bi\u00e7imden de gelmez: esrik do\u011fmu\u015ftur.Uzaktan da olsa etik\u00e7i (etik \u015feylerin sorunu de\u011fildir) oldu\u011funu da s\u00f6yleyebiliriz.Hazc\u0131 bir etik\u00e7i. Kayna\u011f\u0131n\u0131 aramaya \u00e7\u0131km\u0131\u015f [&hellip;]\" \/>\n<meta property=\"og:url\" content=\"https:\/\/narteks.net\/index.php\/2009\/12\/05\/cok-yasasin-sayilar-dan\/\" \/>\n<meta property=\"og:site_name\" content=\"narteks.net\" \/>\n<meta property=\"article:published_time\" content=\"2009-12-05T12:37:00+00:00\" \/>\n<meta property=\"og:image\" content=\"https:\/\/narteks.net\/wp-content\/uploads\/narteks.png\" \/>\n\t<meta property=\"og:image:width\" content=\"300\" \/>\n\t<meta property=\"og:image:height\" content=\"90\" \/>\n\t<meta property=\"og:image:type\" content=\"image\/png\" \/>\n<meta name=\"author\" content=\"Tar\u0131k\" \/>\n<meta name=\"twitter:card\" content=\"summary_large_image\" \/>\n<meta name=\"twitter:creator\" content=\"@narteks\" \/>\n<meta name=\"twitter:site\" content=\"@narteks\" \/>\n<meta name=\"twitter:label1\" content=\"Yazan:\" \/>\n\t<meta name=\"twitter:data1\" content=\"Tar\u0131k\" \/>\n\t<meta name=\"twitter:label2\" content=\"Tahmini okuma s\u00fcresi\" \/>\n\t<meta name=\"twitter:data2\" content=\"1 dakika\" \/>\n<script type=\"application\/ld+json\" class=\"yoast-schema-graph\">{\"@context\":\"https:\/\/schema.org\",\"@graph\":[{\"@type\":\"Article\",\"@id\":\"https:\/\/narteks.net\/index.php\/2009\/12\/05\/cok-yasasin-sayilar-dan\/#article\",\"isPartOf\":{\"@id\":\"https:\/\/narteks.net\/index.php\/2009\/12\/05\/cok-yasasin-sayilar-dan\/\"},\"author\":{\"name\":\"Tar\u0131k\",\"@id\":\"https:\/\/narteks.net\/#\/schema\/person\/61f37d9834294b72d31d274e7ed79bca\"},\"headline\":\"\u00c7OK YA\u015eASIN SAYILAR&#8217;DAN\",\"datePublished\":\"2009-12-05T12:37:00+00:00\",\"mainEntityOfPage\":{\"@id\":\"https:\/\/narteks.net\/index.php\/2009\/12\/05\/cok-yasasin-sayilar-dan\/\"},\"wordCount\":212,\"commentCount\":0,\"publisher\":{\"@id\":\"https:\/\/narteks.net\/#organization\"},\"articleSection\":[\"\u0130lhan BERK\"],\"inLanguage\":\"tr\",\"potentialAction\":[{\"@type\":\"CommentAction\",\"name\":\"Comment\",\"target\":[\"https:\/\/narteks.net\/index.php\/2009\/12\/05\/cok-yasasin-sayilar-dan\/#respond\"]}]},{\"@type\":\"WebPage\",\"@id\":\"https:\/\/narteks.net\/index.php\/2009\/12\/05\/cok-yasasin-sayilar-dan\/\",\"url\":\"https:\/\/narteks.net\/index.php\/2009\/12\/05\/cok-yasasin-sayilar-dan\/\",\"name\":\"\u00c7OK YA\u015eASIN SAYILAR'DAN - narteks.net\",\"isPartOf\":{\"@id\":\"https:\/\/narteks.net\/#website\"},\"datePublished\":\"2009-12-05T12:37:00+00:00\",\"breadcrumb\":{\"@id\":\"https:\/\/narteks.net\/index.php\/2009\/12\/05\/cok-yasasin-sayilar-dan\/#breadcrumb\"},\"inLanguage\":\"tr\",\"potentialAction\":[{\"@type\":\"ReadAction\",\"target\":[\"https:\/\/narteks.net\/index.php\/2009\/12\/05\/cok-yasasin-sayilar-dan\/\"]}]},{\"@type\":\"BreadcrumbList\",\"@id\":\"https:\/\/narteks.net\/index.php\/2009\/12\/05\/cok-yasasin-sayilar-dan\/#breadcrumb\",\"itemListElement\":[{\"@type\":\"ListItem\",\"position\":1,\"name\":\"Anasayfa\",\"item\":\"https:\/\/narteks.net\/\"},{\"@type\":\"ListItem\",\"position\":2,\"name\":\"\u00c7OK YA\u015eASIN SAYILAR&#8217;DAN\"}]},{\"@type\":\"WebSite\",\"@id\":\"https:\/\/narteks.net\/#website\",\"url\":\"https:\/\/narteks.net\/\",\"name\":\"narteks.net\",\"description\":\"K\u00fclt\u00fcr Sanat Edebiyat Felsefe\",\"publisher\":{\"@id\":\"https:\/\/narteks.net\/#organization\"},\"alternateName\":\"K\u00fclt\u00fcr Sanat Edebiyat Felsefe\",\"potentialAction\":[{\"@type\":\"SearchAction\",\"target\":{\"@type\":\"EntryPoint\",\"urlTemplate\":\"https:\/\/narteks.net\/?s={search_term_string}\"},\"query-input\":{\"@type\":\"PropertyValueSpecification\",\"valueRequired\":true,\"valueName\":\"search_term_string\"}}],\"inLanguage\":\"tr\"},{\"@type\":\"Organization\",\"@id\":\"https:\/\/narteks.net\/#organization\",\"name\":\"narteks.net\",\"url\":\"https:\/\/narteks.net\/\",\"logo\":{\"@type\":\"ImageObject\",\"inLanguage\":\"tr\",\"@id\":\"https:\/\/narteks.net\/#\/schema\/logo\/image\/\",\"url\":\"https:\/\/narteks.net\/wp-content\/uploads\/narteks.png\",\"contentUrl\":\"https:\/\/narteks.net\/wp-content\/uploads\/narteks.png\",\"width\":300,\"height\":90,\"caption\":\"narteks.net\"},\"image\":{\"@id\":\"https:\/\/narteks.net\/#\/schema\/logo\/image\/\"},\"sameAs\":[\"https:\/\/x.com\/narteks\",\"https:\/\/instagram.com\/narteksnet\"]},{\"@type\":\"Person\",\"@id\":\"https:\/\/narteks.net\/#\/schema\/person\/61f37d9834294b72d31d274e7ed79bca\",\"name\":\"Tar\u0131k\",\"image\":{\"@type\":\"ImageObject\",\"inLanguage\":\"tr\",\"@id\":\"https:\/\/narteks.net\/#\/schema\/person\/image\/\",\"url\":\"https:\/\/secure.gravatar.com\/avatar\/50865afb55632c4ae467e0af0930f6510aa2297d8014be502a55b14f3b7550cf?s=96&d=mm&r=g\",\"contentUrl\":\"https:\/\/secure.gravatar.com\/avatar\/50865afb55632c4ae467e0af0930f6510aa2297d8014be502a55b14f3b7550cf?s=96&d=mm&r=g\",\"caption\":\"Tar\u0131k\"},\"sameAs\":[\"http:\/\/narteks.net\"],\"url\":\"https:\/\/narteks.net\/index.php\/author\/narbak\/\"}]}<\/script>\n<!-- \/ Yoast SEO Premium plugin. -->","yoast_head_json":{"title":"\u00c7OK YA\u015eASIN SAYILAR'DAN - narteks.net","robots":{"index":"index","follow":"follow","max-snippet":"max-snippet:-1","max-image-preview":"max-image-preview:large","max-video-preview":"max-video-preview:-1"},"canonical":"https:\/\/narteks.net\/index.php\/2009\/12\/05\/cok-yasasin-sayilar-dan\/","og_locale":"tr_TR","og_type":"article","og_title":"\u00c7OK YA\u015eASIN SAYILAR'DAN","og_description":"\u00a0 3&#8217;d\u00fcr say\u0131lar\u0131n en g\u00fczeli.Bi\u00e7imler bi\u00e7imi.Hi\u00e7birine de benzemez.Bir daire \u00e7iziyor gibidir ama (alttan alta yat\u0131k iki a\u00e7\u0131 da diyebiliriz) iki \u00e7engel de(gene alttanalta.) As\u0131l da iki yar\u0131m dairedir: Dikey. (Dikeyin g\u00fczelli\u011fini d\u00fc\u015f\u00fcn\u00fcn!) 3&#8217;\u00fcn g\u00fczelli\u011fi salt bi\u00e7imden de gelmez: esrik do\u011fmu\u015ftur.Uzaktan da olsa etik\u00e7i (etik \u015feylerin sorunu de\u011fildir) oldu\u011funu da s\u00f6yleyebiliriz.Hazc\u0131 bir etik\u00e7i. Kayna\u011f\u0131n\u0131 aramaya \u00e7\u0131km\u0131\u015f [&hellip;]","og_url":"https:\/\/narteks.net\/index.php\/2009\/12\/05\/cok-yasasin-sayilar-dan\/","og_site_name":"narteks.net","article_published_time":"2009-12-05T12:37:00+00:00","og_image":[{"width":300,"height":90,"url":"https:\/\/narteks.net\/wp-content\/uploads\/narteks.png","type":"image\/png"}],"author":"Tar\u0131k","twitter_card":"summary_large_image","twitter_creator":"@narteks","twitter_site":"@narteks","twitter_misc":{"Yazan:":"Tar\u0131k","Tahmini okuma s\u00fcresi":"1 dakika"},"schema":{"@context":"https:\/\/schema.org","@graph":[{"@type":"Article","@id":"https:\/\/narteks.net\/index.php\/2009\/12\/05\/cok-yasasin-sayilar-dan\/#article","isPartOf":{"@id":"https:\/\/narteks.net\/index.php\/2009\/12\/05\/cok-yasasin-sayilar-dan\/"},"author":{"name":"Tar\u0131k","@id":"https:\/\/narteks.net\/#\/schema\/person\/61f37d9834294b72d31d274e7ed79bca"},"headline":"\u00c7OK YA\u015eASIN SAYILAR&#8217;DAN","datePublished":"2009-12-05T12:37:00+00:00","mainEntityOfPage":{"@id":"https:\/\/narteks.net\/index.php\/2009\/12\/05\/cok-yasasin-sayilar-dan\/"},"wordCount":212,"commentCount":0,"publisher":{"@id":"https:\/\/narteks.net\/#organization"},"articleSection":["\u0130lhan BERK"],"inLanguage":"tr","potentialAction":[{"@type":"CommentAction","name":"Comment","target":["https:\/\/narteks.net\/index.php\/2009\/12\/05\/cok-yasasin-sayilar-dan\/#respond"]}]},{"@type":"WebPage","@id":"https:\/\/narteks.net\/index.php\/2009\/12\/05\/cok-yasasin-sayilar-dan\/","url":"https:\/\/narteks.net\/index.php\/2009\/12\/05\/cok-yasasin-sayilar-dan\/","name":"\u00c7OK YA\u015eASIN SAYILAR'DAN - narteks.net","isPartOf":{"@id":"https:\/\/narteks.net\/#website"},"datePublished":"2009-12-05T12:37:00+00:00","breadcrumb":{"@id":"https:\/\/narteks.net\/index.php\/2009\/12\/05\/cok-yasasin-sayilar-dan\/#breadcrumb"},"inLanguage":"tr","potentialAction":[{"@type":"ReadAction","target":["https:\/\/narteks.net\/index.php\/2009\/12\/05\/cok-yasasin-sayilar-dan\/"]}]},{"@type":"BreadcrumbList","@id":"https:\/\/narteks.net\/index.php\/2009\/12\/05\/cok-yasasin-sayilar-dan\/#breadcrumb","itemListElement":[{"@type":"ListItem","position":1,"name":"Anasayfa","item":"https:\/\/narteks.net\/"},{"@type":"ListItem","position":2,"name":"\u00c7OK YA\u015eASIN SAYILAR&#8217;DAN"}]},{"@type":"WebSite","@id":"https:\/\/narteks.net\/#website","url":"https:\/\/narteks.net\/","name":"narteks.net","description":"K\u00fclt\u00fcr Sanat Edebiyat Felsefe","publisher":{"@id":"https:\/\/narteks.net\/#organization"},"alternateName":"K\u00fclt\u00fcr Sanat Edebiyat Felsefe","potentialAction":[{"@type":"SearchAction","target":{"@type":"EntryPoint","urlTemplate":"https:\/\/narteks.net\/?s={search_term_string}"},"query-input":{"@type":"PropertyValueSpecification","valueRequired":true,"valueName":"search_term_string"}}],"inLanguage":"tr"},{"@type":"Organization","@id":"https:\/\/narteks.net\/#organization","name":"narteks.net","url":"https:\/\/narteks.net\/","logo":{"@type":"ImageObject","inLanguage":"tr","@id":"https:\/\/narteks.net\/#\/schema\/logo\/image\/","url":"https:\/\/narteks.net\/wp-content\/uploads\/narteks.png","contentUrl":"https:\/\/narteks.net\/wp-content\/uploads\/narteks.png","width":300,"height":90,"caption":"narteks.net"},"image":{"@id":"https:\/\/narteks.net\/#\/schema\/logo\/image\/"},"sameAs":["https:\/\/x.com\/narteks","https:\/\/instagram.com\/narteksnet"]},{"@type":"Person","@id":"https:\/\/narteks.net\/#\/schema\/person\/61f37d9834294b72d31d274e7ed79bca","name":"Tar\u0131k","image":{"@type":"ImageObject","inLanguage":"tr","@id":"https:\/\/narteks.net\/#\/schema\/person\/image\/","url":"https:\/\/secure.gravatar.com\/avatar\/50865afb55632c4ae467e0af0930f6510aa2297d8014be502a55b14f3b7550cf?s=96&d=mm&r=g","contentUrl":"https:\/\/secure.gravatar.com\/avatar\/50865afb55632c4ae467e0af0930f6510aa2297d8014be502a55b14f3b7550cf?s=96&d=mm&r=g","caption":"Tar\u0131k"},"sameAs":["http:\/\/narteks.net"],"url":"https:\/\/narteks.net\/index.php\/author\/narbak\/"}]}},"_links":{"self":[{"href":"https:\/\/narteks.net\/index.php\/wp-json\/wp\/v2\/posts\/2460","targetHints":{"allow":["GET"]}}],"collection":[{"href":"https:\/\/narteks.net\/index.php\/wp-json\/wp\/v2\/posts"}],"about":[{"href":"https:\/\/narteks.net\/index.php\/wp-json\/wp\/v2\/types\/post"}],"author":[{"embeddable":true,"href":"https:\/\/narteks.net\/index.php\/wp-json\/wp\/v2\/users\/1"}],"replies":[{"embeddable":true,"href":"https:\/\/narteks.net\/index.php\/wp-json\/wp\/v2\/comments?post=2460"}],"version-history":[{"count":0,"href":"https:\/\/narteks.net\/index.php\/wp-json\/wp\/v2\/posts\/2460\/revisions"}],"wp:attachment":[{"href":"https:\/\/narteks.net\/index.php\/wp-json\/wp\/v2\/media?parent=2460"}],"wp:term":[{"taxonomy":"category","embeddable":true,"href":"https:\/\/narteks.net\/index.php\/wp-json\/wp\/v2\/categories?post=2460"},{"taxonomy":"post_tag","embeddable":true,"href":"https:\/\/narteks.net\/index.php\/wp-json\/wp\/v2\/tags?post=2460"}],"curies":[{"name":"wp","href":"https:\/\/api.w.org\/{rel}","templated":true}]}}