{"id":2475,"date":"2009-12-05T15:56:04","date_gmt":"2009-12-05T12:56:04","guid":{"rendered":"http:\/\/localhost\/wordpress\/2009\/12\/05\/agustos-siiri\/"},"modified":"2009-12-05T15:56:04","modified_gmt":"2009-12-05T12:56:04","slug":"agustos-siiri","status":"publish","type":"post","link":"https:\/\/narteks.net\/index.php\/2009\/12\/05\/agustos-siiri\/","title":{"rendered":"AGUSTOS \u015e\u0130\u0130R\u0130"},"content":{"rendered":"<p>\u00a0<\/p>\n<p>Y\u00fcre\u011fim s\u0131zl\u0131yor bu roman iyi bitmeyecek<br \/> Beterin beteri var diyenlere inanm\u0131yorum<br \/> Hep b\u00f6yle havalar besler f\u0131rt\u0131nalar\u0131<br \/> Korkar\u0131m bu mavi \u0131\u015f\u0131k \u00e7abuk s\u00f6necek<br \/> Duymazd\u0131m durgun sular\u0131n bezgin t\u00fcrk\u00fclerini<br \/> Al\u0131\u015fmak \u00f6l\u00fcm\u00fcn bir ba\u015fka ad\u0131ym\u0131\u015f bilmezdim<br \/> Bir yang\u0131n sonu yorgunlu\u011fu yak\u0131yor avu\u00e7lar\u0131m\u0131<br \/> Bir r\u00fczgar kulaklar\u0131mdan hi\u00e7 eksilmiyor<br \/> Esirgenmi\u015f bir d\u00fcnyada m\u00fcthi\u015f yaln\u0131z\u0131m<br \/> Geri d\u00f6nsen bile ben art\u0131k o ben olmayaca\u011f\u0131m<br \/> Y\u00fcre\u011fim s\u0131zl\u0131yor bu roman iyi bitmeyecek<\/p>\n<p> Ben m\u0131sralar\u0131m\u0131 kerpi\u00e7 gecelerinden \u00e7ekmi\u015fim<br \/> Be\u015f numara lamba kaderi var m\u0131sralar\u0131mda benim<br \/> Deli \u00e7izgi g\u00f6zlerimi k\u00f6r etmi\u015f, k\u00f6r etmi\u015f, k\u00f6r etmi\u015f<br \/> G\u00f6\u00e7m\u00fc\u015f k\u0131talar \u00fcst\u00fcnde ku\u015flar d\u00f6n\u00fcyor garipsi<br \/> \u00c7\u0131\u011fl\u0131k \u00e7\u0131\u011fl\u0131\u011fa ku\u015flar d\u00f6n\u00fcyor evcil ve tedirgin<br \/> G\u00f6k mavisi bir t\u00fcrk\u00fc dolanm\u0131\u015f y\u00fcreci\u011fime<br \/> Selsele yolculuklar t\u00fct\u00fcyor g\u00f6zlerimde, neyleyim<br \/> \u0130nsan demi\u015fim, kitap y\u00fczl\u00fc insanlar demi\u015fim gidemiyorum<\/p>\n<p> Kaderim kaderleri demi\u015fim g\u00fczelim<br \/> Sen olmasan ben b\u00f6yle de\u011fildim<br \/> B\u00f6yle uysal ve k\u0131r\u0131lm\u0131\u015f de\u011fildi \u015fiirlerim<br \/> Bir yang\u0131n sonu yorgunlu\u011fu yak\u0131yor avu\u00e7lar\u0131m\u0131<br \/> Y\u00fcre\u011fim s\u0131zl\u0131yor bu roman iyi bitmeyecek<\/p>\n<p> R\u00fczgar gibi a\u011fustos ge\u00e7ti ellerimizden<br \/> Meyvalar bizi bal renkli g\u00fcnahlara \u00e7a\u011f\u0131r\u0131yorlar<br \/> Bir yanda ya\u015fanmam\u0131\u015f g\u00fcnlerin h\u0131rs\u0131<br \/> Bir yanda bo\u015fa ge\u00e7en gecelerin ac\u0131s\u0131<br \/> Malum o dram\u0131n en g\u00fczel perdesindeydik<br \/> A\u011fustos \u015farap olmu\u015f, kan\u0131m\u0131za akm\u0131\u015ft\u0131<br \/> G\u00f6\u00e7m\u00fc\u015f k\u0131talar \u00fcst\u00fcnde ku\u015flar gibiydik<br \/> Her g\u00f6ren didik didik bizi denetliyordu<br \/> Biz kendi derdimize d\u00fc\u015fm\u00fc\u015ft\u00fck<\/p>\n<p> Orda da ak\u015famlar olacak g\u00fczelim<br \/> Kanl\u0131 mendil gibi a\u011fustos ak\u015famlar\u0131<br \/> \u015eu benim \u00e7ektiklerimi g\u00f6rmeyeceksin<br \/> Belki yan\u0131nda ba\u015fkalar\u0131 olacak<br \/> Belki d\u00fc\u015flerine bile girmeyece\u011fim<br \/> G\u00fcn oldu ac\u0131lar\u0131n \u015fiirini ya\u015fad\u0131m<br \/> G\u00fcn oldu zehir gibi yoklu\u011funu ya\u015fad\u0131m<br \/> Bana sen ne diye duyurdun yaln\u0131zl\u0131\u011f\u0131m\u0131<br \/> Ne diye gurbet gibi m\u0131sralar\u0131ma sindin<br \/> Dokunsan parmaklar\u0131ma tutu\u015faca\u011f\u0131m<\/p>\n<p> Yere batan \u015fehrin tek yaln\u0131z\u0131y\u0131m<br \/> Y\u00fczy\u0131l\u0131n a\u011fr\u0131s\u0131n\u0131 anlayarak \u00e7ekiyorum<br \/> Ekme\u011fime barut sinmi\u015f bulan\u0131k \u00f6zg\u00fcrl\u00fckler<br \/> Tepmi\u015fim rahat\u0131m\u0131, boynu b\u00fck\u00fck mutlulu\u011fumu<br \/> Ya\u015f\u0131yorsam erkek\u00e7e ya\u015f\u0131yorum<\/p>\n<p> D\u00fc\u015f\u00fcn ki co\u011frafyan\u0131n en g\u00fczel yerindeyiz<br \/> En g\u00fczel g\u00fcnlerinde gen\u00e7li\u011fimizin<br \/> \u00d6l\u00fcmden \u00f6tesini akl\u0131m alm\u0131yor<br \/> Beterin beteri var diyenlere inanm\u0131yorum<br \/> \u0130stesek cenneti kurtarabiliriz<br \/> Ben bir \u0131\u015f\u0131k i\u00e7in tepmi\u015fim rahat\u0131m\u0131<br \/> Bu g\u00fcle\u00e7 y\u00fczl\u00fclerin, bu ac\u0131 t\u00fcrk\u00fclerini<br \/> Bu yoksul yerleri anlayarak seviyorum<br \/> Delicesine anlayarak g\u00fczelim<br \/> Y\u00fcre\u011fim s\u0131zl\u0131yor bu roman iyi bitmeyecek.<\/p>\n<p>Hasan H\u00fcseyin KORKMAZG\u0130L<\/p>\n","protected":false},"excerpt":{"rendered":"<p>\u00a0 Y\u00fcre\u011fim s\u0131zl\u0131yor bu roman iyi bitmeyecek Beterin beteri var diyenlere inanm\u0131yorum Hep b\u00f6yle havalar besler f\u0131rt\u0131nalar\u0131 Korkar\u0131m bu mavi \u0131\u015f\u0131k \u00e7abuk s\u00f6necek Duymazd\u0131m durgun sular\u0131n bezgin t\u00fcrk\u00fclerini Al\u0131\u015fmak \u00f6l\u00fcm\u00fcn bir ba\u015fka ad\u0131ym\u0131\u015f bilmezdim Bir yang\u0131n sonu yorgunlu\u011fu yak\u0131yor avu\u00e7lar\u0131m\u0131 Bir r\u00fczgar kulaklar\u0131mdan hi\u00e7 eksilmiyor Esirgenmi\u015f bir d\u00fcnyada m\u00fcthi\u015f yaln\u0131z\u0131m Geri d\u00f6nsen bile ben art\u0131k [&hellip;]<\/p>\n","protected":false},"author":1,"featured_media":0,"comment_status":"open","ping_status":"open","sticky":false,"template":"","format":"standard","meta":{"footnotes":""},"categories":[21],"tags":[],"class_list":{"0":"post-2475","1":"post","2":"type-post","3":"status-publish","4":"format-standard","6":"category-h-huseyin-korkmazgil"},"yoast_head":"<!-- This site is optimized with the Yoast SEO Premium plugin v24.9 (Yoast SEO v24.9) - https:\/\/yoast.com\/wordpress\/plugins\/seo\/ -->\n<title>AGUSTOS \u015e\u0130\u0130R\u0130 - narteks.net<\/title>\n<meta name=\"robots\" content=\"index, follow, max-snippet:-1, max-image-preview:large, max-video-preview:-1\" \/>\n<link rel=\"canonical\" href=\"https:\/\/narteks.net\/index.php\/2009\/12\/05\/agustos-siiri\/\" \/>\n<meta property=\"og:locale\" content=\"tr_TR\" \/>\n<meta property=\"og:type\" content=\"article\" \/>\n<meta property=\"og:title\" content=\"AGUSTOS \u015e\u0130\u0130R\u0130\" \/>\n<meta property=\"og:description\" content=\"\u00a0 Y\u00fcre\u011fim s\u0131zl\u0131yor bu roman iyi bitmeyecek Beterin beteri var diyenlere inanm\u0131yorum Hep b\u00f6yle havalar besler f\u0131rt\u0131nalar\u0131 Korkar\u0131m bu mavi \u0131\u015f\u0131k \u00e7abuk s\u00f6necek Duymazd\u0131m durgun sular\u0131n bezgin t\u00fcrk\u00fclerini Al\u0131\u015fmak \u00f6l\u00fcm\u00fcn bir ba\u015fka ad\u0131ym\u0131\u015f bilmezdim Bir yang\u0131n sonu yorgunlu\u011fu yak\u0131yor avu\u00e7lar\u0131m\u0131 Bir r\u00fczgar kulaklar\u0131mdan hi\u00e7 eksilmiyor Esirgenmi\u015f bir d\u00fcnyada m\u00fcthi\u015f yaln\u0131z\u0131m Geri d\u00f6nsen bile ben art\u0131k [&hellip;]\" \/>\n<meta property=\"og:url\" content=\"https:\/\/narteks.net\/index.php\/2009\/12\/05\/agustos-siiri\/\" \/>\n<meta property=\"og:site_name\" content=\"narteks.net\" \/>\n<meta property=\"article:published_time\" content=\"2009-12-05T12:56:04+00:00\" \/>\n<meta property=\"og:image\" content=\"https:\/\/narteks.net\/wp-content\/uploads\/narteks.png\" \/>\n\t<meta property=\"og:image:width\" content=\"300\" \/>\n\t<meta property=\"og:image:height\" content=\"90\" \/>\n\t<meta property=\"og:image:type\" content=\"image\/png\" \/>\n<meta name=\"author\" content=\"Tar\u0131k\" \/>\n<meta name=\"twitter:card\" content=\"summary_large_image\" \/>\n<meta name=\"twitter:creator\" content=\"@narteks\" \/>\n<meta name=\"twitter:site\" content=\"@narteks\" \/>\n<meta name=\"twitter:label1\" content=\"Yazan:\" \/>\n\t<meta name=\"twitter:data1\" content=\"Tar\u0131k\" \/>\n\t<meta name=\"twitter:label2\" content=\"Tahmini okuma s\u00fcresi\" \/>\n\t<meta name=\"twitter:data2\" content=\"2 dakika\" \/>\n<script type=\"application\/ld+json\" class=\"yoast-schema-graph\">{\"@context\":\"https:\/\/schema.org\",\"@graph\":[{\"@type\":\"Article\",\"@id\":\"https:\/\/narteks.net\/index.php\/2009\/12\/05\/agustos-siiri\/#article\",\"isPartOf\":{\"@id\":\"https:\/\/narteks.net\/index.php\/2009\/12\/05\/agustos-siiri\/\"},\"author\":{\"name\":\"Tar\u0131k\",\"@id\":\"https:\/\/narteks.net\/#\/schema\/person\/61f37d9834294b72d31d274e7ed79bca\"},\"headline\":\"AGUSTOS \u015e\u0130\u0130R\u0130\",\"datePublished\":\"2009-12-05T12:56:04+00:00\",\"mainEntityOfPage\":{\"@id\":\"https:\/\/narteks.net\/index.php\/2009\/12\/05\/agustos-siiri\/\"},\"wordCount\":496,\"commentCount\":0,\"publisher\":{\"@id\":\"https:\/\/narteks.net\/#organization\"},\"articleSection\":[\"H.H\u00fcseyin KORKMAZG\u0130L\"],\"inLanguage\":\"tr\",\"potentialAction\":[{\"@type\":\"CommentAction\",\"name\":\"Comment\",\"target\":[\"https:\/\/narteks.net\/index.php\/2009\/12\/05\/agustos-siiri\/#respond\"]}]},{\"@type\":\"WebPage\",\"@id\":\"https:\/\/narteks.net\/index.php\/2009\/12\/05\/agustos-siiri\/\",\"url\":\"https:\/\/narteks.net\/index.php\/2009\/12\/05\/agustos-siiri\/\",\"name\":\"AGUSTOS \u015e\u0130\u0130R\u0130 - narteks.net\",\"isPartOf\":{\"@id\":\"https:\/\/narteks.net\/#website\"},\"datePublished\":\"2009-12-05T12:56:04+00:00\",\"breadcrumb\":{\"@id\":\"https:\/\/narteks.net\/index.php\/2009\/12\/05\/agustos-siiri\/#breadcrumb\"},\"inLanguage\":\"tr\",\"potentialAction\":[{\"@type\":\"ReadAction\",\"target\":[\"https:\/\/narteks.net\/index.php\/2009\/12\/05\/agustos-siiri\/\"]}]},{\"@type\":\"BreadcrumbList\",\"@id\":\"https:\/\/narteks.net\/index.php\/2009\/12\/05\/agustos-siiri\/#breadcrumb\",\"itemListElement\":[{\"@type\":\"ListItem\",\"position\":1,\"name\":\"Anasayfa\",\"item\":\"https:\/\/narteks.net\/\"},{\"@type\":\"ListItem\",\"position\":2,\"name\":\"AGUSTOS \u015e\u0130\u0130R\u0130\"}]},{\"@type\":\"WebSite\",\"@id\":\"https:\/\/narteks.net\/#website\",\"url\":\"https:\/\/narteks.net\/\",\"name\":\"narteks.net\",\"description\":\"K\u00fclt\u00fcr Sanat Edebiyat Felsefe\",\"publisher\":{\"@id\":\"https:\/\/narteks.net\/#organization\"},\"alternateName\":\"K\u00fclt\u00fcr Sanat Edebiyat Felsefe\",\"potentialAction\":[{\"@type\":\"SearchAction\",\"target\":{\"@type\":\"EntryPoint\",\"urlTemplate\":\"https:\/\/narteks.net\/?s={search_term_string}\"},\"query-input\":{\"@type\":\"PropertyValueSpecification\",\"valueRequired\":true,\"valueName\":\"search_term_string\"}}],\"inLanguage\":\"tr\"},{\"@type\":\"Organization\",\"@id\":\"https:\/\/narteks.net\/#organization\",\"name\":\"narteks.net\",\"url\":\"https:\/\/narteks.net\/\",\"logo\":{\"@type\":\"ImageObject\",\"inLanguage\":\"tr\",\"@id\":\"https:\/\/narteks.net\/#\/schema\/logo\/image\/\",\"url\":\"https:\/\/narteks.net\/wp-content\/uploads\/narteks.png\",\"contentUrl\":\"https:\/\/narteks.net\/wp-content\/uploads\/narteks.png\",\"width\":300,\"height\":90,\"caption\":\"narteks.net\"},\"image\":{\"@id\":\"https:\/\/narteks.net\/#\/schema\/logo\/image\/\"},\"sameAs\":[\"https:\/\/x.com\/narteks\",\"https:\/\/instagram.com\/narteksnet\"]},{\"@type\":\"Person\",\"@id\":\"https:\/\/narteks.net\/#\/schema\/person\/61f37d9834294b72d31d274e7ed79bca\",\"name\":\"Tar\u0131k\",\"image\":{\"@type\":\"ImageObject\",\"inLanguage\":\"tr\",\"@id\":\"https:\/\/narteks.net\/#\/schema\/person\/image\/\",\"url\":\"https:\/\/secure.gravatar.com\/avatar\/50865afb55632c4ae467e0af0930f6510aa2297d8014be502a55b14f3b7550cf?s=96&d=mm&r=g\",\"contentUrl\":\"https:\/\/secure.gravatar.com\/avatar\/50865afb55632c4ae467e0af0930f6510aa2297d8014be502a55b14f3b7550cf?s=96&d=mm&r=g\",\"caption\":\"Tar\u0131k\"},\"sameAs\":[\"http:\/\/narteks.net\"],\"url\":\"https:\/\/narteks.net\/index.php\/author\/narbak\/\"}]}<\/script>\n<!-- \/ Yoast SEO Premium plugin. -->","yoast_head_json":{"title":"AGUSTOS \u015e\u0130\u0130R\u0130 - narteks.net","robots":{"index":"index","follow":"follow","max-snippet":"max-snippet:-1","max-image-preview":"max-image-preview:large","max-video-preview":"max-video-preview:-1"},"canonical":"https:\/\/narteks.net\/index.php\/2009\/12\/05\/agustos-siiri\/","og_locale":"tr_TR","og_type":"article","og_title":"AGUSTOS \u015e\u0130\u0130R\u0130","og_description":"\u00a0 Y\u00fcre\u011fim s\u0131zl\u0131yor bu roman iyi bitmeyecek Beterin beteri var diyenlere inanm\u0131yorum Hep b\u00f6yle havalar besler f\u0131rt\u0131nalar\u0131 Korkar\u0131m bu mavi \u0131\u015f\u0131k \u00e7abuk s\u00f6necek Duymazd\u0131m durgun sular\u0131n bezgin t\u00fcrk\u00fclerini Al\u0131\u015fmak \u00f6l\u00fcm\u00fcn bir ba\u015fka ad\u0131ym\u0131\u015f bilmezdim Bir yang\u0131n sonu yorgunlu\u011fu yak\u0131yor avu\u00e7lar\u0131m\u0131 Bir r\u00fczgar kulaklar\u0131mdan hi\u00e7 eksilmiyor Esirgenmi\u015f bir d\u00fcnyada m\u00fcthi\u015f yaln\u0131z\u0131m Geri d\u00f6nsen bile ben art\u0131k [&hellip;]","og_url":"https:\/\/narteks.net\/index.php\/2009\/12\/05\/agustos-siiri\/","og_site_name":"narteks.net","article_published_time":"2009-12-05T12:56:04+00:00","og_image":[{"width":300,"height":90,"url":"https:\/\/narteks.net\/wp-content\/uploads\/narteks.png","type":"image\/png"}],"author":"Tar\u0131k","twitter_card":"summary_large_image","twitter_creator":"@narteks","twitter_site":"@narteks","twitter_misc":{"Yazan:":"Tar\u0131k","Tahmini okuma s\u00fcresi":"2 dakika"},"schema":{"@context":"https:\/\/schema.org","@graph":[{"@type":"Article","@id":"https:\/\/narteks.net\/index.php\/2009\/12\/05\/agustos-siiri\/#article","isPartOf":{"@id":"https:\/\/narteks.net\/index.php\/2009\/12\/05\/agustos-siiri\/"},"author":{"name":"Tar\u0131k","@id":"https:\/\/narteks.net\/#\/schema\/person\/61f37d9834294b72d31d274e7ed79bca"},"headline":"AGUSTOS \u015e\u0130\u0130R\u0130","datePublished":"2009-12-05T12:56:04+00:00","mainEntityOfPage":{"@id":"https:\/\/narteks.net\/index.php\/2009\/12\/05\/agustos-siiri\/"},"wordCount":496,"commentCount":0,"publisher":{"@id":"https:\/\/narteks.net\/#organization"},"articleSection":["H.H\u00fcseyin KORKMAZG\u0130L"],"inLanguage":"tr","potentialAction":[{"@type":"CommentAction","name":"Comment","target":["https:\/\/narteks.net\/index.php\/2009\/12\/05\/agustos-siiri\/#respond"]}]},{"@type":"WebPage","@id":"https:\/\/narteks.net\/index.php\/2009\/12\/05\/agustos-siiri\/","url":"https:\/\/narteks.net\/index.php\/2009\/12\/05\/agustos-siiri\/","name":"AGUSTOS \u015e\u0130\u0130R\u0130 - narteks.net","isPartOf":{"@id":"https:\/\/narteks.net\/#website"},"datePublished":"2009-12-05T12:56:04+00:00","breadcrumb":{"@id":"https:\/\/narteks.net\/index.php\/2009\/12\/05\/agustos-siiri\/#breadcrumb"},"inLanguage":"tr","potentialAction":[{"@type":"ReadAction","target":["https:\/\/narteks.net\/index.php\/2009\/12\/05\/agustos-siiri\/"]}]},{"@type":"BreadcrumbList","@id":"https:\/\/narteks.net\/index.php\/2009\/12\/05\/agustos-siiri\/#breadcrumb","itemListElement":[{"@type":"ListItem","position":1,"name":"Anasayfa","item":"https:\/\/narteks.net\/"},{"@type":"ListItem","position":2,"name":"AGUSTOS \u015e\u0130\u0130R\u0130"}]},{"@type":"WebSite","@id":"https:\/\/narteks.net\/#website","url":"https:\/\/narteks.net\/","name":"narteks.net","description":"K\u00fclt\u00fcr Sanat Edebiyat Felsefe","publisher":{"@id":"https:\/\/narteks.net\/#organization"},"alternateName":"K\u00fclt\u00fcr Sanat Edebiyat Felsefe","potentialAction":[{"@type":"SearchAction","target":{"@type":"EntryPoint","urlTemplate":"https:\/\/narteks.net\/?s={search_term_string}"},"query-input":{"@type":"PropertyValueSpecification","valueRequired":true,"valueName":"search_term_string"}}],"inLanguage":"tr"},{"@type":"Organization","@id":"https:\/\/narteks.net\/#organization","name":"narteks.net","url":"https:\/\/narteks.net\/","logo":{"@type":"ImageObject","inLanguage":"tr","@id":"https:\/\/narteks.net\/#\/schema\/logo\/image\/","url":"https:\/\/narteks.net\/wp-content\/uploads\/narteks.png","contentUrl":"https:\/\/narteks.net\/wp-content\/uploads\/narteks.png","width":300,"height":90,"caption":"narteks.net"},"image":{"@id":"https:\/\/narteks.net\/#\/schema\/logo\/image\/"},"sameAs":["https:\/\/x.com\/narteks","https:\/\/instagram.com\/narteksnet"]},{"@type":"Person","@id":"https:\/\/narteks.net\/#\/schema\/person\/61f37d9834294b72d31d274e7ed79bca","name":"Tar\u0131k","image":{"@type":"ImageObject","inLanguage":"tr","@id":"https:\/\/narteks.net\/#\/schema\/person\/image\/","url":"https:\/\/secure.gravatar.com\/avatar\/50865afb55632c4ae467e0af0930f6510aa2297d8014be502a55b14f3b7550cf?s=96&d=mm&r=g","contentUrl":"https:\/\/secure.gravatar.com\/avatar\/50865afb55632c4ae467e0af0930f6510aa2297d8014be502a55b14f3b7550cf?s=96&d=mm&r=g","caption":"Tar\u0131k"},"sameAs":["http:\/\/narteks.net"],"url":"https:\/\/narteks.net\/index.php\/author\/narbak\/"}]}},"_links":{"self":[{"href":"https:\/\/narteks.net\/index.php\/wp-json\/wp\/v2\/posts\/2475","targetHints":{"allow":["GET"]}}],"collection":[{"href":"https:\/\/narteks.net\/index.php\/wp-json\/wp\/v2\/posts"}],"about":[{"href":"https:\/\/narteks.net\/index.php\/wp-json\/wp\/v2\/types\/post"}],"author":[{"embeddable":true,"href":"https:\/\/narteks.net\/index.php\/wp-json\/wp\/v2\/users\/1"}],"replies":[{"embeddable":true,"href":"https:\/\/narteks.net\/index.php\/wp-json\/wp\/v2\/comments?post=2475"}],"version-history":[{"count":0,"href":"https:\/\/narteks.net\/index.php\/wp-json\/wp\/v2\/posts\/2475\/revisions"}],"wp:attachment":[{"href":"https:\/\/narteks.net\/index.php\/wp-json\/wp\/v2\/media?parent=2475"}],"wp:term":[{"taxonomy":"category","embeddable":true,"href":"https:\/\/narteks.net\/index.php\/wp-json\/wp\/v2\/categories?post=2475"},{"taxonomy":"post_tag","embeddable":true,"href":"https:\/\/narteks.net\/index.php\/wp-json\/wp\/v2\/tags?post=2475"}],"curies":[{"name":"wp","href":"https:\/\/api.w.org\/{rel}","templated":true}]}}