{"id":2478,"date":"2009-12-05T15:58:07","date_gmt":"2009-12-05T12:58:07","guid":{"rendered":"http:\/\/localhost\/wordpress\/2009\/12\/05\/bakma-turac\/"},"modified":"2009-12-05T15:58:07","modified_gmt":"2009-12-05T12:58:07","slug":"bakma-turac","status":"publish","type":"post","link":"https:\/\/narteks.net\/index.php\/2009\/12\/05\/bakma-turac\/","title":{"rendered":"BAKMA TURA\u00c7"},"content":{"rendered":"<p>\u00a0<\/p>\n<p>Bakma tura\u00e7 bakma bana el gibi<br \/> Sen bu \u00c7ukurova&#8217;n\u0131n \u00f6z ku\u015fu de\u011fil misin<br \/> Ben bu \u00c7ukurova&#8217;n\u0131n \u00f6z o\u011flu de\u011fil miyim<br \/> Bakma tura\u00e7 bakma bana el gibi<\/p>\n<p> Sivas&#8217;lardan inmedim mi kar sular\u0131yla<br \/> Ekmek deyip sarmad\u0131m m\u0131 g\u00f6\u00e7\u00fcm\u00fc tura\u00e7<br \/> Bir tencere can a\u015f\u0131n\u0131 b\u00f6l\u00fc\u015fmedim mi<br \/> Bakma tura\u00e7 bakma bana el gibi<\/p>\n<p> Tunceli&#8217;den, K\u0131r\u015fehir&#8217;den, Van&#8217;dan Bitlis&#8217;ten<br \/> S\u00fcrekav\u0131 yemi\u015f\u00e7ene gelen kim ola<br \/> A\u00e7\u0131lm\u0131\u015fsa \u00c7ukurova yedivereng\u00fcl gibi<br \/> Bakma tura\u00e7 bakma bana el gibi<\/p>\n<p> Bu sele\u011fi ben vurmad\u0131m bu gelinlere<br \/> Bu k\u0131zlar\u0131 ben yakmad\u0131m b\u00f6yle ate\u015fe<br \/> Sevdalar\u0131 kara gece kirpikleri g\u00fcne\u015fli<br \/> Bakma tura\u00e7 bakma bana el gibi<\/p>\n<p> Da\u011flara, da\u011flara, da\u011flara do\u011fru<br \/> \u00c7al\u0131 \u00e7\u0131rp\u0131 s\u0131la gurbet da\u011flara do\u011fru<br \/> Sar\u0131 s\u0131cak ak cibinlik da\u011flara do\u011fru<br \/> Ordu, ordu \u00e7ekip gider ay\u00e7i\u00e7ekleri<br \/> Bakma tura\u00e7 bakma bana el gibi<\/p>\n<p> \u00dc\u00e7 etekli ak pu\u015fulu t\u00fcrk\u00fc bak\u0131\u015fl\u0131<br \/> Kad\u0131nlar y\u00fcr\u00fcyor da\u011flara do\u011fru<br \/> G\u00fclkurusu leylak moru da\u011flara do\u011fru<br \/> \u00d6zlemler, ac\u0131lar da\u011flara do\u011fru<br \/> Sivasl\u0131 m\u0131 Urfal\u0131 m\u0131 bilemem gayr\u0131<br \/> Kad\u0131nlar, kad\u0131nlar da\u011flara do\u011fru<\/p>\n<p> Bilemezler avc\u0131n\u0131n kim oldu\u011funu<br \/> Sezmi\u015fler t\u00fcfe\u011fin do\u011frultusunu<br \/> Kad\u0131nlar, kad\u0131nlar da\u011flara do\u011fru<br \/> Ac\u0131larl\u0131, umutlarl\u0131 b\u00fct\u00fcn bir anadolu<br \/> Bu s\u0131tmal\u0131 gecelere bu be\u015fikleri<br \/> Bakma tura\u00e7 bakma bana el gibi<\/p>\n<p> Ben \u00e7almad\u0131m bu davulu karaca duran \u00e7ald\u0131<br \/> Pir Sultan&#8217;\u0131 benden ald\u0131 kekli\u011fi Silifke&#8217;den<br \/> Boyas\u0131n\u0131 yaman kard\u0131 dadal&#8217;dan<br \/> Telini de yama gerdi Karacao\u011flan&#8217;dan<br \/> Vurdu mavi, vurdu y\u0131ld\u0131z, vurdu da\u011fba\u015f\u0131<br \/> Vurdu susuz kuyularda k\u0131lke\u00e7i<br \/> Turnay\u0131 benden ald\u0131 gelinci\u011fi Erzincan&#8217;dan<br \/> Vurdu ekmek, vurdu gurbet, vurdu g\u00f6\u00e7<\/p>\n<p> Ben de senin gibi yaln\u0131z\u0131m tura\u00e7<br \/> Ben de senin gibi d\u00fc\u015fman i\u00e7inde<br \/> De ki bir Karacao\u011flan, de ki bayburtlu zihni<br \/> Bakma tura\u00e7 bakma bana el gibi<\/p>\n<p>Hasan H\u00fcseyin KORKMAZG\u0130L<\/p>\n","protected":false},"excerpt":{"rendered":"<p>\u00a0 Bakma tura\u00e7 bakma bana el gibi Sen bu \u00c7ukurova&#8217;n\u0131n \u00f6z ku\u015fu de\u011fil misin Ben bu \u00c7ukurova&#8217;n\u0131n \u00f6z o\u011flu de\u011fil miyim Bakma tura\u00e7 bakma bana el gibi Sivas&#8217;lardan inmedim mi kar sular\u0131yla Ekmek deyip sarmad\u0131m m\u0131 g\u00f6\u00e7\u00fcm\u00fc tura\u00e7 Bir tencere can a\u015f\u0131n\u0131 b\u00f6l\u00fc\u015fmedim mi Bakma tura\u00e7 bakma bana el gibi Tunceli&#8217;den, K\u0131r\u015fehir&#8217;den, Van&#8217;dan Bitlis&#8217;ten S\u00fcrekav\u0131 [&hellip;]<\/p>\n","protected":false},"author":1,"featured_media":0,"comment_status":"open","ping_status":"open","sticky":false,"template":"","format":"standard","meta":{"footnotes":""},"categories":[21],"tags":[],"class_list":{"0":"post-2478","1":"post","2":"type-post","3":"status-publish","4":"format-standard","6":"category-h-huseyin-korkmazgil"},"yoast_head":"<!-- This site is optimized with the Yoast SEO Premium plugin v24.9 (Yoast SEO v24.9) - https:\/\/yoast.com\/wordpress\/plugins\/seo\/ -->\n<title>BAKMA TURA\u00c7 - narteks.net<\/title>\n<meta name=\"robots\" content=\"index, follow, max-snippet:-1, max-image-preview:large, max-video-preview:-1\" \/>\n<link rel=\"canonical\" href=\"https:\/\/narteks.net\/index.php\/2009\/12\/05\/bakma-turac\/\" \/>\n<meta property=\"og:locale\" content=\"tr_TR\" \/>\n<meta property=\"og:type\" content=\"article\" \/>\n<meta property=\"og:title\" content=\"BAKMA TURA\u00c7\" \/>\n<meta property=\"og:description\" content=\"\u00a0 Bakma tura\u00e7 bakma bana el gibi Sen bu \u00c7ukurova&#8217;n\u0131n \u00f6z ku\u015fu de\u011fil misin Ben bu \u00c7ukurova&#8217;n\u0131n \u00f6z o\u011flu de\u011fil miyim Bakma tura\u00e7 bakma bana el gibi Sivas&#8217;lardan inmedim mi kar sular\u0131yla Ekmek deyip sarmad\u0131m m\u0131 g\u00f6\u00e7\u00fcm\u00fc tura\u00e7 Bir tencere can a\u015f\u0131n\u0131 b\u00f6l\u00fc\u015fmedim mi Bakma tura\u00e7 bakma bana el gibi Tunceli&#8217;den, K\u0131r\u015fehir&#8217;den, Van&#8217;dan Bitlis&#8217;ten S\u00fcrekav\u0131 [&hellip;]\" \/>\n<meta property=\"og:url\" content=\"https:\/\/narteks.net\/index.php\/2009\/12\/05\/bakma-turac\/\" \/>\n<meta property=\"og:site_name\" content=\"narteks.net\" \/>\n<meta property=\"article:published_time\" content=\"2009-12-05T12:58:07+00:00\" \/>\n<meta property=\"og:image\" content=\"https:\/\/narteks.net\/wp-content\/uploads\/narteks.png\" \/>\n\t<meta property=\"og:image:width\" content=\"300\" \/>\n\t<meta property=\"og:image:height\" content=\"90\" \/>\n\t<meta property=\"og:image:type\" content=\"image\/png\" \/>\n<meta name=\"author\" content=\"Tar\u0131k\" \/>\n<meta name=\"twitter:card\" content=\"summary_large_image\" \/>\n<meta name=\"twitter:creator\" content=\"@narteks\" \/>\n<meta name=\"twitter:site\" content=\"@narteks\" \/>\n<meta name=\"twitter:label1\" content=\"Yazan:\" \/>\n\t<meta name=\"twitter:data1\" content=\"Tar\u0131k\" \/>\n\t<meta name=\"twitter:label2\" content=\"Tahmini okuma s\u00fcresi\" \/>\n\t<meta name=\"twitter:data2\" content=\"2 dakika\" \/>\n<script type=\"application\/ld+json\" class=\"yoast-schema-graph\">{\"@context\":\"https:\/\/schema.org\",\"@graph\":[{\"@type\":\"Article\",\"@id\":\"https:\/\/narteks.net\/index.php\/2009\/12\/05\/bakma-turac\/#article\",\"isPartOf\":{\"@id\":\"https:\/\/narteks.net\/index.php\/2009\/12\/05\/bakma-turac\/\"},\"author\":{\"name\":\"Tar\u0131k\",\"@id\":\"https:\/\/narteks.net\/#\/schema\/person\/61f37d9834294b72d31d274e7ed79bca\"},\"headline\":\"BAKMA TURA\u00c7\",\"datePublished\":\"2009-12-05T12:58:07+00:00\",\"mainEntityOfPage\":{\"@id\":\"https:\/\/narteks.net\/index.php\/2009\/12\/05\/bakma-turac\/\"},\"wordCount\":337,\"commentCount\":0,\"publisher\":{\"@id\":\"https:\/\/narteks.net\/#organization\"},\"articleSection\":[\"H.H\u00fcseyin KORKMAZG\u0130L\"],\"inLanguage\":\"tr\",\"potentialAction\":[{\"@type\":\"CommentAction\",\"name\":\"Comment\",\"target\":[\"https:\/\/narteks.net\/index.php\/2009\/12\/05\/bakma-turac\/#respond\"]}]},{\"@type\":\"WebPage\",\"@id\":\"https:\/\/narteks.net\/index.php\/2009\/12\/05\/bakma-turac\/\",\"url\":\"https:\/\/narteks.net\/index.php\/2009\/12\/05\/bakma-turac\/\",\"name\":\"BAKMA TURA\u00c7 - narteks.net\",\"isPartOf\":{\"@id\":\"https:\/\/narteks.net\/#website\"},\"datePublished\":\"2009-12-05T12:58:07+00:00\",\"breadcrumb\":{\"@id\":\"https:\/\/narteks.net\/index.php\/2009\/12\/05\/bakma-turac\/#breadcrumb\"},\"inLanguage\":\"tr\",\"potentialAction\":[{\"@type\":\"ReadAction\",\"target\":[\"https:\/\/narteks.net\/index.php\/2009\/12\/05\/bakma-turac\/\"]}]},{\"@type\":\"BreadcrumbList\",\"@id\":\"https:\/\/narteks.net\/index.php\/2009\/12\/05\/bakma-turac\/#breadcrumb\",\"itemListElement\":[{\"@type\":\"ListItem\",\"position\":1,\"name\":\"Anasayfa\",\"item\":\"https:\/\/narteks.net\/\"},{\"@type\":\"ListItem\",\"position\":2,\"name\":\"BAKMA TURA\u00c7\"}]},{\"@type\":\"WebSite\",\"@id\":\"https:\/\/narteks.net\/#website\",\"url\":\"https:\/\/narteks.net\/\",\"name\":\"narteks.net\",\"description\":\"K\u00fclt\u00fcr Sanat Edebiyat Felsefe\",\"publisher\":{\"@id\":\"https:\/\/narteks.net\/#organization\"},\"alternateName\":\"K\u00fclt\u00fcr Sanat Edebiyat Felsefe\",\"potentialAction\":[{\"@type\":\"SearchAction\",\"target\":{\"@type\":\"EntryPoint\",\"urlTemplate\":\"https:\/\/narteks.net\/?s={search_term_string}\"},\"query-input\":{\"@type\":\"PropertyValueSpecification\",\"valueRequired\":true,\"valueName\":\"search_term_string\"}}],\"inLanguage\":\"tr\"},{\"@type\":\"Organization\",\"@id\":\"https:\/\/narteks.net\/#organization\",\"name\":\"narteks.net\",\"url\":\"https:\/\/narteks.net\/\",\"logo\":{\"@type\":\"ImageObject\",\"inLanguage\":\"tr\",\"@id\":\"https:\/\/narteks.net\/#\/schema\/logo\/image\/\",\"url\":\"https:\/\/narteks.net\/wp-content\/uploads\/narteks.png\",\"contentUrl\":\"https:\/\/narteks.net\/wp-content\/uploads\/narteks.png\",\"width\":300,\"height\":90,\"caption\":\"narteks.net\"},\"image\":{\"@id\":\"https:\/\/narteks.net\/#\/schema\/logo\/image\/\"},\"sameAs\":[\"https:\/\/x.com\/narteks\",\"https:\/\/instagram.com\/narteksnet\"]},{\"@type\":\"Person\",\"@id\":\"https:\/\/narteks.net\/#\/schema\/person\/61f37d9834294b72d31d274e7ed79bca\",\"name\":\"Tar\u0131k\",\"image\":{\"@type\":\"ImageObject\",\"inLanguage\":\"tr\",\"@id\":\"https:\/\/narteks.net\/#\/schema\/person\/image\/\",\"url\":\"https:\/\/secure.gravatar.com\/avatar\/50865afb55632c4ae467e0af0930f6510aa2297d8014be502a55b14f3b7550cf?s=96&d=mm&r=g\",\"contentUrl\":\"https:\/\/secure.gravatar.com\/avatar\/50865afb55632c4ae467e0af0930f6510aa2297d8014be502a55b14f3b7550cf?s=96&d=mm&r=g\",\"caption\":\"Tar\u0131k\"},\"sameAs\":[\"http:\/\/narteks.net\"],\"url\":\"https:\/\/narteks.net\/index.php\/author\/narbak\/\"}]}<\/script>\n<!-- \/ Yoast SEO Premium plugin. -->","yoast_head_json":{"title":"BAKMA TURA\u00c7 - narteks.net","robots":{"index":"index","follow":"follow","max-snippet":"max-snippet:-1","max-image-preview":"max-image-preview:large","max-video-preview":"max-video-preview:-1"},"canonical":"https:\/\/narteks.net\/index.php\/2009\/12\/05\/bakma-turac\/","og_locale":"tr_TR","og_type":"article","og_title":"BAKMA TURA\u00c7","og_description":"\u00a0 Bakma tura\u00e7 bakma bana el gibi Sen bu \u00c7ukurova&#8217;n\u0131n \u00f6z ku\u015fu de\u011fil misin Ben bu \u00c7ukurova&#8217;n\u0131n \u00f6z o\u011flu de\u011fil miyim Bakma tura\u00e7 bakma bana el gibi Sivas&#8217;lardan inmedim mi kar sular\u0131yla Ekmek deyip sarmad\u0131m m\u0131 g\u00f6\u00e7\u00fcm\u00fc tura\u00e7 Bir tencere can a\u015f\u0131n\u0131 b\u00f6l\u00fc\u015fmedim mi Bakma tura\u00e7 bakma bana el gibi Tunceli&#8217;den, K\u0131r\u015fehir&#8217;den, Van&#8217;dan Bitlis&#8217;ten S\u00fcrekav\u0131 [&hellip;]","og_url":"https:\/\/narteks.net\/index.php\/2009\/12\/05\/bakma-turac\/","og_site_name":"narteks.net","article_published_time":"2009-12-05T12:58:07+00:00","og_image":[{"width":300,"height":90,"url":"https:\/\/narteks.net\/wp-content\/uploads\/narteks.png","type":"image\/png"}],"author":"Tar\u0131k","twitter_card":"summary_large_image","twitter_creator":"@narteks","twitter_site":"@narteks","twitter_misc":{"Yazan:":"Tar\u0131k","Tahmini okuma s\u00fcresi":"2 dakika"},"schema":{"@context":"https:\/\/schema.org","@graph":[{"@type":"Article","@id":"https:\/\/narteks.net\/index.php\/2009\/12\/05\/bakma-turac\/#article","isPartOf":{"@id":"https:\/\/narteks.net\/index.php\/2009\/12\/05\/bakma-turac\/"},"author":{"name":"Tar\u0131k","@id":"https:\/\/narteks.net\/#\/schema\/person\/61f37d9834294b72d31d274e7ed79bca"},"headline":"BAKMA TURA\u00c7","datePublished":"2009-12-05T12:58:07+00:00","mainEntityOfPage":{"@id":"https:\/\/narteks.net\/index.php\/2009\/12\/05\/bakma-turac\/"},"wordCount":337,"commentCount":0,"publisher":{"@id":"https:\/\/narteks.net\/#organization"},"articleSection":["H.H\u00fcseyin KORKMAZG\u0130L"],"inLanguage":"tr","potentialAction":[{"@type":"CommentAction","name":"Comment","target":["https:\/\/narteks.net\/index.php\/2009\/12\/05\/bakma-turac\/#respond"]}]},{"@type":"WebPage","@id":"https:\/\/narteks.net\/index.php\/2009\/12\/05\/bakma-turac\/","url":"https:\/\/narteks.net\/index.php\/2009\/12\/05\/bakma-turac\/","name":"BAKMA TURA\u00c7 - narteks.net","isPartOf":{"@id":"https:\/\/narteks.net\/#website"},"datePublished":"2009-12-05T12:58:07+00:00","breadcrumb":{"@id":"https:\/\/narteks.net\/index.php\/2009\/12\/05\/bakma-turac\/#breadcrumb"},"inLanguage":"tr","potentialAction":[{"@type":"ReadAction","target":["https:\/\/narteks.net\/index.php\/2009\/12\/05\/bakma-turac\/"]}]},{"@type":"BreadcrumbList","@id":"https:\/\/narteks.net\/index.php\/2009\/12\/05\/bakma-turac\/#breadcrumb","itemListElement":[{"@type":"ListItem","position":1,"name":"Anasayfa","item":"https:\/\/narteks.net\/"},{"@type":"ListItem","position":2,"name":"BAKMA TURA\u00c7"}]},{"@type":"WebSite","@id":"https:\/\/narteks.net\/#website","url":"https:\/\/narteks.net\/","name":"narteks.net","description":"K\u00fclt\u00fcr Sanat Edebiyat Felsefe","publisher":{"@id":"https:\/\/narteks.net\/#organization"},"alternateName":"K\u00fclt\u00fcr Sanat Edebiyat Felsefe","potentialAction":[{"@type":"SearchAction","target":{"@type":"EntryPoint","urlTemplate":"https:\/\/narteks.net\/?s={search_term_string}"},"query-input":{"@type":"PropertyValueSpecification","valueRequired":true,"valueName":"search_term_string"}}],"inLanguage":"tr"},{"@type":"Organization","@id":"https:\/\/narteks.net\/#organization","name":"narteks.net","url":"https:\/\/narteks.net\/","logo":{"@type":"ImageObject","inLanguage":"tr","@id":"https:\/\/narteks.net\/#\/schema\/logo\/image\/","url":"https:\/\/narteks.net\/wp-content\/uploads\/narteks.png","contentUrl":"https:\/\/narteks.net\/wp-content\/uploads\/narteks.png","width":300,"height":90,"caption":"narteks.net"},"image":{"@id":"https:\/\/narteks.net\/#\/schema\/logo\/image\/"},"sameAs":["https:\/\/x.com\/narteks","https:\/\/instagram.com\/narteksnet"]},{"@type":"Person","@id":"https:\/\/narteks.net\/#\/schema\/person\/61f37d9834294b72d31d274e7ed79bca","name":"Tar\u0131k","image":{"@type":"ImageObject","inLanguage":"tr","@id":"https:\/\/narteks.net\/#\/schema\/person\/image\/","url":"https:\/\/secure.gravatar.com\/avatar\/50865afb55632c4ae467e0af0930f6510aa2297d8014be502a55b14f3b7550cf?s=96&d=mm&r=g","contentUrl":"https:\/\/secure.gravatar.com\/avatar\/50865afb55632c4ae467e0af0930f6510aa2297d8014be502a55b14f3b7550cf?s=96&d=mm&r=g","caption":"Tar\u0131k"},"sameAs":["http:\/\/narteks.net"],"url":"https:\/\/narteks.net\/index.php\/author\/narbak\/"}]}},"_links":{"self":[{"href":"https:\/\/narteks.net\/index.php\/wp-json\/wp\/v2\/posts\/2478","targetHints":{"allow":["GET"]}}],"collection":[{"href":"https:\/\/narteks.net\/index.php\/wp-json\/wp\/v2\/posts"}],"about":[{"href":"https:\/\/narteks.net\/index.php\/wp-json\/wp\/v2\/types\/post"}],"author":[{"embeddable":true,"href":"https:\/\/narteks.net\/index.php\/wp-json\/wp\/v2\/users\/1"}],"replies":[{"embeddable":true,"href":"https:\/\/narteks.net\/index.php\/wp-json\/wp\/v2\/comments?post=2478"}],"version-history":[{"count":0,"href":"https:\/\/narteks.net\/index.php\/wp-json\/wp\/v2\/posts\/2478\/revisions"}],"wp:attachment":[{"href":"https:\/\/narteks.net\/index.php\/wp-json\/wp\/v2\/media?parent=2478"}],"wp:term":[{"taxonomy":"category","embeddable":true,"href":"https:\/\/narteks.net\/index.php\/wp-json\/wp\/v2\/categories?post=2478"},{"taxonomy":"post_tag","embeddable":true,"href":"https:\/\/narteks.net\/index.php\/wp-json\/wp\/v2\/tags?post=2478"}],"curies":[{"name":"wp","href":"https:\/\/api.w.org\/{rel}","templated":true}]}}