{"id":248,"date":"2009-02-27T21:16:23","date_gmt":"2009-02-27T18:16:23","guid":{"rendered":"http:\/\/localhost\/wordpress\/2009\/02\/27\/van-gogh-biyografisi-ve-eserleri\/"},"modified":"2009-02-27T21:16:23","modified_gmt":"2009-02-27T18:16:23","slug":"van-gogh-biyografisi-ve-eserleri","status":"publish","type":"post","link":"https:\/\/narteks.net\/index.php\/2009\/02\/27\/van-gogh-biyografisi-ve-eserleri\/","title":{"rendered":"Van GOGH Biyografisi ve eserleri"},"content":{"rendered":"<p style=\"text-align: justify;\"><strong><img loading=\"lazy\" decoding=\"async\" src=\"http:\/\/upload.wikimedia.org\/wikipedia\/commons\/thumb\/3\/38\/VanGogh_1887_Selbstbildnis.jpg\/220px-VanGogh_1887_Selbstbildnis.jpg\" border=\"0\" width=\"155\" height=\"205\" style=\"float: left;\" \/>Vincent Willem van Gogh<\/strong> (telaffuz: <span class=\"unicode audiolink\"><span class=\"internal\">[\u02c8v\u026ans\u025bnt v\u0251n \u02c8\u0263\u0254x]<\/span><\/span> <span class=\"metadata audiolinkinfo\">(<span class=\"extiw\">Yard\u0131m<\/span>\u00b7bilgi)<\/span>; d. 30 Mart 1853 \u2013 \u00f6. 29 Temmuz 1890), Hollandal\u0131 ard izlenimci ressam. Baz\u0131 resim ve eskizleri, d\u00fcnyan\u0131n en tan\u0131nm\u0131\u015f ve en pahal\u0131 eserleri aras\u0131nda yer al\u0131r.<\/p>\n<p style=\"text-align: justify;\">Van Gogh, gen\u00e7li\u011fini bir sanat simsarl\u0131\u011f\u0131 firmas\u0131nda \u00e7al\u0131\u015farak ge\u00e7irmi\u015f, k\u0131sa s\u00fcren bir \u00f6\u011fretmenlik deneyiminden sonra da Bel\u00e7ika&#8217;da fakir bir madenci kasabas\u0131nda misyoner olmu\u015ftur. Resim kariyerine 1880&#8217;den sonra ba\u015flam\u0131\u015ft\u0131r. Ba\u015flang\u0131\u00e7ta koyu ve kasvetli renklerle \u00e7al\u0131\u015fan Van Gogh, Paris&#8217;te tan\u0131\u015ft\u0131\u011f\u0131 izlenimcilik ve <span class=\"mw-redirect\">yeni izlenimcilik<\/span> ak\u0131mlar\u0131n\u0131n etkisiyle canl\u0131 renklere ge\u00e7mi\u015f; G\u00fcney Fransa&#8217;da ge\u00e7irdi\u011fi s\u00fcre zarf\u0131nda da bug\u00fcn yayg\u0131n olarak tan\u0131nan kendine \u00f6zg\u00fc resim tarz\u0131n\u0131 geli\u015ftirmi\u015ftir.<\/p>\n<p style=\"text-align: justify;\">Van Gogh, \u00f6mr\u00fcn\u00fcn son on y\u0131l\u0131 boyunca yakla\u015f\u0131k 900 suluboya\/ya\u011fl\u0131boya resim ve 1100 karakalem \u00e7al\u0131\u015fma \u00fcretmi\u015f, en me\u015fhur eserlerini ise \u00f6mr\u00fcn\u00fcn son iki y\u0131l\u0131nda yapm\u0131\u015ft\u0131r. 1888&#8217;de ressam Paul Gauguin ile arkada\u015fl\u0131\u011f\u0131n\u0131n bozulmas\u0131 \u00fczerine sol kula\u011f\u0131n\u0131n bir k\u0131sm\u0131n\u0131 kesmi\u015f, giderek k\u00f6t\u00fcle\u015fen ruhsal hastal\u0131\u011f\u0131 sonucunda kendini g\u00f6\u011fs\u00fcnden vurarak intihar etmi\u015ftir.<\/p>\n<p style=\"text-align: justify;\">Van Gogh, resim kariyeri boyunca karde\u015fi Theo&#8217;dan ald\u0131\u011f\u0131 maddi destek sayesinde ayakta durabilmi\u015ftir. \u0130ki karde\u015fin arkada\u015fl\u0131\u011f\u0131, 1872&#8217;den itibaren birbirlerine yazd\u0131klar\u0131 mektuplarla belgelenmi\u015ftir.<\/p>\n<p style=\"text-align: justify;\">20. y\u00fczy\u0131l sanat\u0131n\u0131 ciddi \u015fekilde etkilemi\u015f olan Van Gogh, fovistlerin ilham kaynaklar\u0131ndan biridir ve <span class=\"mw-redirect\">ekspresyonizmin<\/span> \u00f6nc\u00fclerinden kabul edilir.<\/p>\n<p>\u00a0<\/p>\n<div class=\"thumb tright\">\n<div class=\"thumbinner\" style=\"width: 242px;\"><span class=\"image\"><img loading=\"lazy\" decoding=\"async\" class=\"thumbimage\" src=\"http:\/\/upload.wikimedia.org\/wikipedia\/commons\/thumb\/6\/6b\/Vincent_van_Gogh_signature.png\/240px-Vincent_van_Gogh_signature.png\" border=\"0\" width=\"240\" height=\"98\" \/><\/span><\/p>\n<div class=\"thumbcaption\">Vincent van Gogh&#8217;un imzas\u0131<\/div>\n<\/div>\n<\/div>\n<p>\u00a0<\/p>\n<h3><span class=\"mw-headline\">Sanat simsar\u0131 ve vaiz (1869 \u2013 1881)<\/span><span class=\"editsection\" style=\"font-size: x-small; font-weight: normal; float: none; margin-left: 0px\"> <\/span><\/h3>\n<div class=\"thumb tleft\">\n<div class=\"thumbinner\" style=\"width: 182px;\"><a class=\"image\" href=\"http:\/\/tr.wikipedia.org\/wiki\/Dosya:Van_Gogh_Age_19.jpg\" title=\"On dokuz ya\u015f\u0131ndaki van Gogh (1872)\"><img loading=\"lazy\" decoding=\"async\" class=\"thumbimage\" src=\"http:\/\/upload.wikimedia.org\/wikipedia\/commons\/thumb\/b\/b4\/Van_Gogh_Age_19.jpg\/180px-Van_Gogh_Age_19.jpg\" border=\"0\" width=\"180\" height=\"158\" \/><\/a><\/p>\n<div class=\"thumbcaption\">On dokuz ya\u015f\u0131ndaki van Gogh (1872)<\/div>\n<\/div>\n<\/div>\n<p style=\"text-align: justify;\">1869&#8217;da, hen\u00fcz on be\u015f ya\u015f\u0131ndayken, amcas\u0131 Vincent (&#8220;Cent&#8221;) arac\u0131l\u0131\u011f\u0131yla Lahey&#8217;deki bir sanat simsarl\u0131\u011f\u0131 firmas\u0131nda i\u015f buldu, Ocak 1873&#8217;te firman\u0131n Br\u00fcksel ofisine ge\u00e7ti. May\u0131s 1873&#8217;te ise firma Van Gogh&#8217;u \u0130ngiltere&#8217;ye yollad\u0131. Londra&#8217;n\u0131n g\u00fcneyindeki Brixton b\u00f6lgesine yerle\u015fen Van Gogh, i\u015findeki ba\u015far\u0131s\u0131 sayesinde k\u0131sa s\u00fcrede babas\u0131ndan \u00e7ok para kazanmaya ba\u015flad\u0131. Ev sahibinin k\u0131z\u0131 Eug\u00e9nie Loyer&#8217;den ho\u015fland\u0131, fakat ona a\u00e7\u0131ld\u0131\u011f\u0131nda, k\u0131z gizlice ba\u015fka bir kirac\u0131yla ni\u015fanland\u0131\u011f\u0131n\u0131 s\u00f6yleyerek Van Gogh&#8217;u reddetti. \u0130ngiltere&#8217;de kald\u0131\u011f\u0131 s\u00fcre boyunca giderek i\u00e7ine kapanan ve dindarla\u015fan Van Gogh, 1875&#8217;te firman\u0131n Paris ofisine yolland\u0131. 1876&#8217;da ise art\u0131k sevmedi\u011fi simsarl\u0131k i\u015fini b\u0131rakarak \u0130ngiltere&#8217;ye d\u00f6nd\u00fc, ve Londra&#8217;n\u0131n g\u00fcneydo\u011fusundaki Ramsgate kasabas\u0131nda bir yat\u0131l\u0131 okulda g\u00f6n\u00fcll\u00fc \u00f6\u011fretmenlik yapmaya ba\u015flad\u0131. Okul Middlesex&#8217;e ta\u015f\u0131n\u0131nca bir s\u00fcre Isleworth&#8217;de ba\u015fka bir okulda \u00f6\u011fretmenlik yapan Van Gogh, Aral\u0131k 1876&#8217;da Hollanda&#8217;ya geri d\u00f6nd\u00fc, ve alt\u0131 ay boyunca Dordrecht&#8217;te bir kitap\u00e7\u0131 d\u00fckk\u00e2n\u0131nda \u00e7al\u0131\u015ft\u0131ktan sonra, May\u0131s 1877&#8217;de teoloji okumak amac\u0131yla Amsterdam&#8217;a ge\u00e7ti. Temmuz 1878&#8217;de bundan da vazge\u00e7erek ailesinin yan\u0131na d\u00f6nd\u00fc. Ocak 1879&#8217;da ise misyonerlik amac\u0131yla Bel\u00e7ika&#8217;da fakir bir madenci b\u00f6lgesi olan Borinage&#8217;a yerle\u015fti. Buradaki madencilerin k\u00f6t\u00fc ya\u015fam ko\u015fullar\u0131ndan etkilenen Van Gogh, onlarla daha iyi ileti\u015fim kurabilmek i\u00e7in \u00f6zellikle k\u00f6t\u00fc ko\u015fullarda ya\u015fad\u0131, yemek ve k\u0131yafetlerinin \u00e7o\u011funu i\u015f\u00e7ilere verdi, yatak yerine saman \u00fczerinde uyumaya ba\u015flad\u0131.Temmuz 1879&#8217;da, &#8220;rahiplik mesle\u011finin sayg\u0131nl\u0131\u011f\u0131n\u0131 zedeledi\u011fi&#8221; i\u00e7in kilise taraf\u0131ndan i\u015fine son verildi, ama Van Gogh bir y\u0131l daha b\u00f6lgeden ayr\u0131lmad\u0131. 1880 sonbahar\u0131nda, karde\u015fi Theo&#8217;nun tavsiyesine uyarak resimde kariyer yapmaya karar verdi ve sanat e\u011fitimi almak i\u00e7in Br\u00fcksel&#8217;e gitti. Buradaki G\u00fczel Sanatlar Okulu&#8217;na ba\u015fvurduysa da sonradan fikrini de\u011fi\u015ftirerek Nisan 1881&#8217;de Etten&#8217;e, ailesinin yan\u0131na d\u00f6nd\u00fc.<\/p>\n<p><strong><span class=\"mw-headline\">Etten, Lahey ve Drenthe (1881 \u2013 1883)<\/span><\/strong><\/p>\n<div class=\"thumb tright\">\n<div class=\"thumbinner\" style=\"width: 182px;\"><a class=\"image\" href=\"http:\/\/tr.wikipedia.org\/wiki\/Dosya:Vincent_Willem_van_Gogh_129.jpg\" title=\"Nat\u00fcrmort, Aral\u0131k 1881\"><img loading=\"lazy\" decoding=\"async\" class=\"thumbimage\" src=\"http:\/\/upload.wikimedia.org\/wikipedia\/commons\/thumb\/8\/89\/Vincent_Willem_van_Gogh_129.jpg\/180px-Vincent_Willem_van_Gogh_129.jpg\" border=\"0\" width=\"180\" height=\"123\" \/><\/a><\/p>\n<div class=\"thumbcaption\">Nat\u00fcrmort, Aral\u0131k 1881<\/div>\n<\/div>\n<\/div>\n<p style=\"text-align: justify;\">Etten&#8217;de resim sanat\u0131 \u00fczerine kitaplar okuyan ve s\u0131k s\u0131k resim yapan Van Gogh, bir taraftan da kendisinden yedi ya\u015f b\u00fcy\u00fck olan dul kuzeni Kee Vos-Stricker&#8217;den ho\u015flanmaya ba\u015flad\u0131. Kee&#8217;ye evlenme teklif etti, fakat teklifi &#8220;hay\u0131r, asla, asla&#8221; (<em>niet, nooit, nimmer<\/em>) s\u00f6zleriyle reddedildi. Bunun \u00fczerine a\u015fk\u0131n\u0131 saplant\u0131ya d\u00f6n\u00fc\u015ft\u00fcren Van Gogh, Kee kendisini g\u00f6rmeyi reddedince Kee&#8217;nin babas\u0131 (ve kendi eni\u015ftesi) Johannes Stricker&#8217;le defalarca kez g\u00f6r\u00fc\u015f\u00fcp Kee&#8217;yi istedi, ama eni\u015ftesi k\u0131z\u0131n\u0131n maddi anlamda ba\u011f\u0131ms\u0131z olmayan bir adamla evlenmesini istemiyordu. Bir keresinde Van Gogh, Kee&#8217;yi g\u00f6rebilmek i\u00e7in eni\u015ftesine bask\u0131 yaparken, elini bir mum alevi \u00fczerinde tutarak &#8220;elimi alev \u00fczerinde tutabildi\u011fim m\u00fcddet\u00e7e onu g\u00f6reyim&#8221; dedi, ama eni\u015ftesi mumu \u00fcfleyerek s\u00f6nd\u00fcrd\u00fc.Kee konusundaki \u0131srar\u0131 ve ba\u015fka sebepler y\u00fcz\u00fcnden babas\u0131yla kavga eden Van Gogh, Aral\u0131k 1881&#8217;de bir kez daha aile evinden ayr\u0131l\u0131p Lahey&#8217;e yerle\u015fti.<\/p>\n<p style=\"text-align: justify;\">Van Gogh bir s\u00fcre Lahey&#8217;li ressam <span class=\"new\">Anton Mauve<\/span>&#8216;un yan\u0131nda \u00e7al\u0131\u015ft\u0131ysa da Mauve \u00e7ok ge\u00e7meden Van Gogh&#8217;la aras\u0131na mesafe koydu. Van Gogh&#8217;a g\u00f6re bunun sebebi, kendisinin alkolik bir fahi\u015feyle ya\u015famaya ba\u015flamas\u0131yd\u0131.Van Gogh, Sien ismiyle bilinen, fakat as\u0131l ad\u0131 Clasina Maria Hoornik olan bu kad\u0131nla Ocak 1882 sonlar\u0131nda tan\u0131\u015fm\u0131\u015f, ve kad\u0131n\u0131 be\u015f ya\u015f\u0131ndaki \u00e7ocu\u011fuyla beraber kendi evine alm\u0131\u015ft\u0131. Sien Temmuz 1883&#8217;te bir erkek \u00e7ocuk do\u011furunca Van Gogh ona da bakmaya ba\u015flad\u0131. (Sien bu \u00e7ocu\u011fa Willem ismini verdi. Willem sonradan Van Gogh&#8217;un o\u011flu oldu\u011funu iddia etmi\u015fse de, tarihler bu iddiay\u0131 desteklememektedir.) Van Gogh&#8217;un Sien ile ili\u015fkisi ailesini de rahats\u0131z ediyordu, ve aile Van Gogh&#8217;a Sien&#8217;i b\u0131rakmas\u0131 y\u00f6n\u00fcnde bask\u0131 yapmaya ba\u015flad\u0131. Van Gogh \u00f6nceleri bu bask\u0131ya direndiyse de, Eyl\u00fcl 1883&#8217;te Sien ve \u00e7ocuklar\u0131n\u0131 ortada b\u0131rakarak Lahey&#8217;den ayr\u0131ld\u0131, ve alt\u0131 hafta boyunca Hollanda&#8217;n\u0131n kuzeyindeki Drenthe&#8217;de dola\u015f\u0131p resim \u00e7izerek ya\u015fad\u0131. 1883 sonlar\u0131nda ise, Nuenen&#8217;e ta\u015f\u0131nm\u0131\u015f olan ailesinin yan\u0131na d\u00f6nd\u00fc. Van Gogh, Sien ile beraber ya\u015fad\u0131\u011f\u0131 on dokuz ay boyunca, kad\u0131n\u0131n ve \u00e7ocuklar\u0131n\u0131n d\u00fczinelerce resmini \u00e7izmi\u015ftir. abrukk gabruka<\/p>\n<p><strong><span class=\"mw-headline\">Nuenen ve Anvers (Antwerpen) (1883 \u2013 1886)<\/span><\/strong><\/p>\n<div class=\"thumb tright\">\n<div class=\"thumbinner\" style=\"width: 182px;\"><a class=\"image\" href=\"http:\/\/tr.wikipedia.org\/wiki\/Dosya:Vincent_Van_Gogh_-_The_Potato_Eaters.png\" title=\"Patates Yiyenler, 1885\"><img loading=\"lazy\" decoding=\"async\" class=\"thumbimage\" src=\"http:\/\/upload.wikimedia.org\/wikipedia\/commons\/thumb\/a\/af\/Vincent_Van_Gogh_-_The_Potato_Eaters.png\/180px-Vincent_Van_Gogh_-_The_Potato_Eaters.png\" border=\"0\" width=\"180\" height=\"127\" \/><\/a><\/p>\n<div class=\"thumbcaption\"><em>Patates Yiyenler<\/em>, 1885<\/div>\n<\/div>\n<\/div>\n<p style=\"text-align: justify;\">Van Gogh, Nuenen&#8217;de kendini resme verdi. Kom\u015fular\u0131n\u0131, tarlada \u00e7al\u0131\u015fan i\u015f\u00e7ileri, kul\u00fcbelerinde k\u0131yafet dokuyan dokumac\u0131lar\u0131 \u00e7iziyordu. 1884&#8217;\u00fcn sonbahar\u0131nda, Margot Begemann adl\u0131 bir kom\u015fu k\u0131z\u0131yla ili\u015fki ya\u015famaya ba\u015flad\u0131, fakat \u00e7iftin evlenmesine iki taraf\u0131n da ailesi kar\u015f\u0131 \u00e7\u0131kt\u0131. Bunun \u00fczerine striknin i\u00e7erek intihar etmeye te\u015febb\u00fcs eden Margot&#8217;u Van Gogh hastaneye yeti\u015ftirdi.<\/p>\n<p style=\"text-align: justify;\">26 Mart 1885&#8217;te babas\u0131 bir inme sonucu hayat\u0131n\u0131 kaybedince Van Gogh derin bir yasa girdi. Ayn\u0131 s\u0131ralarda Paris&#8217;te Van Gogh&#8217;un resimleri ilgi \u00e7ekmeye ba\u015fl\u0131yordu. 1885 bahar\u0131nda Van Gogh, bug\u00fcn ilk \u00f6nemli eseri kabul edilen <em>Patates Yiyenler&#8217;<\/em>i (<em>De Aardappeleters<\/em>) bitirdi. A\u011fustos&#8217;ta ise resimleri Lahey&#8217;deki bir galeride ilk kez sergilendi. Eyl\u00fcl&#8217;de model olarak kulland\u0131\u011f\u0131 k\u0131zlardan birini hamile b\u0131rakmakla su\u00e7lan\u0131nca, kasaban\u0131n Katolik rahibi, kasabal\u0131lar\u0131n Van Gogh&#8217;a modellik yapmalar\u0131n\u0131 yasaklad\u0131.<\/p>\n<p style=\"text-align: justify;\">Van Gogh, Nuenen&#8217;de \u00e7izdi\u011fi resimlerde hep do\u011fal ve karanl\u0131k renkler kulland\u0131, daha sonraki eserlerinde a\u011f\u0131rl\u0131kl\u0131 olarak kullanaca\u011f\u0131 canl\u0131 renklerden ka\u00e7\u0131nd\u0131. Karde\u015fi Theo&#8217;ya yeteri kadar resim satamad\u0131\u011f\u0131 i\u00e7in sitem etti\u011finde, Theo Paris&#8217;te renkli izlenimci resimlerin \u00e7ok satt\u0131\u011f\u0131n\u0131, Van Gogh&#8217;un resimlerinin ise fazla karanl\u0131k bulundu\u011funu yazd\u0131. Nuenen&#8217;de ge\u00e7irdi\u011fi iki sene boyunca Van Gogh, pek \u00e7ok karakalem ve suluboya \u00e7al\u0131\u015fman\u0131n yan\u0131 s\u0131ra, 200 kadar ya\u011fl\u0131boya resim \u00fcretti.<\/p>\n<div class=\"thumb tleft\">\n<div class=\"thumbinner\" style=\"width: 182px;\"><a class=\"image\" href=\"http:\/\/tr.wikipedia.org\/wiki\/Dosya:Skull_with_a_Burning_Cigarette.jpg\" title=\"Sigara \u0130\u00e7en Kafatas\u0131, 1885\"><img loading=\"lazy\" decoding=\"async\" class=\"thumbimage\" src=\"http:\/\/upload.wikimedia.org\/wikipedia\/commons\/thumb\/8\/84\/Skull_with_a_Burning_Cigarette.jpg\/180px-Skull_with_a_Burning_Cigarette.jpg\" border=\"0\" width=\"180\" height=\"241\" \/><\/a><\/p>\n<div class=\"thumbcaption\"><em>Sigara \u0130\u00e7en Kafatas\u0131<\/em>, 1885<\/div>\n<\/div>\n<\/div>\n<p style=\"text-align: justify;\">Kas\u0131m 1885&#8217;te Anvers&#8217;e ta\u015f\u0131n\u0131p bir resim galerisinin \u00fcst kat\u0131nda ya\u015famaya ba\u015flayan Van Gogh, karde\u015fi Theo&#8217;dan gelen t\u00fcm paray\u0131 resim malzemelerine ve modellere harcay\u0131p kendi sa\u011fl\u0131\u011f\u0131n\u0131 ihmal etmeye ba\u015flad\u0131. G\u00fcnlerinin \u00e7o\u011funu ekmek, kahve ve sigarayla ge\u00e7iriyor, bir taraftan da \u00e7ok fazla <span class=\"mw-redirect\">absint<\/span> i\u00e7iyordu. Muhtemelen vitamin eksikli\u011finden di\u015fleri gev\u015feyip a\u011fr\u0131maya ba\u015flad\u0131.Ocak 1886&#8217;da Antwerpen G\u00fczel Sanatlar Okulu&#8217;na yaz\u0131ld\u0131ysa da birka\u00e7 hafta sonra, k\u00f6t\u00fcle\u015fen sa\u011fl\u0131k durumu ve akademik sanat e\u011fitimine duydu\u011fu g\u00fcvensizlik y\u00fcz\u00fcnden okuldan ayr\u0131ld\u0131. \u015eubat ay\u0131n\u0131n \u00e7o\u011funu hasta ge\u00e7irdikten sonra, Mart 1886&#8217;da Paris&#8217;e, karde\u015fi Theo&#8217;nun yan\u0131na ta\u015f\u0131nd\u0131.<\/p>\n<p style=\"text-align: justify;\">Van Gogh, Anvers&#8217;de ge\u00e7irdi\u011fi d\u00f6nemde pek \u00e7ok m\u00fcze gezip Peter Paul Rubens gibi eski ustalar\u0131n resimlerini incelemi\u015f, bu resimlerden etkilenerek paletini biraz geni\u015fletmi\u015ftir. Ayn\u0131 d\u00f6nemde, <em>ukiyo-e<\/em> ad\u0131yla bilinen <span class=\"mw-redirect\">Japon<\/span> grav\u00fcrlerine ilgi duymaya ba\u015flam\u0131\u015f ve bu tarz\u0131 kendi resimlerinde de kullanm\u0131\u015ft\u0131r.<\/p>\n<p><strong><span class=\"mw-headline\">Paris (1886 \u2013 1888)<\/span><\/strong><\/p>\n<p style=\"text-align: justify;\">Paris&#8217;te bir s\u00fcre Theo&#8217;nun <span class=\"new\">Montmartre<\/span>&#8216;daki dairesinde beraber ya\u015fayan iki karde\u015f, Haziran 1886&#8217;da <em>Rue Lepic<\/em> \u00fczerinde daha b\u00fcy\u00fck bir daireye ta\u015f\u0131nd\u0131. Bu d\u00f6nemde iki karde\u015f aras\u0131nda yaz\u0131\u015fma olmad\u0131\u011f\u0131 i\u00e7in Van Gogh&#8217;un Paris&#8217;te ge\u00e7irdi\u011fi zaman hakk\u0131nda elimizde nispeten az bilgi vard\u0131r.<\/p>\n<p style=\"text-align: justify;\">Van Gogh Paris&#8217;te bir s\u00fcre ressam Fernand Cormon&#8217;un at\u00f6lyesinde \u00e7al\u0131\u015ft\u0131, ve at\u00f6lyenin di\u011fer \u00f6\u011frencileri \u00c9mile Bernard ve Henri de Toulouse-Lautrec ile yak\u0131n arkada\u015f oldu. Paris&#8217;te hakim sanat ak\u0131mlar\u0131, izlenimcilik ve hen\u00fcz yeni filizlenmekte olan yeni izlenimcilik idi. Theo&#8217;nun galerisi, Claude Monet, Alfred Sisley, Edgar Degas ve Camille Pissarro gibi izlenimci ressamlar\u0131n eserleriyle doluydu. <span class=\"mw-redirect\">Puantilist<\/span> (noktac\u0131) stilin ustalar\u0131 Georges Seurat ve Paul Signac, \u015fehrin en \u00fcnl\u00fc ressamlar\u0131yd\u0131. Signac ile bizzat tan\u0131\u015fan Van Gogh, arkada\u015f\u0131 \u00c9mile Bernard ile beraber noktac\u0131 stili denemeye ba\u015flad\u0131. Bu stilde resimler, \u00e7ok say\u0131da ufak renk noktas\u0131n\u0131n sab\u0131rla kanvasa i\u015flenmesiyle olu\u015fturuluyordu.<\/p>\n<p style=\"text-align: justify;\">Van Gogh karde\u015flerin aras\u0131, beraber ya\u015faman\u0131n getirdi\u011fi problemler y\u00fcz\u00fcnden bir ara a\u00e7\u0131ld\u0131ysa da 1887 bahar\u0131nda tekrar d\u00fczeldi. Kas\u0131m 1887&#8217;de Van Gogh, Danimarka&#8217;dan Paris&#8217;e yeni gelmi\u015f olan ressam Paul Gauguin ile tan\u0131\u015ft\u0131 ve iki ressam baz\u0131 eserlerini de\u011fi\u015f toku\u015f ettiler. Bu arkada\u015fl\u0131k, bir y\u0131l kadar sonra dramatik bir bi\u00e7imde sona erecekti. \u015eubat 1888&#8217;de, \u015fehir hayat\u0131ndan ve Paris&#8217;in so\u011fuk k\u0131\u015flar\u0131ndan bunalan Van Gogh, g\u00fcne\u015fli G\u00fcney Fransa k\u0131y\u0131lar\u0131na do\u011fru yola koyuldu. Paris&#8217;te ge\u00e7irdi\u011fi iki y\u0131l boyunca, yakla\u015f\u0131k 200 resim \u00e7izmi\u015fti.<\/p>\n<p><strong><span class=\"mw-headline\">Arles (1888 \u2013 1889)<\/span><\/strong><\/p>\n<div class=\"thumb tleft\">\n<div class=\"thumbinner\" style=\"width: 182px;\"><a class=\"image\" href=\"http:\/\/tr.wikipedia.org\/wiki\/Dosya:Vincent_Willem_van_Gogh_128.jpg\" title=\"Ay\u00e7i\u00e7ekleri serisinden bir resim: Vazoda on iki ay\u00e7i\u00e7e\u011fi, 1888\"><img loading=\"lazy\" decoding=\"async\" class=\"thumbimage\" src=\"http:\/\/upload.wikimedia.org\/wikipedia\/commons\/thumb\/b\/b4\/Vincent_Willem_van_Gogh_128.jpg\/180px-Vincent_Willem_van_Gogh_128.jpg\" border=\"0\" width=\"180\" height=\"225\" \/><\/a><\/p>\n<div class=\"thumbcaption\"><em>Ay\u00e7i\u00e7ekleri<\/em> serisinden bir resim: <em>Vazoda on iki ay\u00e7i\u00e7e\u011fi<\/em>, 1888<\/div>\n<\/div>\n<\/div>\n<div class=\"thumb tleft\">\n<div class=\"thumbinner\" style=\"width: 252px;\"><a class=\"image\" href=\"http:\/\/tr.wikipedia.org\/wiki\/Dosya:Vincent_Van_Gogh_0014.jpg\" title=\"Arles K\u00f6pr\u00fcs\u00fc, 1888.\"><img loading=\"lazy\" decoding=\"async\" class=\"thumbimage\" src=\"http:\/\/upload.wikimedia.org\/wikipedia\/commons\/thumb\/d\/d5\/Vincent_Van_Gogh_0014.jpg\/250px-Vincent_Van_Gogh_0014.jpg\" border=\"0\" width=\"250\" height=\"187\" \/><\/a><\/p>\n<div class=\"thumbcaption\"><em>Arles K\u00f6pr\u00fcs\u00fc<\/em>, 1888.<\/div>\n<\/div>\n<\/div>\n<p style=\"text-align: justify;\">Van Gogh, G\u00fcney Fransa&#8217;daki Arles kasabas\u0131na, burada \u00fctopik bir sanat kolonisi kurma hayalleriyle yerle\u015fti. Mart ay\u0131 boyunca manzara resimleri \u00e7izdi, bu resimlerinden \u00fc\u00e7\u00fc Paris Ba\u011f\u0131ms\u0131z Ressamlar Toplulu\u011fu&#8217;nun o y\u0131lki sergisinde sergilendi. May\u0131s 1888&#8217;in ba\u015f\u0131nda, \u015eubat&#8217;tan beri kalmakta oldu\u011fu ve fazla pahal\u0131 buldu\u011fu <em>H\u00f4tel Carrel&#8217;<\/em>den \u00e7\u0131karak <em>Caf\u00e9 de la Gare<\/em> adl\u0131 ba\u015fka bir otele yerle\u015fti. Yine May\u0131s ay\u0131nda, bug\u00fcn &#8220;Sar\u0131 Ev&#8221; olarak bilinen bo\u015f evin d\u00f6rt odas\u0131n\u0131 tuttu ve at\u00f6lye olarak kullanmaya ba\u015flad\u0131. A\u011fustos ay\u0131 boyunca, bug\u00fcn <em>Ay\u00e7i\u00e7ekleri<\/em> ismiyle bilinen bir dizi vazolu ay\u00e7i\u00e7e\u011fi resmi yapt\u0131.<\/p>\n<div class=\"thumb tright\">\n<div class=\"thumbinner\" style=\"width: 182px;\"><a class=\"image\" href=\"http:\/\/tr.wikipedia.org\/wiki\/Dosya:Vincent_Willem_van_Gogh_015.jpg\" title=\"Teras Kafe, 1888\"><img loading=\"lazy\" decoding=\"async\" class=\"thumbimage\" src=\"http:\/\/upload.wikimedia.org\/wikipedia\/commons\/thumb\/7\/7e\/Vincent_Willem_van_Gogh_015.jpg\/180px-Vincent_Willem_van_Gogh_015.jpg\" border=\"0\" width=\"180\" height=\"226\" \/><\/a><\/p>\n<div class=\"thumbcaption\"><em>Teras Kafe<\/em>, 1888<\/div>\n<\/div>\n<\/div>\n<p style=\"text-align: justify;\">Eyl\u00fcl ay\u0131nda iki tane yatak sat\u0131n alarak Sar\u0131 Ev&#8217;e yerle\u015fen Van Gogh, ayn\u0131 s\u0131ralarda <em>Teras Kafe<\/em> adl\u0131 me\u015fhur eserini bitirdi. Sar\u0131 Ev&#8217;i, kurmak istedi\u011fi sanat kolonisinin merkezi olarak d\u00fc\u015f\u00fcn\u00fcyor, koloniye kat\u0131lmalar\u0131 i\u00e7in \u00e7evre kasabalarda ya\u015fayan ressamlarla (Eug\u00e8ne Boch, Dodge MacKnight gibi) g\u00f6r\u00fc\u015f\u00fcyordu. Arkada\u015f\u0131 Gauguin&#8217;i de Arles&#8217;a davet etti. Uzun s\u00fcre teredd\u00fct ettikten sonra daveti kabul eden Gauguin, Theo&#8217;nun parasal deste\u011fiyle Ekim 1888&#8217;de Arles&#8217;a geldi ve Sar\u0131 Ev&#8217;de Van Gogh&#8217;un kendisi i\u00e7in \u00f6zel olarak haz\u0131rlad\u0131\u011f\u0131 odaya yerle\u015fti.<\/p>\n<p style=\"text-align: justify;\">Gauguin ve Van Gogh, Kas\u0131m ay\u0131 boyunca beraber resim gezilerine \u00e7\u0131kt\u0131lar, de\u011fi\u015fik resim teknikleri ve anlay\u0131\u015flar\u0131 \u00fczerine uzun tart\u0131\u015fmalar yapt\u0131lar. \u0130ki ressam\u0131n da dengesiz duygusal yap\u0131s\u0131 sayesinde, resim tart\u0131\u015fmalar\u0131 giderek k\u0131z\u0131\u015fmaya ba\u015flad\u0131, bozulan havalar ve dar alanda beraber ya\u015famak ise durumu daha k\u00f6t\u00fc hale getirdi. Ruhsal sa\u011fl\u0131\u011f\u0131 bozulmaya ba\u015flayan Van Gogh, Gauguin&#8217;in kendisini terk edece\u011finden korkmaya ba\u015flad\u0131. Bu gergin durum, 23 Aral\u0131k 1888 gecesi bir krizle sonu\u00e7land\u0131. Bir kavga sonucu h\u0131\u015f\u0131mla evden \u00e7\u0131kan Gauguin&#8217;i bir s\u00fcre takip eden Van Gogh, daha sonra eve d\u00f6nd\u00fc ve kendi sol kula\u011f\u0131n\u0131n alt k\u0131sm\u0131n\u0131 kesip kopard\u0131. Kopard\u0131\u011f\u0131 par\u00e7ay\u0131 bir bez ya da k\u00e2\u011f\u0131t par\u00e7as\u0131na sar\u0131p yerel bir genelevde \u00e7al\u0131\u015fan Rachel adl\u0131 fahi\u015feye verdi.Geneleve \u00e7a\u011fr\u0131lan polisler, bayg\u0131n halde bulduklar\u0131 Van Gogh&#8217;u hastaneye kald\u0131rd\u0131lar. Olay\u0131 ertesi sabah \u00f6\u011frenen Gauguin, Theo&#8217;ya haber verdikten sonra Arles&#8217;dan ayr\u0131ld\u0131 ve bir daha Van Gogh&#8217;la g\u00f6r\u00fc\u015fmedi. Van Gogh ise kan kayb\u0131 ve ruhsal bunal\u0131m sebebiyle birka\u00e7 hafta hastanede kald\u0131.<\/p>\n<p style=\"text-align: justify;\">Ocak 1889&#8217;da hastaneden \u00e7\u0131k\u0131p Sar\u0131 Ev&#8217;e yerle\u015fen Van Gogh, <span class=\"mw-redirect\">hal\u00fcsinasyonlar<\/span> ve zehirlenme paranoyas\u0131 sebebiyle, \u015eubat ba\u015f\u0131nda hastaneye geri d\u00f6nd\u00fc. On g\u00fcn sonra hastaneden sal\u0131verildiyse de, endi\u015feli kasabal\u0131lar\u0131n bask\u0131s\u0131 sonucunda, Mart ba\u015f\u0131nda polis zoruyla tekrar hastaneye kapat\u0131ld\u0131. Nisan ay\u0131nda ise arkada\u015f\u0131 Paul Signac&#8217;\u0131n g\u00f6zetiminde evine d\u00f6nmesine izin verildi. Kasabada istenmedi\u011finin fark\u0131nda olan Van Gogh, Theo&#8217;nun tavsiyesi \u00fczerine, Arles&#8217;a 30 km uzakl\u0131kta bulunan Saint-R\u00e9my kasabas\u0131ndaki Saint-Paul-de-Mausole ak\u0131l hastanesine ge\u00e7meyi kabul etti, ve 8 May\u0131s 1889&#8217;da Arles&#8217;dan ayr\u0131ld\u0131.<\/p>\n<p><strong><span class=\"mw-headline\">Saint-R\u00e9my ve Auvers-sur-Oise (1889 \u2013 1890)<\/span><\/strong><\/p>\n<div class=\"thumb tright\">\n<div class=\"thumbinner\" style=\"width: 182px;\"><a class=\"image\" href=\"http:\/\/tr.wikipedia.org\/wiki\/Dosya:VanGogh-starry_night.jpg\" title=\"Y\u0131ld\u0131zl\u0131 Gece, 1889\"><img loading=\"lazy\" decoding=\"async\" class=\"thumbimage\" src=\"http:\/\/upload.wikimedia.org\/wikipedia\/commons\/thumb\/c\/cd\/VanGogh-starry_night.jpg\/180px-VanGogh-starry_night.jpg\" border=\"0\" width=\"180\" height=\"144\" \/><\/a><\/p>\n<div class=\"thumbcaption\"><em>Y\u0131ld\u0131zl\u0131 Gece<\/em>, 1889<\/div>\n<\/div>\n<\/div>\n<p style=\"text-align: justify;\">Van Gogh, Saint-R\u00e9my&#8217;de Dr. Th\u00e9ophile Peyron&#8217;un g\u00f6zetiminde resim yapmaya devam etti. Haziran 1889&#8217;da en bilinen eserlerinden biri olan <em>Y\u0131ld\u0131zl\u0131 Gece&#8217;<\/em>yi yapt\u0131. Temmuz ortas\u0131nda tekrar bir n\u00f6bet ge\u00e7irip boyalar\u0131n\u0131 yemeye kalk\u0131\u015f\u0131nca<sup> <\/sup>bir s\u00fcre resim yapmas\u0131na izin verilmediyse de, durumu d\u00fczelince resim yapmaya devam etti. Zaman\u0131n\u0131n \u00e7o\u011funu odas\u0131nda ge\u00e7iriyor, d\u0131\u015far\u0131ya ancak doktor g\u00f6zetiminde k\u0131sa y\u00fcr\u00fcy\u00fc\u015fler i\u00e7in \u00e7\u0131kabiliyordu. Bu y\u00fczden resim konusu bulmakta zorlan\u0131nca, <span class=\"new\">Jean-Fran\u00e7ois Millet<\/span> gibi ba\u015fka ressamlar\u0131n veya kendisinin daha \u00f6nceki eserlerinin yeni yorumlar\u0131n\u0131 \u00e7izmeye ba\u015flad\u0131. 1889 sonu ve 1890 ba\u015f\u0131nda bir dizi yeni n\u00f6bet ge\u00e7iren Van Gogh, ayn\u0131 s\u0131ralarda Paris&#8217;te \u00fcnlenmeye ba\u015flad\u0131. Ocak 1890&#8217;da <em>Mercure de France<\/em> dergisinde \u00e7\u0131kan bir yaz\u0131da, Van Gogh&#8217;dan &#8220;dahi&#8221; diye bahsediliyordu.<\/p>\n<div class=\"thumb tleft\">\n<div class=\"thumbinner\" style=\"width: 182px;\"><a class=\"image\" href=\"http:\/\/tr.wikipedia.org\/wiki\/Dosya:Portrait_of_Dr._Gachet.jpg\" title=\"Dr. Gachet'nin Portresi, 1890\"><img loading=\"lazy\" decoding=\"async\" class=\"thumbimage\" src=\"http:\/\/upload.wikimedia.org\/wikipedia\/commons\/thumb\/1\/1e\/Portrait_of_Dr._Gachet.jpg\/180px-Portrait_of_Dr._Gachet.jpg\" border=\"0\" width=\"180\" height=\"215\" \/><\/a><\/p>\n<div class=\"thumbcaption\"><em>Dr. Gachet&#8217;nin Portresi<\/em>, 1890<\/div>\n<\/div>\n<\/div>\n<p style=\"text-align: justify;\">May\u0131s 1890&#8217;da Van Gogh Saint-R\u00e9my&#8217;den ayr\u0131l\u0131p Paris yak\u0131nlar\u0131ndaki Auvers-sur-Oise&#8217;a geldi. Burada, daha \u00f6nce ruhsal problemli ressamlarla ilgilenmi\u015f olan Dr. Paul Gachet&#8217;nin g\u00f6zetiminde kalacak, karde\u015fi Theo&#8217;ya da yak\u0131n olacakt\u0131. Van Gogh&#8217;un Dr. Gachet hakk\u0131ndaki ilk yorumu &#8220;bence benden daha hasta, ya da tam benim kadar hasta diyelim&#8221; oldu. Fakat sonradan doktorla iyi ge\u00e7inmeye ba\u015flayan Van Gogh, doktorun \u00fc\u00e7 ayr\u0131 portresini \u00e7izdi. Auvers-sur-Oise&#8217;da kald\u0131\u011f\u0131 s\u00fcre boyunca kendini tamamen resme veren Van Gogh, burada ge\u00e7irdi\u011fi 70 g\u00fcnde yakla\u015f\u0131k 70 ya\u011fl\u0131boya resim \u00fcretti. Annesi ve k\u0131zkarde\u015fine yazd\u0131\u011f\u0131 son mektupta, kafas\u0131n\u0131n ge\u00e7en y\u0131la g\u00f6re \u00e7ok daha sakin ve huzurlu oldu\u011funu yazd\u0131.<\/p>\n<p style=\"text-align: justify;\">27 Temmuz 1890&#8217;da resim malzemelerini al\u0131p bir tarlaya y\u00fcr\u00fcyen Van Gogh, kendisini tabancayla g\u00f6\u011fs\u00fcnden vurdu. Sendeleyerek kald\u0131\u011f\u0131 otele d\u00f6nd\u00fc ve yata\u011f\u0131na uzand\u0131. Kanamay\u0131 farkeden otel sahibi, kasaba doktoru Mazery&#8217;yi ve Van Gogh&#8217;un doktoru Gachet&#8217;yi \u00e7a\u011f\u0131rd\u0131. Doktorlar, mermiyi \u00e7\u0131karman\u0131n \u00e7ok riskli olaca\u011f\u0131na kanaat getirip Theo&#8217;ya hemen gelmesi i\u00e7in haber yollad\u0131lar. Vincent Van Gogh, 29 Temmuz 1890 sabah\u0131 1:30 sular\u0131nda, karde\u015fi Theo&#8217;nun kollar\u0131nda \u00f6ld\u00fc, ve Auvers-sur-Oise&#8217;a g\u00f6m\u00fcld\u00fc.<\/p>\n<table class=\"cquote\" style=\"border-style: none; border-collapse: collapse; background-color: transparent\" border=\"0\" align=\"center\">\n<tbody>\n<tr>\n<td style=\"padding: 10px; color: #b2b7f2; font-size: 30px; font-family: 'Times New Roman',serif; font-weight: bold; text-align: left\" width=\"20\" valign=\"top\">\u201c<\/td>\n<td style=\"padding: 4px 10px\" valign=\"top\">Mutsuzlu\u011fum sonsuza kadar s\u00fcrer<br \/> Vincent van Gogh, \u00f6lmeden \u00f6nce yata\u011f\u0131nda yatarken.<sup class=\"reference\">[18]<\/sup><\/td>\n<td style=\"padding: 10px; color: #b2b7f2; font-size: 30px; font-family: 'Times New Roman',serif; font-weight: bold; text-align: right\" width=\"20\" valign=\"bottom\">\u201d<\/td>\n<\/tr>\n<tr>\n<td style=\"padding-top: 10px\" colspan=\"3\"><\/td>\n<\/tr>\n<\/tbody>\n<\/table>\n<p style=\"text-align: justify;\">Vincent&#8217;tan alt\u0131 ay sonra Theo da uzun s\u00fcredir m\u00fccadele etti\u011fi frengi hastal\u0131\u011f\u0131na yenilerek hayata g\u00f6zlerini yumdu. Theo&#8217;nun naa\u015f\u0131 \u00f6nce Utrecht&#8217;e g\u00f6m\u00fcld\u00fcyse de, kar\u0131s\u0131 Johanna&#8217;n\u0131n iste\u011fi \u00fczerine 1914&#8217;te Auvers-sur-Oise&#8217;a getirildi ve Vincent&#8217;in mezar\u0131n\u0131n yan\u0131na g\u00f6m\u00fcld\u00fc. Dr. Gachet&#8217;nin bah\u00e7esinden al\u0131narak mezar ta\u015flar\u0131n\u0131n aras\u0131na dikilen sarma\u015f\u0131k filizi, bug\u00fcn iki karde\u015fin mezarlar\u0131n\u0131 tamamen kaplamaktad\u0131r.<\/p>\n<p>\u00a0<\/p>\n<p><strong><span class=\"mw-headline\">Hastal\u0131\u011f\u0131<\/span><\/strong><span class=\"editsection\" style=\"font-size: x-small; font-weight: normal; float: none; margin-left: 0px\"> <\/span><\/p>\n<p style=\"text-align: justify;\">Van Gogh&#8217;u \u00f6zellikle hayat\u0131n\u0131n son iki y\u0131l\u0131nda ciddi \u015fekilde etkilemi\u015f olan ak\u0131l hastal\u0131\u011f\u0131 i\u00e7in bug\u00fcne kadar 30&#8217;dan fazla te\u015fhis veya olas\u0131 sebep ileri s\u00fcr\u00fclm\u00fc\u015ft\u00fcr.Bunlardan baz\u0131lar\u0131, \u015fizofreni, bipolar bozukluk (eski ad\u0131yla manik depresyon), frengi, boya zehirlenmesi (soluma veya yutma yoluyla), M\u00e9ni\u00e8re hastal\u0131\u011f\u0131 ve g\u00fcne\u015f \u00e7arpmas\u0131d\u0131r. K\u00f6t\u00fc beslenme, a\u015f\u0131r\u0131 \u00e7al\u0131\u015fma, uykusuzluk ve alkol d\u00fc\u015fk\u00fcnl\u00fc\u011f\u00fc, muhtemelen hastal\u0131\u011f\u0131n etkilerini art\u0131rm\u0131\u015ft\u0131r.<\/p>\n<p style=\"text-align: justify;\">Van Gogh&#8217;un \u00f6zellikle son d\u00f6nem eserlerinde a\u00e7\u0131k\u00e7a g\u00f6r\u00fclen sar\u0131 renk d\u00fc\u015fk\u00fcnl\u00fc\u011f\u00fcn\u00fcn de t\u0131bbi bir bozukluktan kaynakland\u0131\u011f\u0131n\u0131 ileri s\u00fcrenler olmu\u015ftur.Bu konudaki teorilerden birine g\u00f6re, Van Gogh&#8217;un bolca i\u00e7ti\u011fi <span class=\"mw-redirect\">absintte<\/span> bulunan tuyon adl\u0131 madde, zaman i\u00e7inde Van Gogh&#8217;un g\u00f6r\u00fc\u015f\u00fcn\u00fc bozarak nesneleri sar\u0131mtrak renkte g\u00f6rmesine sebep olmu\u015f, bu da ressam\u0131n eserlerine yans\u0131m\u0131\u015ft\u0131r. Bir ba\u015fka teoriye g\u00f6re, Van Gogh&#8217;a hastal\u0131\u011f\u0131n\u0131n tedavisi i\u00e7in y\u00fcksek dozlarda y\u00fcks\u00fck otu verilmi\u015ftir, ve y\u00fcks\u00fck otunun sar\u0131mtrak g\u00f6r\u00fc\u015fe veya sar\u0131 lekeler g\u00f6rmeye sebep oldu\u011fu bilinmektedir.<\/p>\n<p>\u00a0<\/p>\n<table id=\"sortable_table_id_0\" class=\"prettytable sortable\" border=\"0\">\n<tbody>\n<tr>\n<td class=\"unsortable\"><strong>Resim<\/strong><\/td>\n<td class=\"unsortable\"><\/td>\n<td><\/td>\n<td><\/td>\n<td class=\"unsortable\"><\/td>\n<\/tr>\n<tr>\n<td><a class=\"image\" href=\"http:\/\/tr.wikipedia.org\/wiki\/Dosya:Portrait_of_Dr._Gachet.jpg\" title=\"Dr. Gachet'nin portesi\"><img loading=\"lazy\" decoding=\"async\" src=\"http:\/\/upload.wikimedia.org\/wikipedia\/commons\/thumb\/1\/1e\/Portrait_of_Dr._Gachet.jpg\/90px-Portrait_of_Dr._Gachet.jpg\" border=\"0\" alt=\"Dr. Gachet'nin portesi\" width=\"90\" height=\"108\" \/><\/a><\/td>\n<td><strong>Dr. Gachet&#8217;nin Portesi<\/strong><\/td>\n<td><\/td>\n<td><\/td>\n<td><\/td>\n<\/tr>\n<tr>\n<td><a class=\"image\" href=\"http:\/\/tr.wikipedia.org\/wiki\/Dosya:Vincent_Willem_van_Gogh_102.jpg\" title=\"Sakals\u0131z otoportre\"><img loading=\"lazy\" decoding=\"async\" src=\"http:\/\/upload.wikimedia.org\/wikipedia\/commons\/thumb\/7\/71\/Vincent_Willem_van_Gogh_102.jpg\/90px-Vincent_Willem_van_Gogh_102.jpg\" border=\"0\" alt=\"Sakals\u0131z otoportre\" width=\"90\" height=\"113\" \/><\/a><\/td>\n<td><strong>Sakals\u0131z otoportre<\/strong><\/td>\n<td><\/td>\n<td><\/td>\n<td><\/td>\n<\/tr>\n<tr>\n<td><a class=\"image\" href=\"http:\/\/tr.wikipedia.org\/wiki\/Dosya:VanGoghIrises2.jpg\" title=\"\u0130risler\"><img loading=\"lazy\" decoding=\"async\" src=\"http:\/\/upload.wikimedia.org\/wikipedia\/commons\/thumb\/9\/98\/VanGoghIrises2.jpg\/90px-VanGoghIrises2.jpg\" border=\"0\" alt=\"\u0130risler\" width=\"90\" height=\"71\" \/><\/a><\/td>\n<td><strong>\u0130risler<\/strong><\/td>\n<td><\/td>\n<td><\/td>\n<td><\/td>\n<\/tr>\n<tr>\n<td><a class=\"image\" href=\"http:\/\/tr.wikipedia.org\/wiki\/Dosya:Van_Gogh_-_L%27Arl%C3%A9sienne.jpg\" title=\"l'Arl\u00e9sienne, Madame Ginoux\"><img loading=\"lazy\" decoding=\"async\" src=\"http:\/\/upload.wikimedia.org\/wikipedia\/commons\/thumb\/e\/ec\/Van_Gogh_-_L%27Arl%C3%A9sienne.jpg\/90px-Van_Gogh_-_L%27Arl%C3%A9sienne.jpg\" border=\"0\" alt=\"l'Arl\u00e9sienne, Madame Ginoux\" width=\"90\" height=\"119\" \/><\/a><\/td>\n<td><strong>l&#8217;Arl\u00e9sienne, Madame Ginoux<\/strong><\/td>\n<td><\/td>\n<td><\/td>\n<td><\/td>\n<\/tr>\n<\/tbody>\n<\/table>\n<p>\u00a0<\/p>\n<h2><span class=\"mw-headline\">Resim galerisi<\/span><\/h2>\n<table class=\"gallery\" border=\"0\" cellspacing=\"0\" cellpadding=\"0\">\n<tbody>\n<tr>\n<td>\n<div class=\"gallerybox\" style=\"width: 155px;\">\n<div class=\"thumb\" style=\"padding: 13px 0pt; width: 150px;\">\n<div style=\"margin-left: auto; margin-right: auto; width: 120px;\"><a class=\"image\" href=\"http:\/\/tr.wikipedia.org\/wiki\/Dosya:Van_Gogh_the_blooming_plumtree_%28after_Hiroshige%29,_1887.jpg\" title=\"Van Gogh the blooming plumtree (after Hiroshige), 1887.jpg\"><img loading=\"lazy\" decoding=\"async\" src=\"http:\/\/upload.wikimedia.org\/wikipedia\/commons\/thumb\/a\/a2\/Van_Gogh_the_blooming_plumtree_%28after_Hiroshige%29%2C_1887.jpg\/100px-Van_Gogh_the_blooming_plumtree_%28after_Hiroshige%29%2C_1887.jpg\" border=\"0\" width=\"100\" height=\"120\" \/><\/a><\/div>\n<\/div>\n<div class=\"gallerytext\">\n<p><em>The Blooming Plumtree (<span class=\"new\">Hiro\u015fige<\/span>&#8216;den sonra),<\/em> (1887)<\/p>\n<\/div>\n<\/div>\n<\/td>\n<td>\n<div class=\"gallerybox\" style=\"width: 155px;\">\n<div class=\"thumb\" style=\"padding: 13px 0pt; width: 150px;\">\n<div style=\"margin-left: auto; margin-right: auto; width: 120px;\"><a class=\"image\" href=\"http:\/\/tr.wikipedia.org\/wiki\/Dosya:Van_Gogh_-_Portrait_of_Pere_Tanguy_1887-8.JPG\" title=\"Van Gogh - Portrait of Pere Tanguy 1887-8.JPG\"><img loading=\"lazy\" decoding=\"async\" src=\"http:\/\/upload.wikimedia.org\/wikipedia\/commons\/thumb\/5\/5f\/Van_Gogh_-_Portrait_of_Pere_Tanguy_1887-8.JPG\/95px-Van_Gogh_-_Portrait_of_Pere_Tanguy_1887-8.JPG\" border=\"0\" width=\"95\" height=\"120\" \/><\/a><\/div>\n<\/div>\n<div class=\"gallerytext\">\n<p><em>P\u00e8re Tanguy&#8217;in Portresi<\/em> (1887)<\/p>\n<\/div>\n<\/div>\n<\/td>\n<td>\n<div class=\"gallerybox\" style=\"width: 155px;\">\n<div class=\"thumb\" style=\"padding: 13px 0pt; width: 150px;\">\n<div style=\"margin-left: auto; margin-right: auto; width: 120px;\"><a class=\"image\" href=\"http:\/\/tr.wikipedia.org\/wiki\/Dosya:Vincent_Van_Gogh_0021.jpg\" title=\"Vincent Van Gogh 0021.jpg\"><img loading=\"lazy\" decoding=\"async\" src=\"http:\/\/upload.wikimedia.org\/wikipedia\/commons\/thumb\/2\/2c\/Vincent_Van_Gogh_0021.jpg\/87px-Vincent_Van_Gogh_0021.jpg\" border=\"0\" width=\"87\" height=\"119\" \/><\/a><\/div>\n<\/div>\n<div class=\"gallerytext\">\n<p><em>Kiraz a\u011fac\u0131,<\/em> (1888)<\/p>\n<\/div>\n<\/div>\n<\/td>\n<td>\n<div class=\"gallerybox\" style=\"width: 155px;\">\n<div class=\"thumb\" style=\"padding: 13px 0pt; width: 150px;\">\n<div style=\"margin-left: auto; margin-right: auto; width: 120px;\"><a class=\"image\" href=\"http:\/\/tr.wikipedia.org\/wiki\/Dosya:Vincent_van_Gogh_%281853-1890%29_-_The_Old_Mill_%281888%29.jpg\" title=\"Vincent van Gogh (1853-1890) - The Old Mill (1888).jpg\"><img loading=\"lazy\" decoding=\"async\" src=\"http:\/\/upload.wikimedia.org\/wikipedia\/commons\/thumb\/4\/47\/Vincent_van_Gogh_%281853-1890%29_-_The_Old_Mill_%281888%29.jpg\/97px-Vincent_van_Gogh_%281853-1890%29_-_The_Old_Mill_%281888%29.jpg\" border=\"0\" width=\"97\" height=\"120\" \/><\/a><\/div>\n<\/div>\n<div class=\"gallerytext\">\n<p><em>Eski De\u011firmen<\/em> (1888)<\/p>\n<\/div>\n<\/div>\n<\/td>\n<\/tr>\n<tr>\n<td>\n<div class=\"gallerybox\" style=\"width: 155px;\">\n<div class=\"thumb\" style=\"padding: 23px 0pt; width: 150px;\">\n<div style=\"margin-left: auto; margin-right: auto; width: 120px;\"><a class=\"image\" href=\"http:\/\/tr.wikipedia.org\/wiki\/Dosya:Vincent_Van_Gogh_0019.jpg\" title=\"Vincent Van Gogh 0019.jpg\"><img loading=\"lazy\" decoding=\"async\" src=\"http:\/\/upload.wikimedia.org\/wikipedia\/commons\/thumb\/c\/c8\/Vincent_Van_Gogh_0019.jpg\/120px-Vincent_Van_Gogh_0019.jpg\" border=\"0\" width=\"120\" height=\"99\" \/><\/a><\/div>\n<\/div>\n<div class=\"gallerytext\">\n<p><em>Hasat,<\/em> Arles, (1888)<\/p>\n<\/div>\n<\/div>\n<\/td>\n<td>\n<div class=\"gallerybox\" style=\"width: 155px;\">\n<div class=\"thumb\" style=\"padding: 28px 0pt; width: 150px;\">\n<div style=\"margin-left: auto; margin-right: auto; width: 120px;\"><a class=\"image\" href=\"http:\/\/tr.wikipedia.org\/wiki\/Dosya:Vincent_Van_Gogh_0014.jpg\" title=\"Vincent Van Gogh 0014.jpg\"><img loading=\"lazy\" decoding=\"async\" src=\"http:\/\/upload.wikimedia.org\/wikipedia\/commons\/thumb\/d\/d5\/Vincent_Van_Gogh_0014.jpg\/120px-Vincent_Van_Gogh_0014.jpg\" border=\"0\" width=\"120\" height=\"90\" \/><\/a><\/div>\n<\/div>\n<div class=\"gallerytext\">\n<p><em>Langlois K\u00f6pr\u00fcs\u00fc (1888)<\/em><\/p>\n<\/div>\n<\/div>\n<\/td>\n<td>\n<div class=\"gallerybox\" style=\"width: 155px;\">\n<div class=\"thumb\" style=\"padding: 22px 0pt; width: 150px;\">\n<div style=\"margin-left: auto; margin-right: auto; width: 120px;\"><a class=\"image\" href=\"http:\/\/tr.wikipedia.org\/wiki\/Dosya:VanGogh-View_of_Arles_with_Irises.jpg\" title=\"VanGogh-View of Arles with Irises.jpg\"><img loading=\"lazy\" decoding=\"async\" src=\"http:\/\/upload.wikimedia.org\/wikipedia\/commons\/thumb\/9\/9f\/VanGogh-View_of_Arles_with_Irises.jpg\/120px-VanGogh-View_of_Arles_with_Irises.jpg\" border=\"0\" width=\"120\" height=\"101\" \/><\/a><\/div>\n<\/div>\n<div class=\"gallerytext\">\n<p><em>\u0130rislerle Arles manzaras\u0131<\/em> (1888)<\/p>\n<\/div>\n<\/div>\n<\/td>\n<td>\n<div class=\"gallerybox\" style=\"width: 155px;\">\n<div class=\"thumb\" style=\"padding: 22px 0pt; width: 150px;\">\n<div style=\"margin-left: auto; margin-right: auto; width: 120px;\"><a class=\"image\" href=\"http:\/\/tr.wikipedia.org\/wiki\/Dosya:Vincent_Van_Gogh_0015.jpg\" title=\"Vincent Van Gogh 0015.jpg\"><img loading=\"lazy\" decoding=\"async\" src=\"http:\/\/upload.wikimedia.org\/wikipedia\/commons\/thumb\/7\/76\/Vincent_Van_Gogh_0015.jpg\/120px-Vincent_Van_Gogh_0015.jpg\" border=\"0\" width=\"120\" height=\"102\" \/><\/a><\/div>\n<\/div>\n<div class=\"gallerytext\">\n<p><em>Rh\u00f4nebarken,<\/em> (1888)<\/p>\n<\/div>\n<\/div>\n<\/td>\n<\/tr>\n<tr>\n<td>\n<div class=\"gallerybox\" style=\"width: 155px;\">\n<div class=\"thumb\" style=\"padding: 33px 0pt; width: 150px;\">\n<div style=\"margin-left: auto; margin-right: auto; width: 120px;\"><a class=\"image\" href=\"http:\/\/tr.wikipedia.org\/wiki\/Dosya:Starry_Night_Over_the_Rhone.jpg\" title=\"Starry Night Over the Rhone.jpg\"><img loading=\"lazy\" decoding=\"async\" src=\"http:\/\/upload.wikimedia.org\/wikipedia\/commons\/thumb\/9\/94\/Starry_Night_Over_the_Rhone.jpg\/120px-Starry_Night_Over_the_Rhone.jpg\" border=\"0\" width=\"120\" height=\"80\" \/><\/a><\/div>\n<\/div>\n<div class=\"gallerytext\">\n<p><em>Rhone \u00dczerine Y\u0131ld\u0131zl\u0131 bir Gece<\/em> (1888)<\/p>\n<\/div>\n<\/div>\n<\/td>\n<td>\n<div class=\"gallerybox\" style=\"width: 155px;\">\n<div class=\"thumb\" style=\"padding: 13px 0pt; width: 150px;\">\n<div style=\"margin-left: auto; margin-right: auto; width: 120px;\"><a class=\"image\" href=\"http:\/\/tr.wikipedia.org\/wiki\/Dosya:Vincent_Willem_van_Gogh_089.jpg\" title=\"Vincent Willem van Gogh 089.jpg\"><img loading=\"lazy\" decoding=\"async\" src=\"http:\/\/upload.wikimedia.org\/wikipedia\/commons\/thumb\/4\/4f\/Vincent_Willem_van_Gogh_089.jpg\/93px-Vincent_Willem_van_Gogh_089.jpg\" border=\"0\" width=\"93\" height=\"120\" \/><\/a><\/div>\n<\/div>\n<div class=\"gallerytext\">\n<p><em>Joseph Roulin, (Postane m\u00fcd\u00fcr\u00fc),<\/em> (1888)<\/p>\n<\/div>\n<\/div>\n<\/td>\n<td>\n<div class=\"gallerybox\" style=\"width: 155px;\">\n<div class=\"thumb\" style=\"padding: 26px 0pt; width: 150px;\">\n<div style=\"margin-left: auto; margin-right: auto; width: 120px;\"><a class=\"image\" href=\"http:\/\/tr.wikipedia.org\/wiki\/Dosya:Vincent_Willem_van_Gogh_076.jpg\" title=\"Vincent Willem van Gogh 076.jpg\"><img loading=\"lazy\" decoding=\"async\" src=\"http:\/\/upload.wikimedia.org\/wikipedia\/commons\/thumb\/5\/5e\/Vincent_Willem_van_Gogh_076.jpg\/120px-Vincent_Willem_van_Gogh_076.jpg\" border=\"0\" width=\"120\" height=\"93\" \/><\/a><\/div>\n<\/div>\n<div class=\"gallerytext\">\n<p><em>Gece Kafesi<\/em>, (1888), <span class=\"new\">Yale<\/span><\/p>\n<\/div>\n<\/div>\n<\/td>\n<td>\n<div class=\"gallerybox\" style=\"width: 155px;\">\n<div class=\"thumb\" style=\"padding: 13px 0pt; width: 150px;\">\n<div style=\"margin-left: auto; margin-right: auto; width: 120px;\"><a class=\"image\" href=\"http:\/\/tr.wikipedia.org\/wiki\/Dosya:Vincent_Van_Gogh_0016.jpg\" title=\"Vincent Van Gogh 0016.jpg\"><img loading=\"lazy\" decoding=\"async\" src=\"http:\/\/upload.wikimedia.org\/wikipedia\/commons\/thumb\/1\/11\/Vincent_Van_Gogh_0016.jpg\/96px-Vincent_Van_Gogh_0016.jpg\" border=\"0\" width=\"96\" height=\"120\" \/><\/a><\/div>\n<\/div>\n<div class=\"gallerytext\">\n<p><em>Selviler<\/em> (1889)<\/p>\n<\/div>\n<\/div>\n<\/td>\n<\/tr>\n<tr>\n<td>\n<div class=\"gallerybox\" style=\"width: 155px;\">\n<div class=\"thumb\" style=\"padding: 26px 0pt; width: 150px;\">\n<div style=\"margin-left: auto; margin-right: auto; width: 120px;\"><a class=\"image\" href=\"http:\/\/tr.wikipedia.org\/wiki\/Dosya:Vincent_Van_Gogh_0020.jpg\" title=\"Vincent Van Gogh 0020.jpg\"><img loading=\"lazy\" decoding=\"async\" src=\"http:\/\/upload.wikimedia.org\/wikipedia\/commons\/thumb\/0\/02\/Vincent_Van_Gogh_0020.jpg\/120px-Vincent_Van_Gogh_0020.jpg\" border=\"0\" width=\"120\" height=\"94\" \/><\/a><\/div>\n<\/div>\n<div class=\"gallerytext\">\n<p><em>Selvilerle M\u0131s\u0131r Tarlas\u0131<\/em> (1889)<\/p>\n<\/div>\n<\/div>\n<\/td>\n<td>\n<div class=\"gallerybox\" style=\"width: 155px;\">\n<div class=\"thumb\" style=\"padding: 26px 0pt; width: 150px;\">\n<div style=\"margin-left: auto; margin-right: auto; width: 120px;\"><a class=\"image\" href=\"http:\/\/tr.wikipedia.org\/wiki\/Dosya:Vincent_Van_Gogh_0018.jpg\" title=\"Vincent Van Gogh 0018.jpg\"><img loading=\"lazy\" decoding=\"async\" src=\"http:\/\/upload.wikimedia.org\/wikipedia\/commons\/thumb\/9\/95\/Vincent_Van_Gogh_0018.jpg\/120px-Vincent_Van_Gogh_0018.jpg\" border=\"0\" width=\"120\" height=\"94\" \/><\/a><\/div>\n<\/div>\n<div class=\"gallerytext\">\n<p><em>Arles Manzaras\u0131 (\u00c7i\u00e7eklenen meyve bah\u00e7eleri),<\/em> (1889)<\/p>\n<\/div>\n<\/div>\n<\/td>\n<td>\n<div class=\"gallerybox\" style=\"width: 155px;\">\n<div class=\"thumb\" style=\"padding: 24px 0pt; width: 150px;\">\n<div style=\"margin-left: auto; margin-right: auto; width: 120px;\"><a class=\"image\" href=\"http:\/\/tr.wikipedia.org\/wiki\/Dosya:Vincent_van_Gogh_%281853-1890%29_-_The_Olive_Trees_%281889%29.jpg\" title=\"Vincent van Gogh (1853-1890) - The Olive Trees (1889).jpg\"><img loading=\"lazy\" decoding=\"async\" src=\"http:\/\/upload.wikimedia.org\/wikipedia\/commons\/thumb\/c\/c5\/Vincent_van_Gogh_%281853-1890%29_-_The_Olive_Trees_%281889%29.jpg\/120px-Vincent_van_Gogh_%281853-1890%29_-_The_Olive_Trees_%281889%29.jpg\" border=\"0\" width=\"120\" height=\"98\" \/><\/a><\/div>\n<\/div>\n<div class=\"gallerytext\">\n<p><em>Da\u011flarda zeytin a\u011fa\u00e7lar\u0131<\/em> (1889)<\/p>\n<\/div>\n<\/div>\n<\/td>\n<td>\n<div class=\"gallerybox\" style=\"width: 155px;\">\n<div class=\"thumb\" style=\"padding: 13px 0pt; width: 150px;\">\n<div style=\"margin-left: auto; margin-right: auto; width: 120px;\"><a class=\"image\" href=\"http:\/\/tr.wikipedia.org\/wiki\/Dosya:Vincent_Van_Gogh_0012.jpg\" title=\"Vincent Van Gogh 0012.jpg\"><img loading=\"lazy\" decoding=\"async\" src=\"http:\/\/upload.wikimedia.org\/wikipedia\/commons\/thumb\/a\/a2\/Vincent_Van_Gogh_0012.jpg\/90px-Vincent_Van_Gogh_0012.jpg\" border=\"0\" width=\"90\" height=\"120\" \/><\/a><\/div>\n<\/div>\n<div class=\"gallerytext\">\n<p><em>Hastane&#8217;ye giri\u015f<\/em> Saint-Remy, (1889)<\/p>\n<\/div>\n<\/div>\n<\/td>\n<\/tr>\n<tr>\n<td>\n<div class=\"gallerybox\" style=\"width: 155px;\">\n<div class=\"thumb\" style=\"padding: 13px 0pt; width: 150px;\">\n<div style=\"margin-left: auto; margin-right: auto; width: 120px;\"><a class=\"image\" href=\"http:\/\/tr.wikipedia.org\/wiki\/Dosya:VincentVanGoghDieArlesierin1890.jpg\" title=\"VincentVanGoghDieArlesierin1890.jpg\"><img loading=\"lazy\" decoding=\"async\" src=\"http:\/\/upload.wikimedia.org\/wikipedia\/commons\/thumb\/d\/d7\/VincentVanGoghDieArlesierin1890.jpg\/85px-VincentVanGoghDieArlesierin1890.jpg\" border=\"0\" width=\"85\" height=\"119\" \/><\/a><\/div>\n<\/div>\n<div class=\"gallerytext\">\n<p><em>L&#8217;Arlesienne: (Madame Ginoux),<\/em> (1890)<\/p>\n<\/div>\n<\/div>\n<\/td>\n<td>\n<div class=\"gallerybox\" style=\"width: 155px;\">\n<div class=\"thumb\" style=\"padding: 13px 0pt; width: 150px;\">\n<div style=\"margin-left: auto; margin-right: auto; width: 120px;\"><a class=\"image\" href=\"http:\/\/tr.wikipedia.org\/wiki\/Dosya:Vincent_Willem_van_Gogh_037.jpg\" title=\"Vincent Willem van Gogh 037.jpg\"><img loading=\"lazy\" decoding=\"async\" src=\"http:\/\/upload.wikimedia.org\/wikipedia\/commons\/thumb\/9\/9e\/Vincent_Willem_van_Gogh_037.jpg\/95px-Vincent_Willem_van_Gogh_037.jpg\" border=\"0\" width=\"95\" height=\"119\" \/><\/a><\/div>\n<\/div>\n<div class=\"gallerytext\">\n<p><em>Tutuklular\u0131n toplanmalar\u0131<\/em> (1890)<\/p>\n<\/div>\n<\/div>\n<\/td>\n<td>\n<div class=\"gallerybox\" style=\"width: 155px;\">\n<div class=\"thumb\" style=\"padding: 45px 0pt; width: 150px;\">\n<div style=\"margin-left: auto; margin-right: auto; width: 120px;\"><a class=\"image\" href=\"http:\/\/tr.wikipedia.org\/wiki\/Dosya:Vincent_van_Gogh_%281853-1890%29_-_Wheat_Field_with_Crows_%281890%29.jpg\" title=\"Vincent van Gogh (1853-1890) - Wheat Field with Crows (1890).jpg\"><img loading=\"lazy\" decoding=\"async\" src=\"http:\/\/upload.wikimedia.org\/wikipedia\/commons\/thumb\/f\/f3\/Vincent_van_Gogh_%281853-1890%29_-_Wheat_Field_with_Crows_%281890%29.jpg\/120px-Vincent_van_Gogh_%281853-1890%29_-_Wheat_Field_with_Crows_%281890%29.jpg\" border=\"0\" width=\"120\" height=\"56\" \/><\/a><\/div>\n<\/div>\n<div class=\"gallerytext\">\n<p><em>Kargalarla Bu\u011fday Tarlas\u0131<\/em> (1890)<\/p>\n<\/div>\n<\/div>\n<\/td>\n<\/tr>\n<\/tbody>\n<\/table>\n<p>\u00a0<\/p>\n","protected":false},"excerpt":{"rendered":"<p>Vincent Willem van Gogh (telaffuz: [\u02c8v\u026ans\u025bnt v\u0251n \u02c8\u0263\u0254x] (Yard\u0131m\u00b7bilgi); d. 30 Mart 1853 \u2013 \u00f6. 29 Temmuz 1890), Hollandal\u0131 ard izlenimci ressam. Baz\u0131 resim ve eskizleri, d\u00fcnyan\u0131n en tan\u0131nm\u0131\u015f ve en pahal\u0131 eserleri aras\u0131nda yer al\u0131r. Van Gogh, gen\u00e7li\u011fini bir sanat simsarl\u0131\u011f\u0131 firmas\u0131nda \u00e7al\u0131\u015farak ge\u00e7irmi\u015f, k\u0131sa s\u00fcren bir \u00f6\u011fretmenlik deneyiminden sonra da Bel\u00e7ika&#8217;da fakir bir [&hellip;]<\/p>\n","protected":false},"author":1,"featured_media":0,"comment_status":"open","ping_status":"open","sticky":false,"template":"","format":"standard","meta":{"footnotes":""},"categories":[116],"tags":[],"class_list":{"0":"post-248","1":"post","2":"type-post","3":"status-publish","4":"format-standard","6":"category-ressam-biyografileri-ve-eserleri"},"yoast_head":"<!-- This site is optimized with the Yoast SEO Premium plugin v24.9 (Yoast SEO v24.9) - https:\/\/yoast.com\/wordpress\/plugins\/seo\/ -->\n<title>Van GOGH Biyografisi ve eserleri - narteks.net<\/title>\n<meta name=\"robots\" content=\"index, follow, max-snippet:-1, max-image-preview:large, max-video-preview:-1\" \/>\n<link rel=\"canonical\" href=\"https:\/\/narteks.net\/index.php\/2009\/02\/27\/van-gogh-biyografisi-ve-eserleri\/\" \/>\n<meta property=\"og:locale\" content=\"tr_TR\" \/>\n<meta property=\"og:type\" content=\"article\" \/>\n<meta property=\"og:title\" content=\"Van GOGH Biyografisi ve eserleri\" \/>\n<meta property=\"og:description\" content=\"Vincent Willem van Gogh (telaffuz: [\u02c8v\u026ans\u025bnt v\u0251n \u02c8\u0263\u0254x] (Yard\u0131m\u00b7bilgi); d. 30 Mart 1853 \u2013 \u00f6. 29 Temmuz 1890), Hollandal\u0131 ard izlenimci ressam. Baz\u0131 resim ve eskizleri, d\u00fcnyan\u0131n en tan\u0131nm\u0131\u015f ve en pahal\u0131 eserleri aras\u0131nda yer al\u0131r. Van Gogh, gen\u00e7li\u011fini bir sanat simsarl\u0131\u011f\u0131 firmas\u0131nda \u00e7al\u0131\u015farak ge\u00e7irmi\u015f, k\u0131sa s\u00fcren bir \u00f6\u011fretmenlik deneyiminden sonra da Bel\u00e7ika&#8217;da fakir bir [&hellip;]\" \/>\n<meta property=\"og:url\" content=\"https:\/\/narteks.net\/index.php\/2009\/02\/27\/van-gogh-biyografisi-ve-eserleri\/\" \/>\n<meta property=\"og:site_name\" content=\"narteks.net\" \/>\n<meta property=\"article:published_time\" content=\"2009-02-27T18:16:23+00:00\" \/>\n<meta property=\"og:image\" content=\"http:\/\/upload.wikimedia.org\/wikipedia\/commons\/thumb\/3\/38\/VanGogh_1887_Selbstbildnis.jpg\/220px-VanGogh_1887_Selbstbildnis.jpg\" \/>\n<meta name=\"author\" content=\"Tar\u0131k\" \/>\n<meta name=\"twitter:card\" content=\"summary_large_image\" \/>\n<meta name=\"twitter:creator\" content=\"@narteks\" \/>\n<meta name=\"twitter:site\" content=\"@narteks\" \/>\n<meta name=\"twitter:label1\" content=\"Yazan:\" \/>\n\t<meta name=\"twitter:data1\" content=\"Tar\u0131k\" \/>\n\t<meta name=\"twitter:label2\" content=\"Tahmini okuma s\u00fcresi\" \/>\n\t<meta name=\"twitter:data2\" content=\"15 dakika\" \/>\n<script type=\"application\/ld+json\" class=\"yoast-schema-graph\">{\"@context\":\"https:\/\/schema.org\",\"@graph\":[{\"@type\":\"Article\",\"@id\":\"https:\/\/narteks.net\/index.php\/2009\/02\/27\/van-gogh-biyografisi-ve-eserleri\/#article\",\"isPartOf\":{\"@id\":\"https:\/\/narteks.net\/index.php\/2009\/02\/27\/van-gogh-biyografisi-ve-eserleri\/\"},\"author\":{\"name\":\"Tar\u0131k\",\"@id\":\"https:\/\/narteks.net\/#\/schema\/person\/61f37d9834294b72d31d274e7ed79bca\"},\"headline\":\"Van GOGH Biyografisi ve eserleri\",\"datePublished\":\"2009-02-27T18:16:23+00:00\",\"mainEntityOfPage\":{\"@id\":\"https:\/\/narteks.net\/index.php\/2009\/02\/27\/van-gogh-biyografisi-ve-eserleri\/\"},\"wordCount\":2954,\"commentCount\":0,\"publisher\":{\"@id\":\"https:\/\/narteks.net\/#organization\"},\"image\":{\"@id\":\"https:\/\/narteks.net\/index.php\/2009\/02\/27\/van-gogh-biyografisi-ve-eserleri\/#primaryimage\"},\"thumbnailUrl\":\"http:\/\/upload.wikimedia.org\/wikipedia\/commons\/thumb\/3\/38\/VanGogh_1887_Selbstbildnis.jpg\/220px-VanGogh_1887_Selbstbildnis.jpg\",\"articleSection\":[\"Ressam Biyografileri ve Eserleri\"],\"inLanguage\":\"tr\",\"potentialAction\":[{\"@type\":\"CommentAction\",\"name\":\"Comment\",\"target\":[\"https:\/\/narteks.net\/index.php\/2009\/02\/27\/van-gogh-biyografisi-ve-eserleri\/#respond\"]}]},{\"@type\":\"WebPage\",\"@id\":\"https:\/\/narteks.net\/index.php\/2009\/02\/27\/van-gogh-biyografisi-ve-eserleri\/\",\"url\":\"https:\/\/narteks.net\/index.php\/2009\/02\/27\/van-gogh-biyografisi-ve-eserleri\/\",\"name\":\"Van GOGH Biyografisi ve eserleri - narteks.net\",\"isPartOf\":{\"@id\":\"https:\/\/narteks.net\/#website\"},\"primaryImageOfPage\":{\"@id\":\"https:\/\/narteks.net\/index.php\/2009\/02\/27\/van-gogh-biyografisi-ve-eserleri\/#primaryimage\"},\"image\":{\"@id\":\"https:\/\/narteks.net\/index.php\/2009\/02\/27\/van-gogh-biyografisi-ve-eserleri\/#primaryimage\"},\"thumbnailUrl\":\"http:\/\/upload.wikimedia.org\/wikipedia\/commons\/thumb\/3\/38\/VanGogh_1887_Selbstbildnis.jpg\/220px-VanGogh_1887_Selbstbildnis.jpg\",\"datePublished\":\"2009-02-27T18:16:23+00:00\",\"breadcrumb\":{\"@id\":\"https:\/\/narteks.net\/index.php\/2009\/02\/27\/van-gogh-biyografisi-ve-eserleri\/#breadcrumb\"},\"inLanguage\":\"tr\",\"potentialAction\":[{\"@type\":\"ReadAction\",\"target\":[\"https:\/\/narteks.net\/index.php\/2009\/02\/27\/van-gogh-biyografisi-ve-eserleri\/\"]}]},{\"@type\":\"ImageObject\",\"inLanguage\":\"tr\",\"@id\":\"https:\/\/narteks.net\/index.php\/2009\/02\/27\/van-gogh-biyografisi-ve-eserleri\/#primaryimage\",\"url\":\"http:\/\/upload.wikimedia.org\/wikipedia\/commons\/thumb\/3\/38\/VanGogh_1887_Selbstbildnis.jpg\/220px-VanGogh_1887_Selbstbildnis.jpg\",\"contentUrl\":\"http:\/\/upload.wikimedia.org\/wikipedia\/commons\/thumb\/3\/38\/VanGogh_1887_Selbstbildnis.jpg\/220px-VanGogh_1887_Selbstbildnis.jpg\"},{\"@type\":\"BreadcrumbList\",\"@id\":\"https:\/\/narteks.net\/index.php\/2009\/02\/27\/van-gogh-biyografisi-ve-eserleri\/#breadcrumb\",\"itemListElement\":[{\"@type\":\"ListItem\",\"position\":1,\"name\":\"Anasayfa\",\"item\":\"https:\/\/narteks.net\/\"},{\"@type\":\"ListItem\",\"position\":2,\"name\":\"Van GOGH Biyografisi ve eserleri\"}]},{\"@type\":\"WebSite\",\"@id\":\"https:\/\/narteks.net\/#website\",\"url\":\"https:\/\/narteks.net\/\",\"name\":\"narteks.net\",\"description\":\"K\u00fclt\u00fcr Sanat Edebiyat Felsefe\",\"publisher\":{\"@id\":\"https:\/\/narteks.net\/#organization\"},\"alternateName\":\"K\u00fclt\u00fcr Sanat Edebiyat Felsefe\",\"potentialAction\":[{\"@type\":\"SearchAction\",\"target\":{\"@type\":\"EntryPoint\",\"urlTemplate\":\"https:\/\/narteks.net\/?s={search_term_string}\"},\"query-input\":{\"@type\":\"PropertyValueSpecification\",\"valueRequired\":true,\"valueName\":\"search_term_string\"}}],\"inLanguage\":\"tr\"},{\"@type\":\"Organization\",\"@id\":\"https:\/\/narteks.net\/#organization\",\"name\":\"narteks.net\",\"url\":\"https:\/\/narteks.net\/\",\"logo\":{\"@type\":\"ImageObject\",\"inLanguage\":\"tr\",\"@id\":\"https:\/\/narteks.net\/#\/schema\/logo\/image\/\",\"url\":\"https:\/\/narteks.net\/wp-content\/uploads\/narteks.png\",\"contentUrl\":\"https:\/\/narteks.net\/wp-content\/uploads\/narteks.png\",\"width\":300,\"height\":90,\"caption\":\"narteks.net\"},\"image\":{\"@id\":\"https:\/\/narteks.net\/#\/schema\/logo\/image\/\"},\"sameAs\":[\"https:\/\/x.com\/narteks\",\"https:\/\/instagram.com\/narteksnet\"]},{\"@type\":\"Person\",\"@id\":\"https:\/\/narteks.net\/#\/schema\/person\/61f37d9834294b72d31d274e7ed79bca\",\"name\":\"Tar\u0131k\",\"image\":{\"@type\":\"ImageObject\",\"inLanguage\":\"tr\",\"@id\":\"https:\/\/narteks.net\/#\/schema\/person\/image\/\",\"url\":\"https:\/\/secure.gravatar.com\/avatar\/50865afb55632c4ae467e0af0930f6510aa2297d8014be502a55b14f3b7550cf?s=96&d=mm&r=g\",\"contentUrl\":\"https:\/\/secure.gravatar.com\/avatar\/50865afb55632c4ae467e0af0930f6510aa2297d8014be502a55b14f3b7550cf?s=96&d=mm&r=g\",\"caption\":\"Tar\u0131k\"},\"sameAs\":[\"http:\/\/narteks.net\"],\"url\":\"https:\/\/narteks.net\/index.php\/author\/narbak\/\"}]}<\/script>\n<!-- \/ Yoast SEO Premium plugin. -->","yoast_head_json":{"title":"Van GOGH Biyografisi ve eserleri - narteks.net","robots":{"index":"index","follow":"follow","max-snippet":"max-snippet:-1","max-image-preview":"max-image-preview:large","max-video-preview":"max-video-preview:-1"},"canonical":"https:\/\/narteks.net\/index.php\/2009\/02\/27\/van-gogh-biyografisi-ve-eserleri\/","og_locale":"tr_TR","og_type":"article","og_title":"Van GOGH Biyografisi ve eserleri","og_description":"Vincent Willem van Gogh (telaffuz: [\u02c8v\u026ans\u025bnt v\u0251n \u02c8\u0263\u0254x] (Yard\u0131m\u00b7bilgi); d. 30 Mart 1853 \u2013 \u00f6. 29 Temmuz 1890), Hollandal\u0131 ard izlenimci ressam. Baz\u0131 resim ve eskizleri, d\u00fcnyan\u0131n en tan\u0131nm\u0131\u015f ve en pahal\u0131 eserleri aras\u0131nda yer al\u0131r. Van Gogh, gen\u00e7li\u011fini bir sanat simsarl\u0131\u011f\u0131 firmas\u0131nda \u00e7al\u0131\u015farak ge\u00e7irmi\u015f, k\u0131sa s\u00fcren bir \u00f6\u011fretmenlik deneyiminden sonra da Bel\u00e7ika&#8217;da fakir bir [&hellip;]","og_url":"https:\/\/narteks.net\/index.php\/2009\/02\/27\/van-gogh-biyografisi-ve-eserleri\/","og_site_name":"narteks.net","article_published_time":"2009-02-27T18:16:23+00:00","og_image":[{"url":"http:\/\/upload.wikimedia.org\/wikipedia\/commons\/thumb\/3\/38\/VanGogh_1887_Selbstbildnis.jpg\/220px-VanGogh_1887_Selbstbildnis.jpg","type":"","width":"","height":""}],"author":"Tar\u0131k","twitter_card":"summary_large_image","twitter_creator":"@narteks","twitter_site":"@narteks","twitter_misc":{"Yazan:":"Tar\u0131k","Tahmini okuma s\u00fcresi":"15 dakika"},"schema":{"@context":"https:\/\/schema.org","@graph":[{"@type":"Article","@id":"https:\/\/narteks.net\/index.php\/2009\/02\/27\/van-gogh-biyografisi-ve-eserleri\/#article","isPartOf":{"@id":"https:\/\/narteks.net\/index.php\/2009\/02\/27\/van-gogh-biyografisi-ve-eserleri\/"},"author":{"name":"Tar\u0131k","@id":"https:\/\/narteks.net\/#\/schema\/person\/61f37d9834294b72d31d274e7ed79bca"},"headline":"Van GOGH Biyografisi ve eserleri","datePublished":"2009-02-27T18:16:23+00:00","mainEntityOfPage":{"@id":"https:\/\/narteks.net\/index.php\/2009\/02\/27\/van-gogh-biyografisi-ve-eserleri\/"},"wordCount":2954,"commentCount":0,"publisher":{"@id":"https:\/\/narteks.net\/#organization"},"image":{"@id":"https:\/\/narteks.net\/index.php\/2009\/02\/27\/van-gogh-biyografisi-ve-eserleri\/#primaryimage"},"thumbnailUrl":"http:\/\/upload.wikimedia.org\/wikipedia\/commons\/thumb\/3\/38\/VanGogh_1887_Selbstbildnis.jpg\/220px-VanGogh_1887_Selbstbildnis.jpg","articleSection":["Ressam Biyografileri ve Eserleri"],"inLanguage":"tr","potentialAction":[{"@type":"CommentAction","name":"Comment","target":["https:\/\/narteks.net\/index.php\/2009\/02\/27\/van-gogh-biyografisi-ve-eserleri\/#respond"]}]},{"@type":"WebPage","@id":"https:\/\/narteks.net\/index.php\/2009\/02\/27\/van-gogh-biyografisi-ve-eserleri\/","url":"https:\/\/narteks.net\/index.php\/2009\/02\/27\/van-gogh-biyografisi-ve-eserleri\/","name":"Van GOGH Biyografisi ve eserleri - narteks.net","isPartOf":{"@id":"https:\/\/narteks.net\/#website"},"primaryImageOfPage":{"@id":"https:\/\/narteks.net\/index.php\/2009\/02\/27\/van-gogh-biyografisi-ve-eserleri\/#primaryimage"},"image":{"@id":"https:\/\/narteks.net\/index.php\/2009\/02\/27\/van-gogh-biyografisi-ve-eserleri\/#primaryimage"},"thumbnailUrl":"http:\/\/upload.wikimedia.org\/wikipedia\/commons\/thumb\/3\/38\/VanGogh_1887_Selbstbildnis.jpg\/220px-VanGogh_1887_Selbstbildnis.jpg","datePublished":"2009-02-27T18:16:23+00:00","breadcrumb":{"@id":"https:\/\/narteks.net\/index.php\/2009\/02\/27\/van-gogh-biyografisi-ve-eserleri\/#breadcrumb"},"inLanguage":"tr","potentialAction":[{"@type":"ReadAction","target":["https:\/\/narteks.net\/index.php\/2009\/02\/27\/van-gogh-biyografisi-ve-eserleri\/"]}]},{"@type":"ImageObject","inLanguage":"tr","@id":"https:\/\/narteks.net\/index.php\/2009\/02\/27\/van-gogh-biyografisi-ve-eserleri\/#primaryimage","url":"http:\/\/upload.wikimedia.org\/wikipedia\/commons\/thumb\/3\/38\/VanGogh_1887_Selbstbildnis.jpg\/220px-VanGogh_1887_Selbstbildnis.jpg","contentUrl":"http:\/\/upload.wikimedia.org\/wikipedia\/commons\/thumb\/3\/38\/VanGogh_1887_Selbstbildnis.jpg\/220px-VanGogh_1887_Selbstbildnis.jpg"},{"@type":"BreadcrumbList","@id":"https:\/\/narteks.net\/index.php\/2009\/02\/27\/van-gogh-biyografisi-ve-eserleri\/#breadcrumb","itemListElement":[{"@type":"ListItem","position":1,"name":"Anasayfa","item":"https:\/\/narteks.net\/"},{"@type":"ListItem","position":2,"name":"Van GOGH Biyografisi ve eserleri"}]},{"@type":"WebSite","@id":"https:\/\/narteks.net\/#website","url":"https:\/\/narteks.net\/","name":"narteks.net","description":"K\u00fclt\u00fcr Sanat Edebiyat Felsefe","publisher":{"@id":"https:\/\/narteks.net\/#organization"},"alternateName":"K\u00fclt\u00fcr Sanat Edebiyat Felsefe","potentialAction":[{"@type":"SearchAction","target":{"@type":"EntryPoint","urlTemplate":"https:\/\/narteks.net\/?s={search_term_string}"},"query-input":{"@type":"PropertyValueSpecification","valueRequired":true,"valueName":"search_term_string"}}],"inLanguage":"tr"},{"@type":"Organization","@id":"https:\/\/narteks.net\/#organization","name":"narteks.net","url":"https:\/\/narteks.net\/","logo":{"@type":"ImageObject","inLanguage":"tr","@id":"https:\/\/narteks.net\/#\/schema\/logo\/image\/","url":"https:\/\/narteks.net\/wp-content\/uploads\/narteks.png","contentUrl":"https:\/\/narteks.net\/wp-content\/uploads\/narteks.png","width":300,"height":90,"caption":"narteks.net"},"image":{"@id":"https:\/\/narteks.net\/#\/schema\/logo\/image\/"},"sameAs":["https:\/\/x.com\/narteks","https:\/\/instagram.com\/narteksnet"]},{"@type":"Person","@id":"https:\/\/narteks.net\/#\/schema\/person\/61f37d9834294b72d31d274e7ed79bca","name":"Tar\u0131k","image":{"@type":"ImageObject","inLanguage":"tr","@id":"https:\/\/narteks.net\/#\/schema\/person\/image\/","url":"https:\/\/secure.gravatar.com\/avatar\/50865afb55632c4ae467e0af0930f6510aa2297d8014be502a55b14f3b7550cf?s=96&d=mm&r=g","contentUrl":"https:\/\/secure.gravatar.com\/avatar\/50865afb55632c4ae467e0af0930f6510aa2297d8014be502a55b14f3b7550cf?s=96&d=mm&r=g","caption":"Tar\u0131k"},"sameAs":["http:\/\/narteks.net"],"url":"https:\/\/narteks.net\/index.php\/author\/narbak\/"}]}},"_links":{"self":[{"href":"https:\/\/narteks.net\/index.php\/wp-json\/wp\/v2\/posts\/248","targetHints":{"allow":["GET"]}}],"collection":[{"href":"https:\/\/narteks.net\/index.php\/wp-json\/wp\/v2\/posts"}],"about":[{"href":"https:\/\/narteks.net\/index.php\/wp-json\/wp\/v2\/types\/post"}],"author":[{"embeddable":true,"href":"https:\/\/narteks.net\/index.php\/wp-json\/wp\/v2\/users\/1"}],"replies":[{"embeddable":true,"href":"https:\/\/narteks.net\/index.php\/wp-json\/wp\/v2\/comments?post=248"}],"version-history":[{"count":0,"href":"https:\/\/narteks.net\/index.php\/wp-json\/wp\/v2\/posts\/248\/revisions"}],"wp:attachment":[{"href":"https:\/\/narteks.net\/index.php\/wp-json\/wp\/v2\/media?parent=248"}],"wp:term":[{"taxonomy":"category","embeddable":true,"href":"https:\/\/narteks.net\/index.php\/wp-json\/wp\/v2\/categories?post=248"},{"taxonomy":"post_tag","embeddable":true,"href":"https:\/\/narteks.net\/index.php\/wp-json\/wp\/v2\/tags?post=248"}],"curies":[{"name":"wp","href":"https:\/\/api.w.org\/{rel}","templated":true}]}}