{"id":2483,"date":"2009-12-05T16:01:10","date_gmt":"2009-12-05T13:01:10","guid":{"rendered":"http:\/\/localhost\/wordpress\/2009\/12\/05\/demedim-ki\/"},"modified":"2009-12-05T16:01:10","modified_gmt":"2009-12-05T13:01:10","slug":"demedim-ki","status":"publish","type":"post","link":"https:\/\/narteks.net\/index.php\/2009\/12\/05\/demedim-ki\/","title":{"rendered":"DEMED\u0130M K\u0130"},"content":{"rendered":"<p>\u00a0<\/p>\n<p>Bu kenti sevdim dedim  <br \/> Benim olsun demedim ki  <\/p>\n<p> Sevdim dedimse ak\u015fam k\u0131z\u0131ll\u0131\u011f\u0131n\u0131  <br \/> G\u00f6nl\u00fcm gibi ak\u0131p giden \u015fu \u00e7ay\u0131  <br \/> \u015eu orman\u0131 \u015fu denizi \u015fu da\u011f\u0131  <br \/> Benim olsun demedim ki  <\/p>\n<p> Vuruldumsa g\u00f6zlerinin g\u00fcl bah\u00e7esine  <br \/> Y\u00fcrek \u00e7izen \u015fim\u015feklerse ka\u00e7amak bak\u0131\u015flar\u0131  <br \/> \u0130\u015fte buna sevmek derler dedimse  <\/p>\n<p> \u00c7att\u0131msa ac\u0131lar\u0131n en g\u00fczeline  <br \/> Yedirdimse uykular\u0131 o tatl\u0131 ku\u015fa  <br \/> Benim olsun demedim ki  <\/p>\n<p> Bu ak\u015fam kank\u0131rm\u0131z\u0131 \u015farap istiyor can\u0131m  <br \/> Bu ak\u015fam d\u00fcnyan\u0131n b\u00fct\u00fcn \u015fark\u0131lar\u0131n\u0131  <br \/> Bu ak\u015fam d\u00fcnyan\u0131n b\u00fct\u00fcn \u00f6zlemlerini  <br \/> Bu ak\u015fam beni yaln\u0131z b\u0131rak\u0131n  <br \/> Bu ak\u015fam yaln\u0131zca onu d\u00fc\u015f\u00fcnece\u011fim  <br \/> Onu ve kendimi yaln\u0131zca<\/p>\n<p>Hasan H\u00fcseyin KORKMAZG\u0130L<\/p>\n","protected":false},"excerpt":{"rendered":"<p>\u00a0 Bu kenti sevdim dedim Benim olsun demedim ki Sevdim dedimse ak\u015fam k\u0131z\u0131ll\u0131\u011f\u0131n\u0131 G\u00f6nl\u00fcm gibi ak\u0131p giden \u015fu \u00e7ay\u0131 \u015eu orman\u0131 \u015fu denizi \u015fu da\u011f\u0131 Benim olsun demedim ki Vuruldumsa g\u00f6zlerinin g\u00fcl bah\u00e7esine Y\u00fcrek \u00e7izen \u015fim\u015feklerse ka\u00e7amak bak\u0131\u015flar\u0131 \u0130\u015fte buna sevmek derler dedimse \u00c7att\u0131msa ac\u0131lar\u0131n en g\u00fczeline Yedirdimse uykular\u0131 o tatl\u0131 ku\u015fa Benim olsun demedim [&hellip;]<\/p>\n","protected":false},"author":1,"featured_media":0,"comment_status":"open","ping_status":"open","sticky":false,"template":"","format":"standard","meta":{"footnotes":""},"categories":[21],"tags":[],"class_list":{"0":"post-2483","1":"post","2":"type-post","3":"status-publish","4":"format-standard","6":"category-h-huseyin-korkmazgil"},"yoast_head":"<!-- This site is optimized with the Yoast SEO Premium plugin v24.9 (Yoast SEO v24.9) - https:\/\/yoast.com\/wordpress\/plugins\/seo\/ -->\n<title>DEMED\u0130M K\u0130 - narteks.net<\/title>\n<meta name=\"robots\" content=\"index, follow, max-snippet:-1, max-image-preview:large, max-video-preview:-1\" \/>\n<link rel=\"canonical\" href=\"https:\/\/narteks.net\/index.php\/2009\/12\/05\/demedim-ki\/\" \/>\n<meta property=\"og:locale\" content=\"tr_TR\" \/>\n<meta property=\"og:type\" content=\"article\" \/>\n<meta property=\"og:title\" content=\"DEMED\u0130M K\u0130\" \/>\n<meta property=\"og:description\" content=\"\u00a0 Bu kenti sevdim dedim Benim olsun demedim ki Sevdim dedimse ak\u015fam k\u0131z\u0131ll\u0131\u011f\u0131n\u0131 G\u00f6nl\u00fcm gibi ak\u0131p giden \u015fu \u00e7ay\u0131 \u015eu orman\u0131 \u015fu denizi \u015fu da\u011f\u0131 Benim olsun demedim ki Vuruldumsa g\u00f6zlerinin g\u00fcl bah\u00e7esine Y\u00fcrek \u00e7izen \u015fim\u015feklerse ka\u00e7amak bak\u0131\u015flar\u0131 \u0130\u015fte buna sevmek derler dedimse \u00c7att\u0131msa ac\u0131lar\u0131n en g\u00fczeline Yedirdimse uykular\u0131 o tatl\u0131 ku\u015fa Benim olsun demedim [&hellip;]\" \/>\n<meta property=\"og:url\" content=\"https:\/\/narteks.net\/index.php\/2009\/12\/05\/demedim-ki\/\" \/>\n<meta property=\"og:site_name\" content=\"narteks.net\" \/>\n<meta property=\"article:published_time\" content=\"2009-12-05T13:01:10+00:00\" \/>\n<meta property=\"og:image\" content=\"https:\/\/narteks.net\/wp-content\/uploads\/narteks.png\" \/>\n\t<meta property=\"og:image:width\" content=\"300\" \/>\n\t<meta property=\"og:image:height\" content=\"90\" \/>\n\t<meta property=\"og:image:type\" content=\"image\/png\" \/>\n<meta name=\"author\" content=\"Tar\u0131k\" \/>\n<meta name=\"twitter:card\" content=\"summary_large_image\" \/>\n<meta name=\"twitter:creator\" content=\"@narteks\" \/>\n<meta name=\"twitter:site\" content=\"@narteks\" \/>\n<meta name=\"twitter:label1\" content=\"Yazan:\" \/>\n\t<meta name=\"twitter:data1\" content=\"Tar\u0131k\" \/>\n\t<meta name=\"twitter:label2\" content=\"Tahmini okuma s\u00fcresi\" \/>\n\t<meta name=\"twitter:data2\" content=\"1 dakika\" \/>\n<script type=\"application\/ld+json\" class=\"yoast-schema-graph\">{\"@context\":\"https:\/\/schema.org\",\"@graph\":[{\"@type\":\"Article\",\"@id\":\"https:\/\/narteks.net\/index.php\/2009\/12\/05\/demedim-ki\/#article\",\"isPartOf\":{\"@id\":\"https:\/\/narteks.net\/index.php\/2009\/12\/05\/demedim-ki\/\"},\"author\":{\"name\":\"Tar\u0131k\",\"@id\":\"https:\/\/narteks.net\/#\/schema\/person\/61f37d9834294b72d31d274e7ed79bca\"},\"headline\":\"DEMED\u0130M K\u0130\",\"datePublished\":\"2009-12-05T13:01:10+00:00\",\"mainEntityOfPage\":{\"@id\":\"https:\/\/narteks.net\/index.php\/2009\/12\/05\/demedim-ki\/\"},\"wordCount\":137,\"commentCount\":0,\"publisher\":{\"@id\":\"https:\/\/narteks.net\/#organization\"},\"articleSection\":[\"H.H\u00fcseyin KORKMAZG\u0130L\"],\"inLanguage\":\"tr\",\"potentialAction\":[{\"@type\":\"CommentAction\",\"name\":\"Comment\",\"target\":[\"https:\/\/narteks.net\/index.php\/2009\/12\/05\/demedim-ki\/#respond\"]}]},{\"@type\":\"WebPage\",\"@id\":\"https:\/\/narteks.net\/index.php\/2009\/12\/05\/demedim-ki\/\",\"url\":\"https:\/\/narteks.net\/index.php\/2009\/12\/05\/demedim-ki\/\",\"name\":\"DEMED\u0130M K\u0130 - narteks.net\",\"isPartOf\":{\"@id\":\"https:\/\/narteks.net\/#website\"},\"datePublished\":\"2009-12-05T13:01:10+00:00\",\"breadcrumb\":{\"@id\":\"https:\/\/narteks.net\/index.php\/2009\/12\/05\/demedim-ki\/#breadcrumb\"},\"inLanguage\":\"tr\",\"potentialAction\":[{\"@type\":\"ReadAction\",\"target\":[\"https:\/\/narteks.net\/index.php\/2009\/12\/05\/demedim-ki\/\"]}]},{\"@type\":\"BreadcrumbList\",\"@id\":\"https:\/\/narteks.net\/index.php\/2009\/12\/05\/demedim-ki\/#breadcrumb\",\"itemListElement\":[{\"@type\":\"ListItem\",\"position\":1,\"name\":\"Anasayfa\",\"item\":\"https:\/\/narteks.net\/\"},{\"@type\":\"ListItem\",\"position\":2,\"name\":\"DEMED\u0130M K\u0130\"}]},{\"@type\":\"WebSite\",\"@id\":\"https:\/\/narteks.net\/#website\",\"url\":\"https:\/\/narteks.net\/\",\"name\":\"narteks.net\",\"description\":\"K\u00fclt\u00fcr Sanat Edebiyat Felsefe\",\"publisher\":{\"@id\":\"https:\/\/narteks.net\/#organization\"},\"alternateName\":\"K\u00fclt\u00fcr Sanat Edebiyat Felsefe\",\"potentialAction\":[{\"@type\":\"SearchAction\",\"target\":{\"@type\":\"EntryPoint\",\"urlTemplate\":\"https:\/\/narteks.net\/?s={search_term_string}\"},\"query-input\":{\"@type\":\"PropertyValueSpecification\",\"valueRequired\":true,\"valueName\":\"search_term_string\"}}],\"inLanguage\":\"tr\"},{\"@type\":\"Organization\",\"@id\":\"https:\/\/narteks.net\/#organization\",\"name\":\"narteks.net\",\"url\":\"https:\/\/narteks.net\/\",\"logo\":{\"@type\":\"ImageObject\",\"inLanguage\":\"tr\",\"@id\":\"https:\/\/narteks.net\/#\/schema\/logo\/image\/\",\"url\":\"https:\/\/narteks.net\/wp-content\/uploads\/narteks.png\",\"contentUrl\":\"https:\/\/narteks.net\/wp-content\/uploads\/narteks.png\",\"width\":300,\"height\":90,\"caption\":\"narteks.net\"},\"image\":{\"@id\":\"https:\/\/narteks.net\/#\/schema\/logo\/image\/\"},\"sameAs\":[\"https:\/\/x.com\/narteks\",\"https:\/\/instagram.com\/narteksnet\"]},{\"@type\":\"Person\",\"@id\":\"https:\/\/narteks.net\/#\/schema\/person\/61f37d9834294b72d31d274e7ed79bca\",\"name\":\"Tar\u0131k\",\"image\":{\"@type\":\"ImageObject\",\"inLanguage\":\"tr\",\"@id\":\"https:\/\/narteks.net\/#\/schema\/person\/image\/\",\"url\":\"https:\/\/secure.gravatar.com\/avatar\/50865afb55632c4ae467e0af0930f6510aa2297d8014be502a55b14f3b7550cf?s=96&d=mm&r=g\",\"contentUrl\":\"https:\/\/secure.gravatar.com\/avatar\/50865afb55632c4ae467e0af0930f6510aa2297d8014be502a55b14f3b7550cf?s=96&d=mm&r=g\",\"caption\":\"Tar\u0131k\"},\"sameAs\":[\"http:\/\/narteks.net\"],\"url\":\"https:\/\/narteks.net\/index.php\/author\/narbak\/\"}]}<\/script>\n<!-- \/ Yoast SEO Premium plugin. -->","yoast_head_json":{"title":"DEMED\u0130M K\u0130 - narteks.net","robots":{"index":"index","follow":"follow","max-snippet":"max-snippet:-1","max-image-preview":"max-image-preview:large","max-video-preview":"max-video-preview:-1"},"canonical":"https:\/\/narteks.net\/index.php\/2009\/12\/05\/demedim-ki\/","og_locale":"tr_TR","og_type":"article","og_title":"DEMED\u0130M K\u0130","og_description":"\u00a0 Bu kenti sevdim dedim Benim olsun demedim ki Sevdim dedimse ak\u015fam k\u0131z\u0131ll\u0131\u011f\u0131n\u0131 G\u00f6nl\u00fcm gibi ak\u0131p giden \u015fu \u00e7ay\u0131 \u015eu orman\u0131 \u015fu denizi \u015fu da\u011f\u0131 Benim olsun demedim ki Vuruldumsa g\u00f6zlerinin g\u00fcl bah\u00e7esine Y\u00fcrek \u00e7izen \u015fim\u015feklerse ka\u00e7amak bak\u0131\u015flar\u0131 \u0130\u015fte buna sevmek derler dedimse \u00c7att\u0131msa ac\u0131lar\u0131n en g\u00fczeline Yedirdimse uykular\u0131 o tatl\u0131 ku\u015fa Benim olsun demedim [&hellip;]","og_url":"https:\/\/narteks.net\/index.php\/2009\/12\/05\/demedim-ki\/","og_site_name":"narteks.net","article_published_time":"2009-12-05T13:01:10+00:00","og_image":[{"width":300,"height":90,"url":"https:\/\/narteks.net\/wp-content\/uploads\/narteks.png","type":"image\/png"}],"author":"Tar\u0131k","twitter_card":"summary_large_image","twitter_creator":"@narteks","twitter_site":"@narteks","twitter_misc":{"Yazan:":"Tar\u0131k","Tahmini okuma s\u00fcresi":"1 dakika"},"schema":{"@context":"https:\/\/schema.org","@graph":[{"@type":"Article","@id":"https:\/\/narteks.net\/index.php\/2009\/12\/05\/demedim-ki\/#article","isPartOf":{"@id":"https:\/\/narteks.net\/index.php\/2009\/12\/05\/demedim-ki\/"},"author":{"name":"Tar\u0131k","@id":"https:\/\/narteks.net\/#\/schema\/person\/61f37d9834294b72d31d274e7ed79bca"},"headline":"DEMED\u0130M K\u0130","datePublished":"2009-12-05T13:01:10+00:00","mainEntityOfPage":{"@id":"https:\/\/narteks.net\/index.php\/2009\/12\/05\/demedim-ki\/"},"wordCount":137,"commentCount":0,"publisher":{"@id":"https:\/\/narteks.net\/#organization"},"articleSection":["H.H\u00fcseyin KORKMAZG\u0130L"],"inLanguage":"tr","potentialAction":[{"@type":"CommentAction","name":"Comment","target":["https:\/\/narteks.net\/index.php\/2009\/12\/05\/demedim-ki\/#respond"]}]},{"@type":"WebPage","@id":"https:\/\/narteks.net\/index.php\/2009\/12\/05\/demedim-ki\/","url":"https:\/\/narteks.net\/index.php\/2009\/12\/05\/demedim-ki\/","name":"DEMED\u0130M K\u0130 - narteks.net","isPartOf":{"@id":"https:\/\/narteks.net\/#website"},"datePublished":"2009-12-05T13:01:10+00:00","breadcrumb":{"@id":"https:\/\/narteks.net\/index.php\/2009\/12\/05\/demedim-ki\/#breadcrumb"},"inLanguage":"tr","potentialAction":[{"@type":"ReadAction","target":["https:\/\/narteks.net\/index.php\/2009\/12\/05\/demedim-ki\/"]}]},{"@type":"BreadcrumbList","@id":"https:\/\/narteks.net\/index.php\/2009\/12\/05\/demedim-ki\/#breadcrumb","itemListElement":[{"@type":"ListItem","position":1,"name":"Anasayfa","item":"https:\/\/narteks.net\/"},{"@type":"ListItem","position":2,"name":"DEMED\u0130M K\u0130"}]},{"@type":"WebSite","@id":"https:\/\/narteks.net\/#website","url":"https:\/\/narteks.net\/","name":"narteks.net","description":"K\u00fclt\u00fcr Sanat Edebiyat Felsefe","publisher":{"@id":"https:\/\/narteks.net\/#organization"},"alternateName":"K\u00fclt\u00fcr Sanat Edebiyat Felsefe","potentialAction":[{"@type":"SearchAction","target":{"@type":"EntryPoint","urlTemplate":"https:\/\/narteks.net\/?s={search_term_string}"},"query-input":{"@type":"PropertyValueSpecification","valueRequired":true,"valueName":"search_term_string"}}],"inLanguage":"tr"},{"@type":"Organization","@id":"https:\/\/narteks.net\/#organization","name":"narteks.net","url":"https:\/\/narteks.net\/","logo":{"@type":"ImageObject","inLanguage":"tr","@id":"https:\/\/narteks.net\/#\/schema\/logo\/image\/","url":"https:\/\/narteks.net\/wp-content\/uploads\/narteks.png","contentUrl":"https:\/\/narteks.net\/wp-content\/uploads\/narteks.png","width":300,"height":90,"caption":"narteks.net"},"image":{"@id":"https:\/\/narteks.net\/#\/schema\/logo\/image\/"},"sameAs":["https:\/\/x.com\/narteks","https:\/\/instagram.com\/narteksnet"]},{"@type":"Person","@id":"https:\/\/narteks.net\/#\/schema\/person\/61f37d9834294b72d31d274e7ed79bca","name":"Tar\u0131k","image":{"@type":"ImageObject","inLanguage":"tr","@id":"https:\/\/narteks.net\/#\/schema\/person\/image\/","url":"https:\/\/secure.gravatar.com\/avatar\/50865afb55632c4ae467e0af0930f6510aa2297d8014be502a55b14f3b7550cf?s=96&d=mm&r=g","contentUrl":"https:\/\/secure.gravatar.com\/avatar\/50865afb55632c4ae467e0af0930f6510aa2297d8014be502a55b14f3b7550cf?s=96&d=mm&r=g","caption":"Tar\u0131k"},"sameAs":["http:\/\/narteks.net"],"url":"https:\/\/narteks.net\/index.php\/author\/narbak\/"}]}},"_links":{"self":[{"href":"https:\/\/narteks.net\/index.php\/wp-json\/wp\/v2\/posts\/2483","targetHints":{"allow":["GET"]}}],"collection":[{"href":"https:\/\/narteks.net\/index.php\/wp-json\/wp\/v2\/posts"}],"about":[{"href":"https:\/\/narteks.net\/index.php\/wp-json\/wp\/v2\/types\/post"}],"author":[{"embeddable":true,"href":"https:\/\/narteks.net\/index.php\/wp-json\/wp\/v2\/users\/1"}],"replies":[{"embeddable":true,"href":"https:\/\/narteks.net\/index.php\/wp-json\/wp\/v2\/comments?post=2483"}],"version-history":[{"count":0,"href":"https:\/\/narteks.net\/index.php\/wp-json\/wp\/v2\/posts\/2483\/revisions"}],"wp:attachment":[{"href":"https:\/\/narteks.net\/index.php\/wp-json\/wp\/v2\/media?parent=2483"}],"wp:term":[{"taxonomy":"category","embeddable":true,"href":"https:\/\/narteks.net\/index.php\/wp-json\/wp\/v2\/categories?post=2483"},{"taxonomy":"post_tag","embeddable":true,"href":"https:\/\/narteks.net\/index.php\/wp-json\/wp\/v2\/tags?post=2483"}],"curies":[{"name":"wp","href":"https:\/\/api.w.org\/{rel}","templated":true}]}}