{"id":2484,"date":"2009-12-05T16:01:45","date_gmt":"2009-12-05T13:01:45","guid":{"rendered":"http:\/\/localhost\/wordpress\/2009\/12\/05\/duraktaki-isik\/"},"modified":"2009-12-05T16:01:45","modified_gmt":"2009-12-05T13:01:45","slug":"duraktaki-isik","status":"publish","type":"post","link":"https:\/\/narteks.net\/index.php\/2009\/12\/05\/duraktaki-isik\/","title":{"rendered":"DURAKTAK\u0130 I\u015eIK"},"content":{"rendered":"<p>\u00a0<\/p>\n<p>geli\u015fimiz g\u00f6t\u00fc mumlu mektupla olmad\u0131 bu d\u00fcnyaya<br \/> gidi\u015fimiz bando davul olmayacak elbet<br \/> geldik<br \/> a\u00e7masa olm\u0131yacak \u00e7i\u00e7ekler gibi<br \/> direndik<br \/> zincirini \u00e7\u00fcr\u00fcten mahkumlar gibi<br \/> bekledik<br \/> biryerlerden \u00e7\u0131k\u0131p gelecek diye<br \/> gelecek de g\u00f6zya\u015f\u0131m\u0131z dinecek diye<br \/> kirimiz pas\u0131m\u0131z yunacak diye<br \/> karn\u0131m\u0131z adam gibi doyacak diye<br \/> haks\u0131z\u0131n dam\u0131na koyacak diye<\/p>\n<p> gelmedin ulan<br \/> gelmedin ulan<br \/> gelmedin<br \/> gardiyan ettin bizi bu gecelere<\/p>\n<p> yavrum<br \/> hasan h\u00fcseyin<br \/> \u00f6v\u00fcnmeyi \u015fi\u015finmeyi biryana b\u0131rak<br \/> neyini tatt\u0131n o\u011flum<br \/> neresine dokundun \u015fu ellerinle<br \/> tamam oldu mu a\u011fz\u0131n<br \/> burnun tamam oldu mu<br \/> tamam m\u0131 kulaklar\u0131n<br \/> doydu mu biryerlerin<br \/> yavrum<br \/> hasan h\u00fcseyin<br \/> \u00f6pt\u00fcn m\u00fc g\u00fczel o\u011flum, g\u00fczel g\u00fczel k\u0131zlar\u0131 a\u011f\u0131zlar\u0131ndan<br \/> ok\u015fad\u0131n m\u0131 has bah\u00e7ede harika memelerini<br \/> i\u00e7tin mi i\u00e7kilerin heyheylisini<br \/> y\u0131ld\u0131zlar\u0131 toplad\u0131\u011f\u0131n oldu mu geceleri<br \/> gemilere bindin mi o\u011flum hasan h\u00fcseyin<br \/> u\u00e7aklara bindin mi<br \/> f\u00fczelere bindin mi<br \/> nusaybin&#8217;i ge\u00e7tin mi o\u011flum hasan h\u00fcseyin<br \/> \u00f6v\u00fcnmeyi \u015fi\u015finmeyi biryana b\u0131rak<br \/> ka\u00e7 kundura ka\u00e7 g\u00f6mlek<br \/> ka\u00e7 ekmek ka\u00e7 sigara<br \/> bir \u00e7ubuk sazan bal\u0131\u011f\u0131 \u00f6l\u00fc \u00e7aylardan<br \/> ve bir deli dilenci \u00f6\u011fle ezanlar\u0131nda<\/p>\n<p> ne senet verdi kimse bize<br \/> ne de bast\u0131k s\u00f6zle\u015fmeye kal\u0131b\u0131m\u0131z\u0131<br \/> ey fe\u015fmekan o\u011flu falan fe\u015ftekiz<br \/> kalacaks\u0131n \u015fu kadar y\u0131l<br \/> yapacaks\u0131n \u015funu bunu<br \/> yiyeceksin \u015funu \u015funu<br \/> g\u00f6receksin onu bunu<br \/> sonra da ey benim can\u0131m efendim<br \/> yaprak d\u00fc\u015fer gibi daldan<br \/> ey fe\u015fmekan o\u011flu falan fe\u015ftekiz<\/p>\n<p> geldik<br \/> hemen gidecek gibi<br \/> kald\u0131k<br \/> bir \u015fey diyecek gibi<br \/> dedik mi demedik mi<br \/> zincirde yatanlardan<br \/> yatacaklardan belli<\/p>\n<p> \u00f6yle bir karga\u015fada a\u00e7t\u0131k ki g\u00f6zlerimizi<br \/> soygun \u00e7alar vurgun oynar<br \/> otuzun tad\u0131 nedir<br \/> tad\u0131 nedir k\u0131rka merdiven dayaman\u0131n<br \/> meyvalardan neye benzer elliden \u00f6te<br \/> ka\u00e7 be\u015f k\u00f6\u015felidir yetmi\u015fbe\u015flerde d\u00fcnya<br \/> seksende ne g\u00f6r\u00fcn\u00fcr kad\u0131n bacaklar\u0131 insan\u0131n g\u00f6z\u00fcne<br \/> seksenden \u00f6te giden yolda ne yandan do\u011far g\u00fcne\u015f<br \/> \u00f6p\u00fc\u015fmek tuzlu mudur ek\u015fi midir kekre midir yoksa<br \/> belal\u0131 bir u\u00e7urum mu d\u00f6n\u00fcp geriye bakmak<br \/> ne soracak vakit bulduk<br \/> ne de bir s\u00f6yleyen \u00e7\u0131kt\u0131<br \/> ya\u015fad\u0131k yetmi\u015f ya\u015f\u0131n b\u00fct\u00fcn s\u0131\u011fl\u0131klar\u0131n\u0131 daha onbe\u015fimizde<\/p>\n<p> ya\u015fad\u0131k otuzbe\u015fte onbe\u015fin<br \/> o bu\u011fulu<br \/> o bulan\u0131k<br \/> o delico\u015f d\u00fc\u015flerini<br \/> uzand\u0131k\u00e7a uzakla\u015ft\u0131 bizden o y\u00fckl\u00fc dallar<br \/> k\u0131y\u0131lar ka\u00e7t\u0131 ellerimizden biz \u00e7\u0131rp\u0131nd\u0131k\u00e7a<br \/> bir yer ki medet umar insan \u00f6l\u00fcmden<br \/> \u00e7ek ipini \u00f6ylesi ya\u015faman\u0131n<br \/> y\u00fcz y\u0131l da ya\u015fasan de\u011fmez bir boka<br \/> bin y\u0131l ya\u015fasan<br \/> arkas\u0131 bo\u015f<\/p>\n<p> belki de en g\u00fczeli<br \/> en yi\u011fit\u00e7esi<br \/> denize dalar gibi dalmak kavgaya<br \/> an\u0131larda ya\u015famak<\/p>\n<p> al\u0131n ulan kavat o\u011flu kavatlar<br \/> al\u0131n ulan deyyus o\u011flu deyyuslar<br \/> al\u0131n da d\u00fc\u015f\u00fcn yola<\/p>\n<p>Hasan H\u00fcseyin KORKMAZG\u0130L<\/p>\n","protected":false},"excerpt":{"rendered":"<p>\u00a0 geli\u015fimiz g\u00f6t\u00fc mumlu mektupla olmad\u0131 bu d\u00fcnyaya gidi\u015fimiz bando davul olmayacak elbet geldik a\u00e7masa olm\u0131yacak \u00e7i\u00e7ekler gibi direndik zincirini \u00e7\u00fcr\u00fcten mahkumlar gibi bekledik biryerlerden \u00e7\u0131k\u0131p gelecek diye gelecek de g\u00f6zya\u015f\u0131m\u0131z dinecek diye kirimiz pas\u0131m\u0131z yunacak diye karn\u0131m\u0131z adam gibi doyacak diye haks\u0131z\u0131n dam\u0131na koyacak diye gelmedin ulan gelmedin ulan gelmedin gardiyan ettin bizi bu [&hellip;]<\/p>\n","protected":false},"author":1,"featured_media":0,"comment_status":"open","ping_status":"open","sticky":false,"template":"","format":"standard","meta":{"footnotes":""},"categories":[21],"tags":[],"class_list":{"0":"post-2484","1":"post","2":"type-post","3":"status-publish","4":"format-standard","6":"category-h-huseyin-korkmazgil"},"yoast_head":"<!-- This site is optimized with the Yoast SEO Premium plugin v24.9 (Yoast SEO v24.9) - https:\/\/yoast.com\/wordpress\/plugins\/seo\/ -->\n<title>DURAKTAK\u0130 I\u015eIK - narteks.net<\/title>\n<meta name=\"robots\" content=\"index, follow, max-snippet:-1, max-image-preview:large, max-video-preview:-1\" \/>\n<link rel=\"canonical\" href=\"https:\/\/narteks.net\/index.php\/2009\/12\/05\/duraktaki-isik\/\" \/>\n<meta property=\"og:locale\" content=\"tr_TR\" \/>\n<meta property=\"og:type\" content=\"article\" \/>\n<meta property=\"og:title\" content=\"DURAKTAK\u0130 I\u015eIK\" \/>\n<meta property=\"og:description\" content=\"\u00a0 geli\u015fimiz g\u00f6t\u00fc mumlu mektupla olmad\u0131 bu d\u00fcnyaya gidi\u015fimiz bando davul olmayacak elbet geldik a\u00e7masa olm\u0131yacak \u00e7i\u00e7ekler gibi direndik zincirini \u00e7\u00fcr\u00fcten mahkumlar gibi bekledik biryerlerden \u00e7\u0131k\u0131p gelecek diye gelecek de g\u00f6zya\u015f\u0131m\u0131z dinecek diye kirimiz pas\u0131m\u0131z yunacak diye karn\u0131m\u0131z adam gibi doyacak diye haks\u0131z\u0131n dam\u0131na koyacak diye gelmedin ulan gelmedin ulan gelmedin gardiyan ettin bizi bu [&hellip;]\" \/>\n<meta property=\"og:url\" content=\"https:\/\/narteks.net\/index.php\/2009\/12\/05\/duraktaki-isik\/\" \/>\n<meta property=\"og:site_name\" content=\"narteks.net\" \/>\n<meta property=\"article:published_time\" content=\"2009-12-05T13:01:45+00:00\" \/>\n<meta property=\"og:image\" content=\"https:\/\/narteks.net\/wp-content\/uploads\/narteks.png\" \/>\n\t<meta property=\"og:image:width\" content=\"300\" \/>\n\t<meta property=\"og:image:height\" content=\"90\" \/>\n\t<meta property=\"og:image:type\" content=\"image\/png\" \/>\n<meta name=\"author\" content=\"Tar\u0131k\" \/>\n<meta name=\"twitter:card\" content=\"summary_large_image\" \/>\n<meta name=\"twitter:creator\" content=\"@narteks\" \/>\n<meta name=\"twitter:site\" content=\"@narteks\" \/>\n<meta name=\"twitter:label1\" content=\"Yazan:\" \/>\n\t<meta name=\"twitter:data1\" content=\"Tar\u0131k\" \/>\n\t<meta name=\"twitter:label2\" content=\"Tahmini okuma s\u00fcresi\" \/>\n\t<meta name=\"twitter:data2\" content=\"3 dakika\" \/>\n<script type=\"application\/ld+json\" class=\"yoast-schema-graph\">{\"@context\":\"https:\/\/schema.org\",\"@graph\":[{\"@type\":\"Article\",\"@id\":\"https:\/\/narteks.net\/index.php\/2009\/12\/05\/duraktaki-isik\/#article\",\"isPartOf\":{\"@id\":\"https:\/\/narteks.net\/index.php\/2009\/12\/05\/duraktaki-isik\/\"},\"author\":{\"name\":\"Tar\u0131k\",\"@id\":\"https:\/\/narteks.net\/#\/schema\/person\/61f37d9834294b72d31d274e7ed79bca\"},\"headline\":\"DURAKTAK\u0130 I\u015eIK\",\"datePublished\":\"2009-12-05T13:01:45+00:00\",\"mainEntityOfPage\":{\"@id\":\"https:\/\/narteks.net\/index.php\/2009\/12\/05\/duraktaki-isik\/\"},\"wordCount\":511,\"commentCount\":0,\"publisher\":{\"@id\":\"https:\/\/narteks.net\/#organization\"},\"articleSection\":[\"H.H\u00fcseyin KORKMAZG\u0130L\"],\"inLanguage\":\"tr\",\"potentialAction\":[{\"@type\":\"CommentAction\",\"name\":\"Comment\",\"target\":[\"https:\/\/narteks.net\/index.php\/2009\/12\/05\/duraktaki-isik\/#respond\"]}]},{\"@type\":\"WebPage\",\"@id\":\"https:\/\/narteks.net\/index.php\/2009\/12\/05\/duraktaki-isik\/\",\"url\":\"https:\/\/narteks.net\/index.php\/2009\/12\/05\/duraktaki-isik\/\",\"name\":\"DURAKTAK\u0130 I\u015eIK - narteks.net\",\"isPartOf\":{\"@id\":\"https:\/\/narteks.net\/#website\"},\"datePublished\":\"2009-12-05T13:01:45+00:00\",\"breadcrumb\":{\"@id\":\"https:\/\/narteks.net\/index.php\/2009\/12\/05\/duraktaki-isik\/#breadcrumb\"},\"inLanguage\":\"tr\",\"potentialAction\":[{\"@type\":\"ReadAction\",\"target\":[\"https:\/\/narteks.net\/index.php\/2009\/12\/05\/duraktaki-isik\/\"]}]},{\"@type\":\"BreadcrumbList\",\"@id\":\"https:\/\/narteks.net\/index.php\/2009\/12\/05\/duraktaki-isik\/#breadcrumb\",\"itemListElement\":[{\"@type\":\"ListItem\",\"position\":1,\"name\":\"Anasayfa\",\"item\":\"https:\/\/narteks.net\/\"},{\"@type\":\"ListItem\",\"position\":2,\"name\":\"DURAKTAK\u0130 I\u015eIK\"}]},{\"@type\":\"WebSite\",\"@id\":\"https:\/\/narteks.net\/#website\",\"url\":\"https:\/\/narteks.net\/\",\"name\":\"narteks.net\",\"description\":\"K\u00fclt\u00fcr Sanat Edebiyat Felsefe\",\"publisher\":{\"@id\":\"https:\/\/narteks.net\/#organization\"},\"alternateName\":\"K\u00fclt\u00fcr Sanat Edebiyat Felsefe\",\"potentialAction\":[{\"@type\":\"SearchAction\",\"target\":{\"@type\":\"EntryPoint\",\"urlTemplate\":\"https:\/\/narteks.net\/?s={search_term_string}\"},\"query-input\":{\"@type\":\"PropertyValueSpecification\",\"valueRequired\":true,\"valueName\":\"search_term_string\"}}],\"inLanguage\":\"tr\"},{\"@type\":\"Organization\",\"@id\":\"https:\/\/narteks.net\/#organization\",\"name\":\"narteks.net\",\"url\":\"https:\/\/narteks.net\/\",\"logo\":{\"@type\":\"ImageObject\",\"inLanguage\":\"tr\",\"@id\":\"https:\/\/narteks.net\/#\/schema\/logo\/image\/\",\"url\":\"https:\/\/narteks.net\/wp-content\/uploads\/narteks.png\",\"contentUrl\":\"https:\/\/narteks.net\/wp-content\/uploads\/narteks.png\",\"width\":300,\"height\":90,\"caption\":\"narteks.net\"},\"image\":{\"@id\":\"https:\/\/narteks.net\/#\/schema\/logo\/image\/\"},\"sameAs\":[\"https:\/\/x.com\/narteks\",\"https:\/\/instagram.com\/narteksnet\"]},{\"@type\":\"Person\",\"@id\":\"https:\/\/narteks.net\/#\/schema\/person\/61f37d9834294b72d31d274e7ed79bca\",\"name\":\"Tar\u0131k\",\"image\":{\"@type\":\"ImageObject\",\"inLanguage\":\"tr\",\"@id\":\"https:\/\/narteks.net\/#\/schema\/person\/image\/\",\"url\":\"https:\/\/secure.gravatar.com\/avatar\/50865afb55632c4ae467e0af0930f6510aa2297d8014be502a55b14f3b7550cf?s=96&d=mm&r=g\",\"contentUrl\":\"https:\/\/secure.gravatar.com\/avatar\/50865afb55632c4ae467e0af0930f6510aa2297d8014be502a55b14f3b7550cf?s=96&d=mm&r=g\",\"caption\":\"Tar\u0131k\"},\"sameAs\":[\"http:\/\/narteks.net\"],\"url\":\"https:\/\/narteks.net\/index.php\/author\/narbak\/\"}]}<\/script>\n<!-- \/ Yoast SEO Premium plugin. -->","yoast_head_json":{"title":"DURAKTAK\u0130 I\u015eIK - narteks.net","robots":{"index":"index","follow":"follow","max-snippet":"max-snippet:-1","max-image-preview":"max-image-preview:large","max-video-preview":"max-video-preview:-1"},"canonical":"https:\/\/narteks.net\/index.php\/2009\/12\/05\/duraktaki-isik\/","og_locale":"tr_TR","og_type":"article","og_title":"DURAKTAK\u0130 I\u015eIK","og_description":"\u00a0 geli\u015fimiz g\u00f6t\u00fc mumlu mektupla olmad\u0131 bu d\u00fcnyaya gidi\u015fimiz bando davul olmayacak elbet geldik a\u00e7masa olm\u0131yacak \u00e7i\u00e7ekler gibi direndik zincirini \u00e7\u00fcr\u00fcten mahkumlar gibi bekledik biryerlerden \u00e7\u0131k\u0131p gelecek diye gelecek de g\u00f6zya\u015f\u0131m\u0131z dinecek diye kirimiz pas\u0131m\u0131z yunacak diye karn\u0131m\u0131z adam gibi doyacak diye haks\u0131z\u0131n dam\u0131na koyacak diye gelmedin ulan gelmedin ulan gelmedin gardiyan ettin bizi bu [&hellip;]","og_url":"https:\/\/narteks.net\/index.php\/2009\/12\/05\/duraktaki-isik\/","og_site_name":"narteks.net","article_published_time":"2009-12-05T13:01:45+00:00","og_image":[{"width":300,"height":90,"url":"https:\/\/narteks.net\/wp-content\/uploads\/narteks.png","type":"image\/png"}],"author":"Tar\u0131k","twitter_card":"summary_large_image","twitter_creator":"@narteks","twitter_site":"@narteks","twitter_misc":{"Yazan:":"Tar\u0131k","Tahmini okuma s\u00fcresi":"3 dakika"},"schema":{"@context":"https:\/\/schema.org","@graph":[{"@type":"Article","@id":"https:\/\/narteks.net\/index.php\/2009\/12\/05\/duraktaki-isik\/#article","isPartOf":{"@id":"https:\/\/narteks.net\/index.php\/2009\/12\/05\/duraktaki-isik\/"},"author":{"name":"Tar\u0131k","@id":"https:\/\/narteks.net\/#\/schema\/person\/61f37d9834294b72d31d274e7ed79bca"},"headline":"DURAKTAK\u0130 I\u015eIK","datePublished":"2009-12-05T13:01:45+00:00","mainEntityOfPage":{"@id":"https:\/\/narteks.net\/index.php\/2009\/12\/05\/duraktaki-isik\/"},"wordCount":511,"commentCount":0,"publisher":{"@id":"https:\/\/narteks.net\/#organization"},"articleSection":["H.H\u00fcseyin KORKMAZG\u0130L"],"inLanguage":"tr","potentialAction":[{"@type":"CommentAction","name":"Comment","target":["https:\/\/narteks.net\/index.php\/2009\/12\/05\/duraktaki-isik\/#respond"]}]},{"@type":"WebPage","@id":"https:\/\/narteks.net\/index.php\/2009\/12\/05\/duraktaki-isik\/","url":"https:\/\/narteks.net\/index.php\/2009\/12\/05\/duraktaki-isik\/","name":"DURAKTAK\u0130 I\u015eIK - narteks.net","isPartOf":{"@id":"https:\/\/narteks.net\/#website"},"datePublished":"2009-12-05T13:01:45+00:00","breadcrumb":{"@id":"https:\/\/narteks.net\/index.php\/2009\/12\/05\/duraktaki-isik\/#breadcrumb"},"inLanguage":"tr","potentialAction":[{"@type":"ReadAction","target":["https:\/\/narteks.net\/index.php\/2009\/12\/05\/duraktaki-isik\/"]}]},{"@type":"BreadcrumbList","@id":"https:\/\/narteks.net\/index.php\/2009\/12\/05\/duraktaki-isik\/#breadcrumb","itemListElement":[{"@type":"ListItem","position":1,"name":"Anasayfa","item":"https:\/\/narteks.net\/"},{"@type":"ListItem","position":2,"name":"DURAKTAK\u0130 I\u015eIK"}]},{"@type":"WebSite","@id":"https:\/\/narteks.net\/#website","url":"https:\/\/narteks.net\/","name":"narteks.net","description":"K\u00fclt\u00fcr Sanat Edebiyat Felsefe","publisher":{"@id":"https:\/\/narteks.net\/#organization"},"alternateName":"K\u00fclt\u00fcr Sanat Edebiyat Felsefe","potentialAction":[{"@type":"SearchAction","target":{"@type":"EntryPoint","urlTemplate":"https:\/\/narteks.net\/?s={search_term_string}"},"query-input":{"@type":"PropertyValueSpecification","valueRequired":true,"valueName":"search_term_string"}}],"inLanguage":"tr"},{"@type":"Organization","@id":"https:\/\/narteks.net\/#organization","name":"narteks.net","url":"https:\/\/narteks.net\/","logo":{"@type":"ImageObject","inLanguage":"tr","@id":"https:\/\/narteks.net\/#\/schema\/logo\/image\/","url":"https:\/\/narteks.net\/wp-content\/uploads\/narteks.png","contentUrl":"https:\/\/narteks.net\/wp-content\/uploads\/narteks.png","width":300,"height":90,"caption":"narteks.net"},"image":{"@id":"https:\/\/narteks.net\/#\/schema\/logo\/image\/"},"sameAs":["https:\/\/x.com\/narteks","https:\/\/instagram.com\/narteksnet"]},{"@type":"Person","@id":"https:\/\/narteks.net\/#\/schema\/person\/61f37d9834294b72d31d274e7ed79bca","name":"Tar\u0131k","image":{"@type":"ImageObject","inLanguage":"tr","@id":"https:\/\/narteks.net\/#\/schema\/person\/image\/","url":"https:\/\/secure.gravatar.com\/avatar\/50865afb55632c4ae467e0af0930f6510aa2297d8014be502a55b14f3b7550cf?s=96&d=mm&r=g","contentUrl":"https:\/\/secure.gravatar.com\/avatar\/50865afb55632c4ae467e0af0930f6510aa2297d8014be502a55b14f3b7550cf?s=96&d=mm&r=g","caption":"Tar\u0131k"},"sameAs":["http:\/\/narteks.net"],"url":"https:\/\/narteks.net\/index.php\/author\/narbak\/"}]}},"_links":{"self":[{"href":"https:\/\/narteks.net\/index.php\/wp-json\/wp\/v2\/posts\/2484","targetHints":{"allow":["GET"]}}],"collection":[{"href":"https:\/\/narteks.net\/index.php\/wp-json\/wp\/v2\/posts"}],"about":[{"href":"https:\/\/narteks.net\/index.php\/wp-json\/wp\/v2\/types\/post"}],"author":[{"embeddable":true,"href":"https:\/\/narteks.net\/index.php\/wp-json\/wp\/v2\/users\/1"}],"replies":[{"embeddable":true,"href":"https:\/\/narteks.net\/index.php\/wp-json\/wp\/v2\/comments?post=2484"}],"version-history":[{"count":0,"href":"https:\/\/narteks.net\/index.php\/wp-json\/wp\/v2\/posts\/2484\/revisions"}],"wp:attachment":[{"href":"https:\/\/narteks.net\/index.php\/wp-json\/wp\/v2\/media?parent=2484"}],"wp:term":[{"taxonomy":"category","embeddable":true,"href":"https:\/\/narteks.net\/index.php\/wp-json\/wp\/v2\/categories?post=2484"},{"taxonomy":"post_tag","embeddable":true,"href":"https:\/\/narteks.net\/index.php\/wp-json\/wp\/v2\/tags?post=2484"}],"curies":[{"name":"wp","href":"https:\/\/api.w.org\/{rel}","templated":true}]}}