{"id":2489,"date":"2009-12-05T16:05:41","date_gmt":"2009-12-05T13:05:41","guid":{"rendered":"http:\/\/localhost\/wordpress\/2009\/12\/05\/karima-altinci-evlilik-yildonumu-armagani\/"},"modified":"2009-12-05T16:05:41","modified_gmt":"2009-12-05T13:05:41","slug":"karima-altinci-evlilik-yildonumu-armagani","status":"publish","type":"post","link":"https:\/\/narteks.net\/index.php\/2009\/12\/05\/karima-altinci-evlilik-yildonumu-armagani\/","title":{"rendered":"KARIMA ALTINCI EVL\u0130L\u0130K YILD\u00d6N\u00dcM\u00dc ARMA\u011eANI"},"content":{"rendered":"<p>\u00a0<\/p>\n<p>Silah\u0131ms\u0131n<br \/> ba\u015f\u0131m havalarda gezerim<br \/> en y\u0131k\u0131k g\u00fcnlerimde bile<\/p>\n<p> at\u0131ms\u0131n <br \/> \u00f6l\u00fcm\u00fc \u00e7i\u011fnetmedin d\u00fc\u015fman\u0131ma<br \/> karanl\u0131kta kur\u015fun ya\u011farken \u00fcst\u00fcme<\/p>\n<p> kar\u0131ms\u0131n<br \/> d\u00f6l\u00fcm\u00fc payla\u015fan tarlams\u0131n benim<br \/> kollar\u0131mda uyuttu\u011fum geceler seni<br \/> g\u00f6\u011fs\u00fcne s\u0131\u011f\u0131nd\u0131\u011f\u0131m geceler senin<br \/> \u00f6fkemi bir tabanca gibi denedi\u011fim geceler sende<br \/> kula\u00e7 atm\u0131\u015f\u00e7as\u0131na  K\u0131z\u0131l\u0131rmak&#8217;ta<br \/> yorulup d\u00fc\u015ft\u00fc\u011f\u00fcm geceler senden<br \/> ve ilk g\u00f6r\u00fcyormu\u015fum gibi bakt\u0131\u011f\u0131mda g\u00f6zlerine<br \/> k\u0131z\u0131lt\u0131 sonbaharlar<br \/> alabulut yazlar<br \/> tiren tiren yolculuklar<\/p>\n<p> seni ben<br \/> ekmek param\u0131z olmad\u0131\u011f\u0131 g\u00fcnlerde de g\u00f6rd\u00fcm, yi\u011fittin<br \/> seni ben<br \/> korkunun kara t\u0131rnakl\u0131 titrek elleri<br \/> bileklerime bir hayalet gibi sar\u0131ld\u0131\u011f\u0131 g\u00fcnlerde de g\u00f6rd\u00fcm, yi\u011fittin<br \/> seni ben<br \/> zorlay\u0131p o peygamber k\u00f6\u015fk\u00fcn\u00fcn kap\u0131lar\u0131n\u0131<br \/> h\u00fccreme temiz \u00e7ama\u015f\u0131r ve sigara ve selam <br \/> yollad\u0131\u011f\u0131n g\u00fcnlerde de g\u00f6rd\u00fcm, yi\u011fittin<br \/> bir \u00e7ift ate\u015f karanfil<br \/> bir dost kitap<br \/> ve bir bardak su gibi bekledi\u011fin g\u00fcnler de oldu<br \/> hasta yata\u011f\u0131m\u0131n ba\u015f ucunda yi\u011fittin<br \/> sofram\u0131zda ku\u015f s\u00fct\u00fc bal\u0131k yumurtas\u0131 yoksa da<br \/> i\u015f\u00e7i ellerinin tad\u0131<br \/> ayd\u0131n g\u00f6zlerinin bal\u0131 var<\/p>\n<p> ne zaman kekik koksa<br \/> g\u00fcl koksa \u00e7ama\u015f\u0131rlar\u0131m<br \/> elma erik ceviz zeytin portakal<br \/> anam koksa \u00e7ama\u015f\u0131rlar\u0131m<br \/> ucuz \u00e7ama\u015f\u0131rlar\u0131m<br \/> ucuz sabunlarda ellerini an\u0131msar\u0131m<\/p>\n<p> ellerin<br \/> can\u0131m kar\u0131m ellerin<br \/> yaban g\u00fcllerine m\u0131sralara p\u0131rnallara de\u011fen ellerin<br \/> ellerin<br \/> can\u0131m kar\u0131m ellerin<br \/> iki ta\u015ftan bir un eden ellerin<br \/> ve g\u00f6ller b\u00f6lgesi&#8217;nin g\u00fcl bah\u00e7elerinden<br \/> g\u00fcl toplar gibi haziranda \u015fafakta<br \/> \u00e7etin kitaplardan bal toplayan ellerin<\/p>\n<p> can\u0131na okumu\u015flar ekme\u011fimizin<br \/> zincire yat\u0131rm\u0131\u015flar delikanl\u0131 g\u00fcnlerimizi<br \/> kan etmi\u015fler ellerimizi<br \/> kan etmi\u015fler d\u00fc\u015flerimizi<br \/> can\u0131m g\u00fcl\u00fcm<br \/> kan<br \/> gayr\u0131 bize \u00f6l\u00fcm yok<\/p>\n<p> kavgay\u0131<br \/> \u015fiiri<br \/> ve seni \u00e7ok seviyorum<\/p>\n<p>Hasan H\u00fcseyin KORKMAZG\u0130L<\/p>\n","protected":false},"excerpt":{"rendered":"<p>\u00a0 Silah\u0131ms\u0131n ba\u015f\u0131m havalarda gezerim en y\u0131k\u0131k g\u00fcnlerimde bile at\u0131ms\u0131n \u00f6l\u00fcm\u00fc \u00e7i\u011fnetmedin d\u00fc\u015fman\u0131ma karanl\u0131kta kur\u015fun ya\u011farken \u00fcst\u00fcme kar\u0131ms\u0131n d\u00f6l\u00fcm\u00fc payla\u015fan tarlams\u0131n benim kollar\u0131mda uyuttu\u011fum geceler seni g\u00f6\u011fs\u00fcne s\u0131\u011f\u0131nd\u0131\u011f\u0131m geceler senin \u00f6fkemi bir tabanca gibi denedi\u011fim geceler sende kula\u00e7 atm\u0131\u015f\u00e7as\u0131na K\u0131z\u0131l\u0131rmak&#8217;ta yorulup d\u00fc\u015ft\u00fc\u011f\u00fcm geceler senden ve ilk g\u00f6r\u00fcyormu\u015fum gibi bakt\u0131\u011f\u0131mda g\u00f6zlerine k\u0131z\u0131lt\u0131 sonbaharlar alabulut yazlar tiren [&hellip;]<\/p>\n","protected":false},"author":1,"featured_media":0,"comment_status":"open","ping_status":"open","sticky":false,"template":"","format":"standard","meta":{"footnotes":""},"categories":[21],"tags":[],"class_list":{"0":"post-2489","1":"post","2":"type-post","3":"status-publish","4":"format-standard","6":"category-h-huseyin-korkmazgil"},"yoast_head":"<!-- This site is optimized with the Yoast SEO Premium plugin v24.9 (Yoast SEO v24.9) - https:\/\/yoast.com\/wordpress\/plugins\/seo\/ -->\n<title>KARIMA ALTINCI EVL\u0130L\u0130K YILD\u00d6N\u00dcM\u00dc ARMA\u011eANI - narteks.net<\/title>\n<meta name=\"robots\" content=\"index, follow, max-snippet:-1, max-image-preview:large, max-video-preview:-1\" \/>\n<link rel=\"canonical\" href=\"https:\/\/narteks.net\/index.php\/2009\/12\/05\/karima-altinci-evlilik-yildonumu-armagani\/\" \/>\n<meta property=\"og:locale\" content=\"tr_TR\" \/>\n<meta property=\"og:type\" content=\"article\" \/>\n<meta property=\"og:title\" content=\"KARIMA ALTINCI EVL\u0130L\u0130K YILD\u00d6N\u00dcM\u00dc ARMA\u011eANI\" \/>\n<meta property=\"og:description\" content=\"\u00a0 Silah\u0131ms\u0131n ba\u015f\u0131m havalarda gezerim en y\u0131k\u0131k g\u00fcnlerimde bile at\u0131ms\u0131n \u00f6l\u00fcm\u00fc \u00e7i\u011fnetmedin d\u00fc\u015fman\u0131ma karanl\u0131kta kur\u015fun ya\u011farken \u00fcst\u00fcme kar\u0131ms\u0131n d\u00f6l\u00fcm\u00fc payla\u015fan tarlams\u0131n benim kollar\u0131mda uyuttu\u011fum geceler seni g\u00f6\u011fs\u00fcne s\u0131\u011f\u0131nd\u0131\u011f\u0131m geceler senin \u00f6fkemi bir tabanca gibi denedi\u011fim geceler sende kula\u00e7 atm\u0131\u015f\u00e7as\u0131na K\u0131z\u0131l\u0131rmak&#8217;ta yorulup d\u00fc\u015ft\u00fc\u011f\u00fcm geceler senden ve ilk g\u00f6r\u00fcyormu\u015fum gibi bakt\u0131\u011f\u0131mda g\u00f6zlerine k\u0131z\u0131lt\u0131 sonbaharlar alabulut yazlar tiren [&hellip;]\" \/>\n<meta property=\"og:url\" content=\"https:\/\/narteks.net\/index.php\/2009\/12\/05\/karima-altinci-evlilik-yildonumu-armagani\/\" \/>\n<meta property=\"og:site_name\" content=\"narteks.net\" \/>\n<meta property=\"article:published_time\" content=\"2009-12-05T13:05:41+00:00\" \/>\n<meta property=\"og:image\" content=\"https:\/\/narteks.net\/wp-content\/uploads\/narteks.png\" \/>\n\t<meta property=\"og:image:width\" content=\"300\" \/>\n\t<meta property=\"og:image:height\" content=\"90\" \/>\n\t<meta property=\"og:image:type\" content=\"image\/png\" \/>\n<meta name=\"author\" content=\"Tar\u0131k\" \/>\n<meta name=\"twitter:card\" content=\"summary_large_image\" \/>\n<meta name=\"twitter:creator\" content=\"@narteks\" \/>\n<meta name=\"twitter:site\" content=\"@narteks\" \/>\n<meta name=\"twitter:label1\" content=\"Yazan:\" \/>\n\t<meta name=\"twitter:data1\" content=\"Tar\u0131k\" \/>\n\t<meta name=\"twitter:label2\" content=\"Tahmini okuma s\u00fcresi\" \/>\n\t<meta name=\"twitter:data2\" content=\"2 dakika\" \/>\n<script type=\"application\/ld+json\" class=\"yoast-schema-graph\">{\"@context\":\"https:\/\/schema.org\",\"@graph\":[{\"@type\":\"Article\",\"@id\":\"https:\/\/narteks.net\/index.php\/2009\/12\/05\/karima-altinci-evlilik-yildonumu-armagani\/#article\",\"isPartOf\":{\"@id\":\"https:\/\/narteks.net\/index.php\/2009\/12\/05\/karima-altinci-evlilik-yildonumu-armagani\/\"},\"author\":{\"name\":\"Tar\u0131k\",\"@id\":\"https:\/\/narteks.net\/#\/schema\/person\/61f37d9834294b72d31d274e7ed79bca\"},\"headline\":\"KARIMA ALTINCI EVL\u0130L\u0130K YILD\u00d6N\u00dcM\u00dc ARMA\u011eANI\",\"datePublished\":\"2009-12-05T13:05:41+00:00\",\"mainEntityOfPage\":{\"@id\":\"https:\/\/narteks.net\/index.php\/2009\/12\/05\/karima-altinci-evlilik-yildonumu-armagani\/\"},\"wordCount\":346,\"commentCount\":0,\"publisher\":{\"@id\":\"https:\/\/narteks.net\/#organization\"},\"articleSection\":[\"H.H\u00fcseyin KORKMAZG\u0130L\"],\"inLanguage\":\"tr\",\"potentialAction\":[{\"@type\":\"CommentAction\",\"name\":\"Comment\",\"target\":[\"https:\/\/narteks.net\/index.php\/2009\/12\/05\/karima-altinci-evlilik-yildonumu-armagani\/#respond\"]}]},{\"@type\":\"WebPage\",\"@id\":\"https:\/\/narteks.net\/index.php\/2009\/12\/05\/karima-altinci-evlilik-yildonumu-armagani\/\",\"url\":\"https:\/\/narteks.net\/index.php\/2009\/12\/05\/karima-altinci-evlilik-yildonumu-armagani\/\",\"name\":\"KARIMA ALTINCI EVL\u0130L\u0130K YILD\u00d6N\u00dcM\u00dc ARMA\u011eANI - narteks.net\",\"isPartOf\":{\"@id\":\"https:\/\/narteks.net\/#website\"},\"datePublished\":\"2009-12-05T13:05:41+00:00\",\"breadcrumb\":{\"@id\":\"https:\/\/narteks.net\/index.php\/2009\/12\/05\/karima-altinci-evlilik-yildonumu-armagani\/#breadcrumb\"},\"inLanguage\":\"tr\",\"potentialAction\":[{\"@type\":\"ReadAction\",\"target\":[\"https:\/\/narteks.net\/index.php\/2009\/12\/05\/karima-altinci-evlilik-yildonumu-armagani\/\"]}]},{\"@type\":\"BreadcrumbList\",\"@id\":\"https:\/\/narteks.net\/index.php\/2009\/12\/05\/karima-altinci-evlilik-yildonumu-armagani\/#breadcrumb\",\"itemListElement\":[{\"@type\":\"ListItem\",\"position\":1,\"name\":\"Anasayfa\",\"item\":\"https:\/\/narteks.net\/\"},{\"@type\":\"ListItem\",\"position\":2,\"name\":\"KARIMA ALTINCI EVL\u0130L\u0130K YILD\u00d6N\u00dcM\u00dc ARMA\u011eANI\"}]},{\"@type\":\"WebSite\",\"@id\":\"https:\/\/narteks.net\/#website\",\"url\":\"https:\/\/narteks.net\/\",\"name\":\"narteks.net\",\"description\":\"K\u00fclt\u00fcr Sanat Edebiyat Felsefe\",\"publisher\":{\"@id\":\"https:\/\/narteks.net\/#organization\"},\"alternateName\":\"K\u00fclt\u00fcr Sanat Edebiyat Felsefe\",\"potentialAction\":[{\"@type\":\"SearchAction\",\"target\":{\"@type\":\"EntryPoint\",\"urlTemplate\":\"https:\/\/narteks.net\/?s={search_term_string}\"},\"query-input\":{\"@type\":\"PropertyValueSpecification\",\"valueRequired\":true,\"valueName\":\"search_term_string\"}}],\"inLanguage\":\"tr\"},{\"@type\":\"Organization\",\"@id\":\"https:\/\/narteks.net\/#organization\",\"name\":\"narteks.net\",\"url\":\"https:\/\/narteks.net\/\",\"logo\":{\"@type\":\"ImageObject\",\"inLanguage\":\"tr\",\"@id\":\"https:\/\/narteks.net\/#\/schema\/logo\/image\/\",\"url\":\"https:\/\/narteks.net\/wp-content\/uploads\/narteks.png\",\"contentUrl\":\"https:\/\/narteks.net\/wp-content\/uploads\/narteks.png\",\"width\":300,\"height\":90,\"caption\":\"narteks.net\"},\"image\":{\"@id\":\"https:\/\/narteks.net\/#\/schema\/logo\/image\/\"},\"sameAs\":[\"https:\/\/x.com\/narteks\",\"https:\/\/instagram.com\/narteksnet\"]},{\"@type\":\"Person\",\"@id\":\"https:\/\/narteks.net\/#\/schema\/person\/61f37d9834294b72d31d274e7ed79bca\",\"name\":\"Tar\u0131k\",\"image\":{\"@type\":\"ImageObject\",\"inLanguage\":\"tr\",\"@id\":\"https:\/\/narteks.net\/#\/schema\/person\/image\/\",\"url\":\"https:\/\/secure.gravatar.com\/avatar\/50865afb55632c4ae467e0af0930f6510aa2297d8014be502a55b14f3b7550cf?s=96&d=mm&r=g\",\"contentUrl\":\"https:\/\/secure.gravatar.com\/avatar\/50865afb55632c4ae467e0af0930f6510aa2297d8014be502a55b14f3b7550cf?s=96&d=mm&r=g\",\"caption\":\"Tar\u0131k\"},\"sameAs\":[\"http:\/\/narteks.net\"],\"url\":\"https:\/\/narteks.net\/index.php\/author\/narbak\/\"}]}<\/script>\n<!-- \/ Yoast SEO Premium plugin. -->","yoast_head_json":{"title":"KARIMA ALTINCI EVL\u0130L\u0130K YILD\u00d6N\u00dcM\u00dc ARMA\u011eANI - narteks.net","robots":{"index":"index","follow":"follow","max-snippet":"max-snippet:-1","max-image-preview":"max-image-preview:large","max-video-preview":"max-video-preview:-1"},"canonical":"https:\/\/narteks.net\/index.php\/2009\/12\/05\/karima-altinci-evlilik-yildonumu-armagani\/","og_locale":"tr_TR","og_type":"article","og_title":"KARIMA ALTINCI EVL\u0130L\u0130K YILD\u00d6N\u00dcM\u00dc ARMA\u011eANI","og_description":"\u00a0 Silah\u0131ms\u0131n ba\u015f\u0131m havalarda gezerim en y\u0131k\u0131k g\u00fcnlerimde bile at\u0131ms\u0131n \u00f6l\u00fcm\u00fc \u00e7i\u011fnetmedin d\u00fc\u015fman\u0131ma karanl\u0131kta kur\u015fun ya\u011farken \u00fcst\u00fcme kar\u0131ms\u0131n d\u00f6l\u00fcm\u00fc payla\u015fan tarlams\u0131n benim kollar\u0131mda uyuttu\u011fum geceler seni g\u00f6\u011fs\u00fcne s\u0131\u011f\u0131nd\u0131\u011f\u0131m geceler senin \u00f6fkemi bir tabanca gibi denedi\u011fim geceler sende kula\u00e7 atm\u0131\u015f\u00e7as\u0131na K\u0131z\u0131l\u0131rmak&#8217;ta yorulup d\u00fc\u015ft\u00fc\u011f\u00fcm geceler senden ve ilk g\u00f6r\u00fcyormu\u015fum gibi bakt\u0131\u011f\u0131mda g\u00f6zlerine k\u0131z\u0131lt\u0131 sonbaharlar alabulut yazlar tiren [&hellip;]","og_url":"https:\/\/narteks.net\/index.php\/2009\/12\/05\/karima-altinci-evlilik-yildonumu-armagani\/","og_site_name":"narteks.net","article_published_time":"2009-12-05T13:05:41+00:00","og_image":[{"width":300,"height":90,"url":"https:\/\/narteks.net\/wp-content\/uploads\/narteks.png","type":"image\/png"}],"author":"Tar\u0131k","twitter_card":"summary_large_image","twitter_creator":"@narteks","twitter_site":"@narteks","twitter_misc":{"Yazan:":"Tar\u0131k","Tahmini okuma s\u00fcresi":"2 dakika"},"schema":{"@context":"https:\/\/schema.org","@graph":[{"@type":"Article","@id":"https:\/\/narteks.net\/index.php\/2009\/12\/05\/karima-altinci-evlilik-yildonumu-armagani\/#article","isPartOf":{"@id":"https:\/\/narteks.net\/index.php\/2009\/12\/05\/karima-altinci-evlilik-yildonumu-armagani\/"},"author":{"name":"Tar\u0131k","@id":"https:\/\/narteks.net\/#\/schema\/person\/61f37d9834294b72d31d274e7ed79bca"},"headline":"KARIMA ALTINCI EVL\u0130L\u0130K YILD\u00d6N\u00dcM\u00dc ARMA\u011eANI","datePublished":"2009-12-05T13:05:41+00:00","mainEntityOfPage":{"@id":"https:\/\/narteks.net\/index.php\/2009\/12\/05\/karima-altinci-evlilik-yildonumu-armagani\/"},"wordCount":346,"commentCount":0,"publisher":{"@id":"https:\/\/narteks.net\/#organization"},"articleSection":["H.H\u00fcseyin KORKMAZG\u0130L"],"inLanguage":"tr","potentialAction":[{"@type":"CommentAction","name":"Comment","target":["https:\/\/narteks.net\/index.php\/2009\/12\/05\/karima-altinci-evlilik-yildonumu-armagani\/#respond"]}]},{"@type":"WebPage","@id":"https:\/\/narteks.net\/index.php\/2009\/12\/05\/karima-altinci-evlilik-yildonumu-armagani\/","url":"https:\/\/narteks.net\/index.php\/2009\/12\/05\/karima-altinci-evlilik-yildonumu-armagani\/","name":"KARIMA ALTINCI EVL\u0130L\u0130K YILD\u00d6N\u00dcM\u00dc ARMA\u011eANI - narteks.net","isPartOf":{"@id":"https:\/\/narteks.net\/#website"},"datePublished":"2009-12-05T13:05:41+00:00","breadcrumb":{"@id":"https:\/\/narteks.net\/index.php\/2009\/12\/05\/karima-altinci-evlilik-yildonumu-armagani\/#breadcrumb"},"inLanguage":"tr","potentialAction":[{"@type":"ReadAction","target":["https:\/\/narteks.net\/index.php\/2009\/12\/05\/karima-altinci-evlilik-yildonumu-armagani\/"]}]},{"@type":"BreadcrumbList","@id":"https:\/\/narteks.net\/index.php\/2009\/12\/05\/karima-altinci-evlilik-yildonumu-armagani\/#breadcrumb","itemListElement":[{"@type":"ListItem","position":1,"name":"Anasayfa","item":"https:\/\/narteks.net\/"},{"@type":"ListItem","position":2,"name":"KARIMA ALTINCI EVL\u0130L\u0130K YILD\u00d6N\u00dcM\u00dc ARMA\u011eANI"}]},{"@type":"WebSite","@id":"https:\/\/narteks.net\/#website","url":"https:\/\/narteks.net\/","name":"narteks.net","description":"K\u00fclt\u00fcr Sanat Edebiyat Felsefe","publisher":{"@id":"https:\/\/narteks.net\/#organization"},"alternateName":"K\u00fclt\u00fcr Sanat Edebiyat Felsefe","potentialAction":[{"@type":"SearchAction","target":{"@type":"EntryPoint","urlTemplate":"https:\/\/narteks.net\/?s={search_term_string}"},"query-input":{"@type":"PropertyValueSpecification","valueRequired":true,"valueName":"search_term_string"}}],"inLanguage":"tr"},{"@type":"Organization","@id":"https:\/\/narteks.net\/#organization","name":"narteks.net","url":"https:\/\/narteks.net\/","logo":{"@type":"ImageObject","inLanguage":"tr","@id":"https:\/\/narteks.net\/#\/schema\/logo\/image\/","url":"https:\/\/narteks.net\/wp-content\/uploads\/narteks.png","contentUrl":"https:\/\/narteks.net\/wp-content\/uploads\/narteks.png","width":300,"height":90,"caption":"narteks.net"},"image":{"@id":"https:\/\/narteks.net\/#\/schema\/logo\/image\/"},"sameAs":["https:\/\/x.com\/narteks","https:\/\/instagram.com\/narteksnet"]},{"@type":"Person","@id":"https:\/\/narteks.net\/#\/schema\/person\/61f37d9834294b72d31d274e7ed79bca","name":"Tar\u0131k","image":{"@type":"ImageObject","inLanguage":"tr","@id":"https:\/\/narteks.net\/#\/schema\/person\/image\/","url":"https:\/\/secure.gravatar.com\/avatar\/50865afb55632c4ae467e0af0930f6510aa2297d8014be502a55b14f3b7550cf?s=96&d=mm&r=g","contentUrl":"https:\/\/secure.gravatar.com\/avatar\/50865afb55632c4ae467e0af0930f6510aa2297d8014be502a55b14f3b7550cf?s=96&d=mm&r=g","caption":"Tar\u0131k"},"sameAs":["http:\/\/narteks.net"],"url":"https:\/\/narteks.net\/index.php\/author\/narbak\/"}]}},"_links":{"self":[{"href":"https:\/\/narteks.net\/index.php\/wp-json\/wp\/v2\/posts\/2489","targetHints":{"allow":["GET"]}}],"collection":[{"href":"https:\/\/narteks.net\/index.php\/wp-json\/wp\/v2\/posts"}],"about":[{"href":"https:\/\/narteks.net\/index.php\/wp-json\/wp\/v2\/types\/post"}],"author":[{"embeddable":true,"href":"https:\/\/narteks.net\/index.php\/wp-json\/wp\/v2\/users\/1"}],"replies":[{"embeddable":true,"href":"https:\/\/narteks.net\/index.php\/wp-json\/wp\/v2\/comments?post=2489"}],"version-history":[{"count":0,"href":"https:\/\/narteks.net\/index.php\/wp-json\/wp\/v2\/posts\/2489\/revisions"}],"wp:attachment":[{"href":"https:\/\/narteks.net\/index.php\/wp-json\/wp\/v2\/media?parent=2489"}],"wp:term":[{"taxonomy":"category","embeddable":true,"href":"https:\/\/narteks.net\/index.php\/wp-json\/wp\/v2\/categories?post=2489"},{"taxonomy":"post_tag","embeddable":true,"href":"https:\/\/narteks.net\/index.php\/wp-json\/wp\/v2\/tags?post=2489"}],"curies":[{"name":"wp","href":"https:\/\/api.w.org\/{rel}","templated":true}]}}