{"id":249,"date":"2009-02-27T21:32:51","date_gmt":"2009-02-27T18:32:51","guid":{"rendered":"http:\/\/localhost\/wordpress\/2009\/02\/27\/salvador-dali-biyografisi\/"},"modified":"2009-02-27T21:32:51","modified_gmt":"2009-02-27T18:32:51","slug":"salvador-dali-biyografisi","status":"publish","type":"post","link":"https:\/\/narteks.net\/index.php\/2009\/02\/27\/salvador-dali-biyografisi\/","title":{"rendered":"Salvador DAL\u0130 Biyografisi"},"content":{"rendered":"<p><img loading=\"lazy\" decoding=\"async\" src=\"http:\/\/upload.wikimedia.org\/wikipedia\/commons\/thumb\/2\/27\/Salvador_Dali_NYWTS.jpg\/220px-Salvador_Dali_NYWTS.jpg\" border=\"0\" width=\"155\" height=\"205\" style=\"float: left;\" \/><\/p>\n<p style=\"text-align: justify;\">Salvador Domingo Felipe Jacinto Dal\u00ed y Dom\u00e8nech, k\u0131saca Salvador Dal\u00ed (11 May\u0131s 1904 \u2013 23 Ocak 1989), <span class=\"mw-redirect\">\u0130spanyol<\/span> <span class=\"mw-redirect\">s\u00fcrrealist<\/span> <span class=\"new\">ressam<\/span>. Ger\u00e7ek\u00fcst\u00fc eserlerindeki tuhaf ve \u00e7arp\u0131c\u0131 imgelerle \u00fcnlenmi\u015ftir. En iyi bilinen eseri olan <em>Belle\u011fin Azmi<\/em><sup>,<\/sup>ni 1931&#8217;de bitirmi\u015ftir.<\/p>\n<p style=\"text-align: justify;\">Dal\u00ed, ressaml\u0131\u011f\u0131n yan\u0131 s\u0131ra heykelcilik, foto\u011fraf\u00e7\u0131l\u0131k ve filmcilikle de ilgilenmi\u015f, <span class=\"mw-redirect\">Amerikal\u0131<\/span> animasyoncu Walt Disney ile beraber yapt\u0131\u011f\u0131 <em>Destino<\/em> adl\u0131 k\u0131sa \u00e7izgi film, 2003&#8217;te &#8220;en iyi k\u0131sa animasyon filmi&#8221; dal\u0131nda Oscar aday\u0131 olmu\u015ftur.<\/p>\n<p style=\"text-align: justify;\">Katalonya do\u011fumlu olan Dal\u00ed, 711 y\u0131l\u0131nda \u0130spanya&#8217;y\u0131 fethetmi\u015f olan Ma\u011fribiler&#8217;in soyundan geldi\u011fini iddia etmi\u015f, &#8220;s\u00fcsl\u00fc ve cafcafl\u0131 olan her \u015feye, l\u00fcks hayata ve do\u011fu k\u0131yafetlerine olan d\u00fc\u015fk\u00fcnl\u00fc\u011f\u00fcn\u00fc&#8221; de &#8220;Arap k\u00f6keni&#8221;ne ba\u011flam\u0131\u015ft\u0131r.<\/p>\n<p style=\"text-align: justify;\">Dal\u00ed hayat\u0131 boyunca, sanat\u0131yla oldu\u011fu kadar eksantrik giyimi, davran\u0131\u015flar\u0131 ve s\u00f6zleriyle de dikkat \u00e7ekmi\u015f, bu durum kimi zaman, onun sanat\u0131n\u0131 takdir edenleri de etmeyenler kadar usand\u0131rm\u0131\u015ft\u0131r. Bu davran\u0131\u015flar\u0131n getirdi\u011fi k\u00f6t\u00fc \u015f\u00f6hret, Dal\u00ed&#8217;nin geni\u015f kesimlerce tan\u0131nmas\u0131n\u0131 sa\u011flam\u0131\u015f ve eserlerine duyulan ilgiyi art\u0131rm\u0131\u015ft\u0131r.<\/p>\n<p>\u00a0<\/p>\n<p><strong><br \/><\/strong><\/p>\n<h3><strong> <\/strong><\/h3>\n<div class=\"thumb tleft\">\n<div class=\"thumbinner\" style=\"width: 152px;\"><strong><span class=\"image\"><img loading=\"lazy\" decoding=\"async\" class=\"thumbimage\" src=\"http:\/\/upload.wikimedia.org\/wikipedia\/tr\/thumb\/4\/4b\/Dali_Self-portrait.jpg\/150px-Dali_Self-portrait.jpg\" border=\"0\" width=\"150\" height=\"256\" \/><\/span><\/strong><\/p>\n<div class=\"thumbcaption\" style=\"text-align: justify;\">\n<div class=\"magnify\"><strong><a class=\"internal\" href=\"http:\/\/tr.wikipedia.org\/wiki\/Dosya:Dali_Self-portrait.jpg\" title=\"B\u00fcy\u00fct\"><br \/><\/a><\/strong><\/div>\n<p><strong> <\/strong>Kendi portresi, 1921<\/div>\n<\/div>\n<\/div>\n<p style=\"text-align: justify;\">Dal\u00ed 11 May\u0131s 1904&#8217;te, \u0130spanya&#8217;n\u0131n Katalonya b\u00f6lgesinde bulunan Figueres kentinde, Salvador Dal\u00ed i Cus\u00ed ve Felipa Domenech Ferres \u00e7iftinin ikinci \u00e7ocu\u011fu olarak d\u00fcnyaya geldi. \u00c7iftin 1901 do\u011fumlu ilk \u00e7ocu\u011fu, Dal\u00ed&#8217;nin do\u011fumundan tam dokuz ay on g\u00fcn \u00f6nce (1 A\u011fustos 1903&#8217;te) sindirim yolu iltihab\u0131ndan \u00f6lm\u00fc\u015f, onun ismi olan Salvador da ikinci \u00e7ocu\u011fa ge\u00e7mi\u015fti. \u0130lk \u00e7ocuklar\u0131n\u0131n k\u00fc\u00e7\u00fck ya\u015fta \u00f6lmesini bir t\u00fcrl\u00fc kabullenemeyen Dal\u00ed \u00e7ifti, k\u00fc\u00e7\u00fck Dal\u00ed&#8217;nin yan\u0131nda s\u0131k s\u0131k \u00f6lm\u00fc\u015f a\u011fabeyinden bahsediyor, ilk Salvador&#8217;un bir resmini yatak odalar\u0131n\u0131n duvar\u0131nda tutuyor, ve Dal\u00ed&#8217;yle beraber d\u00fczenli olarak ilk Salvador&#8217;un mezar\u0131n\u0131 ziyaret ediyorlard\u0131. Bu durum, Dal\u00ed&#8217;nin k\u00fc\u00e7\u00fck ya\u015fta kendi kimli\u011fi konusunda kar\u0131\u015f\u0131kl\u0131k ya\u015famas\u0131na sebep oldu. Sonradan, hi\u00e7 tan\u0131mad\u0131\u011f\u0131 a\u011fabeyi hakk\u0131nda &#8220;iki su damlas\u0131 gibi birbirimize benziyorduk, fakat yans\u0131malar\u0131m\u0131z farkl\u0131yd\u0131 [&#8230;] O, herhalde benim fazla mutlak olarak tasarlanm\u0131\u015f ilk versiyonumdu.&#8221; diye yazacakt\u0131.<\/p>\n<p style=\"text-align: justify;\">Dal\u00ed&#8217;nin babas\u0131, sert ve otoriter karakterli bir noterdi. Annesi ise tam tersine sevecen ve anlay\u0131\u015fl\u0131yd\u0131 ve o\u011flunun resim konusundaki \u00e7abalar\u0131na destek veriyordu. Dal\u00ed \u00fc\u00e7 ya\u015f\u0131ndayken k\u0131zkarde\u015fi Ana Mar\u00eda do\u011fdu. Evin tek erkek \u00e7ocu\u011fu olarak, annesi, k\u0131zkarde\u015fi, teyzesi, anneannesi ve bak\u0131c\u0131s\u0131ndan s\u00fcrekli ilgi g\u00f6ren Dal\u00ed, k\u00fc\u00e7\u00fck ya\u015flar\u0131ndan itibaren \u015f\u0131mar\u0131k ve kaprisli bir karakter sergilemeye ba\u015flad\u0131.<\/p>\n<p style=\"text-align: justify;\">1914&#8217;te annesinin deste\u011fiyle \u00f6zel bir resim okuluna yaz\u0131lan Dal\u00ed, 1919&#8217;da Figueres Belediye Tiyatrosu&#8217;nda ilk sergisini a\u00e7t\u0131. \u015eubat 1921&#8217;de ise \u00e7ok sevdi\u011fi annesini meme kanserinden kaybetti. Annesinin \u00f6l\u00fcm\u00fc hakk\u0131nda &#8220;hayat\u0131mda ald\u0131\u011f\u0131m en b\u00fcy\u00fck darbeydi. Ona tapard\u0131m [&#8230;] Ruhumun ka\u00e7\u0131n\u0131lmaz kusurlar\u0131n\u0131 g\u00f6r\u00fcnmez k\u0131labilmesine hep g\u00fcvendi\u011fim bir varl\u0131\u011f\u0131n kayb\u0131n\u0131 kabullenemiyordum.&#8221; diye yazacakt\u0131. Dal\u00ed&#8217;nin babas\u0131, kar\u0131s\u0131n\u0131n \u00f6l\u00fcm\u00fcnden k\u0131sa s\u00fcre sonra bald\u0131z\u0131yla evlendi.<\/p>\n<p><strong>Madrid, Paris ve ABD<\/strong><\/p>\n<p style=\"text-align: justify;\">1922&#8217;de Madrid&#8217;e ta\u015f\u0131nan ve buradaki San Fernando G\u00fczel Sanatlar Okulu&#8217;na yaz\u0131lan Dal\u00ed, ilk eserlerinde k\u00fcbizm ve dadaizm etkileri g\u00f6sterdi. Fransa ve \u0130svi\u00e7re k\u00f6kenli olan bu yeni ak\u0131mlar, o s\u0131ralar Madrid&#8217;de pek yayg\u0131n de\u011fildi, ve Dal\u00ed&#8217;nin eserleri k\u0131sa s\u00fcrede ilgi \u00e7ekmeye ba\u015flad\u0131. Dal\u00ed, Madrid&#8217;de ge\u00e7irdi\u011fi y\u0131llarda, kendisi gibi avangart sanata merakl\u0131 olan film yap\u0131mc\u0131s\u0131 Luis Bu\u00f1uel ve \u015fair Federico Garc\u00eda Lorca ile yak\u0131n arkada\u015f oldu. 1923&#8217;te disiplinsizlik y\u00fcz\u00fcnden ge\u00e7ici olarak okuldan uzakla\u015ft\u0131r\u0131lan Dal\u00ed, ayn\u0131 y\u0131l Girona&#8217;da anar\u015fist g\u00f6sterilere kat\u0131ld\u0131\u011f\u0131 i\u00e7in tutukland\u0131 ve bir s\u00fcre g\u00f6zalt\u0131nda tutuldu. 1925&#8217;te okula geri d\u00f6nd\u00fc, ve <span class=\"mw-redirect\">Barcelona<\/span>&#8216;da ilk ki\u015fisel sergisini a\u00e7t\u0131. Resimleri ele\u015ftirmenler taraf\u0131ndan ilgi ve \u015fa\u015fk\u0131nl\u0131kla kar\u015f\u0131land\u0131.<\/p>\n<div class=\"thumb tright\">\n<div class=\"thumbinner\" style=\"width: 252px;\"><strong><span class=\"image\"><img loading=\"lazy\" decoding=\"async\" class=\"thumbimage\" src=\"http:\/\/upload.wikimedia.org\/wikipedia\/tr\/thumb\/d\/dd\/The_Persistence_of_Memory.jpg\/250px-The_Persistence_of_Memory.jpg\" border=\"0\" width=\"250\" height=\"182\" \/><\/span><\/strong><\/p>\n<div class=\"thumbcaption\">\n<div class=\"magnify\"><strong><span class=\"internal\"><br \/><\/span><\/strong><\/div>\n<p><strong><em>Belle\u011fin Azmi<\/em>, 1931<\/strong><\/div>\n<\/div>\n<\/div>\n<p style=\"text-align: justify;\">Dal\u00ed 1926&#8217;da Paris&#8217;e gitti ve b\u00fcy\u00fck sayg\u0131 duydu\u011fu Pablo Picasso ile tan\u0131\u015ft\u0131. Sonraki birka\u00e7 y\u0131l boyunca, Dal\u00ed&#8217;nin eserlerinde Picasso etkisi a\u011f\u0131r basacakt\u0131. Paris gezisinden d\u00f6nd\u00fckten k\u0131sa s\u00fcre sonra okulundan temelli kovulan Dal\u00ed, \u00e7ok ge\u00e7meden askere al\u0131nd\u0131. Ekim 1927&#8217;de askerlik hizmetini bitirdi ve Mart 1928&#8217;de sanat ele\u015ftirmenleri Llu\u00eds Montany\u00e0 ve Sebasti\u00e0 Gasch ile beraber, sanatta modernizmi ve f\u00fct\u00fcrizmi savunan &#8220;Sanat Kar\u015f\u0131t\u0131 Katalan Manifesto&#8221;yu yazd\u0131.<\/p>\n<p style=\"text-align: justify;\">1929&#8217;da arkada\u015f\u0131 Luis Bu\u00f1uel ile beraber \u00e7ektikleri <em>Bir End\u00fcl\u00fcs K\u00f6pe\u011fi<\/em> adl\u0131 avangart k\u0131sa film, s\u00fcrrealist sanat \u00e7evrelerinde ikiliye b\u00fcy\u00fck \u015f\u00f6hret kazand\u0131rd\u0131. Ayn\u0131 y\u0131l ikinci kez Paris&#8217;e giden Dal\u00ed, burada ressam <span class=\"mw-redirect\">Joan Mir\u00f3<\/span> arac\u0131l\u0131\u011f\u0131yla s\u00fcrrealist ak\u0131m\u0131n \u00f6nc\u00fcleri Andr\u00e9 Breton ve Paul \u00c9luard ile tan\u0131\u015ft\u0131. \u00c9luard&#8217;\u0131n kar\u0131s\u0131 Gala (as\u0131l ismi Helena \u0130vanovna Diakonova), tan\u0131\u015ft\u0131klar\u0131 andan itibaren Dal\u00ed&#8217;nin ilgisini \u00e7ekti, ve 1929 yaz\u0131nda Dal\u00ed ile Gala aras\u0131nda, sonradan evlili\u011fe d\u00f6n\u00fc\u015fecek olan tutkulu bir ili\u015fki ba\u015flad\u0131.<\/p>\n<p style=\"text-align: justify;\">1931 y\u0131l\u0131nda Dal\u00ed, en me\u015fhur eseri olan <em>Belle\u011fin Azmi<\/em><sup>,<\/sup>ni yapt\u0131. <em>Yumu\u015fak Saatler<\/em> ya da <em>Eriyen Saatler<\/em> olarak da bilinen eserde, geni\u015f bir kumsal manzaras\u0131 \u00f6n\u00fcnde eriyen cep saatleri resmedilmi\u015ftir. Eser genel olarak, kat\u0131 ve de\u011fi\u015fmez zaman kavram\u0131na kar\u015f\u0131 bir protesto olarak yorumlan\u0131r. Dal\u00ed sonradan bu resmin ilham\u0131n\u0131, s\u0131cak A\u011fustos g\u00fcne\u015fi alt\u0131nda erimekte olan bir Camembert peynirinden ald\u0131\u011f\u0131n\u0131 yazacakt\u0131.<\/p>\n<div class=\"thumb tleft\">\n<div class=\"thumbinner\" style=\"width: 202px;\"><strong><span class=\"image\"><img loading=\"lazy\" decoding=\"async\" class=\"thumbimage\" src=\"http:\/\/upload.wikimedia.org\/wikipedia\/tr\/thumb\/8\/89\/SalvadorDali-SoftConstructionWithBeans.jpg\/200px-SalvadorDali-SoftConstructionWithBeans.jpg\" border=\"0\" width=\"200\" height=\"205\" \/><\/span><\/strong><\/p>\n<div class=\"thumbcaption\">\n<div class=\"magnify\"><strong><a class=\"internal\" href=\"http:\/\/tr.wikipedia.org\/wiki\/Dosya:SalvadorDali-SoftConstructionWithBeans.jpg\" title=\"B\u00fcy\u00fct\"><br \/><\/a><\/strong><\/div>\n<p><strong><em>Ha\u015flanm\u0131\u015f Fasulyeli Yumu\u015fak Yap\u0131 (\u0130\u00e7 Sava\u015f \u00d6ng\u00f6r\u00fcs\u00fc)<\/em>, 1936<\/strong><\/div>\n<\/div>\n<\/div>\n<p style=\"text-align: justify;\">1929&#8217;dan beri beraber ya\u015fayan Dal\u00ed ve Gala, 1934&#8217;te bir devlet nik\u00e2h\u0131yla evlendiler. (1958&#8217;de bir Katolik d\u00fc\u011f\u00fcn\u00fcyle nik\u00e2h tazeleyeceklerdi.) Ayn\u0131 y\u0131l <span class=\"mw-redirect\">New York<\/span>&#8216;ta bir sergi a\u00e7an Dal\u00ed, ABD&#8217;de b\u00fcy\u00fck sansasyon yaratt\u0131 ve b\u00fcy\u00fck \u00fcne kavu\u015ftu. 1936&#8217;da Londra Uluslararas\u0131 S\u00fcrrealist Sergisi&#8217;nde bir konu\u015fma yapmas\u0131 istenince, sahneye eski tip hantal bir dalg\u0131\u00e7 tulumu i\u00e7inde \u00e7\u0131kt\u0131. Tulumun beline m\u00fccevher i\u015flemeli bir kama takm\u0131\u015ft\u0131; bir elinde bir bilardo \u0131stakas\u0131 tutuyor, di\u011fer eliyle de bir \u00e7ift kurtk\u00f6pe\u011fini \u00e7eki\u015ftiriyordu.Konu\u015fma s\u0131ras\u0131nda nefes almakta zorluk \u00e7ekince, dalg\u0131\u00e7 k\u0131yafetinin ba\u015fl\u0131\u011f\u0131 \u00e7\u0131kar\u0131ld\u0131.<\/p>\n<p style=\"text-align: justify;\">Dal\u00ed 1937&#8217;de Hollywood&#8217;a giderek zaman\u0131n me\u015fhur komedyenleri <span class=\"new\">Marx karde\u015fler<\/span> ile tan\u0131\u015ft\u0131, ve onlar i\u00e7in bir <span class=\"mw-redirect\">film senaryosu<\/span> yazd\u0131.1938 yaz\u0131nda ise Londra&#8217;da, hayran\u0131 oldu\u011fu Sigmund Freud ile tan\u0131\u015ft\u0131 ve \u00fcnl\u00fc psikolo\u011fun birka\u00e7 portresini yapt\u0131. T\u00fcm s\u00fcrrealistler gibi Dal\u00ed de <span class=\"mw-redirect\">bilin\u00e7alt\u0131n\u0131n<\/span> d\u0131\u015favurumuyla ilgileniyor, ve Freud&#8217;un bilin\u00e7alt\u0131 konusundaki yaz\u0131lar\u0131n\u0131 ilgiyle takip ediyordu.<\/p>\n<p style=\"text-align: justify;\">1936&#8217;da ba\u015flayan ve t\u00fcm \u0130spanya&#8217;y\u0131 kaosa s\u00fcr\u00fckleyen \u0130spanya \u0130\u00e7 Sava\u015f\u0131, 1939&#8217;da General Francisco Franco&#8217;nun galibiyetiyle sona erince, Dal\u00ed yeni kurulan fa\u015fist rejimi destekledi\u011fini a\u00e7\u0131klad\u0131.Bunun \u00fczerine, \u00e7o\u011funlu\u011fu Marksist olan ve Dal\u00ed&#8217;nin abart\u0131l\u0131 dikkat \u00e7ekme \u00e7abalar\u0131ndan zaten ho\u015flanmayan s\u00fcrrealistler, Dal\u00ed&#8217;ye a\u00e7\u0131k\u00e7a s\u0131rtlar\u0131n\u0131 d\u00f6nd\u00fcler. S\u00fcrrealist grubun \u00f6nderi Breton, Salvador Dal\u00ed&#8217;nin isminden i\u011fneleyici bir anagram \u00e7\u0131kard\u0131: <em>Avida Dollars<\/em> (Dolar Heveslisi). Dal\u00ed ise cevap vermekte gecikmedi: &#8220;<em>Le surr\u00e9alisme, c&#8217;est moi!<\/em>&#8221; (S\u00fcrrealizm benim!)S\u00fcrrealistler ve Dal\u00ed aras\u0131ndaki \u00e7eki\u015fme, Dal\u00ed \u00f6lene kadar devam edecekti.<\/p>\n<p style=\"text-align: justify;\">1940&#8217;ta Dal\u00ed ve Gala, t\u00fcm Avrupa&#8217;y\u0131 etkisi alt\u0131na almaya ba\u015flayan II. D\u00fcnya Sava\u015f\u0131&#8217;ndan ka\u00e7arak ABD&#8217;ye yerle\u015ftiler. Burada dokuz y\u0131l kalacaklard\u0131. 1942 y\u0131l\u0131nda Dal\u00ed, <em>Salvador Dal\u00ed&#8217;nin Gizli Hayat\u0131<\/em> isimli otobiyografisini yay\u0131mlad\u0131. 1945-46 y\u0131llar\u0131nda, Walt Disney ile beraber <em>Destino<\/em>, Alfred Hitchcock ile beraber <em>Spellbound<\/em> filmlerinin yap\u0131m\u0131nda \u00e7al\u0131\u015ft\u0131. 1947&#8217;de s\u00fcrrealist bir Picasso portresi yapt\u0131.<\/p>\n<p><strong><span style=\"color: #999999;\"><span class=\"mw-headline\">Katalonya&#8217;ya d\u00f6n\u00fc\u015f<\/span><\/span><\/strong><\/p>\n<div class=\"thumb tright\">\n<div class=\"thumbinner\" style=\"width: 152px;\"><strong><span class=\"image\"><img loading=\"lazy\" decoding=\"async\" class=\"thumbimage\" src=\"http:\/\/upload.wikimedia.org\/wikipedia\/tr\/thumb\/0\/09\/Dali_Crucifixion_hypercube.jpg\/150px-Dali_Crucifixion_hypercube.jpg\" border=\"0\" width=\"150\" height=\"236\" \/><\/span><\/strong><\/p>\n<div class=\"thumbcaption\">\n<div class=\"magnify\"><strong><a class=\"internal\" href=\"http:\/\/tr.wikipedia.org\/wiki\/Dosya:Dali_Crucifixion_hypercube.jpg\" title=\"B\u00fcy\u00fct\"><br \/><\/a><\/strong><\/div>\n<p><strong><em>\u00c7arm\u0131ha Gerilme (Corpus Hypercubicus)<\/em>, 1954<\/strong><\/div>\n<\/div>\n<\/div>\n<p style=\"text-align: justify;\">1949&#8217;da Dal\u00ed, kar\u0131s\u0131yla beraber Avrupa&#8217;ya d\u00f6nd\u00fc ve memleketi Katalonya&#8217;ya yerle\u015fti. Hayat\u0131n\u0131n sonuna kadar burada kalacakt\u0131. Fa\u015fist Franco rejimiyle y\u00f6netilen \u0130spanya&#8217;ya yerle\u015fmesi, bir kez daha sol g\u00f6r\u00fc\u015fl\u00fc sanat\u00e7\u0131 ve ayd\u0131nlar\u0131n tepkisini \u00e7ekti.<\/p>\n<p style=\"text-align: justify;\">Dal\u00ed 1951&#8217;de Katolisizm&#8217;in ve modern bilimin baz\u0131 kavramlar\u0131n\u0131 sentezledi\u011fi <em>Mistik Manifesto<\/em><sup>,<\/sup>yu yay\u0131mlad\u0131. II. D\u00fcnya Sava\u015f\u0131 sonras\u0131 eserlerinde, Katolik temalar ve DNA, <span class=\"new\">hiperk\u00fcp<\/span> (d\u00f6rt boyutlu k\u00fcp) ve atomik \u00e7\u00f6z\u00fcnme gibi modern bilim kavramlar\u0131 \u00f6ne \u00e7\u0131kacakt\u0131. Hiro\u015fima&#8217;da patlayan atom bombas\u0131n\u0131n g\u00fcc\u00fcnden \u00e7ok etkilenmi\u015f olan Dal\u00ed, hayat\u0131n\u0131n bu d\u00f6nemine &#8220;n\u00fckleer mistisizm&#8221; ad\u0131n\u0131 veriyordu. Yine bu d\u00f6nemde Dal\u00ed, tuvale boya s\u0131\u00e7ratma, <span class=\"mw-redirect\">hologramlar<\/span>, <span class=\"new\">optik yan\u0131lg\u0131lar<\/span> ve <span class=\"new\">stereoskopi<\/span> gibi pek \u00e7ok de\u011fi\u015fik teknikle denemeler yapt\u0131.<\/p>\n<p style=\"text-align: justify;\">1960&#8217;da Figueres belediye ba\u015fkan\u0131, y\u0131llar \u00f6nce Dal\u00ed&#8217;nin ilk sergisine ev sahipli\u011fi yapm\u0131\u015f ve i\u00e7 sava\u015fta zarar g\u00f6rm\u00fc\u015f olan Belediye Tiyatrosu&#8217;nu &#8220;Dal\u00ed Tiyatrosu ve M\u00fczesi&#8221; ad\u0131yla restore etmeye karar verdi. Dal\u00ed, 1974&#8217;e kadar m\u00fczenin in\u015faat\u0131 ve dekorasyonuyla bizzat ilgilendi ve bu projeye \u00e7ok emek ve zaman harcad\u0131. M\u00fcze 1974&#8217;te a\u00e7\u0131ld\u0131ysa da, Dal\u00ed 1980&#8217;lerin ortas\u0131na kadar ufak eklemeler ve de\u011fi\u015fiklikler yapmaya devam etti.<\/p>\n<p style=\"text-align: justify;\">10 Haziran 1982&#8217;de Dal\u00ed&#8217;nin \u00e7ok sevdi\u011fi kar\u0131s\u0131, menajeri, modeli ve ilham perisi Gala hayat\u0131n\u0131 kaybetti. Gala&#8217;n\u0131n \u00f6l\u00fcm\u00fcnden sonra ya\u015fama iste\u011fini kaybeden Dal\u00ed, kar\u0131s\u0131n\u0131n \u00f6ld\u00fc\u011f\u00fc ve g\u00f6m\u00fcld\u00fc\u011f\u00fc P\u00fabol Kalesi&#8217;ne yerle\u015fti ve m\u00fcnzevi bir hayat s\u00fcrmeye ba\u015flad\u0131. Temmuz 1982&#8217;de \u0130spanya Kral\u0131 <span class=\"new\">Juan Carlos<\/span>, Dal\u00ed&#8217;yi P\u00fabol Markisi ilan etti. Dal\u00ed ise bu jeste kar\u015f\u0131l\u0131k olarak, krala <em>Avrupa&#8217;n\u0131n Ba\u015f\u0131<\/em> adl\u0131 \u00e7izimini hediye etti. 1983&#8217;te P\u00fabol Kalesi&#8217;nde yapt\u0131\u011f\u0131 <em>Ser\u00e7enin Kuyru\u011fu<\/em> adl\u0131 tablo, Dal\u00ed&#8217;nin son eseri olacakt\u0131. A\u011fustos 1984&#8217;te Dal\u00ed, kaledeki yatak odas\u0131nda bilinmeyen bir sebepten \u00e7\u0131kan yang\u0131nda baca\u011f\u0131ndan yaraland\u0131.Bu olaydan k\u0131sa s\u00fcre sonra Figueres&#8217;e d\u00f6nd\u00fc ve Salvador Dal\u00ed Tiyatro ve M\u00fczesi&#8217;nde ya\u015famaya ba\u015flad\u0131.<\/p>\n<p style=\"text-align: justify;\">Dal\u00ed, 23 Ocak 1989&#8217;da kalp yetmezli\u011finden \u00f6ld\u00fc ve Figueres&#8217;te kendi ad\u0131n\u0131 ta\u015f\u0131yan m\u00fczenin mahzenine g\u00f6m\u00fcld\u00fc.<\/p>\n<p><strong><span class=\"mw-headline\">Eserleri<\/span><\/strong><\/p>\n<p style=\"text-align: justify;\">Dal\u00ed hayat\u0131 boyunca, 1500&#8217;den fazla resim ve onlarca heykelin yan\u0131 s\u0131ra, \u00e7e\u015fitli ta\u015f bask\u0131 eserler, kitap ill\u00fcstrasyonlar\u0131, tiyatro dekorlar\u0131 ve kost\u00fcmleri \u00fcretmi\u015ftir. Ayr\u0131ca, Man Ray, Brassa\u00ef, Cecil Beaton ve Philippe Halsman gibi foto\u011fraf sanat\u00e7\u0131lar\u0131yla ve Elsa Schiaparelli, Christian Dior gibi moda tasar\u0131mc\u0131lar\u0131yla beraber \u00e7al\u0131\u015fm\u0131\u015ft\u0131r.<\/p>\n<p style=\"text-align: justify;\" dir=\"rtl\">Bug\u00fcn Dal\u00ed&#8217;nin eserlerinin b\u00fcy\u00fck \u00e7o\u011funlu\u011fu, Figueres&#8217;deki Dal\u00ed Tiyatro ve M\u00fczesi&#8217;nde bulunur. Florida&#8217;n\u0131n St. Petersburg kentindeki Salvador Dal\u00ed M\u00fczesi, Madrid&#8217;deki Reina Sofia M\u00fczesi ve Los Angeles&#8217;taki Salvador Dal\u00ed Galerisi de sanat\u00e7\u0131n\u0131n y\u00fczlerce eserini bar\u0131nd\u0131r\u0131r.<\/p>\n<p style=\"text-align: justify;\">Dal\u00ed&#8217;nin 1965&#8217;te New York&#8217;taki Rikers Island Hapishanesi&#8217;ne ba\u011f\u0131\u015flad\u0131\u011f\u0131 \u00e7arm\u0131ha gerilmi\u015f \u0130sa resmi, 1981&#8217;e kadar hapishanenin yemekhanesinde as\u0131l\u0131 durduktan sonra buradan al\u0131narak hapishanenin lobisine as\u0131lm\u0131\u015f, 2003&#8217;te ise kimli\u011fi belirsiz ki\u015filerce lobiden \u00e7al\u0131nm\u0131\u015ft\u0131r. 20. y\u00fczy\u0131l\u0131n en \u00f6nemli sanat\u00e7\u0131lar\u0131ndan, s\u00fcrrealizmin yani ger\u00e7ek\u00fcst\u00fcc\u00fcl\u00fck ak\u0131m\u0131n\u0131n temsilcisi Salvador Dali\u2019nin ba\u015fl\u0131ca esin kayna\u011f\u0131 d\u00fc\u015fler, korkular ve hayaller ile Dali, resim sanat\u0131n\u0131n ak\u0131\u015f\u0131na y\u00f6n veren eserleriyle \u0130stanbul\u2019da da sergilenmi\u015ftir. Dali\u2019nin kapsaml\u0131 bir retrospektifi niteli\u011fini ta\u015f\u0131yan \u201c\u0130stanbul\u2019da Bir S\u00fcrrealist Salvador Dali\u201d adl\u0131 sergisinde, \u0130spanyol sanat\u00e7\u0131n\u0131n 380 par\u00e7a eseri sergilenmi\u015ftir. 20 Ocak\u2019a kadar a\u00e7\u0131k kalacak sergide sanat\u00e7\u0131n\u0131n ya\u011fl\u0131 boya tablolar\u0131, \u00e7izimleri ve grafiklerinin yan\u0131 s\u0131ra el yazmalar\u0131, defterleri, mektuplar\u0131 ve foto\u011fraflar\u0131 gibi pek \u00e7ok belge yer alacak.(Serginin kapan\u0131\u015f tarihi 10 g\u00fcn uzat\u0131larak 01 \u015eubat&#8217;a ertelenmi\u015ftir.)<\/p>\n<p><strong><span class=\"mw-headline\">Politik G\u00f6r\u00fc\u015f\u00fc<\/span><\/strong><\/p>\n<p style=\"text-align: justify;\">Salvador Dal\u00ed&#8217;nin sanat\u00e7\u0131 olarak varolu\u015funda politika \u00e7ok \u00f6nemli bir yer alm\u0131\u015ft\u0131r. S\u00fcrrealizmin kurucusu tro\u00e7kist Andr\u00e9 Breton yanl\u0131s\u0131 olarak ba\u015flad\u0131\u011f\u0131 sanat hayat\u0131na, ilerki d\u00f6nemlerde iktidar\u0131 kanl\u0131 bi\u00e7imde ele alan fa\u015fist Franko yanl\u0131s\u0131 olarak devam etmi\u015ftir.<\/p>\n<p style=\"text-align: justify;\">Gen\u00e7li\u011finde anar\u015fist- kominist yaz\u0131lar\u0131 keskin \u00e7\u0131k\u0131\u015flar\u0131 olan derin bir kavray\u0131\u015ftan ziyade okuyucuyu \u015fok etmek \u00fczerine odaklanm\u0131\u015ft\u0131r. Bu y\u0131llarda Dadac\u0131 etki g\u00f6r\u00fcl\u00fcr. Dali b\u00fcy\u00fcd\u00fck\u00e7e tro\u00e7kist Andr\u00e9 Breton etkisindeki s\u00fcrrealist hareketin etkinli\u011finin artmas\u0131yla s\u00fcrealist olur.<\/p>\n<p style=\"text-align: justify;\">\u0130spanya i\u00e7 sava\u015f\u0131 ba\u015flad\u0131\u011f\u0131nda, Dali sava\u015fmaktan ve bir grubun yan\u0131nda yer almaktan uzak durur. Benzer \u015fekilde, \u0130kinci D\u00fcnya Sava\u015f\u0131nda George Orwell, Dali&#8217;yi &#8220;Fransa tehlikeye d\u00fc\u015ft\u00fc\u011f\u00fcnde fare gibi ka\u00e7makla&#8221; ele\u015ftirmi\u015ftir. Y\u0131llar sonra o d\u00f6nemini Dali &#8220;Avrupa sava\u015f\u0131 yakla\u015ft\u0131\u011f\u0131nda tek d\u00fc\u015f\u00fcnd\u00fc\u011f\u00fcn\u00fcn: tehlike daha da yakla\u015ft\u0131\u011f\u0131nda t\u0131k\u0131labilece\u011fi f\u0131r\u0131n\u0131 g\u00fczel bir yer bulabilmek&#8221; oldu\u011funu belirtmi\u015ftir. II. D\u00fcnya sava\u015f\u0131 sonras\u0131nda Katalonya&#8217;ya geri d\u00f6nd\u00fc\u011f\u00fcnde, Franko rejimi ile yak\u0131nla\u015fm\u0131\u015ft\u0131r. Ba\u011fz\u0131 s\u00f6zleri Franko rejimine destek vermi\u015f, Franko&#8217;yu \u0130spanyay\u0131 yokedici g\u00fc\u00e7lerden temizledi\u011fi i\u00e7in te\u015fekk\u00fcr etmi\u015ftir. Bu d\u00f6nemde Katolik inanca d\u00f6nm\u00fc\u015ft\u00fcr. Ayr\u0131ca Franko&#8217;yu \u00e7\u0131kard\u0131\u011f\u0131 idam h\u00fck\u00fcmleri i\u00e7in tebrik etmi\u015ftir. Ayr\u0131ca ki\u015fisel olarak da Franko ile tan\u0131\u015fm\u0131\u015f ve Frankonun ninesini resmetmi\u015ftir. Franko&#8217;ya kar\u015f\u0131 hislerinin samimi mi oldu\u011fu yalanc\u0131 m\u0131 oldu\u011funu belirlemek imkans\u0131zd\u0131r.<\/p>\n","protected":false},"excerpt":{"rendered":"<p>Salvador Domingo Felipe Jacinto Dal\u00ed y Dom\u00e8nech, k\u0131saca Salvador Dal\u00ed (11 May\u0131s 1904 \u2013 23 Ocak 1989), \u0130spanyol s\u00fcrrealist ressam. Ger\u00e7ek\u00fcst\u00fc eserlerindeki tuhaf ve \u00e7arp\u0131c\u0131 imgelerle \u00fcnlenmi\u015ftir. En iyi bilinen eseri olan Belle\u011fin Azmi,ni 1931&#8217;de bitirmi\u015ftir. Dal\u00ed, ressaml\u0131\u011f\u0131n yan\u0131 s\u0131ra heykelcilik, foto\u011fraf\u00e7\u0131l\u0131k ve filmcilikle de ilgilenmi\u015f, Amerikal\u0131 animasyoncu Walt Disney ile beraber yapt\u0131\u011f\u0131 Destino adl\u0131 [&hellip;]<\/p>\n","protected":false},"author":1,"featured_media":0,"comment_status":"open","ping_status":"open","sticky":false,"template":"","format":"standard","meta":{"footnotes":""},"categories":[116],"tags":[],"class_list":["post-249","post","type-post","status-publish","format-standard","category-ressam-biyografileri-ve-eserleri"],"yoast_head":"<!-- This site is optimized with the Yoast SEO Premium plugin v24.9 (Yoast SEO v24.9) - https:\/\/yoast.com\/wordpress\/plugins\/seo\/ -->\n<title>Salvador DAL\u0130 Biyografisi - narteks.net<\/title>\n<meta name=\"robots\" content=\"index, follow, max-snippet:-1, max-image-preview:large, max-video-preview:-1\" \/>\n<link rel=\"canonical\" href=\"https:\/\/narteks.net\/index.php\/2009\/02\/27\/salvador-dali-biyografisi\/\" \/>\n<meta property=\"og:locale\" content=\"tr_TR\" \/>\n<meta property=\"og:type\" content=\"article\" \/>\n<meta property=\"og:title\" content=\"Salvador DAL\u0130 Biyografisi\" \/>\n<meta property=\"og:description\" content=\"Salvador Domingo Felipe Jacinto Dal\u00ed y Dom\u00e8nech, k\u0131saca Salvador Dal\u00ed (11 May\u0131s 1904 \u2013 23 Ocak 1989), \u0130spanyol s\u00fcrrealist ressam. Ger\u00e7ek\u00fcst\u00fc eserlerindeki tuhaf ve \u00e7arp\u0131c\u0131 imgelerle \u00fcnlenmi\u015ftir. En iyi bilinen eseri olan Belle\u011fin Azmi,ni 1931&#8217;de bitirmi\u015ftir. Dal\u00ed, ressaml\u0131\u011f\u0131n yan\u0131 s\u0131ra heykelcilik, foto\u011fraf\u00e7\u0131l\u0131k ve filmcilikle de ilgilenmi\u015f, Amerikal\u0131 animasyoncu Walt Disney ile beraber yapt\u0131\u011f\u0131 Destino adl\u0131 [&hellip;]\" \/>\n<meta property=\"og:url\" content=\"https:\/\/narteks.net\/index.php\/2009\/02\/27\/salvador-dali-biyografisi\/\" \/>\n<meta property=\"og:site_name\" content=\"narteks.net\" \/>\n<meta property=\"article:published_time\" content=\"2009-02-27T18:32:51+00:00\" \/>\n<meta property=\"og:image\" content=\"http:\/\/upload.wikimedia.org\/wikipedia\/commons\/thumb\/2\/27\/Salvador_Dali_NYWTS.jpg\/220px-Salvador_Dali_NYWTS.jpg\" \/>\n<meta name=\"author\" content=\"Tar\u0131k\" \/>\n<meta name=\"twitter:card\" content=\"summary_large_image\" \/>\n<meta name=\"twitter:creator\" content=\"@narteks\" \/>\n<meta name=\"twitter:site\" content=\"@narteks\" \/>\n<meta name=\"twitter:label1\" content=\"Yazan:\" \/>\n\t<meta name=\"twitter:data1\" content=\"Tar\u0131k\" \/>\n\t<meta name=\"twitter:label2\" content=\"Tahmini okuma s\u00fcresi\" \/>\n\t<meta name=\"twitter:data2\" content=\"11 dakika\" \/>\n<script type=\"application\/ld+json\" class=\"yoast-schema-graph\">{\"@context\":\"https:\/\/schema.org\",\"@graph\":[{\"@type\":\"Article\",\"@id\":\"https:\/\/narteks.net\/index.php\/2009\/02\/27\/salvador-dali-biyografisi\/#article\",\"isPartOf\":{\"@id\":\"https:\/\/narteks.net\/index.php\/2009\/02\/27\/salvador-dali-biyografisi\/\"},\"author\":{\"name\":\"Tar\u0131k\",\"@id\":\"https:\/\/narteks.net\/#\/schema\/person\/61f37d9834294b72d31d274e7ed79bca\"},\"headline\":\"Salvador DAL\u0130 Biyografisi\",\"datePublished\":\"2009-02-27T18:32:51+00:00\",\"mainEntityOfPage\":{\"@id\":\"https:\/\/narteks.net\/index.php\/2009\/02\/27\/salvador-dali-biyografisi\/\"},\"wordCount\":2235,\"commentCount\":0,\"publisher\":{\"@id\":\"https:\/\/narteks.net\/#organization\"},\"image\":{\"@id\":\"https:\/\/narteks.net\/index.php\/2009\/02\/27\/salvador-dali-biyografisi\/#primaryimage\"},\"thumbnailUrl\":\"http:\/\/upload.wikimedia.org\/wikipedia\/commons\/thumb\/2\/27\/Salvador_Dali_NYWTS.jpg\/220px-Salvador_Dali_NYWTS.jpg\",\"articleSection\":[\"Ressam Biyografileri ve Eserleri\"],\"inLanguage\":\"tr\",\"potentialAction\":[{\"@type\":\"CommentAction\",\"name\":\"Comment\",\"target\":[\"https:\/\/narteks.net\/index.php\/2009\/02\/27\/salvador-dali-biyografisi\/#respond\"]}]},{\"@type\":\"WebPage\",\"@id\":\"https:\/\/narteks.net\/index.php\/2009\/02\/27\/salvador-dali-biyografisi\/\",\"url\":\"https:\/\/narteks.net\/index.php\/2009\/02\/27\/salvador-dali-biyografisi\/\",\"name\":\"Salvador DAL\u0130 Biyografisi - narteks.net\",\"isPartOf\":{\"@id\":\"https:\/\/narteks.net\/#website\"},\"primaryImageOfPage\":{\"@id\":\"https:\/\/narteks.net\/index.php\/2009\/02\/27\/salvador-dali-biyografisi\/#primaryimage\"},\"image\":{\"@id\":\"https:\/\/narteks.net\/index.php\/2009\/02\/27\/salvador-dali-biyografisi\/#primaryimage\"},\"thumbnailUrl\":\"http:\/\/upload.wikimedia.org\/wikipedia\/commons\/thumb\/2\/27\/Salvador_Dali_NYWTS.jpg\/220px-Salvador_Dali_NYWTS.jpg\",\"datePublished\":\"2009-02-27T18:32:51+00:00\",\"breadcrumb\":{\"@id\":\"https:\/\/narteks.net\/index.php\/2009\/02\/27\/salvador-dali-biyografisi\/#breadcrumb\"},\"inLanguage\":\"tr\",\"potentialAction\":[{\"@type\":\"ReadAction\",\"target\":[\"https:\/\/narteks.net\/index.php\/2009\/02\/27\/salvador-dali-biyografisi\/\"]}]},{\"@type\":\"ImageObject\",\"inLanguage\":\"tr\",\"@id\":\"https:\/\/narteks.net\/index.php\/2009\/02\/27\/salvador-dali-biyografisi\/#primaryimage\",\"url\":\"http:\/\/upload.wikimedia.org\/wikipedia\/commons\/thumb\/2\/27\/Salvador_Dali_NYWTS.jpg\/220px-Salvador_Dali_NYWTS.jpg\",\"contentUrl\":\"http:\/\/upload.wikimedia.org\/wikipedia\/commons\/thumb\/2\/27\/Salvador_Dali_NYWTS.jpg\/220px-Salvador_Dali_NYWTS.jpg\"},{\"@type\":\"BreadcrumbList\",\"@id\":\"https:\/\/narteks.net\/index.php\/2009\/02\/27\/salvador-dali-biyografisi\/#breadcrumb\",\"itemListElement\":[{\"@type\":\"ListItem\",\"position\":1,\"name\":\"Anasayfa\",\"item\":\"https:\/\/narteks.net\/\"},{\"@type\":\"ListItem\",\"position\":2,\"name\":\"Salvador DAL\u0130 Biyografisi\"}]},{\"@type\":\"WebSite\",\"@id\":\"https:\/\/narteks.net\/#website\",\"url\":\"https:\/\/narteks.net\/\",\"name\":\"narteks.net\",\"description\":\"K\u00fclt\u00fcr Sanat Edebiyat Felsefe\",\"publisher\":{\"@id\":\"https:\/\/narteks.net\/#organization\"},\"alternateName\":\"K\u00fclt\u00fcr Sanat Edebiyat Felsefe\",\"potentialAction\":[{\"@type\":\"SearchAction\",\"target\":{\"@type\":\"EntryPoint\",\"urlTemplate\":\"https:\/\/narteks.net\/?s={search_term_string}\"},\"query-input\":{\"@type\":\"PropertyValueSpecification\",\"valueRequired\":true,\"valueName\":\"search_term_string\"}}],\"inLanguage\":\"tr\"},{\"@type\":\"Organization\",\"@id\":\"https:\/\/narteks.net\/#organization\",\"name\":\"narteks.net\",\"url\":\"https:\/\/narteks.net\/\",\"logo\":{\"@type\":\"ImageObject\",\"inLanguage\":\"tr\",\"@id\":\"https:\/\/narteks.net\/#\/schema\/logo\/image\/\",\"url\":\"https:\/\/narteks.net\/wp-content\/uploads\/narteks.png\",\"contentUrl\":\"https:\/\/narteks.net\/wp-content\/uploads\/narteks.png\",\"width\":300,\"height\":90,\"caption\":\"narteks.net\"},\"image\":{\"@id\":\"https:\/\/narteks.net\/#\/schema\/logo\/image\/\"},\"sameAs\":[\"https:\/\/x.com\/narteks\",\"https:\/\/instagram.com\/narteksnet\"]},{\"@type\":\"Person\",\"@id\":\"https:\/\/narteks.net\/#\/schema\/person\/61f37d9834294b72d31d274e7ed79bca\",\"name\":\"Tar\u0131k\",\"image\":{\"@type\":\"ImageObject\",\"inLanguage\":\"tr\",\"@id\":\"https:\/\/narteks.net\/#\/schema\/person\/image\/\",\"url\":\"https:\/\/secure.gravatar.com\/avatar\/50865afb55632c4ae467e0af0930f6510aa2297d8014be502a55b14f3b7550cf?s=96&d=mm&r=g\",\"contentUrl\":\"https:\/\/secure.gravatar.com\/avatar\/50865afb55632c4ae467e0af0930f6510aa2297d8014be502a55b14f3b7550cf?s=96&d=mm&r=g\",\"caption\":\"Tar\u0131k\"},\"sameAs\":[\"http:\/\/narteks.net\"],\"url\":\"https:\/\/narteks.net\/index.php\/author\/narbak\/\"}]}<\/script>\n<!-- \/ Yoast SEO Premium plugin. -->","yoast_head_json":{"title":"Salvador DAL\u0130 Biyografisi - narteks.net","robots":{"index":"index","follow":"follow","max-snippet":"max-snippet:-1","max-image-preview":"max-image-preview:large","max-video-preview":"max-video-preview:-1"},"canonical":"https:\/\/narteks.net\/index.php\/2009\/02\/27\/salvador-dali-biyografisi\/","og_locale":"tr_TR","og_type":"article","og_title":"Salvador DAL\u0130 Biyografisi","og_description":"Salvador Domingo Felipe Jacinto Dal\u00ed y Dom\u00e8nech, k\u0131saca Salvador Dal\u00ed (11 May\u0131s 1904 \u2013 23 Ocak 1989), \u0130spanyol s\u00fcrrealist ressam. Ger\u00e7ek\u00fcst\u00fc eserlerindeki tuhaf ve \u00e7arp\u0131c\u0131 imgelerle \u00fcnlenmi\u015ftir. En iyi bilinen eseri olan Belle\u011fin Azmi,ni 1931&#8217;de bitirmi\u015ftir. Dal\u00ed, ressaml\u0131\u011f\u0131n yan\u0131 s\u0131ra heykelcilik, foto\u011fraf\u00e7\u0131l\u0131k ve filmcilikle de ilgilenmi\u015f, Amerikal\u0131 animasyoncu Walt Disney ile beraber yapt\u0131\u011f\u0131 Destino adl\u0131 [&hellip;]","og_url":"https:\/\/narteks.net\/index.php\/2009\/02\/27\/salvador-dali-biyografisi\/","og_site_name":"narteks.net","article_published_time":"2009-02-27T18:32:51+00:00","og_image":[{"url":"http:\/\/upload.wikimedia.org\/wikipedia\/commons\/thumb\/2\/27\/Salvador_Dali_NYWTS.jpg\/220px-Salvador_Dali_NYWTS.jpg","type":"","width":"","height":""}],"author":"Tar\u0131k","twitter_card":"summary_large_image","twitter_creator":"@narteks","twitter_site":"@narteks","twitter_misc":{"Yazan:":"Tar\u0131k","Tahmini okuma s\u00fcresi":"11 dakika"},"schema":{"@context":"https:\/\/schema.org","@graph":[{"@type":"Article","@id":"https:\/\/narteks.net\/index.php\/2009\/02\/27\/salvador-dali-biyografisi\/#article","isPartOf":{"@id":"https:\/\/narteks.net\/index.php\/2009\/02\/27\/salvador-dali-biyografisi\/"},"author":{"name":"Tar\u0131k","@id":"https:\/\/narteks.net\/#\/schema\/person\/61f37d9834294b72d31d274e7ed79bca"},"headline":"Salvador DAL\u0130 Biyografisi","datePublished":"2009-02-27T18:32:51+00:00","mainEntityOfPage":{"@id":"https:\/\/narteks.net\/index.php\/2009\/02\/27\/salvador-dali-biyografisi\/"},"wordCount":2235,"commentCount":0,"publisher":{"@id":"https:\/\/narteks.net\/#organization"},"image":{"@id":"https:\/\/narteks.net\/index.php\/2009\/02\/27\/salvador-dali-biyografisi\/#primaryimage"},"thumbnailUrl":"http:\/\/upload.wikimedia.org\/wikipedia\/commons\/thumb\/2\/27\/Salvador_Dali_NYWTS.jpg\/220px-Salvador_Dali_NYWTS.jpg","articleSection":["Ressam Biyografileri ve Eserleri"],"inLanguage":"tr","potentialAction":[{"@type":"CommentAction","name":"Comment","target":["https:\/\/narteks.net\/index.php\/2009\/02\/27\/salvador-dali-biyografisi\/#respond"]}]},{"@type":"WebPage","@id":"https:\/\/narteks.net\/index.php\/2009\/02\/27\/salvador-dali-biyografisi\/","url":"https:\/\/narteks.net\/index.php\/2009\/02\/27\/salvador-dali-biyografisi\/","name":"Salvador DAL\u0130 Biyografisi - narteks.net","isPartOf":{"@id":"https:\/\/narteks.net\/#website"},"primaryImageOfPage":{"@id":"https:\/\/narteks.net\/index.php\/2009\/02\/27\/salvador-dali-biyografisi\/#primaryimage"},"image":{"@id":"https:\/\/narteks.net\/index.php\/2009\/02\/27\/salvador-dali-biyografisi\/#primaryimage"},"thumbnailUrl":"http:\/\/upload.wikimedia.org\/wikipedia\/commons\/thumb\/2\/27\/Salvador_Dali_NYWTS.jpg\/220px-Salvador_Dali_NYWTS.jpg","datePublished":"2009-02-27T18:32:51+00:00","breadcrumb":{"@id":"https:\/\/narteks.net\/index.php\/2009\/02\/27\/salvador-dali-biyografisi\/#breadcrumb"},"inLanguage":"tr","potentialAction":[{"@type":"ReadAction","target":["https:\/\/narteks.net\/index.php\/2009\/02\/27\/salvador-dali-biyografisi\/"]}]},{"@type":"ImageObject","inLanguage":"tr","@id":"https:\/\/narteks.net\/index.php\/2009\/02\/27\/salvador-dali-biyografisi\/#primaryimage","url":"http:\/\/upload.wikimedia.org\/wikipedia\/commons\/thumb\/2\/27\/Salvador_Dali_NYWTS.jpg\/220px-Salvador_Dali_NYWTS.jpg","contentUrl":"http:\/\/upload.wikimedia.org\/wikipedia\/commons\/thumb\/2\/27\/Salvador_Dali_NYWTS.jpg\/220px-Salvador_Dali_NYWTS.jpg"},{"@type":"BreadcrumbList","@id":"https:\/\/narteks.net\/index.php\/2009\/02\/27\/salvador-dali-biyografisi\/#breadcrumb","itemListElement":[{"@type":"ListItem","position":1,"name":"Anasayfa","item":"https:\/\/narteks.net\/"},{"@type":"ListItem","position":2,"name":"Salvador DAL\u0130 Biyografisi"}]},{"@type":"WebSite","@id":"https:\/\/narteks.net\/#website","url":"https:\/\/narteks.net\/","name":"narteks.net","description":"K\u00fclt\u00fcr Sanat Edebiyat Felsefe","publisher":{"@id":"https:\/\/narteks.net\/#organization"},"alternateName":"K\u00fclt\u00fcr Sanat Edebiyat Felsefe","potentialAction":[{"@type":"SearchAction","target":{"@type":"EntryPoint","urlTemplate":"https:\/\/narteks.net\/?s={search_term_string}"},"query-input":{"@type":"PropertyValueSpecification","valueRequired":true,"valueName":"search_term_string"}}],"inLanguage":"tr"},{"@type":"Organization","@id":"https:\/\/narteks.net\/#organization","name":"narteks.net","url":"https:\/\/narteks.net\/","logo":{"@type":"ImageObject","inLanguage":"tr","@id":"https:\/\/narteks.net\/#\/schema\/logo\/image\/","url":"https:\/\/narteks.net\/wp-content\/uploads\/narteks.png","contentUrl":"https:\/\/narteks.net\/wp-content\/uploads\/narteks.png","width":300,"height":90,"caption":"narteks.net"},"image":{"@id":"https:\/\/narteks.net\/#\/schema\/logo\/image\/"},"sameAs":["https:\/\/x.com\/narteks","https:\/\/instagram.com\/narteksnet"]},{"@type":"Person","@id":"https:\/\/narteks.net\/#\/schema\/person\/61f37d9834294b72d31d274e7ed79bca","name":"Tar\u0131k","image":{"@type":"ImageObject","inLanguage":"tr","@id":"https:\/\/narteks.net\/#\/schema\/person\/image\/","url":"https:\/\/secure.gravatar.com\/avatar\/50865afb55632c4ae467e0af0930f6510aa2297d8014be502a55b14f3b7550cf?s=96&d=mm&r=g","contentUrl":"https:\/\/secure.gravatar.com\/avatar\/50865afb55632c4ae467e0af0930f6510aa2297d8014be502a55b14f3b7550cf?s=96&d=mm&r=g","caption":"Tar\u0131k"},"sameAs":["http:\/\/narteks.net"],"url":"https:\/\/narteks.net\/index.php\/author\/narbak\/"}]}},"_links":{"self":[{"href":"https:\/\/narteks.net\/index.php\/wp-json\/wp\/v2\/posts\/249","targetHints":{"allow":["GET"]}}],"collection":[{"href":"https:\/\/narteks.net\/index.php\/wp-json\/wp\/v2\/posts"}],"about":[{"href":"https:\/\/narteks.net\/index.php\/wp-json\/wp\/v2\/types\/post"}],"author":[{"embeddable":true,"href":"https:\/\/narteks.net\/index.php\/wp-json\/wp\/v2\/users\/1"}],"replies":[{"embeddable":true,"href":"https:\/\/narteks.net\/index.php\/wp-json\/wp\/v2\/comments?post=249"}],"version-history":[{"count":0,"href":"https:\/\/narteks.net\/index.php\/wp-json\/wp\/v2\/posts\/249\/revisions"}],"wp:attachment":[{"href":"https:\/\/narteks.net\/index.php\/wp-json\/wp\/v2\/media?parent=249"}],"wp:term":[{"taxonomy":"category","embeddable":true,"href":"https:\/\/narteks.net\/index.php\/wp-json\/wp\/v2\/categories?post=249"},{"taxonomy":"post_tag","embeddable":true,"href":"https:\/\/narteks.net\/index.php\/wp-json\/wp\/v2\/tags?post=249"}],"curies":[{"name":"wp","href":"https:\/\/api.w.org\/{rel}","templated":true}]}}