{"id":2498,"date":"2009-12-05T16:13:16","date_gmt":"2009-12-05T13:13:16","guid":{"rendered":"http:\/\/localhost\/wordpress\/2009\/12\/05\/yakaladim-o-safagi\/"},"modified":"2009-12-05T16:13:16","modified_gmt":"2009-12-05T13:13:16","slug":"yakaladim-o-safagi","status":"publish","type":"post","link":"https:\/\/narteks.net\/index.php\/2009\/12\/05\/yakaladim-o-safagi\/","title":{"rendered":"YAKALADIM O \u015eAFA\u011eI"},"content":{"rendered":"<p>\u00a0<\/p>\n<p>tohum oldum<br \/> savruldum d\u00f6rtbir yana<br \/> ye\u015ferdim k\u0131ra\u00e7 k\u0131ra\u00e7<br \/> \u00e7i\u00e7eklendim g\u00fcllendim<br \/> g\u00f6remedim \u015fafa\u011f\u0131n\u0131 bozk\u0131r\u0131n<br \/> tutamad\u0131m \u015fafa\u011f\u0131n\u0131 bozk\u0131r\u0131n<br \/> vuramad\u0131m t\u00fcrk\u00fclere vay anam<br \/> diyemedim kimselere bu a\u015fk\u0131<\/p>\n<p> geyik oldum vurdum sapa yollara<br \/> bir ben d\u00fc\u015ft\u00fcm kan i\u00e7inde bir avc\u0131<br \/> t\u00fcrk\u00fc oldum yaylalar\u0131 dola\u015ft\u0131m<br \/> ak\u0131p gittim g\u00f6\u00e7lerle<br \/> duruldum \u00e7ad\u0131rlarda<br \/> kelep\u00e7eler karakollar s\u00fcng\u00fcler candarmalar<br \/> g\u00f6z oldum g\u00f6zlemekten<br \/> b\u0131\u00e7ak oldum doydum kana vay anam<br \/> g\u00f6remedim \u015fafa\u011f\u0131n\u0131 bozk\u0131r\u0131n<br \/> tutamad\u0131m \u015fafa\u011f\u0131n\u0131 bozk\u0131r\u0131n<br \/> vuramad\u0131m t\u00fcrk\u00fclere vay anam<br \/> diyemedim kimselere bu a\u015fk\u0131<\/p>\n<p> g\u00f6zlerinin en sonunda<br \/> yakalad\u0131m gecesinde g\u00f6zlerinin<br \/> yakalad\u0131m kuytularda<br \/> a\u00e7an g\u00fcl\u00fcn yaln\u0131zl\u0131\u011f\u0131n\u0131<br \/> inceciktin karanl\u0131kt\u0131n uzakt\u0131n<br \/> turnalara katar katar a\u015ft\u0131 da\u011flar\u0131<br \/> nak\u0131\u015flar dizin dizin d\u00fc\u015ft\u00fc yollara<br \/> g\u00f6z de\u011fildin &#8211; g\u00f6zlerdin kalabal\u0131kta<br \/> el de\u011fildin ellerdin<br \/> ac\u0131l\u0131 bir bayramda<br \/> \u00e7ekip giden trendin \u015fafakta inen u\u00e7ak<br \/> iniltiydin ak\u015famlar\u0131mda<br \/> sabak vakti bir bardak su tenimde<br \/> diken diken kavruldu\u011fum<br \/> tohum olup savruldu\u011fum<br \/> y\u0131llar y\u0131l\u0131 arad\u0131\u011f\u0131m<br \/> o \u015fafak sendin i\u015fte<\/p>\n<p> k\u00fcsk\u00fcnl\u00fckler \u00fcst\u00fcnde<br \/> yaln\u0131zl\u0131klar \u00fcst\u00fcnde<br \/> saydamla\u015fm\u0131\u015f mavilikler \u00fcst\u00fcnde<br \/> ba\u015fkald\u0131ran k\u00f6lelikler \u00fcst\u00fcnde<br \/> t\u00fcl alt\u0131nda bebek y\u00fcz\u00fc \u00fcst\u00fcnde<br \/> a\u00e7an \u015fafak o \u015fafak<\/p>\n<p> o \u015fafak sendin i\u015fte<br \/> bir bulvar gecesinde<br \/> yakalad\u0131m seni ben<br \/> o \u015fafak sendin i\u015fte<\/p>\n<p> <strong> <\/strong> Tohumlar Tuz \u0130\u00e7inde<\/p>\n<p>Hasan H\u00fcseyin KORKMAZG\u0130L<\/p>\n","protected":false},"excerpt":{"rendered":"<p>\u00a0 tohum oldum savruldum d\u00f6rtbir yana ye\u015ferdim k\u0131ra\u00e7 k\u0131ra\u00e7 \u00e7i\u00e7eklendim g\u00fcllendim g\u00f6remedim \u015fafa\u011f\u0131n\u0131 bozk\u0131r\u0131n tutamad\u0131m \u015fafa\u011f\u0131n\u0131 bozk\u0131r\u0131n vuramad\u0131m t\u00fcrk\u00fclere vay anam diyemedim kimselere bu a\u015fk\u0131 geyik oldum vurdum sapa yollara bir ben d\u00fc\u015ft\u00fcm kan i\u00e7inde bir avc\u0131 t\u00fcrk\u00fc oldum yaylalar\u0131 dola\u015ft\u0131m ak\u0131p gittim g\u00f6\u00e7lerle duruldum \u00e7ad\u0131rlarda kelep\u00e7eler karakollar s\u00fcng\u00fcler candarmalar g\u00f6z oldum g\u00f6zlemekten b\u0131\u00e7ak oldum [&hellip;]<\/p>\n","protected":false},"author":1,"featured_media":0,"comment_status":"open","ping_status":"open","sticky":false,"template":"","format":"standard","meta":{"footnotes":""},"categories":[21],"tags":[],"class_list":{"0":"post-2498","1":"post","2":"type-post","3":"status-publish","4":"format-standard","6":"category-h-huseyin-korkmazgil"},"yoast_head":"<!-- This site is optimized with the Yoast SEO Premium plugin v24.9 (Yoast SEO v24.9) - https:\/\/yoast.com\/wordpress\/plugins\/seo\/ -->\n<title>YAKALADIM O \u015eAFA\u011eI - narteks.net<\/title>\n<meta name=\"robots\" content=\"index, follow, max-snippet:-1, max-image-preview:large, max-video-preview:-1\" \/>\n<link rel=\"canonical\" href=\"https:\/\/narteks.net\/index.php\/2009\/12\/05\/yakaladim-o-safagi\/\" \/>\n<meta property=\"og:locale\" content=\"tr_TR\" \/>\n<meta property=\"og:type\" content=\"article\" \/>\n<meta property=\"og:title\" content=\"YAKALADIM O \u015eAFA\u011eI\" \/>\n<meta property=\"og:description\" content=\"\u00a0 tohum oldum savruldum d\u00f6rtbir yana ye\u015ferdim k\u0131ra\u00e7 k\u0131ra\u00e7 \u00e7i\u00e7eklendim g\u00fcllendim g\u00f6remedim \u015fafa\u011f\u0131n\u0131 bozk\u0131r\u0131n tutamad\u0131m \u015fafa\u011f\u0131n\u0131 bozk\u0131r\u0131n vuramad\u0131m t\u00fcrk\u00fclere vay anam diyemedim kimselere bu a\u015fk\u0131 geyik oldum vurdum sapa yollara bir ben d\u00fc\u015ft\u00fcm kan i\u00e7inde bir avc\u0131 t\u00fcrk\u00fc oldum yaylalar\u0131 dola\u015ft\u0131m ak\u0131p gittim g\u00f6\u00e7lerle duruldum \u00e7ad\u0131rlarda kelep\u00e7eler karakollar s\u00fcng\u00fcler candarmalar g\u00f6z oldum g\u00f6zlemekten b\u0131\u00e7ak oldum [&hellip;]\" \/>\n<meta property=\"og:url\" content=\"https:\/\/narteks.net\/index.php\/2009\/12\/05\/yakaladim-o-safagi\/\" \/>\n<meta property=\"og:site_name\" content=\"narteks.net\" \/>\n<meta property=\"article:published_time\" content=\"2009-12-05T13:13:16+00:00\" \/>\n<meta property=\"og:image\" content=\"https:\/\/narteks.net\/wp-content\/uploads\/narteks.png\" \/>\n\t<meta property=\"og:image:width\" content=\"300\" \/>\n\t<meta property=\"og:image:height\" content=\"90\" \/>\n\t<meta property=\"og:image:type\" content=\"image\/png\" \/>\n<meta name=\"author\" content=\"Tar\u0131k\" \/>\n<meta name=\"twitter:card\" content=\"summary_large_image\" \/>\n<meta name=\"twitter:creator\" content=\"@narteks\" \/>\n<meta name=\"twitter:site\" content=\"@narteks\" \/>\n<meta name=\"twitter:label1\" content=\"Yazan:\" \/>\n\t<meta name=\"twitter:data1\" content=\"Tar\u0131k\" \/>\n\t<meta name=\"twitter:label2\" content=\"Tahmini okuma s\u00fcresi\" \/>\n\t<meta name=\"twitter:data2\" content=\"1 dakika\" \/>\n<script type=\"application\/ld+json\" class=\"yoast-schema-graph\">{\"@context\":\"https:\/\/schema.org\",\"@graph\":[{\"@type\":\"Article\",\"@id\":\"https:\/\/narteks.net\/index.php\/2009\/12\/05\/yakaladim-o-safagi\/#article\",\"isPartOf\":{\"@id\":\"https:\/\/narteks.net\/index.php\/2009\/12\/05\/yakaladim-o-safagi\/\"},\"author\":{\"name\":\"Tar\u0131k\",\"@id\":\"https:\/\/narteks.net\/#\/schema\/person\/61f37d9834294b72d31d274e7ed79bca\"},\"headline\":\"YAKALADIM O \u015eAFA\u011eI\",\"datePublished\":\"2009-12-05T13:13:16+00:00\",\"mainEntityOfPage\":{\"@id\":\"https:\/\/narteks.net\/index.php\/2009\/12\/05\/yakaladim-o-safagi\/\"},\"wordCount\":276,\"commentCount\":0,\"publisher\":{\"@id\":\"https:\/\/narteks.net\/#organization\"},\"articleSection\":[\"H.H\u00fcseyin KORKMAZG\u0130L\"],\"inLanguage\":\"tr\",\"potentialAction\":[{\"@type\":\"CommentAction\",\"name\":\"Comment\",\"target\":[\"https:\/\/narteks.net\/index.php\/2009\/12\/05\/yakaladim-o-safagi\/#respond\"]}]},{\"@type\":\"WebPage\",\"@id\":\"https:\/\/narteks.net\/index.php\/2009\/12\/05\/yakaladim-o-safagi\/\",\"url\":\"https:\/\/narteks.net\/index.php\/2009\/12\/05\/yakaladim-o-safagi\/\",\"name\":\"YAKALADIM O \u015eAFA\u011eI - narteks.net\",\"isPartOf\":{\"@id\":\"https:\/\/narteks.net\/#website\"},\"datePublished\":\"2009-12-05T13:13:16+00:00\",\"breadcrumb\":{\"@id\":\"https:\/\/narteks.net\/index.php\/2009\/12\/05\/yakaladim-o-safagi\/#breadcrumb\"},\"inLanguage\":\"tr\",\"potentialAction\":[{\"@type\":\"ReadAction\",\"target\":[\"https:\/\/narteks.net\/index.php\/2009\/12\/05\/yakaladim-o-safagi\/\"]}]},{\"@type\":\"BreadcrumbList\",\"@id\":\"https:\/\/narteks.net\/index.php\/2009\/12\/05\/yakaladim-o-safagi\/#breadcrumb\",\"itemListElement\":[{\"@type\":\"ListItem\",\"position\":1,\"name\":\"Anasayfa\",\"item\":\"https:\/\/narteks.net\/\"},{\"@type\":\"ListItem\",\"position\":2,\"name\":\"YAKALADIM O \u015eAFA\u011eI\"}]},{\"@type\":\"WebSite\",\"@id\":\"https:\/\/narteks.net\/#website\",\"url\":\"https:\/\/narteks.net\/\",\"name\":\"narteks.net\",\"description\":\"K\u00fclt\u00fcr Sanat Edebiyat Felsefe\",\"publisher\":{\"@id\":\"https:\/\/narteks.net\/#organization\"},\"alternateName\":\"K\u00fclt\u00fcr Sanat Edebiyat Felsefe\",\"potentialAction\":[{\"@type\":\"SearchAction\",\"target\":{\"@type\":\"EntryPoint\",\"urlTemplate\":\"https:\/\/narteks.net\/?s={search_term_string}\"},\"query-input\":{\"@type\":\"PropertyValueSpecification\",\"valueRequired\":true,\"valueName\":\"search_term_string\"}}],\"inLanguage\":\"tr\"},{\"@type\":\"Organization\",\"@id\":\"https:\/\/narteks.net\/#organization\",\"name\":\"narteks.net\",\"url\":\"https:\/\/narteks.net\/\",\"logo\":{\"@type\":\"ImageObject\",\"inLanguage\":\"tr\",\"@id\":\"https:\/\/narteks.net\/#\/schema\/logo\/image\/\",\"url\":\"https:\/\/narteks.net\/wp-content\/uploads\/narteks.png\",\"contentUrl\":\"https:\/\/narteks.net\/wp-content\/uploads\/narteks.png\",\"width\":300,\"height\":90,\"caption\":\"narteks.net\"},\"image\":{\"@id\":\"https:\/\/narteks.net\/#\/schema\/logo\/image\/\"},\"sameAs\":[\"https:\/\/x.com\/narteks\",\"https:\/\/instagram.com\/narteksnet\"]},{\"@type\":\"Person\",\"@id\":\"https:\/\/narteks.net\/#\/schema\/person\/61f37d9834294b72d31d274e7ed79bca\",\"name\":\"Tar\u0131k\",\"image\":{\"@type\":\"ImageObject\",\"inLanguage\":\"tr\",\"@id\":\"https:\/\/narteks.net\/#\/schema\/person\/image\/\",\"url\":\"https:\/\/secure.gravatar.com\/avatar\/50865afb55632c4ae467e0af0930f6510aa2297d8014be502a55b14f3b7550cf?s=96&d=mm&r=g\",\"contentUrl\":\"https:\/\/secure.gravatar.com\/avatar\/50865afb55632c4ae467e0af0930f6510aa2297d8014be502a55b14f3b7550cf?s=96&d=mm&r=g\",\"caption\":\"Tar\u0131k\"},\"sameAs\":[\"http:\/\/narteks.net\"],\"url\":\"https:\/\/narteks.net\/index.php\/author\/narbak\/\"}]}<\/script>\n<!-- \/ Yoast SEO Premium plugin. -->","yoast_head_json":{"title":"YAKALADIM O \u015eAFA\u011eI - narteks.net","robots":{"index":"index","follow":"follow","max-snippet":"max-snippet:-1","max-image-preview":"max-image-preview:large","max-video-preview":"max-video-preview:-1"},"canonical":"https:\/\/narteks.net\/index.php\/2009\/12\/05\/yakaladim-o-safagi\/","og_locale":"tr_TR","og_type":"article","og_title":"YAKALADIM O \u015eAFA\u011eI","og_description":"\u00a0 tohum oldum savruldum d\u00f6rtbir yana ye\u015ferdim k\u0131ra\u00e7 k\u0131ra\u00e7 \u00e7i\u00e7eklendim g\u00fcllendim g\u00f6remedim \u015fafa\u011f\u0131n\u0131 bozk\u0131r\u0131n tutamad\u0131m \u015fafa\u011f\u0131n\u0131 bozk\u0131r\u0131n vuramad\u0131m t\u00fcrk\u00fclere vay anam diyemedim kimselere bu a\u015fk\u0131 geyik oldum vurdum sapa yollara bir ben d\u00fc\u015ft\u00fcm kan i\u00e7inde bir avc\u0131 t\u00fcrk\u00fc oldum yaylalar\u0131 dola\u015ft\u0131m ak\u0131p gittim g\u00f6\u00e7lerle duruldum \u00e7ad\u0131rlarda kelep\u00e7eler karakollar s\u00fcng\u00fcler candarmalar g\u00f6z oldum g\u00f6zlemekten b\u0131\u00e7ak oldum [&hellip;]","og_url":"https:\/\/narteks.net\/index.php\/2009\/12\/05\/yakaladim-o-safagi\/","og_site_name":"narteks.net","article_published_time":"2009-12-05T13:13:16+00:00","og_image":[{"width":300,"height":90,"url":"https:\/\/narteks.net\/wp-content\/uploads\/narteks.png","type":"image\/png"}],"author":"Tar\u0131k","twitter_card":"summary_large_image","twitter_creator":"@narteks","twitter_site":"@narteks","twitter_misc":{"Yazan:":"Tar\u0131k","Tahmini okuma s\u00fcresi":"1 dakika"},"schema":{"@context":"https:\/\/schema.org","@graph":[{"@type":"Article","@id":"https:\/\/narteks.net\/index.php\/2009\/12\/05\/yakaladim-o-safagi\/#article","isPartOf":{"@id":"https:\/\/narteks.net\/index.php\/2009\/12\/05\/yakaladim-o-safagi\/"},"author":{"name":"Tar\u0131k","@id":"https:\/\/narteks.net\/#\/schema\/person\/61f37d9834294b72d31d274e7ed79bca"},"headline":"YAKALADIM O \u015eAFA\u011eI","datePublished":"2009-12-05T13:13:16+00:00","mainEntityOfPage":{"@id":"https:\/\/narteks.net\/index.php\/2009\/12\/05\/yakaladim-o-safagi\/"},"wordCount":276,"commentCount":0,"publisher":{"@id":"https:\/\/narteks.net\/#organization"},"articleSection":["H.H\u00fcseyin KORKMAZG\u0130L"],"inLanguage":"tr","potentialAction":[{"@type":"CommentAction","name":"Comment","target":["https:\/\/narteks.net\/index.php\/2009\/12\/05\/yakaladim-o-safagi\/#respond"]}]},{"@type":"WebPage","@id":"https:\/\/narteks.net\/index.php\/2009\/12\/05\/yakaladim-o-safagi\/","url":"https:\/\/narteks.net\/index.php\/2009\/12\/05\/yakaladim-o-safagi\/","name":"YAKALADIM O \u015eAFA\u011eI - narteks.net","isPartOf":{"@id":"https:\/\/narteks.net\/#website"},"datePublished":"2009-12-05T13:13:16+00:00","breadcrumb":{"@id":"https:\/\/narteks.net\/index.php\/2009\/12\/05\/yakaladim-o-safagi\/#breadcrumb"},"inLanguage":"tr","potentialAction":[{"@type":"ReadAction","target":["https:\/\/narteks.net\/index.php\/2009\/12\/05\/yakaladim-o-safagi\/"]}]},{"@type":"BreadcrumbList","@id":"https:\/\/narteks.net\/index.php\/2009\/12\/05\/yakaladim-o-safagi\/#breadcrumb","itemListElement":[{"@type":"ListItem","position":1,"name":"Anasayfa","item":"https:\/\/narteks.net\/"},{"@type":"ListItem","position":2,"name":"YAKALADIM O \u015eAFA\u011eI"}]},{"@type":"WebSite","@id":"https:\/\/narteks.net\/#website","url":"https:\/\/narteks.net\/","name":"narteks.net","description":"K\u00fclt\u00fcr Sanat Edebiyat Felsefe","publisher":{"@id":"https:\/\/narteks.net\/#organization"},"alternateName":"K\u00fclt\u00fcr Sanat Edebiyat Felsefe","potentialAction":[{"@type":"SearchAction","target":{"@type":"EntryPoint","urlTemplate":"https:\/\/narteks.net\/?s={search_term_string}"},"query-input":{"@type":"PropertyValueSpecification","valueRequired":true,"valueName":"search_term_string"}}],"inLanguage":"tr"},{"@type":"Organization","@id":"https:\/\/narteks.net\/#organization","name":"narteks.net","url":"https:\/\/narteks.net\/","logo":{"@type":"ImageObject","inLanguage":"tr","@id":"https:\/\/narteks.net\/#\/schema\/logo\/image\/","url":"https:\/\/narteks.net\/wp-content\/uploads\/narteks.png","contentUrl":"https:\/\/narteks.net\/wp-content\/uploads\/narteks.png","width":300,"height":90,"caption":"narteks.net"},"image":{"@id":"https:\/\/narteks.net\/#\/schema\/logo\/image\/"},"sameAs":["https:\/\/x.com\/narteks","https:\/\/instagram.com\/narteksnet"]},{"@type":"Person","@id":"https:\/\/narteks.net\/#\/schema\/person\/61f37d9834294b72d31d274e7ed79bca","name":"Tar\u0131k","image":{"@type":"ImageObject","inLanguage":"tr","@id":"https:\/\/narteks.net\/#\/schema\/person\/image\/","url":"https:\/\/secure.gravatar.com\/avatar\/50865afb55632c4ae467e0af0930f6510aa2297d8014be502a55b14f3b7550cf?s=96&d=mm&r=g","contentUrl":"https:\/\/secure.gravatar.com\/avatar\/50865afb55632c4ae467e0af0930f6510aa2297d8014be502a55b14f3b7550cf?s=96&d=mm&r=g","caption":"Tar\u0131k"},"sameAs":["http:\/\/narteks.net"],"url":"https:\/\/narteks.net\/index.php\/author\/narbak\/"}]}},"_links":{"self":[{"href":"https:\/\/narteks.net\/index.php\/wp-json\/wp\/v2\/posts\/2498","targetHints":{"allow":["GET"]}}],"collection":[{"href":"https:\/\/narteks.net\/index.php\/wp-json\/wp\/v2\/posts"}],"about":[{"href":"https:\/\/narteks.net\/index.php\/wp-json\/wp\/v2\/types\/post"}],"author":[{"embeddable":true,"href":"https:\/\/narteks.net\/index.php\/wp-json\/wp\/v2\/users\/1"}],"replies":[{"embeddable":true,"href":"https:\/\/narteks.net\/index.php\/wp-json\/wp\/v2\/comments?post=2498"}],"version-history":[{"count":0,"href":"https:\/\/narteks.net\/index.php\/wp-json\/wp\/v2\/posts\/2498\/revisions"}],"wp:attachment":[{"href":"https:\/\/narteks.net\/index.php\/wp-json\/wp\/v2\/media?parent=2498"}],"wp:term":[{"taxonomy":"category","embeddable":true,"href":"https:\/\/narteks.net\/index.php\/wp-json\/wp\/v2\/categories?post=2498"},{"taxonomy":"post_tag","embeddable":true,"href":"https:\/\/narteks.net\/index.php\/wp-json\/wp\/v2\/tags?post=2498"}],"curies":[{"name":"wp","href":"https:\/\/api.w.org\/{rel}","templated":true}]}}