{"id":2499,"date":"2009-12-05T16:14:02","date_gmt":"2009-12-05T13:14:02","guid":{"rendered":"http:\/\/localhost\/wordpress\/2009\/12\/05\/yillar-sonra\/"},"modified":"2009-12-05T16:14:02","modified_gmt":"2009-12-05T13:14:02","slug":"yillar-sonra","status":"publish","type":"post","link":"https:\/\/narteks.net\/index.php\/2009\/12\/05\/yillar-sonra\/","title":{"rendered":"YILLAR SONRA"},"content":{"rendered":"<p>\u00a0<\/p>\n<p>seni kimler ka\u00e7\u0131rd\u0131 o g\u00fczel yazlar\u0131mdan &#8211; g\u00fczelim<br \/> nere gitti tohuma deresinde &#8211; o ishakl\u0131 yaln\u0131zl\u0131\u011f\u0131m<br \/> sa\u00e7lar\u0131n\u0131n uzun uzun o g\u00fcne\u015fli sar\u0131s\u0131<br \/> y\u00fcz\u00fcn\u00fcn papatya sabahl\u0131\u011f\u0131 &#8211; haziranlar\u0131mda<br \/> g\u00fcl\u00fc\u015f\u00fcn\u00fcn baharl\u0131\u011f\u0131 susu\u015funun sonsuzlu\u011fu<br \/> nere gitti sende benim olan o sonsuz \u00f6zlem<br \/> seni kimler ka\u00e7\u0131rd\u0131 o g\u00fczel yazlar\u0131mdan &#8211; guzelim<\/p>\n<p> sen gittin &#8211; kaba kilimlerde kald\u0131 ayak izlerim<br \/> p\u0131r\u0131l p\u0131r\u0131l selvilerde g\u00f6rkemli cevizlerde<br \/> asma alt\u0131 su sesi &#8211; alacal\u0131 g\u00fcne\u015f sofralar\u0131nda<br \/> sen gittin &#8211; inan\u0131lmaz \u00f6ks\u00fczl\u00fckler ya\u015fad\u0131m<br \/> d\u00fc\u015ft\u00fcm \u00e7etin yollara &#8211; t\u00fcrk\u00fclere a\u011f\u0131tlara belendim<br \/> sa\u00e7lar\u0131mda bulut oldun &#8211; aln\u0131mda demirparmakl\u0131k<br \/> seni kimler ka\u00e7\u0131rd\u0131 o g\u00fczel yazlar\u0131mdan &#8211; g\u00fczelim<\/p>\n<p> ben \u00e7ok \u00e7ektim g\u00fczelim &#8211; karl\u0131 da\u011flar oldu ba\u015f\u0131m<br \/> sen belki de mutluyudun &#8211; g\u00fczel g\u00fcnler ge\u00e7irdin<br \/> \u00e7\u00fcnk\u00fc kaf da\u011f\u0131nda prensestin &#8211; soylu bir g\u00fczelliktin<br \/> yakla\u015f\u0131lmaz bir varl\u0131kt\u0131n &#8211; masall\u0131k bir ac\u0131yd\u0131n<br \/> g\u00f6zg\u00f6ze geldik birg\u00fcn &#8211; bir da\u011fba\u015f\u0131 dura\u011f\u0131nda<br \/> bindik ayn\u0131 trene &#8211; kavu\u015ftuk y\u0131llar sonra<br \/> seni kimler ka\u00e7\u0131rd\u0131 o g\u00fczel yazlar\u0131mdan &#8211; g\u00fczelim<\/p>\n<p> haziran\u0131m sar\u0131g\u00fcl\u00fcm yazg\u00fcne\u015fim \u00f6zlemim<br \/> nice nice sular ge\u00e7ti &#8211; bildin mi k\u00f6pr\u00fclerden<br \/> ka\u00e7 bahar ka\u00e7 sonbahar ka\u00e7 \u00e7ocuk ka\u00e7 intihar<br \/> nerdesin sen nerdeyim ben ne s\u00f6yl\u00fcyor bu \u00e7izgiler<br \/> bu aynalar neden b\u00f6yle yak\u0131ndan bak\u0131yorlar<br \/> neler anlat\u0131yor bu \u015fark\u0131lar &#8211; uzak ge\u00e7mi\u015fimizden<br \/> seni kimler ka\u00e7\u0131rd\u0131 o g\u00fczel yazlar\u0131mdan &#8211; g\u00fczelim<\/p>\n<p> a\u011flamak bir da\u011fg\u00fcl\u00fc &#8211; bir yan\u0131k orman belki<br \/> bir kurumu\u015f \u00e7e\u015fme belki &#8211; bir kimsesiz tutuklu<br \/> u\u00e7aklar otob\u00fcsler vapurlar telefonlar<br \/> haziran\u0131m sar\u0131g\u00fcl\u00fcm yazg\u00fcne\u015fim papatyam<br \/> kime giydin o aklar\u0131 &#8211; kim kald\u0131rd\u0131 duva\u011f\u0131n\u0131<br \/> kim koklad\u0131 kim bakt\u0131 &#8211; ba\u011fr\u0131na kim &#8211; y\u0131llar \u00f6nce<br \/> seni kimler ka\u00e7\u0131rd\u0131 o g\u00fczel yazlar\u0131mdan &#8211; g\u00fczelim<\/p>\n<p>Hasan H\u00fcseyin KORKMAZG\u0130L<\/p>\n","protected":false},"excerpt":{"rendered":"<p>\u00a0 seni kimler ka\u00e7\u0131rd\u0131 o g\u00fczel yazlar\u0131mdan &#8211; g\u00fczelim nere gitti tohuma deresinde &#8211; o ishakl\u0131 yaln\u0131zl\u0131\u011f\u0131m sa\u00e7lar\u0131n\u0131n uzun uzun o g\u00fcne\u015fli sar\u0131s\u0131 y\u00fcz\u00fcn\u00fcn papatya sabahl\u0131\u011f\u0131 &#8211; haziranlar\u0131mda g\u00fcl\u00fc\u015f\u00fcn\u00fcn baharl\u0131\u011f\u0131 susu\u015funun sonsuzlu\u011fu nere gitti sende benim olan o sonsuz \u00f6zlem seni kimler ka\u00e7\u0131rd\u0131 o g\u00fczel yazlar\u0131mdan &#8211; guzelim sen gittin &#8211; kaba kilimlerde kald\u0131 ayak [&hellip;]<\/p>\n","protected":false},"author":1,"featured_media":0,"comment_status":"open","ping_status":"open","sticky":false,"template":"","format":"standard","meta":{"footnotes":""},"categories":[21],"tags":[],"class_list":{"0":"post-2499","1":"post","2":"type-post","3":"status-publish","4":"format-standard","6":"category-h-huseyin-korkmazgil"},"yoast_head":"<!-- This site is optimized with the Yoast SEO Premium plugin v24.9 (Yoast SEO v24.9) - https:\/\/yoast.com\/wordpress\/plugins\/seo\/ -->\n<title>YILLAR SONRA - narteks.net<\/title>\n<meta name=\"robots\" content=\"index, follow, max-snippet:-1, max-image-preview:large, max-video-preview:-1\" \/>\n<link rel=\"canonical\" href=\"https:\/\/narteks.net\/index.php\/2009\/12\/05\/yillar-sonra\/\" \/>\n<meta property=\"og:locale\" content=\"tr_TR\" \/>\n<meta property=\"og:type\" content=\"article\" \/>\n<meta property=\"og:title\" content=\"YILLAR SONRA\" \/>\n<meta property=\"og:description\" content=\"\u00a0 seni kimler ka\u00e7\u0131rd\u0131 o g\u00fczel yazlar\u0131mdan &#8211; g\u00fczelim nere gitti tohuma deresinde &#8211; o ishakl\u0131 yaln\u0131zl\u0131\u011f\u0131m sa\u00e7lar\u0131n\u0131n uzun uzun o g\u00fcne\u015fli sar\u0131s\u0131 y\u00fcz\u00fcn\u00fcn papatya sabahl\u0131\u011f\u0131 &#8211; haziranlar\u0131mda g\u00fcl\u00fc\u015f\u00fcn\u00fcn baharl\u0131\u011f\u0131 susu\u015funun sonsuzlu\u011fu nere gitti sende benim olan o sonsuz \u00f6zlem seni kimler ka\u00e7\u0131rd\u0131 o g\u00fczel yazlar\u0131mdan &#8211; guzelim sen gittin &#8211; kaba kilimlerde kald\u0131 ayak [&hellip;]\" \/>\n<meta property=\"og:url\" content=\"https:\/\/narteks.net\/index.php\/2009\/12\/05\/yillar-sonra\/\" \/>\n<meta property=\"og:site_name\" content=\"narteks.net\" \/>\n<meta property=\"article:published_time\" content=\"2009-12-05T13:14:02+00:00\" \/>\n<meta property=\"og:image\" content=\"https:\/\/narteks.net\/wp-content\/uploads\/narteks.png\" \/>\n\t<meta property=\"og:image:width\" content=\"300\" \/>\n\t<meta property=\"og:image:height\" content=\"90\" \/>\n\t<meta property=\"og:image:type\" content=\"image\/png\" \/>\n<meta name=\"author\" content=\"Tar\u0131k\" \/>\n<meta name=\"twitter:card\" content=\"summary_large_image\" \/>\n<meta name=\"twitter:creator\" content=\"@narteks\" \/>\n<meta name=\"twitter:site\" content=\"@narteks\" \/>\n<meta name=\"twitter:label1\" content=\"Yazan:\" \/>\n\t<meta name=\"twitter:data1\" content=\"Tar\u0131k\" \/>\n\t<meta name=\"twitter:label2\" content=\"Tahmini okuma s\u00fcresi\" \/>\n\t<meta name=\"twitter:data2\" content=\"2 dakika\" \/>\n<script type=\"application\/ld+json\" class=\"yoast-schema-graph\">{\"@context\":\"https:\/\/schema.org\",\"@graph\":[{\"@type\":\"Article\",\"@id\":\"https:\/\/narteks.net\/index.php\/2009\/12\/05\/yillar-sonra\/#article\",\"isPartOf\":{\"@id\":\"https:\/\/narteks.net\/index.php\/2009\/12\/05\/yillar-sonra\/\"},\"author\":{\"name\":\"Tar\u0131k\",\"@id\":\"https:\/\/narteks.net\/#\/schema\/person\/61f37d9834294b72d31d274e7ed79bca\"},\"headline\":\"YILLAR SONRA\",\"datePublished\":\"2009-12-05T13:14:02+00:00\",\"mainEntityOfPage\":{\"@id\":\"https:\/\/narteks.net\/index.php\/2009\/12\/05\/yillar-sonra\/\"},\"wordCount\":373,\"commentCount\":0,\"publisher\":{\"@id\":\"https:\/\/narteks.net\/#organization\"},\"articleSection\":[\"H.H\u00fcseyin KORKMAZG\u0130L\"],\"inLanguage\":\"tr\",\"potentialAction\":[{\"@type\":\"CommentAction\",\"name\":\"Comment\",\"target\":[\"https:\/\/narteks.net\/index.php\/2009\/12\/05\/yillar-sonra\/#respond\"]}]},{\"@type\":\"WebPage\",\"@id\":\"https:\/\/narteks.net\/index.php\/2009\/12\/05\/yillar-sonra\/\",\"url\":\"https:\/\/narteks.net\/index.php\/2009\/12\/05\/yillar-sonra\/\",\"name\":\"YILLAR SONRA - narteks.net\",\"isPartOf\":{\"@id\":\"https:\/\/narteks.net\/#website\"},\"datePublished\":\"2009-12-05T13:14:02+00:00\",\"breadcrumb\":{\"@id\":\"https:\/\/narteks.net\/index.php\/2009\/12\/05\/yillar-sonra\/#breadcrumb\"},\"inLanguage\":\"tr\",\"potentialAction\":[{\"@type\":\"ReadAction\",\"target\":[\"https:\/\/narteks.net\/index.php\/2009\/12\/05\/yillar-sonra\/\"]}]},{\"@type\":\"BreadcrumbList\",\"@id\":\"https:\/\/narteks.net\/index.php\/2009\/12\/05\/yillar-sonra\/#breadcrumb\",\"itemListElement\":[{\"@type\":\"ListItem\",\"position\":1,\"name\":\"Anasayfa\",\"item\":\"https:\/\/narteks.net\/\"},{\"@type\":\"ListItem\",\"position\":2,\"name\":\"YILLAR SONRA\"}]},{\"@type\":\"WebSite\",\"@id\":\"https:\/\/narteks.net\/#website\",\"url\":\"https:\/\/narteks.net\/\",\"name\":\"narteks.net\",\"description\":\"K\u00fclt\u00fcr Sanat Edebiyat Felsefe\",\"publisher\":{\"@id\":\"https:\/\/narteks.net\/#organization\"},\"alternateName\":\"K\u00fclt\u00fcr Sanat Edebiyat Felsefe\",\"potentialAction\":[{\"@type\":\"SearchAction\",\"target\":{\"@type\":\"EntryPoint\",\"urlTemplate\":\"https:\/\/narteks.net\/?s={search_term_string}\"},\"query-input\":{\"@type\":\"PropertyValueSpecification\",\"valueRequired\":true,\"valueName\":\"search_term_string\"}}],\"inLanguage\":\"tr\"},{\"@type\":\"Organization\",\"@id\":\"https:\/\/narteks.net\/#organization\",\"name\":\"narteks.net\",\"url\":\"https:\/\/narteks.net\/\",\"logo\":{\"@type\":\"ImageObject\",\"inLanguage\":\"tr\",\"@id\":\"https:\/\/narteks.net\/#\/schema\/logo\/image\/\",\"url\":\"https:\/\/narteks.net\/wp-content\/uploads\/narteks.png\",\"contentUrl\":\"https:\/\/narteks.net\/wp-content\/uploads\/narteks.png\",\"width\":300,\"height\":90,\"caption\":\"narteks.net\"},\"image\":{\"@id\":\"https:\/\/narteks.net\/#\/schema\/logo\/image\/\"},\"sameAs\":[\"https:\/\/x.com\/narteks\",\"https:\/\/instagram.com\/narteksnet\"]},{\"@type\":\"Person\",\"@id\":\"https:\/\/narteks.net\/#\/schema\/person\/61f37d9834294b72d31d274e7ed79bca\",\"name\":\"Tar\u0131k\",\"image\":{\"@type\":\"ImageObject\",\"inLanguage\":\"tr\",\"@id\":\"https:\/\/narteks.net\/#\/schema\/person\/image\/\",\"url\":\"https:\/\/secure.gravatar.com\/avatar\/50865afb55632c4ae467e0af0930f6510aa2297d8014be502a55b14f3b7550cf?s=96&d=mm&r=g\",\"contentUrl\":\"https:\/\/secure.gravatar.com\/avatar\/50865afb55632c4ae467e0af0930f6510aa2297d8014be502a55b14f3b7550cf?s=96&d=mm&r=g\",\"caption\":\"Tar\u0131k\"},\"sameAs\":[\"http:\/\/narteks.net\"],\"url\":\"https:\/\/narteks.net\/index.php\/author\/narbak\/\"}]}<\/script>\n<!-- \/ Yoast SEO Premium plugin. -->","yoast_head_json":{"title":"YILLAR SONRA - narteks.net","robots":{"index":"index","follow":"follow","max-snippet":"max-snippet:-1","max-image-preview":"max-image-preview:large","max-video-preview":"max-video-preview:-1"},"canonical":"https:\/\/narteks.net\/index.php\/2009\/12\/05\/yillar-sonra\/","og_locale":"tr_TR","og_type":"article","og_title":"YILLAR SONRA","og_description":"\u00a0 seni kimler ka\u00e7\u0131rd\u0131 o g\u00fczel yazlar\u0131mdan &#8211; g\u00fczelim nere gitti tohuma deresinde &#8211; o ishakl\u0131 yaln\u0131zl\u0131\u011f\u0131m sa\u00e7lar\u0131n\u0131n uzun uzun o g\u00fcne\u015fli sar\u0131s\u0131 y\u00fcz\u00fcn\u00fcn papatya sabahl\u0131\u011f\u0131 &#8211; haziranlar\u0131mda g\u00fcl\u00fc\u015f\u00fcn\u00fcn baharl\u0131\u011f\u0131 susu\u015funun sonsuzlu\u011fu nere gitti sende benim olan o sonsuz \u00f6zlem seni kimler ka\u00e7\u0131rd\u0131 o g\u00fczel yazlar\u0131mdan &#8211; guzelim sen gittin &#8211; kaba kilimlerde kald\u0131 ayak [&hellip;]","og_url":"https:\/\/narteks.net\/index.php\/2009\/12\/05\/yillar-sonra\/","og_site_name":"narteks.net","article_published_time":"2009-12-05T13:14:02+00:00","og_image":[{"width":300,"height":90,"url":"https:\/\/narteks.net\/wp-content\/uploads\/narteks.png","type":"image\/png"}],"author":"Tar\u0131k","twitter_card":"summary_large_image","twitter_creator":"@narteks","twitter_site":"@narteks","twitter_misc":{"Yazan:":"Tar\u0131k","Tahmini okuma s\u00fcresi":"2 dakika"},"schema":{"@context":"https:\/\/schema.org","@graph":[{"@type":"Article","@id":"https:\/\/narteks.net\/index.php\/2009\/12\/05\/yillar-sonra\/#article","isPartOf":{"@id":"https:\/\/narteks.net\/index.php\/2009\/12\/05\/yillar-sonra\/"},"author":{"name":"Tar\u0131k","@id":"https:\/\/narteks.net\/#\/schema\/person\/61f37d9834294b72d31d274e7ed79bca"},"headline":"YILLAR SONRA","datePublished":"2009-12-05T13:14:02+00:00","mainEntityOfPage":{"@id":"https:\/\/narteks.net\/index.php\/2009\/12\/05\/yillar-sonra\/"},"wordCount":373,"commentCount":0,"publisher":{"@id":"https:\/\/narteks.net\/#organization"},"articleSection":["H.H\u00fcseyin KORKMAZG\u0130L"],"inLanguage":"tr","potentialAction":[{"@type":"CommentAction","name":"Comment","target":["https:\/\/narteks.net\/index.php\/2009\/12\/05\/yillar-sonra\/#respond"]}]},{"@type":"WebPage","@id":"https:\/\/narteks.net\/index.php\/2009\/12\/05\/yillar-sonra\/","url":"https:\/\/narteks.net\/index.php\/2009\/12\/05\/yillar-sonra\/","name":"YILLAR SONRA - narteks.net","isPartOf":{"@id":"https:\/\/narteks.net\/#website"},"datePublished":"2009-12-05T13:14:02+00:00","breadcrumb":{"@id":"https:\/\/narteks.net\/index.php\/2009\/12\/05\/yillar-sonra\/#breadcrumb"},"inLanguage":"tr","potentialAction":[{"@type":"ReadAction","target":["https:\/\/narteks.net\/index.php\/2009\/12\/05\/yillar-sonra\/"]}]},{"@type":"BreadcrumbList","@id":"https:\/\/narteks.net\/index.php\/2009\/12\/05\/yillar-sonra\/#breadcrumb","itemListElement":[{"@type":"ListItem","position":1,"name":"Anasayfa","item":"https:\/\/narteks.net\/"},{"@type":"ListItem","position":2,"name":"YILLAR SONRA"}]},{"@type":"WebSite","@id":"https:\/\/narteks.net\/#website","url":"https:\/\/narteks.net\/","name":"narteks.net","description":"K\u00fclt\u00fcr Sanat Edebiyat Felsefe","publisher":{"@id":"https:\/\/narteks.net\/#organization"},"alternateName":"K\u00fclt\u00fcr Sanat Edebiyat Felsefe","potentialAction":[{"@type":"SearchAction","target":{"@type":"EntryPoint","urlTemplate":"https:\/\/narteks.net\/?s={search_term_string}"},"query-input":{"@type":"PropertyValueSpecification","valueRequired":true,"valueName":"search_term_string"}}],"inLanguage":"tr"},{"@type":"Organization","@id":"https:\/\/narteks.net\/#organization","name":"narteks.net","url":"https:\/\/narteks.net\/","logo":{"@type":"ImageObject","inLanguage":"tr","@id":"https:\/\/narteks.net\/#\/schema\/logo\/image\/","url":"https:\/\/narteks.net\/wp-content\/uploads\/narteks.png","contentUrl":"https:\/\/narteks.net\/wp-content\/uploads\/narteks.png","width":300,"height":90,"caption":"narteks.net"},"image":{"@id":"https:\/\/narteks.net\/#\/schema\/logo\/image\/"},"sameAs":["https:\/\/x.com\/narteks","https:\/\/instagram.com\/narteksnet"]},{"@type":"Person","@id":"https:\/\/narteks.net\/#\/schema\/person\/61f37d9834294b72d31d274e7ed79bca","name":"Tar\u0131k","image":{"@type":"ImageObject","inLanguage":"tr","@id":"https:\/\/narteks.net\/#\/schema\/person\/image\/","url":"https:\/\/secure.gravatar.com\/avatar\/50865afb55632c4ae467e0af0930f6510aa2297d8014be502a55b14f3b7550cf?s=96&d=mm&r=g","contentUrl":"https:\/\/secure.gravatar.com\/avatar\/50865afb55632c4ae467e0af0930f6510aa2297d8014be502a55b14f3b7550cf?s=96&d=mm&r=g","caption":"Tar\u0131k"},"sameAs":["http:\/\/narteks.net"],"url":"https:\/\/narteks.net\/index.php\/author\/narbak\/"}]}},"_links":{"self":[{"href":"https:\/\/narteks.net\/index.php\/wp-json\/wp\/v2\/posts\/2499","targetHints":{"allow":["GET"]}}],"collection":[{"href":"https:\/\/narteks.net\/index.php\/wp-json\/wp\/v2\/posts"}],"about":[{"href":"https:\/\/narteks.net\/index.php\/wp-json\/wp\/v2\/types\/post"}],"author":[{"embeddable":true,"href":"https:\/\/narteks.net\/index.php\/wp-json\/wp\/v2\/users\/1"}],"replies":[{"embeddable":true,"href":"https:\/\/narteks.net\/index.php\/wp-json\/wp\/v2\/comments?post=2499"}],"version-history":[{"count":0,"href":"https:\/\/narteks.net\/index.php\/wp-json\/wp\/v2\/posts\/2499\/revisions"}],"wp:attachment":[{"href":"https:\/\/narteks.net\/index.php\/wp-json\/wp\/v2\/media?parent=2499"}],"wp:term":[{"taxonomy":"category","embeddable":true,"href":"https:\/\/narteks.net\/index.php\/wp-json\/wp\/v2\/categories?post=2499"},{"taxonomy":"post_tag","embeddable":true,"href":"https:\/\/narteks.net\/index.php\/wp-json\/wp\/v2\/tags?post=2499"}],"curies":[{"name":"wp","href":"https:\/\/api.w.org\/{rel}","templated":true}]}}