{"id":2508,"date":"2009-12-05T16:21:29","date_gmt":"2009-12-05T13:21:29","guid":{"rendered":"http:\/\/localhost\/wordpress\/2009\/12\/05\/once-yonler-yerlerine\/"},"modified":"2009-12-05T16:21:29","modified_gmt":"2009-12-05T13:21:29","slug":"once-yonler-yerlerine","status":"publish","type":"post","link":"https:\/\/narteks.net\/index.php\/2009\/12\/05\/once-yonler-yerlerine\/","title":{"rendered":"\u00d6NCE Y\u00d6NLER YERLER\u0130NE"},"content":{"rendered":"<p>\u00a0<\/p>\n<p>gece bal\u00e7\u0131k kokuyordu inceden<br \/>otuzdokuzuncu paralelde biryerde<br \/>mor \u00fcst\u00fcne direkleme bariton<br \/>hey anam-denizin alt\u0131 gibi<br \/>hani \u015fu direnmek de olmasa<br \/>camg\u00f6mbe\u011finde bir kara nokta<br \/>y\u00f6nlerin hi\u00e7bir \u00f6nemi yok art\u0131k<br \/>bir gece sallan\u0131yordu a\u00e7\u0131kta<\/p>\n<p>o gece b\u00fcy\u00fck kopu\u015ftu g\u00f6rd\u00fcm<br \/>k\u00f6pr\u00fclerin b\u0131\u00e7ak a\u00e7m\u0131yordu a\u011f\u0131zlar\u0131n\u0131<br \/>a\u011fa\u00e7lar \u00e7\u00f6z\u00fclm\u00fc\u015flerdi uykular\u0131ndan<br \/>uykular, \u00e7\u00f6z\u00fclm\u00fc\u015flerdi<br \/>karaca g\u00f6zleriydi \u00fcrk\u00fct\u00fclm\u00fc\u015f<br \/>s\u00fcr\u00fclerle karacalard\u0131 insanlard\u0131<br \/>hey anam &#8211; ne de g\u00fczel doruklar<br \/>ne de g\u00fczeldi direnirken insan<br \/>bu sel gecesi olmasa kendimizi bulamazd\u0131k<br \/>delirmi\u015f dal u\u00e7lar\u0131n\u0131 kahverengini<br \/>ye\u015fili k\u0131rm\u0131z\u0131y\u0131 maviyi bulamazd\u0131k<br \/>cam g\u00f6be\u011finde bir kara nokta<\/p>\n<p>isterseniz o dalgadan da verebilirim<br \/>para\u015f\u00fct d\u00fcnyay\u0131 indiremez ki<br \/>bal\u0131klar sofralara s\u00fcr\u00fcklenmi\u015fler<br \/>ya\u015famak olabildi\u011fince di\u015fi<br \/>iki \u015fim\u015fek aras\u0131nda bir sellice d\u00fc\u015f<br \/>isterseniz y\u00f6nleri de verebilirim<br \/>elele- isterseniz-ayr\u0131lmamacas\u0131na<br \/>hey anam- ne de g\u00fc\u00e7l\u00fcyd\u00fck birden<br \/>y\u0131ld\u0131zlar hep yukarda yukardayd\u0131lar<br \/>hani \u015fu s\u00f6zgelimi yukarda<\/p>\n<p>(temmuz bildirisi)<\/p>\n<p>Hasan H\u00fcseyin KORKMAZG\u0130L<\/p>\n","protected":false},"excerpt":{"rendered":"<p>\u00a0 gece bal\u00e7\u0131k kokuyordu incedenotuzdokuzuncu paralelde biryerdemor \u00fcst\u00fcne direkleme baritonhey anam-denizin alt\u0131 gibihani \u015fu direnmek de olmasacamg\u00f6mbe\u011finde bir kara noktay\u00f6nlerin hi\u00e7bir \u00f6nemi yok art\u0131kbir gece sallan\u0131yordu a\u00e7\u0131kta o gece b\u00fcy\u00fck kopu\u015ftu g\u00f6rd\u00fcmk\u00f6pr\u00fclerin b\u0131\u00e7ak a\u00e7m\u0131yordu a\u011f\u0131zlar\u0131n\u0131a\u011fa\u00e7lar \u00e7\u00f6z\u00fclm\u00fc\u015flerdi uykular\u0131ndanuykular, \u00e7\u00f6z\u00fclm\u00fc\u015flerdikaraca g\u00f6zleriydi \u00fcrk\u00fct\u00fclm\u00fc\u015fs\u00fcr\u00fclerle karacalard\u0131 insanlard\u0131hey anam &#8211; ne de g\u00fczel doruklarne de g\u00fczeldi direnirken insanbu sel gecesi olmasa [&hellip;]<\/p>\n","protected":false},"author":1,"featured_media":0,"comment_status":"open","ping_status":"open","sticky":false,"template":"","format":"standard","meta":{"footnotes":""},"categories":[21],"tags":[],"class_list":{"0":"post-2508","1":"post","2":"type-post","3":"status-publish","4":"format-standard","6":"category-h-huseyin-korkmazgil"},"yoast_head":"<!-- This site is optimized with the Yoast SEO Premium plugin v24.9 (Yoast SEO v24.9) - https:\/\/yoast.com\/wordpress\/plugins\/seo\/ -->\n<title>\u00d6NCE Y\u00d6NLER YERLER\u0130NE - narteks.net<\/title>\n<meta name=\"robots\" content=\"index, follow, max-snippet:-1, max-image-preview:large, max-video-preview:-1\" \/>\n<link rel=\"canonical\" href=\"https:\/\/narteks.net\/index.php\/2009\/12\/05\/once-yonler-yerlerine\/\" \/>\n<meta property=\"og:locale\" content=\"tr_TR\" \/>\n<meta property=\"og:type\" content=\"article\" \/>\n<meta property=\"og:title\" content=\"\u00d6NCE Y\u00d6NLER YERLER\u0130NE\" \/>\n<meta property=\"og:description\" content=\"\u00a0 gece bal\u00e7\u0131k kokuyordu incedenotuzdokuzuncu paralelde biryerdemor \u00fcst\u00fcne direkleme baritonhey anam-denizin alt\u0131 gibihani \u015fu direnmek de olmasacamg\u00f6mbe\u011finde bir kara noktay\u00f6nlerin hi\u00e7bir \u00f6nemi yok art\u0131kbir gece sallan\u0131yordu a\u00e7\u0131kta o gece b\u00fcy\u00fck kopu\u015ftu g\u00f6rd\u00fcmk\u00f6pr\u00fclerin b\u0131\u00e7ak a\u00e7m\u0131yordu a\u011f\u0131zlar\u0131n\u0131a\u011fa\u00e7lar \u00e7\u00f6z\u00fclm\u00fc\u015flerdi uykular\u0131ndanuykular, \u00e7\u00f6z\u00fclm\u00fc\u015flerdikaraca g\u00f6zleriydi \u00fcrk\u00fct\u00fclm\u00fc\u015fs\u00fcr\u00fclerle karacalard\u0131 insanlard\u0131hey anam &#8211; ne de g\u00fczel doruklarne de g\u00fczeldi direnirken insanbu sel gecesi olmasa [&hellip;]\" \/>\n<meta property=\"og:url\" content=\"https:\/\/narteks.net\/index.php\/2009\/12\/05\/once-yonler-yerlerine\/\" \/>\n<meta property=\"og:site_name\" content=\"narteks.net\" \/>\n<meta property=\"article:published_time\" content=\"2009-12-05T13:21:29+00:00\" \/>\n<meta property=\"og:image\" content=\"https:\/\/narteks.net\/wp-content\/uploads\/narteks.png\" \/>\n\t<meta property=\"og:image:width\" content=\"300\" \/>\n\t<meta property=\"og:image:height\" content=\"90\" \/>\n\t<meta property=\"og:image:type\" content=\"image\/png\" \/>\n<meta name=\"author\" content=\"Tar\u0131k\" \/>\n<meta name=\"twitter:card\" content=\"summary_large_image\" \/>\n<meta name=\"twitter:creator\" content=\"@narteks\" \/>\n<meta name=\"twitter:site\" content=\"@narteks\" \/>\n<meta name=\"twitter:label1\" content=\"Yazan:\" \/>\n\t<meta name=\"twitter:data1\" content=\"Tar\u0131k\" \/>\n\t<meta name=\"twitter:label2\" content=\"Tahmini okuma s\u00fcresi\" \/>\n\t<meta name=\"twitter:data2\" content=\"1 dakika\" \/>\n<script type=\"application\/ld+json\" class=\"yoast-schema-graph\">{\"@context\":\"https:\/\/schema.org\",\"@graph\":[{\"@type\":\"Article\",\"@id\":\"https:\/\/narteks.net\/index.php\/2009\/12\/05\/once-yonler-yerlerine\/#article\",\"isPartOf\":{\"@id\":\"https:\/\/narteks.net\/index.php\/2009\/12\/05\/once-yonler-yerlerine\/\"},\"author\":{\"name\":\"Tar\u0131k\",\"@id\":\"https:\/\/narteks.net\/#\/schema\/person\/61f37d9834294b72d31d274e7ed79bca\"},\"headline\":\"\u00d6NCE Y\u00d6NLER YERLER\u0130NE\",\"datePublished\":\"2009-12-05T13:21:29+00:00\",\"mainEntityOfPage\":{\"@id\":\"https:\/\/narteks.net\/index.php\/2009\/12\/05\/once-yonler-yerlerine\/\"},\"wordCount\":180,\"commentCount\":0,\"publisher\":{\"@id\":\"https:\/\/narteks.net\/#organization\"},\"articleSection\":[\"H.H\u00fcseyin KORKMAZG\u0130L\"],\"inLanguage\":\"tr\",\"potentialAction\":[{\"@type\":\"CommentAction\",\"name\":\"Comment\",\"target\":[\"https:\/\/narteks.net\/index.php\/2009\/12\/05\/once-yonler-yerlerine\/#respond\"]}]},{\"@type\":\"WebPage\",\"@id\":\"https:\/\/narteks.net\/index.php\/2009\/12\/05\/once-yonler-yerlerine\/\",\"url\":\"https:\/\/narteks.net\/index.php\/2009\/12\/05\/once-yonler-yerlerine\/\",\"name\":\"\u00d6NCE Y\u00d6NLER YERLER\u0130NE - narteks.net\",\"isPartOf\":{\"@id\":\"https:\/\/narteks.net\/#website\"},\"datePublished\":\"2009-12-05T13:21:29+00:00\",\"breadcrumb\":{\"@id\":\"https:\/\/narteks.net\/index.php\/2009\/12\/05\/once-yonler-yerlerine\/#breadcrumb\"},\"inLanguage\":\"tr\",\"potentialAction\":[{\"@type\":\"ReadAction\",\"target\":[\"https:\/\/narteks.net\/index.php\/2009\/12\/05\/once-yonler-yerlerine\/\"]}]},{\"@type\":\"BreadcrumbList\",\"@id\":\"https:\/\/narteks.net\/index.php\/2009\/12\/05\/once-yonler-yerlerine\/#breadcrumb\",\"itemListElement\":[{\"@type\":\"ListItem\",\"position\":1,\"name\":\"Anasayfa\",\"item\":\"https:\/\/narteks.net\/\"},{\"@type\":\"ListItem\",\"position\":2,\"name\":\"\u00d6NCE Y\u00d6NLER YERLER\u0130NE\"}]},{\"@type\":\"WebSite\",\"@id\":\"https:\/\/narteks.net\/#website\",\"url\":\"https:\/\/narteks.net\/\",\"name\":\"narteks.net\",\"description\":\"K\u00fclt\u00fcr Sanat Edebiyat Felsefe\",\"publisher\":{\"@id\":\"https:\/\/narteks.net\/#organization\"},\"alternateName\":\"K\u00fclt\u00fcr Sanat Edebiyat Felsefe\",\"potentialAction\":[{\"@type\":\"SearchAction\",\"target\":{\"@type\":\"EntryPoint\",\"urlTemplate\":\"https:\/\/narteks.net\/?s={search_term_string}\"},\"query-input\":{\"@type\":\"PropertyValueSpecification\",\"valueRequired\":true,\"valueName\":\"search_term_string\"}}],\"inLanguage\":\"tr\"},{\"@type\":\"Organization\",\"@id\":\"https:\/\/narteks.net\/#organization\",\"name\":\"narteks.net\",\"url\":\"https:\/\/narteks.net\/\",\"logo\":{\"@type\":\"ImageObject\",\"inLanguage\":\"tr\",\"@id\":\"https:\/\/narteks.net\/#\/schema\/logo\/image\/\",\"url\":\"https:\/\/narteks.net\/wp-content\/uploads\/narteks.png\",\"contentUrl\":\"https:\/\/narteks.net\/wp-content\/uploads\/narteks.png\",\"width\":300,\"height\":90,\"caption\":\"narteks.net\"},\"image\":{\"@id\":\"https:\/\/narteks.net\/#\/schema\/logo\/image\/\"},\"sameAs\":[\"https:\/\/x.com\/narteks\",\"https:\/\/instagram.com\/narteksnet\"]},{\"@type\":\"Person\",\"@id\":\"https:\/\/narteks.net\/#\/schema\/person\/61f37d9834294b72d31d274e7ed79bca\",\"name\":\"Tar\u0131k\",\"image\":{\"@type\":\"ImageObject\",\"inLanguage\":\"tr\",\"@id\":\"https:\/\/narteks.net\/#\/schema\/person\/image\/\",\"url\":\"https:\/\/secure.gravatar.com\/avatar\/50865afb55632c4ae467e0af0930f6510aa2297d8014be502a55b14f3b7550cf?s=96&d=mm&r=g\",\"contentUrl\":\"https:\/\/secure.gravatar.com\/avatar\/50865afb55632c4ae467e0af0930f6510aa2297d8014be502a55b14f3b7550cf?s=96&d=mm&r=g\",\"caption\":\"Tar\u0131k\"},\"sameAs\":[\"http:\/\/narteks.net\"],\"url\":\"https:\/\/narteks.net\/index.php\/author\/narbak\/\"}]}<\/script>\n<!-- \/ Yoast SEO Premium plugin. -->","yoast_head_json":{"title":"\u00d6NCE Y\u00d6NLER YERLER\u0130NE - narteks.net","robots":{"index":"index","follow":"follow","max-snippet":"max-snippet:-1","max-image-preview":"max-image-preview:large","max-video-preview":"max-video-preview:-1"},"canonical":"https:\/\/narteks.net\/index.php\/2009\/12\/05\/once-yonler-yerlerine\/","og_locale":"tr_TR","og_type":"article","og_title":"\u00d6NCE Y\u00d6NLER YERLER\u0130NE","og_description":"\u00a0 gece bal\u00e7\u0131k kokuyordu incedenotuzdokuzuncu paralelde biryerdemor \u00fcst\u00fcne direkleme baritonhey anam-denizin alt\u0131 gibihani \u015fu direnmek de olmasacamg\u00f6mbe\u011finde bir kara noktay\u00f6nlerin hi\u00e7bir \u00f6nemi yok art\u0131kbir gece sallan\u0131yordu a\u00e7\u0131kta o gece b\u00fcy\u00fck kopu\u015ftu g\u00f6rd\u00fcmk\u00f6pr\u00fclerin b\u0131\u00e7ak a\u00e7m\u0131yordu a\u011f\u0131zlar\u0131n\u0131a\u011fa\u00e7lar \u00e7\u00f6z\u00fclm\u00fc\u015flerdi uykular\u0131ndanuykular, \u00e7\u00f6z\u00fclm\u00fc\u015flerdikaraca g\u00f6zleriydi \u00fcrk\u00fct\u00fclm\u00fc\u015fs\u00fcr\u00fclerle karacalard\u0131 insanlard\u0131hey anam &#8211; ne de g\u00fczel doruklarne de g\u00fczeldi direnirken insanbu sel gecesi olmasa [&hellip;]","og_url":"https:\/\/narteks.net\/index.php\/2009\/12\/05\/once-yonler-yerlerine\/","og_site_name":"narteks.net","article_published_time":"2009-12-05T13:21:29+00:00","og_image":[{"width":300,"height":90,"url":"https:\/\/narteks.net\/wp-content\/uploads\/narteks.png","type":"image\/png"}],"author":"Tar\u0131k","twitter_card":"summary_large_image","twitter_creator":"@narteks","twitter_site":"@narteks","twitter_misc":{"Yazan:":"Tar\u0131k","Tahmini okuma s\u00fcresi":"1 dakika"},"schema":{"@context":"https:\/\/schema.org","@graph":[{"@type":"Article","@id":"https:\/\/narteks.net\/index.php\/2009\/12\/05\/once-yonler-yerlerine\/#article","isPartOf":{"@id":"https:\/\/narteks.net\/index.php\/2009\/12\/05\/once-yonler-yerlerine\/"},"author":{"name":"Tar\u0131k","@id":"https:\/\/narteks.net\/#\/schema\/person\/61f37d9834294b72d31d274e7ed79bca"},"headline":"\u00d6NCE Y\u00d6NLER YERLER\u0130NE","datePublished":"2009-12-05T13:21:29+00:00","mainEntityOfPage":{"@id":"https:\/\/narteks.net\/index.php\/2009\/12\/05\/once-yonler-yerlerine\/"},"wordCount":180,"commentCount":0,"publisher":{"@id":"https:\/\/narteks.net\/#organization"},"articleSection":["H.H\u00fcseyin KORKMAZG\u0130L"],"inLanguage":"tr","potentialAction":[{"@type":"CommentAction","name":"Comment","target":["https:\/\/narteks.net\/index.php\/2009\/12\/05\/once-yonler-yerlerine\/#respond"]}]},{"@type":"WebPage","@id":"https:\/\/narteks.net\/index.php\/2009\/12\/05\/once-yonler-yerlerine\/","url":"https:\/\/narteks.net\/index.php\/2009\/12\/05\/once-yonler-yerlerine\/","name":"\u00d6NCE Y\u00d6NLER YERLER\u0130NE - narteks.net","isPartOf":{"@id":"https:\/\/narteks.net\/#website"},"datePublished":"2009-12-05T13:21:29+00:00","breadcrumb":{"@id":"https:\/\/narteks.net\/index.php\/2009\/12\/05\/once-yonler-yerlerine\/#breadcrumb"},"inLanguage":"tr","potentialAction":[{"@type":"ReadAction","target":["https:\/\/narteks.net\/index.php\/2009\/12\/05\/once-yonler-yerlerine\/"]}]},{"@type":"BreadcrumbList","@id":"https:\/\/narteks.net\/index.php\/2009\/12\/05\/once-yonler-yerlerine\/#breadcrumb","itemListElement":[{"@type":"ListItem","position":1,"name":"Anasayfa","item":"https:\/\/narteks.net\/"},{"@type":"ListItem","position":2,"name":"\u00d6NCE Y\u00d6NLER YERLER\u0130NE"}]},{"@type":"WebSite","@id":"https:\/\/narteks.net\/#website","url":"https:\/\/narteks.net\/","name":"narteks.net","description":"K\u00fclt\u00fcr Sanat Edebiyat Felsefe","publisher":{"@id":"https:\/\/narteks.net\/#organization"},"alternateName":"K\u00fclt\u00fcr Sanat Edebiyat Felsefe","potentialAction":[{"@type":"SearchAction","target":{"@type":"EntryPoint","urlTemplate":"https:\/\/narteks.net\/?s={search_term_string}"},"query-input":{"@type":"PropertyValueSpecification","valueRequired":true,"valueName":"search_term_string"}}],"inLanguage":"tr"},{"@type":"Organization","@id":"https:\/\/narteks.net\/#organization","name":"narteks.net","url":"https:\/\/narteks.net\/","logo":{"@type":"ImageObject","inLanguage":"tr","@id":"https:\/\/narteks.net\/#\/schema\/logo\/image\/","url":"https:\/\/narteks.net\/wp-content\/uploads\/narteks.png","contentUrl":"https:\/\/narteks.net\/wp-content\/uploads\/narteks.png","width":300,"height":90,"caption":"narteks.net"},"image":{"@id":"https:\/\/narteks.net\/#\/schema\/logo\/image\/"},"sameAs":["https:\/\/x.com\/narteks","https:\/\/instagram.com\/narteksnet"]},{"@type":"Person","@id":"https:\/\/narteks.net\/#\/schema\/person\/61f37d9834294b72d31d274e7ed79bca","name":"Tar\u0131k","image":{"@type":"ImageObject","inLanguage":"tr","@id":"https:\/\/narteks.net\/#\/schema\/person\/image\/","url":"https:\/\/secure.gravatar.com\/avatar\/50865afb55632c4ae467e0af0930f6510aa2297d8014be502a55b14f3b7550cf?s=96&d=mm&r=g","contentUrl":"https:\/\/secure.gravatar.com\/avatar\/50865afb55632c4ae467e0af0930f6510aa2297d8014be502a55b14f3b7550cf?s=96&d=mm&r=g","caption":"Tar\u0131k"},"sameAs":["http:\/\/narteks.net"],"url":"https:\/\/narteks.net\/index.php\/author\/narbak\/"}]}},"_links":{"self":[{"href":"https:\/\/narteks.net\/index.php\/wp-json\/wp\/v2\/posts\/2508","targetHints":{"allow":["GET"]}}],"collection":[{"href":"https:\/\/narteks.net\/index.php\/wp-json\/wp\/v2\/posts"}],"about":[{"href":"https:\/\/narteks.net\/index.php\/wp-json\/wp\/v2\/types\/post"}],"author":[{"embeddable":true,"href":"https:\/\/narteks.net\/index.php\/wp-json\/wp\/v2\/users\/1"}],"replies":[{"embeddable":true,"href":"https:\/\/narteks.net\/index.php\/wp-json\/wp\/v2\/comments?post=2508"}],"version-history":[{"count":0,"href":"https:\/\/narteks.net\/index.php\/wp-json\/wp\/v2\/posts\/2508\/revisions"}],"wp:attachment":[{"href":"https:\/\/narteks.net\/index.php\/wp-json\/wp\/v2\/media?parent=2508"}],"wp:term":[{"taxonomy":"category","embeddable":true,"href":"https:\/\/narteks.net\/index.php\/wp-json\/wp\/v2\/categories?post=2508"},{"taxonomy":"post_tag","embeddable":true,"href":"https:\/\/narteks.net\/index.php\/wp-json\/wp\/v2\/tags?post=2508"}],"curies":[{"name":"wp","href":"https:\/\/api.w.org\/{rel}","templated":true}]}}