{"id":251,"date":"2009-02-27T21:53:50","date_gmt":"2009-02-27T18:53:50","guid":{"rendered":"http:\/\/localhost\/wordpress\/2009\/02\/27\/abidin-dino-biyografisi\/"},"modified":"2009-02-27T21:53:50","modified_gmt":"2009-02-27T18:53:50","slug":"abidin-dino-biyografisi","status":"publish","type":"post","link":"https:\/\/narteks.net\/index.php\/2009\/02\/27\/abidin-dino-biyografisi\/","title":{"rendered":"Abidin D\u0130NO Biyografisi"},"content":{"rendered":"<p><img decoding=\"async\" src=\"http:\/\/www.google.com.tr\/images?q=tbn:6FvYo3KXiwvIZM::img0.bloggum.com\/upload\/lib\/img\/9418\/o\/r_8fxxsk82i1u4ivjlgl0k.jpg\" border=\"0\" \/><\/p>\n<p><!-- start content --><\/p>\n<div class=\"thumb tright\">\n<div class=\"thumbinner\" style=\"width: 182px;\"><a class=\"image\" href=\"http:\/\/tr.wikipedia.org\/wiki\/Dosya:Abidin_dino_signature.svg\" title=\"Abidin dino signature.svg\"><img loading=\"lazy\" decoding=\"async\" class=\"thumbimage\" src=\"http:\/\/upload.wikimedia.org\/wikipedia\/commons\/thumb\/3\/36\/Abidin_dino_signature.svg\/180px-Abidin_dino_signature.svg.png\" border=\"0\" width=\"180\" height=\"121\" \/><\/a><\/div>\n<\/div>\n<p><strong>Abidin Dino<\/strong>, (d. 23 Mart 1913 &#8211; <span class=\"mw-redirect\">\u0130stanbul<\/span> &#8211; \u00f6. 7 Aral\u0131k 1993 &#8211; Paris) \u00fcnl\u00fc <span class=\"mw-redirect\">T\u00fcrk<\/span> ressam. \u00c7a\u011fda\u015f T\u00fcrk resminin \u00f6nc\u00fclerinden olan Abidin Dino, ayn\u0131 zamanda bir yazar ve siyaset\u00e7idir.<\/p>\n<p>\u00a0<\/p>\n<p><strong><span class=\"mw-headline\">Hayat\u0131<\/span><\/strong><\/p>\n<h2><strong> <\/strong><\/h2>\n<p align=\"justify\">Ressam, 23 Mart 1913 \u0130stanbul do\u011fumludur. I. D\u00fcnya Sava\u015f\u0131 s\u0131ras\u0131nda ailesi Avrupa&#8217;da seyahatte oldu\u011fundan, bir s\u00fcre i\u00e7in Cenevre&#8217;de bulunmu\u015f, bu nedenle \u00e7ocuklu\u011fu \u0130svi\u00e7re ve Fransa&#8217;da ge\u00e7mi\u015ftir.<\/p>\n<p align=\"justify\">Abidin Dino ailesiyle birlikte 1925&#8217;te \u0130stanbul&#8217;a d\u00f6nm\u00fc\u015ft\u00fcr. Robert Kolej&#8217;de \u00f6\u011frenim g\u00f6rmeye ba\u015flam\u0131\u015f olsa da, sanata olan ilgisi nedeniyle \u00f6\u011frenimini yar\u0131da b\u0131rak\u0131p, a\u011fabeyi \u015fair Arif Dino&#8217;nun deste\u011fiyle resim, karikat\u00fcr ve yaz\u0131 alan\u0131nda kendini geli\u015ftirmeye ba\u015flad\u0131.<\/p>\n<p align=\"justify\"><strong><br \/><\/strong><\/p>\n<p><strong><span class=\"mw-headline\">Kariyeri<\/span><\/strong><\/p>\n<h2><strong> <\/strong><\/h2>\n<p style=\"text-align: justify;\">\u0130lk \u00e7izimleri <em><span class=\"new\">Yar\u0131n<\/span><\/em> gazetesinde, ilk yaz\u0131lar\u0131 <em>Artist<\/em> dergisinde 1930&#8217;lu y\u0131llar\u0131n ba\u015f\u0131nda yay\u0131mlanm\u0131\u015ft\u0131r. Bu y\u0131llarda <span class=\"mw-redirect\">Naz\u0131m Hikmet<\/span>&#8216;in \u015fiir ve oyun kitaplar\u0131na kapak desenleri de \u00e7izmi\u015f ve kendini \u00e7ok gen\u00e7 ya\u015fta &#8220;ressam&#8221; olarak kabul ettirmi\u015ftir.<\/p>\n<p style=\"text-align: justify;\">1933 y\u0131l\u0131nda &#8220;D Grubu&#8221; adl\u0131 sanat gurubunun kurucular\u0131 aras\u0131nda yer ald\u0131. Bu grubun amac\u0131, memlekette sanat\u0131n geli\u015fmesini ve yay\u0131lmas\u0131n\u0131 sa\u011flamak, d\u00fc\u015f\u00fcnce yan\u0131 a\u011f\u0131r basan resimler yaparak, bat\u0131daki \u00e7a\u011fda\u015f ak\u0131mlarla boy \u00f6l\u00e7\u00fc\u015fecek yenilikler getirmekti.<\/p>\n<p style=\"text-align: justify;\">Ayn\u0131 y\u0131l #<span class=\"new\">T\u00fcrkiyenin Kalbi Ankara<\/span> isimli belgesel filmi \u00e7ekmek i\u00e7in T\u00fcrkiye&#8217;ye gelen Sovyetler Birli\u011fi&#8217;nin \u00fcnl\u00fc y\u00f6netmenlerinden <span class=\"new\">Sergey Yutkevi\u00e7<\/span> bir sergide resimlerini g\u00f6r\u00fcp be\u011fendi. Yutkevi\u00e7&#8217;in filmini izleyen Atat\u00fcrk, kendisinden bir T\u00fcrk gencini yeti\u015ftirmesine olanak olup olmad\u0131\u011f\u0131n\u0131 sormu\u015ftu. B\u00f6ylece Yutkevi\u00e7, Dino&#8217;dan dekorat\u00f6r ve ressam olarak \u00e7al\u0131\u015fmak \u00fczere kendisiyle SSCB&#8217;ye gelmesini istedi. Dino, 1934 y\u0131l\u0131nda sinema \u00f6\u011frenimi g\u00f6rmek \u00fczere SSCB&#8217;ye gitti ve 3 y\u0131l kald\u0131. 3 y\u0131l boyunca <span class=\"mw-redirect\">Leningrad<\/span>&#8216;da <span class=\"mw-redirect\">Eisenstein<\/span> ve Yutkevi\u00e7&#8217;in yan\u0131nda makyajdan dekora, rejiden senaryoya t\u00fcm y\u00f6nleriyle sinema e\u011fitimi ald\u0131. Yutkevi\u00e7&#8217;in y\u00f6netti\u011fi Madenciler filminde \u00e7al\u0131\u015ft\u0131. 1937&#8217;de II. D\u00fcnya Sava\u015f\u0131 nedeniyle Sovyetler Birli\u011fi t\u00fcm yabanc\u0131 \u00f6\u011frencileri geri g\u00f6nderince Leningrad&#8217;dan ayr\u0131lmak zorunda kald\u0131.<\/p>\n<p style=\"text-align: justify;\">Dino, Sovyetler Birli\u011fi&#8217;nden sonra Londra ve Paris&#8217;e gitti. Paris&#8217;te ressam ve dekorat\u00f6r olarak film \u00e7ekim \u00e7al\u0131\u015fmalar\u0131nda bulundu. <span class=\"new\">Gertrude Stein<\/span>, Tristan Tzara, <span class=\"mw-redirect\">Eisenstein<\/span>, <span class=\"mw-redirect\">Andre Malraux<\/span> ve Pablo Picasso gibi d\u00f6nemin \u00f6nde gelen sanat\u00e7\u0131lar\u0131yla dostluklar kurdu.<\/p>\n<p style=\"text-align: justify;\">Abidin Dino 1939&#8217;da T\u00fcrkiye&#8217;ye d\u00f6nd\u00fc, 1941&#8217;de arkada\u015flar\u0131yla Liman (Yeniler) Grubunu olu\u015fturdu. \u00c7e\u015fitli dergilerde \u00e7izgi ve yaz\u0131lar\u0131yla halktan yana, ger\u00e7ek\u00e7i bir sanat g\u00f6r\u00fc\u015f\u00fcn\u00fc savundu. \u00c7izgi ve desenlerin \u00f6n plana \u00e7\u0131kt\u0131\u011f\u0131 resimlerinde i\u015f\u00e7i ve k\u00f6yl\u00fc tiplerini \u00f6zg\u00fcn bir \u00fcslupla i\u015fledi. Ba\u015flang\u0131\u00e7ta <span class=\"mw-redirect\">Picasso<\/span>&#8216;nun etkisinde kalan sanat\u00e7\u0131, daha sonralar\u0131 yap\u0131tlar\u0131nda \u00f6zg\u00fcn ve yerel bir senteze ula\u015ft\u0131.<\/p>\n<p style=\"text-align: justify;\">Yeniler Gurubu&#8217;nun Liman \u00e7evresindeki bal\u0131k\u00e7\u0131lar\u0131 konu alan ilk sergisini a\u00e7t\u0131\u011f\u0131 1941 y\u0131l\u0131nda Abidin Dino, siyasi nedenlerle \u00f6nce Mecit\u00f6z\u00fc-\u00c7orum&#8217;a, sonra Adana&#8217;ya s\u00fcrg\u00fcne g\u00f6nderildi. Adana&#8217;da T\u00fcrk S\u00f6z\u00fc gazetesini y\u00f6netti. &#8220;Kel&#8221; adl\u0131 bir oyun yazd\u0131, ancak oyun hemen toplat\u0131ld\u0131. \u00c7ukurova&#8217;n\u0131n pamuk i\u015f\u00e7ilerini konu alan resimler yapt\u0131 ve heykel ile ilgilenmeye ba\u015flad\u0131. 1943 y\u0131l\u0131nda dilci G\u00fczin Dino ile evlendi. S\u00fcrg\u00fcn sona erince \u0130stanbul&#8217;a d\u00f6nd\u00fc.<\/p>\n<p style=\"text-align: justify;\">1952&#8217;de yurt d\u0131\u015f\u0131na \u00e7\u0131k\u0131\u015f yasa\u011f\u0131 kalk\u0131nca kesin olarak Paris&#8217;e yerle\u015fti. Fransa, Cezayir, <span class=\"mw-redirect\">Amerika<\/span> gibi de\u011fi\u015fik \u00fclkelerde sergiler a\u00e7t\u0131. Fransa Plastik Sanatlar Birli\u011fi onur ba\u015fkanl\u0131\u011f\u0131 New York D\u00fcnya Sanat Sergisi dan\u0131\u015fmanl\u0131\u011f\u0131 gibi g\u00f6revlerde bulundu.<\/p>\n<p style=\"text-align: justify;\">&#8216;\u0130\u015fkence&#8217;, &#8216;Atom Korkusu&#8217;, &#8216;Sava\u015f ve Bar\u0131\u015f&#8217;, &#8216;\u00c7\u0131plaklar&#8217;, &#8216;D\u00f6rt Kent&#8217;, &#8216;Da\u011f-Deniz&#8217; gibi bir\u00e7ok yap\u0131t\u0131 \u00e7e\u015fitli galeri, m\u00fcze ve koleksiyonlarda yer ald\u0131.<\/p>\n<p style=\"text-align: justify;\"><span class=\"mw-redirect\">Naz\u0131m Hikmet<\/span>&#8216;in kendisine &#8220;Bana mutlulu\u011fun resmini yapabilir misin?&#8221; demesi \u00fczerine ona \u015fiirle kar\u015f\u0131l\u0131k verdi.<\/p>\n<p style=\"text-align: justify;\">Zaman zaman T\u00fcrkiye&#8217;de ki\u015fisel sergiler a\u00e7an Abidin Dino, 7 Aral\u0131k 1993 g\u00fcn\u00fc Paris&#8217;te ya\u015fam\u0131n\u0131 yitirdi. Cenazesi <span class=\"mw-redirect\">\u0130stanbul<\/span>&#8216;a getirilerek A\u015fiyan&#8217;da topra\u011fa verildi.<\/p>\n<p><strong>Kitaplar\u0131<\/strong><\/p>\n<p>\u00a0<\/p>\n<ul>\n<li>K\u0131sa Hayat \u00d6yk\u00fcm &#8211; Can Yay\u0131nlar\u0131<\/li>\n<li>Sensiz Her\u015fey Renksiz &#8211; Can Yay\u0131nlar\u0131<\/li>\n<li>Sinan &#8211; Bir D\u00fc\u015fsel Ya\u015fam\u00f6yk\u00fcs\u00fc &#8211; Can Yay\u0131nlar\u0131<\/li>\n<li>Yeditepe \u00d6yk\u00fcleri &#8211; Can Yay\u0131nlar\u0131<\/li>\n<\/ul>\n<p>\u00a0<\/p>\n","protected":false},"excerpt":{"rendered":"<p>Abidin Dino, (d. 23 Mart 1913 &#8211; \u0130stanbul &#8211; \u00f6. 7 Aral\u0131k 1993 &#8211; Paris) \u00fcnl\u00fc T\u00fcrk ressam. \u00c7a\u011fda\u015f T\u00fcrk resminin \u00f6nc\u00fclerinden olan Abidin Dino, ayn\u0131 zamanda bir yazar ve siyaset\u00e7idir. \u00a0 Hayat\u0131 Ressam, 23 Mart 1913 \u0130stanbul do\u011fumludur. I. D\u00fcnya Sava\u015f\u0131 s\u0131ras\u0131nda ailesi Avrupa&#8217;da seyahatte oldu\u011fundan, bir s\u00fcre i\u00e7in Cenevre&#8217;de bulunmu\u015f, bu nedenle \u00e7ocuklu\u011fu [&hellip;]<\/p>\n","protected":false},"author":1,"featured_media":0,"comment_status":"open","ping_status":"open","sticky":false,"template":"","format":"standard","meta":{"footnotes":""},"categories":[116],"tags":[],"class_list":{"0":"post-251","1":"post","2":"type-post","3":"status-publish","4":"format-standard","6":"category-ressam-biyografileri-ve-eserleri"},"yoast_head":"<!-- This site is optimized with the Yoast SEO Premium plugin v24.9 (Yoast SEO v24.9) - https:\/\/yoast.com\/wordpress\/plugins\/seo\/ -->\n<title>Abidin D\u0130NO Biyografisi - narteks.net<\/title>\n<meta name=\"robots\" content=\"index, follow, max-snippet:-1, max-image-preview:large, max-video-preview:-1\" \/>\n<link rel=\"canonical\" href=\"https:\/\/narteks.net\/index.php\/2009\/02\/27\/abidin-dino-biyografisi\/\" \/>\n<meta property=\"og:locale\" content=\"tr_TR\" \/>\n<meta property=\"og:type\" content=\"article\" \/>\n<meta property=\"og:title\" content=\"Abidin D\u0130NO Biyografisi\" \/>\n<meta property=\"og:description\" content=\"Abidin Dino, (d. 23 Mart 1913 &#8211; \u0130stanbul &#8211; \u00f6. 7 Aral\u0131k 1993 &#8211; Paris) \u00fcnl\u00fc T\u00fcrk ressam. \u00c7a\u011fda\u015f T\u00fcrk resminin \u00f6nc\u00fclerinden olan Abidin Dino, ayn\u0131 zamanda bir yazar ve siyaset\u00e7idir. \u00a0 Hayat\u0131 Ressam, 23 Mart 1913 \u0130stanbul do\u011fumludur. I. D\u00fcnya Sava\u015f\u0131 s\u0131ras\u0131nda ailesi Avrupa&#8217;da seyahatte oldu\u011fundan, bir s\u00fcre i\u00e7in Cenevre&#8217;de bulunmu\u015f, bu nedenle \u00e7ocuklu\u011fu [&hellip;]\" \/>\n<meta property=\"og:url\" content=\"https:\/\/narteks.net\/index.php\/2009\/02\/27\/abidin-dino-biyografisi\/\" \/>\n<meta property=\"og:site_name\" content=\"narteks.net\" \/>\n<meta property=\"article:published_time\" content=\"2009-02-27T18:53:50+00:00\" \/>\n<meta property=\"og:image\" content=\"http:\/\/www.google.com.tr\/images?q=tbn:6FvYo3KXiwvIZM::img0.bloggum.com\/upload\/lib\/img\/9418\/o\/r_8fxxsk82i1u4ivjlgl0k.jpg\" \/>\n<meta name=\"author\" content=\"Tar\u0131k\" \/>\n<meta name=\"twitter:card\" content=\"summary_large_image\" \/>\n<meta name=\"twitter:creator\" content=\"@narteks\" \/>\n<meta name=\"twitter:site\" content=\"@narteks\" \/>\n<meta name=\"twitter:label1\" content=\"Yazan:\" \/>\n\t<meta name=\"twitter:data1\" content=\"Tar\u0131k\" \/>\n\t<meta name=\"twitter:label2\" content=\"Tahmini okuma s\u00fcresi\" \/>\n\t<meta name=\"twitter:data2\" content=\"3 dakika\" \/>\n<script type=\"application\/ld+json\" class=\"yoast-schema-graph\">{\"@context\":\"https:\/\/schema.org\",\"@graph\":[{\"@type\":\"Article\",\"@id\":\"https:\/\/narteks.net\/index.php\/2009\/02\/27\/abidin-dino-biyografisi\/#article\",\"isPartOf\":{\"@id\":\"https:\/\/narteks.net\/index.php\/2009\/02\/27\/abidin-dino-biyografisi\/\"},\"author\":{\"name\":\"Tar\u0131k\",\"@id\":\"https:\/\/narteks.net\/#\/schema\/person\/61f37d9834294b72d31d274e7ed79bca\"},\"headline\":\"Abidin D\u0130NO Biyografisi\",\"datePublished\":\"2009-02-27T18:53:50+00:00\",\"mainEntityOfPage\":{\"@id\":\"https:\/\/narteks.net\/index.php\/2009\/02\/27\/abidin-dino-biyografisi\/\"},\"wordCount\":701,\"commentCount\":0,\"publisher\":{\"@id\":\"https:\/\/narteks.net\/#organization\"},\"image\":{\"@id\":\"https:\/\/narteks.net\/index.php\/2009\/02\/27\/abidin-dino-biyografisi\/#primaryimage\"},\"thumbnailUrl\":\"http:\/\/www.google.com.tr\/images?q=tbn:6FvYo3KXiwvIZM::img0.bloggum.com\/upload\/lib\/img\/9418\/o\/r_8fxxsk82i1u4ivjlgl0k.jpg\",\"articleSection\":[\"Ressam Biyografileri ve Eserleri\"],\"inLanguage\":\"tr\",\"potentialAction\":[{\"@type\":\"CommentAction\",\"name\":\"Comment\",\"target\":[\"https:\/\/narteks.net\/index.php\/2009\/02\/27\/abidin-dino-biyografisi\/#respond\"]}]},{\"@type\":\"WebPage\",\"@id\":\"https:\/\/narteks.net\/index.php\/2009\/02\/27\/abidin-dino-biyografisi\/\",\"url\":\"https:\/\/narteks.net\/index.php\/2009\/02\/27\/abidin-dino-biyografisi\/\",\"name\":\"Abidin D\u0130NO Biyografisi - narteks.net\",\"isPartOf\":{\"@id\":\"https:\/\/narteks.net\/#website\"},\"primaryImageOfPage\":{\"@id\":\"https:\/\/narteks.net\/index.php\/2009\/02\/27\/abidin-dino-biyografisi\/#primaryimage\"},\"image\":{\"@id\":\"https:\/\/narteks.net\/index.php\/2009\/02\/27\/abidin-dino-biyografisi\/#primaryimage\"},\"thumbnailUrl\":\"http:\/\/www.google.com.tr\/images?q=tbn:6FvYo3KXiwvIZM::img0.bloggum.com\/upload\/lib\/img\/9418\/o\/r_8fxxsk82i1u4ivjlgl0k.jpg\",\"datePublished\":\"2009-02-27T18:53:50+00:00\",\"breadcrumb\":{\"@id\":\"https:\/\/narteks.net\/index.php\/2009\/02\/27\/abidin-dino-biyografisi\/#breadcrumb\"},\"inLanguage\":\"tr\",\"potentialAction\":[{\"@type\":\"ReadAction\",\"target\":[\"https:\/\/narteks.net\/index.php\/2009\/02\/27\/abidin-dino-biyografisi\/\"]}]},{\"@type\":\"ImageObject\",\"inLanguage\":\"tr\",\"@id\":\"https:\/\/narteks.net\/index.php\/2009\/02\/27\/abidin-dino-biyografisi\/#primaryimage\",\"url\":\"http:\/\/www.google.com.tr\/images?q=tbn:6FvYo3KXiwvIZM::img0.bloggum.com\/upload\/lib\/img\/9418\/o\/r_8fxxsk82i1u4ivjlgl0k.jpg\",\"contentUrl\":\"http:\/\/www.google.com.tr\/images?q=tbn:6FvYo3KXiwvIZM::img0.bloggum.com\/upload\/lib\/img\/9418\/o\/r_8fxxsk82i1u4ivjlgl0k.jpg\"},{\"@type\":\"BreadcrumbList\",\"@id\":\"https:\/\/narteks.net\/index.php\/2009\/02\/27\/abidin-dino-biyografisi\/#breadcrumb\",\"itemListElement\":[{\"@type\":\"ListItem\",\"position\":1,\"name\":\"Anasayfa\",\"item\":\"https:\/\/narteks.net\/\"},{\"@type\":\"ListItem\",\"position\":2,\"name\":\"Abidin D\u0130NO Biyografisi\"}]},{\"@type\":\"WebSite\",\"@id\":\"https:\/\/narteks.net\/#website\",\"url\":\"https:\/\/narteks.net\/\",\"name\":\"narteks.net\",\"description\":\"K\u00fclt\u00fcr Sanat Edebiyat Felsefe\",\"publisher\":{\"@id\":\"https:\/\/narteks.net\/#organization\"},\"alternateName\":\"K\u00fclt\u00fcr Sanat Edebiyat Felsefe\",\"potentialAction\":[{\"@type\":\"SearchAction\",\"target\":{\"@type\":\"EntryPoint\",\"urlTemplate\":\"https:\/\/narteks.net\/?s={search_term_string}\"},\"query-input\":{\"@type\":\"PropertyValueSpecification\",\"valueRequired\":true,\"valueName\":\"search_term_string\"}}],\"inLanguage\":\"tr\"},{\"@type\":\"Organization\",\"@id\":\"https:\/\/narteks.net\/#organization\",\"name\":\"narteks.net\",\"url\":\"https:\/\/narteks.net\/\",\"logo\":{\"@type\":\"ImageObject\",\"inLanguage\":\"tr\",\"@id\":\"https:\/\/narteks.net\/#\/schema\/logo\/image\/\",\"url\":\"https:\/\/narteks.net\/wp-content\/uploads\/narteks.png\",\"contentUrl\":\"https:\/\/narteks.net\/wp-content\/uploads\/narteks.png\",\"width\":300,\"height\":90,\"caption\":\"narteks.net\"},\"image\":{\"@id\":\"https:\/\/narteks.net\/#\/schema\/logo\/image\/\"},\"sameAs\":[\"https:\/\/x.com\/narteks\",\"https:\/\/instagram.com\/narteksnet\"]},{\"@type\":\"Person\",\"@id\":\"https:\/\/narteks.net\/#\/schema\/person\/61f37d9834294b72d31d274e7ed79bca\",\"name\":\"Tar\u0131k\",\"image\":{\"@type\":\"ImageObject\",\"inLanguage\":\"tr\",\"@id\":\"https:\/\/narteks.net\/#\/schema\/person\/image\/\",\"url\":\"https:\/\/secure.gravatar.com\/avatar\/50865afb55632c4ae467e0af0930f6510aa2297d8014be502a55b14f3b7550cf?s=96&d=mm&r=g\",\"contentUrl\":\"https:\/\/secure.gravatar.com\/avatar\/50865afb55632c4ae467e0af0930f6510aa2297d8014be502a55b14f3b7550cf?s=96&d=mm&r=g\",\"caption\":\"Tar\u0131k\"},\"sameAs\":[\"http:\/\/narteks.net\"],\"url\":\"https:\/\/narteks.net\/index.php\/author\/narbak\/\"}]}<\/script>\n<!-- \/ Yoast SEO Premium plugin. -->","yoast_head_json":{"title":"Abidin D\u0130NO Biyografisi - narteks.net","robots":{"index":"index","follow":"follow","max-snippet":"max-snippet:-1","max-image-preview":"max-image-preview:large","max-video-preview":"max-video-preview:-1"},"canonical":"https:\/\/narteks.net\/index.php\/2009\/02\/27\/abidin-dino-biyografisi\/","og_locale":"tr_TR","og_type":"article","og_title":"Abidin D\u0130NO Biyografisi","og_description":"Abidin Dino, (d. 23 Mart 1913 &#8211; \u0130stanbul &#8211; \u00f6. 7 Aral\u0131k 1993 &#8211; Paris) \u00fcnl\u00fc T\u00fcrk ressam. \u00c7a\u011fda\u015f T\u00fcrk resminin \u00f6nc\u00fclerinden olan Abidin Dino, ayn\u0131 zamanda bir yazar ve siyaset\u00e7idir. \u00a0 Hayat\u0131 Ressam, 23 Mart 1913 \u0130stanbul do\u011fumludur. I. D\u00fcnya Sava\u015f\u0131 s\u0131ras\u0131nda ailesi Avrupa&#8217;da seyahatte oldu\u011fundan, bir s\u00fcre i\u00e7in Cenevre&#8217;de bulunmu\u015f, bu nedenle \u00e7ocuklu\u011fu [&hellip;]","og_url":"https:\/\/narteks.net\/index.php\/2009\/02\/27\/abidin-dino-biyografisi\/","og_site_name":"narteks.net","article_published_time":"2009-02-27T18:53:50+00:00","og_image":[{"url":"http:\/\/www.google.com.tr\/images?q=tbn:6FvYo3KXiwvIZM::img0.bloggum.com\/upload\/lib\/img\/9418\/o\/r_8fxxsk82i1u4ivjlgl0k.jpg","type":"","width":"","height":""}],"author":"Tar\u0131k","twitter_card":"summary_large_image","twitter_creator":"@narteks","twitter_site":"@narteks","twitter_misc":{"Yazan:":"Tar\u0131k","Tahmini okuma s\u00fcresi":"3 dakika"},"schema":{"@context":"https:\/\/schema.org","@graph":[{"@type":"Article","@id":"https:\/\/narteks.net\/index.php\/2009\/02\/27\/abidin-dino-biyografisi\/#article","isPartOf":{"@id":"https:\/\/narteks.net\/index.php\/2009\/02\/27\/abidin-dino-biyografisi\/"},"author":{"name":"Tar\u0131k","@id":"https:\/\/narteks.net\/#\/schema\/person\/61f37d9834294b72d31d274e7ed79bca"},"headline":"Abidin D\u0130NO Biyografisi","datePublished":"2009-02-27T18:53:50+00:00","mainEntityOfPage":{"@id":"https:\/\/narteks.net\/index.php\/2009\/02\/27\/abidin-dino-biyografisi\/"},"wordCount":701,"commentCount":0,"publisher":{"@id":"https:\/\/narteks.net\/#organization"},"image":{"@id":"https:\/\/narteks.net\/index.php\/2009\/02\/27\/abidin-dino-biyografisi\/#primaryimage"},"thumbnailUrl":"http:\/\/www.google.com.tr\/images?q=tbn:6FvYo3KXiwvIZM::img0.bloggum.com\/upload\/lib\/img\/9418\/o\/r_8fxxsk82i1u4ivjlgl0k.jpg","articleSection":["Ressam Biyografileri ve Eserleri"],"inLanguage":"tr","potentialAction":[{"@type":"CommentAction","name":"Comment","target":["https:\/\/narteks.net\/index.php\/2009\/02\/27\/abidin-dino-biyografisi\/#respond"]}]},{"@type":"WebPage","@id":"https:\/\/narteks.net\/index.php\/2009\/02\/27\/abidin-dino-biyografisi\/","url":"https:\/\/narteks.net\/index.php\/2009\/02\/27\/abidin-dino-biyografisi\/","name":"Abidin D\u0130NO Biyografisi - narteks.net","isPartOf":{"@id":"https:\/\/narteks.net\/#website"},"primaryImageOfPage":{"@id":"https:\/\/narteks.net\/index.php\/2009\/02\/27\/abidin-dino-biyografisi\/#primaryimage"},"image":{"@id":"https:\/\/narteks.net\/index.php\/2009\/02\/27\/abidin-dino-biyografisi\/#primaryimage"},"thumbnailUrl":"http:\/\/www.google.com.tr\/images?q=tbn:6FvYo3KXiwvIZM::img0.bloggum.com\/upload\/lib\/img\/9418\/o\/r_8fxxsk82i1u4ivjlgl0k.jpg","datePublished":"2009-02-27T18:53:50+00:00","breadcrumb":{"@id":"https:\/\/narteks.net\/index.php\/2009\/02\/27\/abidin-dino-biyografisi\/#breadcrumb"},"inLanguage":"tr","potentialAction":[{"@type":"ReadAction","target":["https:\/\/narteks.net\/index.php\/2009\/02\/27\/abidin-dino-biyografisi\/"]}]},{"@type":"ImageObject","inLanguage":"tr","@id":"https:\/\/narteks.net\/index.php\/2009\/02\/27\/abidin-dino-biyografisi\/#primaryimage","url":"http:\/\/www.google.com.tr\/images?q=tbn:6FvYo3KXiwvIZM::img0.bloggum.com\/upload\/lib\/img\/9418\/o\/r_8fxxsk82i1u4ivjlgl0k.jpg","contentUrl":"http:\/\/www.google.com.tr\/images?q=tbn:6FvYo3KXiwvIZM::img0.bloggum.com\/upload\/lib\/img\/9418\/o\/r_8fxxsk82i1u4ivjlgl0k.jpg"},{"@type":"BreadcrumbList","@id":"https:\/\/narteks.net\/index.php\/2009\/02\/27\/abidin-dino-biyografisi\/#breadcrumb","itemListElement":[{"@type":"ListItem","position":1,"name":"Anasayfa","item":"https:\/\/narteks.net\/"},{"@type":"ListItem","position":2,"name":"Abidin D\u0130NO Biyografisi"}]},{"@type":"WebSite","@id":"https:\/\/narteks.net\/#website","url":"https:\/\/narteks.net\/","name":"narteks.net","description":"K\u00fclt\u00fcr Sanat Edebiyat Felsefe","publisher":{"@id":"https:\/\/narteks.net\/#organization"},"alternateName":"K\u00fclt\u00fcr Sanat Edebiyat Felsefe","potentialAction":[{"@type":"SearchAction","target":{"@type":"EntryPoint","urlTemplate":"https:\/\/narteks.net\/?s={search_term_string}"},"query-input":{"@type":"PropertyValueSpecification","valueRequired":true,"valueName":"search_term_string"}}],"inLanguage":"tr"},{"@type":"Organization","@id":"https:\/\/narteks.net\/#organization","name":"narteks.net","url":"https:\/\/narteks.net\/","logo":{"@type":"ImageObject","inLanguage":"tr","@id":"https:\/\/narteks.net\/#\/schema\/logo\/image\/","url":"https:\/\/narteks.net\/wp-content\/uploads\/narteks.png","contentUrl":"https:\/\/narteks.net\/wp-content\/uploads\/narteks.png","width":300,"height":90,"caption":"narteks.net"},"image":{"@id":"https:\/\/narteks.net\/#\/schema\/logo\/image\/"},"sameAs":["https:\/\/x.com\/narteks","https:\/\/instagram.com\/narteksnet"]},{"@type":"Person","@id":"https:\/\/narteks.net\/#\/schema\/person\/61f37d9834294b72d31d274e7ed79bca","name":"Tar\u0131k","image":{"@type":"ImageObject","inLanguage":"tr","@id":"https:\/\/narteks.net\/#\/schema\/person\/image\/","url":"https:\/\/secure.gravatar.com\/avatar\/50865afb55632c4ae467e0af0930f6510aa2297d8014be502a55b14f3b7550cf?s=96&d=mm&r=g","contentUrl":"https:\/\/secure.gravatar.com\/avatar\/50865afb55632c4ae467e0af0930f6510aa2297d8014be502a55b14f3b7550cf?s=96&d=mm&r=g","caption":"Tar\u0131k"},"sameAs":["http:\/\/narteks.net"],"url":"https:\/\/narteks.net\/index.php\/author\/narbak\/"}]}},"_links":{"self":[{"href":"https:\/\/narteks.net\/index.php\/wp-json\/wp\/v2\/posts\/251","targetHints":{"allow":["GET"]}}],"collection":[{"href":"https:\/\/narteks.net\/index.php\/wp-json\/wp\/v2\/posts"}],"about":[{"href":"https:\/\/narteks.net\/index.php\/wp-json\/wp\/v2\/types\/post"}],"author":[{"embeddable":true,"href":"https:\/\/narteks.net\/index.php\/wp-json\/wp\/v2\/users\/1"}],"replies":[{"embeddable":true,"href":"https:\/\/narteks.net\/index.php\/wp-json\/wp\/v2\/comments?post=251"}],"version-history":[{"count":0,"href":"https:\/\/narteks.net\/index.php\/wp-json\/wp\/v2\/posts\/251\/revisions"}],"wp:attachment":[{"href":"https:\/\/narteks.net\/index.php\/wp-json\/wp\/v2\/media?parent=251"}],"wp:term":[{"taxonomy":"category","embeddable":true,"href":"https:\/\/narteks.net\/index.php\/wp-json\/wp\/v2\/categories?post=251"},{"taxonomy":"post_tag","embeddable":true,"href":"https:\/\/narteks.net\/index.php\/wp-json\/wp\/v2\/tags?post=251"}],"curies":[{"name":"wp","href":"https:\/\/api.w.org\/{rel}","templated":true}]}}