{"id":2513,"date":"2009-12-05T16:25:41","date_gmt":"2009-12-05T13:25:41","guid":{"rendered":"http:\/\/localhost\/wordpress\/2009\/12\/05\/portresi\/"},"modified":"2009-12-05T16:25:41","modified_gmt":"2009-12-05T13:25:41","slug":"portresi","status":"publish","type":"post","link":"https:\/\/narteks.net\/index.php\/2009\/12\/05\/portresi\/","title":{"rendered":"PORTRES\u0130"},"content":{"rendered":"<p>\u00a0<\/p>\n<p>tarlaku\u015flar\u0131na inan\u0131r<br \/>allaha inanmazd\u0131<br \/>denizi ilk g\u00f6rd\u00fc\u011f\u00fc g\u00fcn<br \/>\u00f6l\u00fcm \u00f6l\u00fcm diye ba\u011f\u0131r\u0131rd\u0131<br \/>ve g\u00f6zlerinde mavi<br \/>y\u0131llarca \u00e7alkalan\u0131p durdu<\/p>\n<p>bak\u0131nca a\u011fa\u00e7lar inilde\u015fir<br \/>ta\u015flar toz olurdu i\u00e7teni\u00e7e<br \/>sular\u0131n ak\u0131\u015f\u0131nda buldu\u011fu neydi<br \/>neden \u0131sl\u0131k \u00e7alard\u0131 r\u00fczgarda<br \/>neden a\u011flard\u0131<\/p>\n<p>bir dostu vard\u0131 mahpustu<br \/>pas tutmu\u015f y\u0131llary\u0131l\u0131 zinciri<br \/>dilermek bir h\u0131zl\u0131 ya\u015famakt\u0131<br \/>zamana s\u0131\u011fmamakt\u0131 bunu bilirdi<br \/>bir k\u00f6pe\u011fi vard\u0131 ado do\u00e7tu<br \/>a\u015fks\u0131z geceler gibi karayd\u0131<br \/>g\u00f6\u011fs\u00fc y\u00fcrek bi\u00e7iminde akt\u0131<br \/>zincir sesleri geliyordu \u00f6telerden<br \/>karanl\u0131k uluyordu korkun\u00e7tu<br \/>ve g\u00f6zleri bal damlas\u0131 kadar tatl\u0131<br \/>forsa g\u00f6zleri gibi uzakt\u0131<br \/>bir sevdi\u011fi vard\u0131 ad\u0131n\u0131 kimse bilmez<br \/>bir dile\u011fi vard\u0131 anla\u015f\u0131lmaz<br \/>aln\u0131na gecelerce \u00e7\u00f6km\u00fc\u015f g\u00f6lgesi<br \/>onu hem herkes bilir<br \/>hem de hi\u00e7kimse bilmezdi<\/p>\n<p>birg\u00fcn b\u00fct\u00fcn okuduklar\u0131n\u0131 unuttu<br \/>birdenbire sevdiklerini unuttu<br \/>nesi varsa ya\u015fanm\u0131\u015f<br \/>b\u0131rak\u0131p gitti<\/p>\n<p>Hasan H\u00fcseyin KORKMAZG\u0130L<\/p>\n","protected":false},"excerpt":{"rendered":"<p>\u00a0 tarlaku\u015flar\u0131na inan\u0131rallaha inanmazd\u0131denizi ilk g\u00f6rd\u00fc\u011f\u00fc g\u00fcn\u00f6l\u00fcm \u00f6l\u00fcm diye ba\u011f\u0131r\u0131rd\u0131ve g\u00f6zlerinde maviy\u0131llarca \u00e7alkalan\u0131p durdu bak\u0131nca a\u011fa\u00e7lar inilde\u015firta\u015flar toz olurdu i\u00e7teni\u00e7esular\u0131n ak\u0131\u015f\u0131nda buldu\u011fu neydineden \u0131sl\u0131k \u00e7alard\u0131 r\u00fczgardaneden a\u011flard\u0131 bir dostu vard\u0131 mahpustupas tutmu\u015f y\u0131llary\u0131l\u0131 zinciridilermek bir h\u0131zl\u0131 ya\u015famakt\u0131zamana s\u0131\u011fmamakt\u0131 bunu bilirdibir k\u00f6pe\u011fi vard\u0131 ado do\u00e7tua\u015fks\u0131z geceler gibi karayd\u0131g\u00f6\u011fs\u00fc y\u00fcrek bi\u00e7iminde akt\u0131zincir sesleri geliyordu \u00f6telerdenkaranl\u0131k uluyordu korkun\u00e7tuve [&hellip;]<\/p>\n","protected":false},"author":1,"featured_media":0,"comment_status":"open","ping_status":"open","sticky":false,"template":"","format":"standard","meta":{"footnotes":""},"categories":[21],"tags":[],"class_list":{"0":"post-2513","1":"post","2":"type-post","3":"status-publish","4":"format-standard","6":"category-h-huseyin-korkmazgil"},"yoast_head":"<!-- This site is optimized with the Yoast SEO Premium plugin v24.9 (Yoast SEO v24.9) - https:\/\/yoast.com\/wordpress\/plugins\/seo\/ -->\n<title>PORTRES\u0130 - narteks.net<\/title>\n<meta name=\"robots\" content=\"index, follow, max-snippet:-1, max-image-preview:large, max-video-preview:-1\" \/>\n<link rel=\"canonical\" href=\"https:\/\/narteks.net\/index.php\/2009\/12\/05\/portresi\/\" \/>\n<meta property=\"og:locale\" content=\"tr_TR\" \/>\n<meta property=\"og:type\" content=\"article\" \/>\n<meta property=\"og:title\" content=\"PORTRES\u0130\" \/>\n<meta property=\"og:description\" content=\"\u00a0 tarlaku\u015flar\u0131na inan\u0131rallaha inanmazd\u0131denizi ilk g\u00f6rd\u00fc\u011f\u00fc g\u00fcn\u00f6l\u00fcm \u00f6l\u00fcm diye ba\u011f\u0131r\u0131rd\u0131ve g\u00f6zlerinde maviy\u0131llarca \u00e7alkalan\u0131p durdu bak\u0131nca a\u011fa\u00e7lar inilde\u015firta\u015flar toz olurdu i\u00e7teni\u00e7esular\u0131n ak\u0131\u015f\u0131nda buldu\u011fu neydineden \u0131sl\u0131k \u00e7alard\u0131 r\u00fczgardaneden a\u011flard\u0131 bir dostu vard\u0131 mahpustupas tutmu\u015f y\u0131llary\u0131l\u0131 zinciridilermek bir h\u0131zl\u0131 ya\u015famakt\u0131zamana s\u0131\u011fmamakt\u0131 bunu bilirdibir k\u00f6pe\u011fi vard\u0131 ado do\u00e7tua\u015fks\u0131z geceler gibi karayd\u0131g\u00f6\u011fs\u00fc y\u00fcrek bi\u00e7iminde akt\u0131zincir sesleri geliyordu \u00f6telerdenkaranl\u0131k uluyordu korkun\u00e7tuve [&hellip;]\" \/>\n<meta property=\"og:url\" content=\"https:\/\/narteks.net\/index.php\/2009\/12\/05\/portresi\/\" \/>\n<meta property=\"og:site_name\" content=\"narteks.net\" \/>\n<meta property=\"article:published_time\" content=\"2009-12-05T13:25:41+00:00\" \/>\n<meta property=\"og:image\" content=\"https:\/\/narteks.net\/wp-content\/uploads\/narteks.png\" \/>\n\t<meta property=\"og:image:width\" content=\"300\" \/>\n\t<meta property=\"og:image:height\" content=\"90\" \/>\n\t<meta property=\"og:image:type\" content=\"image\/png\" \/>\n<meta name=\"author\" content=\"Tar\u0131k\" \/>\n<meta name=\"twitter:card\" content=\"summary_large_image\" \/>\n<meta name=\"twitter:creator\" content=\"@narteks\" \/>\n<meta name=\"twitter:site\" content=\"@narteks\" \/>\n<meta name=\"twitter:label1\" content=\"Yazan:\" \/>\n\t<meta name=\"twitter:data1\" content=\"Tar\u0131k\" \/>\n\t<meta name=\"twitter:label2\" content=\"Tahmini okuma s\u00fcresi\" \/>\n\t<meta name=\"twitter:data2\" content=\"1 dakika\" \/>\n<script type=\"application\/ld+json\" class=\"yoast-schema-graph\">{\"@context\":\"https:\/\/schema.org\",\"@graph\":[{\"@type\":\"Article\",\"@id\":\"https:\/\/narteks.net\/index.php\/2009\/12\/05\/portresi\/#article\",\"isPartOf\":{\"@id\":\"https:\/\/narteks.net\/index.php\/2009\/12\/05\/portresi\/\"},\"author\":{\"name\":\"Tar\u0131k\",\"@id\":\"https:\/\/narteks.net\/#\/schema\/person\/61f37d9834294b72d31d274e7ed79bca\"},\"headline\":\"PORTRES\u0130\",\"datePublished\":\"2009-12-05T13:25:41+00:00\",\"mainEntityOfPage\":{\"@id\":\"https:\/\/narteks.net\/index.php\/2009\/12\/05\/portresi\/\"},\"wordCount\":159,\"commentCount\":0,\"publisher\":{\"@id\":\"https:\/\/narteks.net\/#organization\"},\"articleSection\":[\"H.H\u00fcseyin KORKMAZG\u0130L\"],\"inLanguage\":\"tr\",\"potentialAction\":[{\"@type\":\"CommentAction\",\"name\":\"Comment\",\"target\":[\"https:\/\/narteks.net\/index.php\/2009\/12\/05\/portresi\/#respond\"]}]},{\"@type\":\"WebPage\",\"@id\":\"https:\/\/narteks.net\/index.php\/2009\/12\/05\/portresi\/\",\"url\":\"https:\/\/narteks.net\/index.php\/2009\/12\/05\/portresi\/\",\"name\":\"PORTRES\u0130 - narteks.net\",\"isPartOf\":{\"@id\":\"https:\/\/narteks.net\/#website\"},\"datePublished\":\"2009-12-05T13:25:41+00:00\",\"breadcrumb\":{\"@id\":\"https:\/\/narteks.net\/index.php\/2009\/12\/05\/portresi\/#breadcrumb\"},\"inLanguage\":\"tr\",\"potentialAction\":[{\"@type\":\"ReadAction\",\"target\":[\"https:\/\/narteks.net\/index.php\/2009\/12\/05\/portresi\/\"]}]},{\"@type\":\"BreadcrumbList\",\"@id\":\"https:\/\/narteks.net\/index.php\/2009\/12\/05\/portresi\/#breadcrumb\",\"itemListElement\":[{\"@type\":\"ListItem\",\"position\":1,\"name\":\"Anasayfa\",\"item\":\"https:\/\/narteks.net\/\"},{\"@type\":\"ListItem\",\"position\":2,\"name\":\"PORTRES\u0130\"}]},{\"@type\":\"WebSite\",\"@id\":\"https:\/\/narteks.net\/#website\",\"url\":\"https:\/\/narteks.net\/\",\"name\":\"narteks.net\",\"description\":\"K\u00fclt\u00fcr Sanat Edebiyat Felsefe\",\"publisher\":{\"@id\":\"https:\/\/narteks.net\/#organization\"},\"alternateName\":\"K\u00fclt\u00fcr Sanat Edebiyat Felsefe\",\"potentialAction\":[{\"@type\":\"SearchAction\",\"target\":{\"@type\":\"EntryPoint\",\"urlTemplate\":\"https:\/\/narteks.net\/?s={search_term_string}\"},\"query-input\":{\"@type\":\"PropertyValueSpecification\",\"valueRequired\":true,\"valueName\":\"search_term_string\"}}],\"inLanguage\":\"tr\"},{\"@type\":\"Organization\",\"@id\":\"https:\/\/narteks.net\/#organization\",\"name\":\"narteks.net\",\"url\":\"https:\/\/narteks.net\/\",\"logo\":{\"@type\":\"ImageObject\",\"inLanguage\":\"tr\",\"@id\":\"https:\/\/narteks.net\/#\/schema\/logo\/image\/\",\"url\":\"https:\/\/narteks.net\/wp-content\/uploads\/narteks.png\",\"contentUrl\":\"https:\/\/narteks.net\/wp-content\/uploads\/narteks.png\",\"width\":300,\"height\":90,\"caption\":\"narteks.net\"},\"image\":{\"@id\":\"https:\/\/narteks.net\/#\/schema\/logo\/image\/\"},\"sameAs\":[\"https:\/\/x.com\/narteks\",\"https:\/\/instagram.com\/narteksnet\"]},{\"@type\":\"Person\",\"@id\":\"https:\/\/narteks.net\/#\/schema\/person\/61f37d9834294b72d31d274e7ed79bca\",\"name\":\"Tar\u0131k\",\"image\":{\"@type\":\"ImageObject\",\"inLanguage\":\"tr\",\"@id\":\"https:\/\/narteks.net\/#\/schema\/person\/image\/\",\"url\":\"https:\/\/secure.gravatar.com\/avatar\/50865afb55632c4ae467e0af0930f6510aa2297d8014be502a55b14f3b7550cf?s=96&d=mm&r=g\",\"contentUrl\":\"https:\/\/secure.gravatar.com\/avatar\/50865afb55632c4ae467e0af0930f6510aa2297d8014be502a55b14f3b7550cf?s=96&d=mm&r=g\",\"caption\":\"Tar\u0131k\"},\"sameAs\":[\"http:\/\/narteks.net\"],\"url\":\"https:\/\/narteks.net\/index.php\/author\/narbak\/\"}]}<\/script>\n<!-- \/ Yoast SEO Premium plugin. -->","yoast_head_json":{"title":"PORTRES\u0130 - narteks.net","robots":{"index":"index","follow":"follow","max-snippet":"max-snippet:-1","max-image-preview":"max-image-preview:large","max-video-preview":"max-video-preview:-1"},"canonical":"https:\/\/narteks.net\/index.php\/2009\/12\/05\/portresi\/","og_locale":"tr_TR","og_type":"article","og_title":"PORTRES\u0130","og_description":"\u00a0 tarlaku\u015flar\u0131na inan\u0131rallaha inanmazd\u0131denizi ilk g\u00f6rd\u00fc\u011f\u00fc g\u00fcn\u00f6l\u00fcm \u00f6l\u00fcm diye ba\u011f\u0131r\u0131rd\u0131ve g\u00f6zlerinde maviy\u0131llarca \u00e7alkalan\u0131p durdu bak\u0131nca a\u011fa\u00e7lar inilde\u015firta\u015flar toz olurdu i\u00e7teni\u00e7esular\u0131n ak\u0131\u015f\u0131nda buldu\u011fu neydineden \u0131sl\u0131k \u00e7alard\u0131 r\u00fczgardaneden a\u011flard\u0131 bir dostu vard\u0131 mahpustupas tutmu\u015f y\u0131llary\u0131l\u0131 zinciridilermek bir h\u0131zl\u0131 ya\u015famakt\u0131zamana s\u0131\u011fmamakt\u0131 bunu bilirdibir k\u00f6pe\u011fi vard\u0131 ado do\u00e7tua\u015fks\u0131z geceler gibi karayd\u0131g\u00f6\u011fs\u00fc y\u00fcrek bi\u00e7iminde akt\u0131zincir sesleri geliyordu \u00f6telerdenkaranl\u0131k uluyordu korkun\u00e7tuve [&hellip;]","og_url":"https:\/\/narteks.net\/index.php\/2009\/12\/05\/portresi\/","og_site_name":"narteks.net","article_published_time":"2009-12-05T13:25:41+00:00","og_image":[{"width":300,"height":90,"url":"https:\/\/narteks.net\/wp-content\/uploads\/narteks.png","type":"image\/png"}],"author":"Tar\u0131k","twitter_card":"summary_large_image","twitter_creator":"@narteks","twitter_site":"@narteks","twitter_misc":{"Yazan:":"Tar\u0131k","Tahmini okuma s\u00fcresi":"1 dakika"},"schema":{"@context":"https:\/\/schema.org","@graph":[{"@type":"Article","@id":"https:\/\/narteks.net\/index.php\/2009\/12\/05\/portresi\/#article","isPartOf":{"@id":"https:\/\/narteks.net\/index.php\/2009\/12\/05\/portresi\/"},"author":{"name":"Tar\u0131k","@id":"https:\/\/narteks.net\/#\/schema\/person\/61f37d9834294b72d31d274e7ed79bca"},"headline":"PORTRES\u0130","datePublished":"2009-12-05T13:25:41+00:00","mainEntityOfPage":{"@id":"https:\/\/narteks.net\/index.php\/2009\/12\/05\/portresi\/"},"wordCount":159,"commentCount":0,"publisher":{"@id":"https:\/\/narteks.net\/#organization"},"articleSection":["H.H\u00fcseyin KORKMAZG\u0130L"],"inLanguage":"tr","potentialAction":[{"@type":"CommentAction","name":"Comment","target":["https:\/\/narteks.net\/index.php\/2009\/12\/05\/portresi\/#respond"]}]},{"@type":"WebPage","@id":"https:\/\/narteks.net\/index.php\/2009\/12\/05\/portresi\/","url":"https:\/\/narteks.net\/index.php\/2009\/12\/05\/portresi\/","name":"PORTRES\u0130 - narteks.net","isPartOf":{"@id":"https:\/\/narteks.net\/#website"},"datePublished":"2009-12-05T13:25:41+00:00","breadcrumb":{"@id":"https:\/\/narteks.net\/index.php\/2009\/12\/05\/portresi\/#breadcrumb"},"inLanguage":"tr","potentialAction":[{"@type":"ReadAction","target":["https:\/\/narteks.net\/index.php\/2009\/12\/05\/portresi\/"]}]},{"@type":"BreadcrumbList","@id":"https:\/\/narteks.net\/index.php\/2009\/12\/05\/portresi\/#breadcrumb","itemListElement":[{"@type":"ListItem","position":1,"name":"Anasayfa","item":"https:\/\/narteks.net\/"},{"@type":"ListItem","position":2,"name":"PORTRES\u0130"}]},{"@type":"WebSite","@id":"https:\/\/narteks.net\/#website","url":"https:\/\/narteks.net\/","name":"narteks.net","description":"K\u00fclt\u00fcr Sanat Edebiyat Felsefe","publisher":{"@id":"https:\/\/narteks.net\/#organization"},"alternateName":"K\u00fclt\u00fcr Sanat Edebiyat Felsefe","potentialAction":[{"@type":"SearchAction","target":{"@type":"EntryPoint","urlTemplate":"https:\/\/narteks.net\/?s={search_term_string}"},"query-input":{"@type":"PropertyValueSpecification","valueRequired":true,"valueName":"search_term_string"}}],"inLanguage":"tr"},{"@type":"Organization","@id":"https:\/\/narteks.net\/#organization","name":"narteks.net","url":"https:\/\/narteks.net\/","logo":{"@type":"ImageObject","inLanguage":"tr","@id":"https:\/\/narteks.net\/#\/schema\/logo\/image\/","url":"https:\/\/narteks.net\/wp-content\/uploads\/narteks.png","contentUrl":"https:\/\/narteks.net\/wp-content\/uploads\/narteks.png","width":300,"height":90,"caption":"narteks.net"},"image":{"@id":"https:\/\/narteks.net\/#\/schema\/logo\/image\/"},"sameAs":["https:\/\/x.com\/narteks","https:\/\/instagram.com\/narteksnet"]},{"@type":"Person","@id":"https:\/\/narteks.net\/#\/schema\/person\/61f37d9834294b72d31d274e7ed79bca","name":"Tar\u0131k","image":{"@type":"ImageObject","inLanguage":"tr","@id":"https:\/\/narteks.net\/#\/schema\/person\/image\/","url":"https:\/\/secure.gravatar.com\/avatar\/50865afb55632c4ae467e0af0930f6510aa2297d8014be502a55b14f3b7550cf?s=96&d=mm&r=g","contentUrl":"https:\/\/secure.gravatar.com\/avatar\/50865afb55632c4ae467e0af0930f6510aa2297d8014be502a55b14f3b7550cf?s=96&d=mm&r=g","caption":"Tar\u0131k"},"sameAs":["http:\/\/narteks.net"],"url":"https:\/\/narteks.net\/index.php\/author\/narbak\/"}]}},"_links":{"self":[{"href":"https:\/\/narteks.net\/index.php\/wp-json\/wp\/v2\/posts\/2513","targetHints":{"allow":["GET"]}}],"collection":[{"href":"https:\/\/narteks.net\/index.php\/wp-json\/wp\/v2\/posts"}],"about":[{"href":"https:\/\/narteks.net\/index.php\/wp-json\/wp\/v2\/types\/post"}],"author":[{"embeddable":true,"href":"https:\/\/narteks.net\/index.php\/wp-json\/wp\/v2\/users\/1"}],"replies":[{"embeddable":true,"href":"https:\/\/narteks.net\/index.php\/wp-json\/wp\/v2\/comments?post=2513"}],"version-history":[{"count":0,"href":"https:\/\/narteks.net\/index.php\/wp-json\/wp\/v2\/posts\/2513\/revisions"}],"wp:attachment":[{"href":"https:\/\/narteks.net\/index.php\/wp-json\/wp\/v2\/media?parent=2513"}],"wp:term":[{"taxonomy":"category","embeddable":true,"href":"https:\/\/narteks.net\/index.php\/wp-json\/wp\/v2\/categories?post=2513"},{"taxonomy":"post_tag","embeddable":true,"href":"https:\/\/narteks.net\/index.php\/wp-json\/wp\/v2\/tags?post=2513"}],"curies":[{"name":"wp","href":"https:\/\/api.w.org\/{rel}","templated":true}]}}