{"id":2517,"date":"2009-12-05T16:29:39","date_gmt":"2009-12-05T13:29:39","guid":{"rendered":"http:\/\/localhost\/wordpress\/2009\/12\/05\/kerbela-uzak-degil\/"},"modified":"2009-12-05T16:29:39","modified_gmt":"2009-12-05T13:29:39","slug":"kerbela-uzak-degil","status":"publish","type":"post","link":"https:\/\/narteks.net\/index.php\/2009\/12\/05\/kerbela-uzak-degil\/","title":{"rendered":"KERBELA UZAK DE\u011e\u0130L"},"content":{"rendered":"<p>\u00a0<\/p>\n<p>&#8220;p\u00eer sultan&#8217;\u0131m eyd\u00fcr yezitler gamda<br \/>horasan erleri urum&#8217;da \u015fam&#8217;da<br \/>biz de mihman olduk bir ayn-i cemde<br \/>doyup kanamad\u0131k hallerinize<\/p>\n<p>nezaman boynuma gitse elim<br \/> b\u00fcy\u00fcr kerbel\u00e2&#8217;m<br \/>nezaman kana de\u011fse g\u00f6zlerim<br \/> kerbel\u00e2&#8217;da bir ak\u015fam<\/p>\n<p>bir uzun havad\u0131r munzur<br \/> mor bir katar gibi d\u00fcz\u00fcl\u00fcp gider<br \/>saz \u00e7alar ak\u015famlar\u0131 p\u00eer sultan g\u00f6\u00e7menleri<br \/> g\u00f6nl\u00fcm\u00fcn terazisi bozulup gider<br \/>koca f\u0131rat vura vura ba\u015f\u0131n\u0131<br \/>hey f\u0131rat<br \/> f\u0131rat f\u0131rat<br \/>benim anam d\u00f6ve d\u00f6ve d\u00f6\u015f\u00fcn\u00fc<br \/>kerbel\u00e2 uzak de\u011fil<br \/>a\u011flama sen<\/p>\n<p>ben de silah \u00e7att\u0131m munzur eteklerinde<br \/>y\u0131ld\u0131zlara uludum yaln\u0131zl\u0131\u011f\u0131n f\u0131rat\u00e7as\u0131ndan<br \/>g\u00f6zleri nas\u0131l da g\u00f6zlerimdi hoooooy<br \/>a\u011fr\u0131da benden \u00f6te<br \/>bir munzur<br \/>bir f\u0131rat<br \/>ve bir gelincik<br \/> \u00fc\u00e7\u00fc de erzincanl\u0131<br \/> \u00fc\u00e7\u00fc de \u00fc\u00e7g\u00fczeller<br \/> gibi \u015furamda<br \/>ben de kula\u00e7 att\u0131m dedemlik tosba\u011falarla<br \/> k\u0131y\u0131lar\u0131 gelincikli f\u0131rat&#8217;ta<br \/>f\u0131rat f\u0131rat<br \/> hey f\u0131rat<br \/>insan nas\u0131l allahsarm\u0131\u015f g\u00f6rd\u00fcm o yaln\u0131zl\u0131\u011f\u0131<br \/>ya\u015fad\u0131m allahsamay\u0131 b\u00fct\u00fcn boyutlar\u0131yla<br \/>kerbel\u00e2 uzak de\u011fil<br \/>a\u011flama sen<\/p>\n<p>uzak geldim<br \/> seferberlik seferberlik \u00e7\u0131\u011fr\u0131\u015f\u0131r ayaklar\u0131m<br \/>ba\u015f\u0131md\u0131r dola\u015f\u0131r elden ele herg\u00fcn \u015fam&#8217;larda<br \/>y\u00fcre\u011fimdir her seher bir ak g\u00fcvercin<br \/>bu ka\u00e7\u0131nc\u0131 yezit<br \/> dostlar<br \/> bu ka\u00e7\u0131nc\u0131 muharrem<br \/>ben g\u00f6z\u00fcme s\u00fcrme de\u011fil kerbel\u00e2 \u00e7ektim<br \/>a\u011flama sen<br \/>&#8216;a\u011flama g\u00f6zlerim mevl\u00e2 kerimdir&#8217;<br \/>ben bilirim o mevl\u00e2y\u0131<br \/> mevl\u00e2 bizimdir<br \/>taze karpuz kokusu<br \/> bu benim kan\u0131m<br \/>dostlar, y\u00fczleriniz neden b\u00f6yle kuytu g\u00fclleri<br \/> y\u00fczleriniz bir avu\u00e7 su<br \/> a dostlar<br \/>f\u0131rat f\u0131rat<br \/> hey f\u0131rat<br \/>neyleyim ben suyunu<br \/>yang\u0131n\u0131m ka\u00e7 bin f\u0131rat<br \/> \u00e7ilem ka\u00e7 bin cehennem<br \/> herg\u00fcn\u00fcm bir kerbel\u00e2<\/p>\n<p>bak\u0131n hele<br \/> bak\u0131n \u015fu soyukahpelilere<br \/>sabah\u0131n seherini haram etmi\u015fler bana<br \/>kaygulu geceleri vatan etmi\u015fler bana<br \/>f\u0131rat f\u0131rat<br \/> hey f\u0131rat<br \/>f\u0131rat&#8217;\u0131, dost f\u0131rat&#8217;\u0131<br \/> d\u00fc\u015fman etmi\u015fler bana<br \/>nezaman bir ak g\u00fcvercin konsa dal\u0131ma<br \/>ak boynundan kanlar s\u0131zsa boynuma<br \/>nezaman tuza batsam f\u0131rat k\u0131y\u0131lar\u0131nda<br \/> yezitler doldursa ak\u015famlar\u0131m\u0131<br \/>dola\u015f\u0131r kesik ba\u015f\u0131m \u015fam&#8217;larda<br \/>\u00fcrkerim b\u00fcy\u00fck tutsakl\u0131\u011f\u0131mdan<\/p>\n<p>yavrum, mazlum bak\u0131\u015fl\u0131m, niye ak\u015fam\u0131z<br \/>niye b\u00f6yle<br \/> binicisiz at gibi<br \/>g\u00f6\u00e7\u00fcn ucu sapland\u0131 karanl\u0131\u011fa<br \/> g\u00f6\u00e7\u00fcn ard\u0131 g\u00f6r\u00fcn\u00fcrde yok<br \/>kim ge\u00e7mi\u015f bu da\u011flar karga\u015fas\u0131n\u0131<br \/>kar kokmu\u015f g\u00fcne\u015f kokmu\u015f t\u00fcrk\u00fcs\u00fc kimin<br \/> kim d\u00f6k\u00fclm\u00fc\u015f k\u0131z\u0131l\u0131rmak&#8217;lara binlerle<\/p>\n<p>bakar\u0131m biryan\u0131ma<br \/> derim y\u00fcz\u00fcl\u00fcr<br \/>bakar\u0131m biryan\u0131ma<br \/> etim k\u0131y\u0131l\u0131r<br \/>sallan\u0131r ak bedenim ya\u011fmurda ya\u015fta<br \/>urgan\u0131 boynunda dedem g\u00f6r\u00fcn\u00fcr<br \/>tutu\u015fmu\u015f ali kuzular\u0131n\u0131n ak \u00e7ad\u0131rlar\u0131<br \/> a\u015far gelir \u00e7\u0131\u011fl\u0131klar\u0131 anac\u0131klar\u0131n<br \/> ad\u0131m\u0131n arkas\u0131nda<br \/> taptaze yaram g\u00f6r\u00fcn\u00fcr<\/p>\n<p>kerbel\u00e2 a\u015fk\u0131m benim<br \/>umudum \u00f6fkem a\u00e7l\u0131\u011f\u0131m<br \/>kalabal\u0131k yaln\u0131zl\u0131\u011f\u0131m<br \/> \u00e7ocuk safl\u0131\u011f\u0131m benim<br \/>f\u0131rat f\u0131rat<br \/> hey f\u0131rat<br \/>muhanete muhta\u00e7l\u0131\u011f\u0131m<br \/> kerbel\u00e2 benim<\/p>\n<p>onlar hep yezit&#8217;tiler<br \/> ben hep h\u00fcseyin<br \/>onlar \u00e7\u00f6le akar gibi ak\u0131p gittiler<br \/> ben geldim buralara<br \/> f\u0131ratla\u015farak<br \/>kerbel\u00e2 uzak de\u011fil<br \/>kerbel\u00e2 uzak de\u011fil<br \/>ben bilirim bu kavgay\u0131<br \/>a\u011flama sen<\/p>\n<p>Hasan H\u00fcseyin KORKMAZG\u0130L<\/p>\n","protected":false},"excerpt":{"rendered":"<p>\u00a0 &#8220;p\u00eer sultan&#8217;\u0131m eyd\u00fcr yezitler gamdahorasan erleri urum&#8217;da \u015fam&#8217;dabiz de mihman olduk bir ayn-i cemdedoyup kanamad\u0131k hallerinize nezaman boynuma gitse elim b\u00fcy\u00fcr kerbel\u00e2&#8217;mnezaman kana de\u011fse g\u00f6zlerim kerbel\u00e2&#8217;da bir ak\u015fam bir uzun havad\u0131r munzur mor bir katar gibi d\u00fcz\u00fcl\u00fcp gidersaz \u00e7alar ak\u015famlar\u0131 p\u00eer sultan g\u00f6\u00e7menleri g\u00f6nl\u00fcm\u00fcn terazisi bozulup giderkoca f\u0131rat vura vura ba\u015f\u0131n\u0131hey f\u0131rat f\u0131rat f\u0131ratbenim [&hellip;]<\/p>\n","protected":false},"author":1,"featured_media":0,"comment_status":"open","ping_status":"open","sticky":false,"template":"","format":"standard","meta":{"footnotes":""},"categories":[21],"tags":[],"class_list":{"0":"post-2517","1":"post","2":"type-post","3":"status-publish","4":"format-standard","6":"category-h-huseyin-korkmazgil"},"yoast_head":"<!-- This site is optimized with the Yoast SEO Premium plugin v24.9 (Yoast SEO v24.9) - https:\/\/yoast.com\/wordpress\/plugins\/seo\/ -->\n<title>KERBELA UZAK DE\u011e\u0130L - narteks.net<\/title>\n<meta name=\"robots\" content=\"index, follow, max-snippet:-1, max-image-preview:large, max-video-preview:-1\" \/>\n<link rel=\"canonical\" href=\"https:\/\/narteks.net\/index.php\/2009\/12\/05\/kerbela-uzak-degil\/\" \/>\n<meta property=\"og:locale\" content=\"tr_TR\" \/>\n<meta property=\"og:type\" content=\"article\" \/>\n<meta property=\"og:title\" content=\"KERBELA UZAK DE\u011e\u0130L\" \/>\n<meta property=\"og:description\" content=\"\u00a0 &#8220;p\u00eer sultan&#8217;\u0131m eyd\u00fcr yezitler gamdahorasan erleri urum&#8217;da \u015fam&#8217;dabiz de mihman olduk bir ayn-i cemdedoyup kanamad\u0131k hallerinize nezaman boynuma gitse elim b\u00fcy\u00fcr kerbel\u00e2&#8217;mnezaman kana de\u011fse g\u00f6zlerim kerbel\u00e2&#8217;da bir ak\u015fam bir uzun havad\u0131r munzur mor bir katar gibi d\u00fcz\u00fcl\u00fcp gidersaz \u00e7alar ak\u015famlar\u0131 p\u00eer sultan g\u00f6\u00e7menleri g\u00f6nl\u00fcm\u00fcn terazisi bozulup giderkoca f\u0131rat vura vura ba\u015f\u0131n\u0131hey f\u0131rat f\u0131rat f\u0131ratbenim [&hellip;]\" \/>\n<meta property=\"og:url\" content=\"https:\/\/narteks.net\/index.php\/2009\/12\/05\/kerbela-uzak-degil\/\" \/>\n<meta property=\"og:site_name\" content=\"narteks.net\" \/>\n<meta property=\"article:published_time\" content=\"2009-12-05T13:29:39+00:00\" \/>\n<meta property=\"og:image\" content=\"https:\/\/narteks.net\/wp-content\/uploads\/narteks.png\" \/>\n\t<meta property=\"og:image:width\" content=\"300\" \/>\n\t<meta property=\"og:image:height\" content=\"90\" \/>\n\t<meta property=\"og:image:type\" content=\"image\/png\" \/>\n<meta name=\"author\" content=\"Tar\u0131k\" \/>\n<meta name=\"twitter:card\" content=\"summary_large_image\" \/>\n<meta name=\"twitter:creator\" content=\"@narteks\" \/>\n<meta name=\"twitter:site\" content=\"@narteks\" \/>\n<meta name=\"twitter:label1\" content=\"Yazan:\" \/>\n\t<meta name=\"twitter:data1\" content=\"Tar\u0131k\" \/>\n\t<meta name=\"twitter:label2\" content=\"Tahmini okuma s\u00fcresi\" \/>\n\t<meta name=\"twitter:data2\" content=\"3 dakika\" \/>\n<script type=\"application\/ld+json\" class=\"yoast-schema-graph\">{\"@context\":\"https:\/\/schema.org\",\"@graph\":[{\"@type\":\"Article\",\"@id\":\"https:\/\/narteks.net\/index.php\/2009\/12\/05\/kerbela-uzak-degil\/#article\",\"isPartOf\":{\"@id\":\"https:\/\/narteks.net\/index.php\/2009\/12\/05\/kerbela-uzak-degil\/\"},\"author\":{\"name\":\"Tar\u0131k\",\"@id\":\"https:\/\/narteks.net\/#\/schema\/person\/61f37d9834294b72d31d274e7ed79bca\"},\"headline\":\"KERBELA UZAK DE\u011e\u0130L\",\"datePublished\":\"2009-12-05T13:29:39+00:00\",\"mainEntityOfPage\":{\"@id\":\"https:\/\/narteks.net\/index.php\/2009\/12\/05\/kerbela-uzak-degil\/\"},\"wordCount\":523,\"commentCount\":0,\"publisher\":{\"@id\":\"https:\/\/narteks.net\/#organization\"},\"articleSection\":[\"H.H\u00fcseyin KORKMAZG\u0130L\"],\"inLanguage\":\"tr\",\"potentialAction\":[{\"@type\":\"CommentAction\",\"name\":\"Comment\",\"target\":[\"https:\/\/narteks.net\/index.php\/2009\/12\/05\/kerbela-uzak-degil\/#respond\"]}]},{\"@type\":\"WebPage\",\"@id\":\"https:\/\/narteks.net\/index.php\/2009\/12\/05\/kerbela-uzak-degil\/\",\"url\":\"https:\/\/narteks.net\/index.php\/2009\/12\/05\/kerbela-uzak-degil\/\",\"name\":\"KERBELA UZAK DE\u011e\u0130L - narteks.net\",\"isPartOf\":{\"@id\":\"https:\/\/narteks.net\/#website\"},\"datePublished\":\"2009-12-05T13:29:39+00:00\",\"breadcrumb\":{\"@id\":\"https:\/\/narteks.net\/index.php\/2009\/12\/05\/kerbela-uzak-degil\/#breadcrumb\"},\"inLanguage\":\"tr\",\"potentialAction\":[{\"@type\":\"ReadAction\",\"target\":[\"https:\/\/narteks.net\/index.php\/2009\/12\/05\/kerbela-uzak-degil\/\"]}]},{\"@type\":\"BreadcrumbList\",\"@id\":\"https:\/\/narteks.net\/index.php\/2009\/12\/05\/kerbela-uzak-degil\/#breadcrumb\",\"itemListElement\":[{\"@type\":\"ListItem\",\"position\":1,\"name\":\"Anasayfa\",\"item\":\"https:\/\/narteks.net\/\"},{\"@type\":\"ListItem\",\"position\":2,\"name\":\"KERBELA UZAK DE\u011e\u0130L\"}]},{\"@type\":\"WebSite\",\"@id\":\"https:\/\/narteks.net\/#website\",\"url\":\"https:\/\/narteks.net\/\",\"name\":\"narteks.net\",\"description\":\"K\u00fclt\u00fcr Sanat Edebiyat Felsefe\",\"publisher\":{\"@id\":\"https:\/\/narteks.net\/#organization\"},\"alternateName\":\"K\u00fclt\u00fcr Sanat Edebiyat Felsefe\",\"potentialAction\":[{\"@type\":\"SearchAction\",\"target\":{\"@type\":\"EntryPoint\",\"urlTemplate\":\"https:\/\/narteks.net\/?s={search_term_string}\"},\"query-input\":{\"@type\":\"PropertyValueSpecification\",\"valueRequired\":true,\"valueName\":\"search_term_string\"}}],\"inLanguage\":\"tr\"},{\"@type\":\"Organization\",\"@id\":\"https:\/\/narteks.net\/#organization\",\"name\":\"narteks.net\",\"url\":\"https:\/\/narteks.net\/\",\"logo\":{\"@type\":\"ImageObject\",\"inLanguage\":\"tr\",\"@id\":\"https:\/\/narteks.net\/#\/schema\/logo\/image\/\",\"url\":\"https:\/\/narteks.net\/wp-content\/uploads\/narteks.png\",\"contentUrl\":\"https:\/\/narteks.net\/wp-content\/uploads\/narteks.png\",\"width\":300,\"height\":90,\"caption\":\"narteks.net\"},\"image\":{\"@id\":\"https:\/\/narteks.net\/#\/schema\/logo\/image\/\"},\"sameAs\":[\"https:\/\/x.com\/narteks\",\"https:\/\/instagram.com\/narteksnet\"]},{\"@type\":\"Person\",\"@id\":\"https:\/\/narteks.net\/#\/schema\/person\/61f37d9834294b72d31d274e7ed79bca\",\"name\":\"Tar\u0131k\",\"image\":{\"@type\":\"ImageObject\",\"inLanguage\":\"tr\",\"@id\":\"https:\/\/narteks.net\/#\/schema\/person\/image\/\",\"url\":\"https:\/\/secure.gravatar.com\/avatar\/50865afb55632c4ae467e0af0930f6510aa2297d8014be502a55b14f3b7550cf?s=96&d=mm&r=g\",\"contentUrl\":\"https:\/\/secure.gravatar.com\/avatar\/50865afb55632c4ae467e0af0930f6510aa2297d8014be502a55b14f3b7550cf?s=96&d=mm&r=g\",\"caption\":\"Tar\u0131k\"},\"sameAs\":[\"http:\/\/narteks.net\"],\"url\":\"https:\/\/narteks.net\/index.php\/author\/narbak\/\"}]}<\/script>\n<!-- \/ Yoast SEO Premium plugin. -->","yoast_head_json":{"title":"KERBELA UZAK DE\u011e\u0130L - narteks.net","robots":{"index":"index","follow":"follow","max-snippet":"max-snippet:-1","max-image-preview":"max-image-preview:large","max-video-preview":"max-video-preview:-1"},"canonical":"https:\/\/narteks.net\/index.php\/2009\/12\/05\/kerbela-uzak-degil\/","og_locale":"tr_TR","og_type":"article","og_title":"KERBELA UZAK DE\u011e\u0130L","og_description":"\u00a0 &#8220;p\u00eer sultan&#8217;\u0131m eyd\u00fcr yezitler gamdahorasan erleri urum&#8217;da \u015fam&#8217;dabiz de mihman olduk bir ayn-i cemdedoyup kanamad\u0131k hallerinize nezaman boynuma gitse elim b\u00fcy\u00fcr kerbel\u00e2&#8217;mnezaman kana de\u011fse g\u00f6zlerim kerbel\u00e2&#8217;da bir ak\u015fam bir uzun havad\u0131r munzur mor bir katar gibi d\u00fcz\u00fcl\u00fcp gidersaz \u00e7alar ak\u015famlar\u0131 p\u00eer sultan g\u00f6\u00e7menleri g\u00f6nl\u00fcm\u00fcn terazisi bozulup giderkoca f\u0131rat vura vura ba\u015f\u0131n\u0131hey f\u0131rat f\u0131rat f\u0131ratbenim [&hellip;]","og_url":"https:\/\/narteks.net\/index.php\/2009\/12\/05\/kerbela-uzak-degil\/","og_site_name":"narteks.net","article_published_time":"2009-12-05T13:29:39+00:00","og_image":[{"width":300,"height":90,"url":"https:\/\/narteks.net\/wp-content\/uploads\/narteks.png","type":"image\/png"}],"author":"Tar\u0131k","twitter_card":"summary_large_image","twitter_creator":"@narteks","twitter_site":"@narteks","twitter_misc":{"Yazan:":"Tar\u0131k","Tahmini okuma s\u00fcresi":"3 dakika"},"schema":{"@context":"https:\/\/schema.org","@graph":[{"@type":"Article","@id":"https:\/\/narteks.net\/index.php\/2009\/12\/05\/kerbela-uzak-degil\/#article","isPartOf":{"@id":"https:\/\/narteks.net\/index.php\/2009\/12\/05\/kerbela-uzak-degil\/"},"author":{"name":"Tar\u0131k","@id":"https:\/\/narteks.net\/#\/schema\/person\/61f37d9834294b72d31d274e7ed79bca"},"headline":"KERBELA UZAK DE\u011e\u0130L","datePublished":"2009-12-05T13:29:39+00:00","mainEntityOfPage":{"@id":"https:\/\/narteks.net\/index.php\/2009\/12\/05\/kerbela-uzak-degil\/"},"wordCount":523,"commentCount":0,"publisher":{"@id":"https:\/\/narteks.net\/#organization"},"articleSection":["H.H\u00fcseyin KORKMAZG\u0130L"],"inLanguage":"tr","potentialAction":[{"@type":"CommentAction","name":"Comment","target":["https:\/\/narteks.net\/index.php\/2009\/12\/05\/kerbela-uzak-degil\/#respond"]}]},{"@type":"WebPage","@id":"https:\/\/narteks.net\/index.php\/2009\/12\/05\/kerbela-uzak-degil\/","url":"https:\/\/narteks.net\/index.php\/2009\/12\/05\/kerbela-uzak-degil\/","name":"KERBELA UZAK DE\u011e\u0130L - narteks.net","isPartOf":{"@id":"https:\/\/narteks.net\/#website"},"datePublished":"2009-12-05T13:29:39+00:00","breadcrumb":{"@id":"https:\/\/narteks.net\/index.php\/2009\/12\/05\/kerbela-uzak-degil\/#breadcrumb"},"inLanguage":"tr","potentialAction":[{"@type":"ReadAction","target":["https:\/\/narteks.net\/index.php\/2009\/12\/05\/kerbela-uzak-degil\/"]}]},{"@type":"BreadcrumbList","@id":"https:\/\/narteks.net\/index.php\/2009\/12\/05\/kerbela-uzak-degil\/#breadcrumb","itemListElement":[{"@type":"ListItem","position":1,"name":"Anasayfa","item":"https:\/\/narteks.net\/"},{"@type":"ListItem","position":2,"name":"KERBELA UZAK DE\u011e\u0130L"}]},{"@type":"WebSite","@id":"https:\/\/narteks.net\/#website","url":"https:\/\/narteks.net\/","name":"narteks.net","description":"K\u00fclt\u00fcr Sanat Edebiyat Felsefe","publisher":{"@id":"https:\/\/narteks.net\/#organization"},"alternateName":"K\u00fclt\u00fcr Sanat Edebiyat Felsefe","potentialAction":[{"@type":"SearchAction","target":{"@type":"EntryPoint","urlTemplate":"https:\/\/narteks.net\/?s={search_term_string}"},"query-input":{"@type":"PropertyValueSpecification","valueRequired":true,"valueName":"search_term_string"}}],"inLanguage":"tr"},{"@type":"Organization","@id":"https:\/\/narteks.net\/#organization","name":"narteks.net","url":"https:\/\/narteks.net\/","logo":{"@type":"ImageObject","inLanguage":"tr","@id":"https:\/\/narteks.net\/#\/schema\/logo\/image\/","url":"https:\/\/narteks.net\/wp-content\/uploads\/narteks.png","contentUrl":"https:\/\/narteks.net\/wp-content\/uploads\/narteks.png","width":300,"height":90,"caption":"narteks.net"},"image":{"@id":"https:\/\/narteks.net\/#\/schema\/logo\/image\/"},"sameAs":["https:\/\/x.com\/narteks","https:\/\/instagram.com\/narteksnet"]},{"@type":"Person","@id":"https:\/\/narteks.net\/#\/schema\/person\/61f37d9834294b72d31d274e7ed79bca","name":"Tar\u0131k","image":{"@type":"ImageObject","inLanguage":"tr","@id":"https:\/\/narteks.net\/#\/schema\/person\/image\/","url":"https:\/\/secure.gravatar.com\/avatar\/50865afb55632c4ae467e0af0930f6510aa2297d8014be502a55b14f3b7550cf?s=96&d=mm&r=g","contentUrl":"https:\/\/secure.gravatar.com\/avatar\/50865afb55632c4ae467e0af0930f6510aa2297d8014be502a55b14f3b7550cf?s=96&d=mm&r=g","caption":"Tar\u0131k"},"sameAs":["http:\/\/narteks.net"],"url":"https:\/\/narteks.net\/index.php\/author\/narbak\/"}]}},"_links":{"self":[{"href":"https:\/\/narteks.net\/index.php\/wp-json\/wp\/v2\/posts\/2517","targetHints":{"allow":["GET"]}}],"collection":[{"href":"https:\/\/narteks.net\/index.php\/wp-json\/wp\/v2\/posts"}],"about":[{"href":"https:\/\/narteks.net\/index.php\/wp-json\/wp\/v2\/types\/post"}],"author":[{"embeddable":true,"href":"https:\/\/narteks.net\/index.php\/wp-json\/wp\/v2\/users\/1"}],"replies":[{"embeddable":true,"href":"https:\/\/narteks.net\/index.php\/wp-json\/wp\/v2\/comments?post=2517"}],"version-history":[{"count":0,"href":"https:\/\/narteks.net\/index.php\/wp-json\/wp\/v2\/posts\/2517\/revisions"}],"wp:attachment":[{"href":"https:\/\/narteks.net\/index.php\/wp-json\/wp\/v2\/media?parent=2517"}],"wp:term":[{"taxonomy":"category","embeddable":true,"href":"https:\/\/narteks.net\/index.php\/wp-json\/wp\/v2\/categories?post=2517"},{"taxonomy":"post_tag","embeddable":true,"href":"https:\/\/narteks.net\/index.php\/wp-json\/wp\/v2\/tags?post=2517"}],"curies":[{"name":"wp","href":"https:\/\/api.w.org\/{rel}","templated":true}]}}