{"id":252,"date":"2009-02-27T22:27:06","date_gmt":"2009-02-27T19:27:06","guid":{"rendered":"http:\/\/localhost\/wordpress\/2009\/02\/27\/abdal-musa-sultan-biyografisi-ve-eserleri\/"},"modified":"2009-02-27T22:27:06","modified_gmt":"2009-02-27T19:27:06","slug":"abdal-musa-sultan-biyografisi-ve-eserleri","status":"publish","type":"post","link":"https:\/\/narteks.net\/index.php\/2009\/02\/27\/abdal-musa-sultan-biyografisi-ve-eserleri\/","title":{"rendered":"Abdal Musa Sultan Biyografisi ve Eserleri"},"content":{"rendered":"<p style=\"text-align: justify;\"><img loading=\"lazy\" decoding=\"async\" src=\"http:\/\/www.psakd.org\/resim\/abdalmusa07.jpg\" border=\"0\" width=\"155\" height=\"205\" style=\"float: left;\" \/>ABDAL MUSA SULTAN<\/p>\n<p><em>Horasan&#8217;dan Rum&#8217;a zuhur eyleyen<br \/>Pirim Hac\u0131 Bekta\u015f Veli de\u011fil mi<br \/>Binip cans\u0131z duvarlar\u0131 y\u00fcr\u00fcten<br \/>Pirim Hac\u0131 Bekta\u015f Veli de\u011fil mi?<\/em><\/p>\n<p>Anadolu&#8217;nun \u00fcnl\u00fc erenlerinden ve ermi\u015flerinden olan Abdal Musa Sultan, ayn\u0131 zamanda \u00fcnl\u00fc bir ozan ve d\u00fc\u015f\u00fcn\u00fcrd\u00fcr. Aslen Horasan&#8217;l\u0131 d\u0131r. Azerbaycan&#8217;\u0131n Hoy kasabas\u0131na gelmi\u015f ve bir s\u00fcre orada ya\u015fam\u0131\u015f oldu\u011fundan, &#8220;Hoylu&#8221; olarak tan\u0131nm\u0131\u015ft\u0131r. Hac\u0131 Bekta\u015f Veli&#8217;nin amcas\u0131 Haydar Ata&#8217;n\u0131n o\u011flu, Hasan Gazi&#8217;nin o\u011fludur. Kaygusuz Abdal Menk\u0131besine g\u00f6re &#8220;K\u00f6sre Musa&#8221; ad\u0131yla da an\u0131l\u0131r.<\/p>\n<p>Abdal Musa Sultan, Horasan Erenlerinden ve Hz. Peygamber soyundand\u0131r. 14. yy. da ya\u015fad\u0131\u011f\u0131 ve Osmanl\u0131lar\u0131n Bursa&#8217;y\u0131 fethi y\u0131llar\u0131nda Orhan Bey&#8217;in askerleriyle sava\u015flara kat\u0131ld\u0131\u011f\u0131 ve b\u00fcy\u00fck yararl\u0131klar g\u00f6sterdi\u011fi tarihi kaynaklarda yaz\u0131l\u0131d\u0131r. Hac\u0131 Bekta\u015f Veli&#8217;nin \u00f6nde gelen halifelerindendir. Payesi sultanl\u0131k, mertebesi &#8220;Abdall\u0131k&#8221;. Pir evindeki hizmet postu ise, &#8220;Ayak\u00e7\u0131 Postu&#8221;dur. Bu post Bekta\u015fi tarikat\u0131ndaki on iki posttan on birincisi olup, di\u011fer ad\u0131 &#8221;Abdal Musa Sultan Postu&#8221;dur. Ayak\u00e7\u0131l\u0131k, Abdall\u0131k mertebesidir.<\/p>\n<p>Elmal\u0131, Tekke k\u00f6y\u00fcndeki dergah\u0131, ilk Bekta\u015filerin d\u00f6rt b\u00fcy\u00fck &#8220;Asitanei Bekta\u015fiyan&#8221; dan biridir. Ancak, Anadolu&#8217;nun inan\u00e7 co\u011frafyas\u0131nda se\u00e7kin bir yeri, etkin bir g\u00fcc\u00fc olan Abdal Musa Sultan ad\u0131na daha bir \u00e7ok yerde makam ve mezarlar yap\u0131lm\u0131\u015ft\u0131r. Bir \u00e7ok yazar ve ara\u015ft\u0131rmac\u0131, bu b\u00fcy\u00fck sava\u015f\u00e7\u0131 ve d\u00fc\u015f\u00fcn\u00fcr\u00fc konu alan ara\u015ft\u0131rmalar yapm\u0131\u015flard\u0131r. Baz\u0131lar\u0131na g\u00f6re, Abdal Musa Sultan; Bursa&#8217;n\u0131n fethine kat\u0131ld\u0131ktan sonra Manisa, Ayd\u0131n ve Denizli y\u00f6resinde bulunmu\u015f, daha sonra da T\u00fcrkmen ve y\u00f6r\u00fcklerin yo\u011fun bulundu\u011fu Elmal\u0131 y\u00f6resinde tekkesini kurmu\u015ftur. Ayr\u0131ca Denizli&#8217;de yatan &#8220;B\u00fcy\u00fck Yata\u011fan Baba&#8221;dan esinlendi\u011fini de belirtmi\u015flerdir.<\/p>\n<p>Abdal Musa Sultan, Elmal\u0131 y\u00f4resinde kurdu\u011fu tekkesinde say\u0131s\u0131z ki\u015filer ir\u015fad etmi\u015f (uyarm\u0131\u015f) ve bunlar aras\u0131nda b\u00fcy\u00fck ozanlar yeti\u015fmi\u015ftir. Bunlar\u0131n en \u00fcnl\u00fcs\u00fc de, Alevi-Bekta\u015fi edebiyat\u0131n abidelerinden say\u0131lan Kaygusuz Abdal&#8217;d\u0131r.<\/p>\n<p>Ancak, onunla ilgili olarak Abdal Musa Sultan Velayetnamesi&#8217;nde konu edilen s\u00f6ylenceyi yeri gelmi\u015fken aktarmadan ge\u00e7meyelim:<\/p>\n<p>&#8221;Alaiye reyinin o\u011flu Gaybi, Abdal Musa&#8217;ya dervi\u015f olup, Kaygusuz ad\u0131n\u0131 al\u0131nca, babas\u0131 o\u011flunu kurtarmak ister. Tekke Beyi&#8217;nin yard\u0131m\u0131n\u0131 talep eder. Tekke Beyi&#8217;de K\u0131la\u011f\u0131l\u0131 \u0130sa adl\u0131 pehlivan yi\u011fidini Abdal Musa&#8217;n\u0131n tekkesine yollar. \u0130sa, dergaha var\u0131r ve kap\u0131ya gelince: \u00c7a\u011f\u0131r\u0131n bana Abdal Musa&#8217;y\u0131 diye g\u00fcrler. Ancak, at\u0131 \u00fcrker ve \u0130sa&#8217;y\u0131 s\u0131rt\u0131ndan atar, s\u00fcr\u00fckleyerek par\u00e7alar.<\/p>\n<p>Tekke beyi bu olaya \u00e7ok sinirlenir ve ordusuyla harekete ge\u00e7er. Abdal Musa Sultan&#8217;\u0131 yakmak \u00f6bek \u00f6bek odunlar y\u0131\u011f\u0131l\u0131r. Ate\u015fler tutu\u015fturulur. Abdal Musa Sultan&#8217;da \u00fc\u00e7 y\u00fcz kadar m\u00fcridi ile semah ederek yola koyulur&#8230;<\/p>\n<p>Bu \u00f6yle bir geli\u015f ki, onlarla birlikte da\u011flar, a\u011fa\u00e7lar, kayalar da beraber y\u00fcr\u00fcr Dervi\u015fler bir g\u00fclbank \u00e7ekip ate\u015fe girer. Ate\u015f onlar\u0131 yakmaz, onlar ate\u015fi s\u00f6nd\u00fcr\u00fcrler.<\/p>\n<p>Bu manzaray\u0131 g\u00f6ren Kaygusuz&#8217;un babas\u0131, dunuma hayranl\u0131kla bakar Abdal Musa&#8217;n\u0131n ellerini \u00f6per ve geriye d\u00f6ner. Kaygusuz bu dergahta k\u0131rk y\u0131l hizmet eder&#8230;&#8221;<\/p>\n<p>Abdal Musa Sultan&#8217;\u0131n kerametleri, kendi ad\u0131 verilen Velayetname&#8217;de anlat\u0131l\u0131r. Abdal Musa Sultan Velayetnamesi, g\u00fcn\u00fcm\u00fcz T\u00fcrk\u00e7esi ile Ali Adil Atalay taraf\u0131ndan be\u015finci kez olarak yay\u0131nlanm\u0131\u015ft\u0131r. kerametlerinden biri de \u015f\u00f6yle: &#8220;Abdal Musa Sultan, bir pamuk i\u00e7ine kor halinde bir ate\u015f par\u00e7as\u0131n\u0131 m\u00fcridlerinden biriyle, Geyikli Baba&#8217;ya g\u00f6nderir. Geyikli baba da, ona bir bakra\u00e7 i\u00e7inde geyik s\u00fct\u00fc g\u00f6nderir. Bu kerametin, yorumu da, &#8220;hayvanat\u0131 iradesine ba\u011flamak, bitkilere h\u00fckmetmekten zordur&#8221; \u015feklindedir.<\/p>\n<p>\u015eair, d\u00fc\u015f\u00fcn\u00fcr, Horasan ereni Abdal Musa Sultan&#8217;\u0131n keramet ve erdemleri yedi y\u00fczy\u0131ldan bu yana dillerde s\u00f6ylenir durur. Antalya, Elmal\u0131 il\u00e7esine ba\u011fl\u0131 Tekke k\u00f6y\u00fcndeki t\u00fcrbesi, 14. yy.&#8217;da Sel\u00e7uklu mimarisi \u00f6rne\u011finde yap\u0131lm\u0131\u015ft\u0131r. Tekke hakk\u0131nda en \u00f6nemli bilgiyi 17 yy. da buray\u0131 ziyaret eden \u00fcnl\u00fc gezgin Evliya \u00c7elebi, Seyahatnamesinde vermi\u015ftir. Bu bilgilere g\u00f6re tekkenin kubbesindeki alt\u0131n alem, be\u015f saatlik yerden g\u00f6r\u00fcl\u00fcyormu\u015f. Abdal Musa Sultan sandukas\u0131 ba\u015f ucunda seyyid oldu\u011funu g\u00f6steren ye\u015fil imamesi durur. Tekkenin etraf\u0131nda ba\u011f ve bah\u00e7eler uzan\u0131r, Misafirhaneler, kiler, mutfak meydanlar gibi bir \u00e7ok ek binalar varm\u0131\u015f. Mutfakta k\u0131rk dervi\u015f hizmet eder. Meydan\u0131n d\u0131\u015f\u0131nda ayr\u0131ca b\u00fcy\u00fck bir misafirhane bulunur ki, \u00fcst\u00fc konak, alt\u0131 ise iki y\u00fcz at alacak kadar b\u00fcy\u00fck bir ah\u0131rd\u0131r. Misafir hi\u00e7 eksik olmaz.<\/p>\n<p>Tekke yap\u0131ld\u0131\u011f\u0131 g\u00fcnden beri mutfa\u011f\u0131nda hi\u00e7 ate\u015f s\u00f6nmemi\u015ftir. Tekkenin \u00e7ok zengin vak\u0131flar\u0131 vard\u0131r. On binden fazla koyunu, bin camuzu, binlerce devesi ve kat\u0131n, yedi de\u011firmeni ve daha bir\u00e7ok varl\u0131\u011f\u0131 ile \u00fc\u00e7 y\u00fcz elli y\u0131l \u00f6nceki Abdal Musa Sultan tekkesinin \u00e7ok b\u00fcy\u00fck zenginliklere sahip bir kurum oldu\u011funu belirtiyor. Evliya \u00c7elebi&#8230;<\/p>\n<p>Yeni\u00e7eri Oca\u011f\u0131&#8217;n\u0131n kald\u0131r\u0131lmas\u0131ndan sonra da\u011f\u0131t\u0131lan tekkeler aras\u0131nda Abdal Musa Sultan tekkesi de nasibini alm\u0131\u015ft\u0131r. 1242 (1829)&#8217;da h\u00fck\u00fcmet\u00e7e g\u00f6nderilen memurlar taraf\u0131ndan, dergahta mevcut b\u00fct\u00fcn e\u015fyalar ve binlerce canl\u0131 hayvan sat\u0131l\u0131p defteri \u0130stanbul&#8217;a g\u00f6nderilmi\u015ftir. Bu hal tekkelerin 1925&#8217;de kapanmas\u0131na kadar ya\u015fanm\u0131\u015ft\u0131r.<\/p>\n<p>De\u011fi\u015fik d\u00f6nemlerde onar\u0131m g\u00f6ren Tekke, zaman i\u00e7inde y\u0131k\u0131lm\u0131\u015f, g\u00fcn\u00fcm\u00fczde ise sadece Abdal Musa Sultan t\u00fcrbesi kalm\u0131\u015ft\u0131r. T\u00fcrbede, Abdal Musa, annesi, babas\u0131, k\u0131z karde\u015fi ile Kaygusuz Abdal&#8217;\u0131n kabirleri vard\u0131r.<\/p>\n<p>Tekke&#8217;nin giri\u015f kap\u0131s\u0131ndaki kitabe yaz\u0131s\u0131n\u0131n bir beyt&#8217;ini a\u015fa\u011f\u0131ya al\u0131yoruz:<\/p>\n<p>Edeble k\u0131l ziyaret bir makaam-\u0131 ali\u015fand\u0131r bu<br \/>F\u00fcyuz&#8217;u Hakk&#8217;a menba asitan-\u0131 a\u015fikaand\u0131r bu.<\/p>\n<p>\u00d6nce de belirtildi\u011fi gibi; Aleyi-Bekta\u015fi \u015fiirine &#8221;nefes&#8221;ad\u0131 verilir. Alevi-Bekta\u015fi \u015fiiri de, genellikle Yunus Emre&#8217;nin \u015fiirinden etkilenmi\u015ftir. Bu \u015fiir, daha sonra Abdal Musa ile y\u00f6n\u00fcn\u00fc \u00e7izmi\u015f ve Kaygusuz Abdal&#8217;la beslenerek doru\u011funa eri\u015fmi\u015ftir. Abdal Musa&#8217;n\u0131n g\u00fcn\u00fcm\u00fcze kadar gelen \u015fiirleri \u00e7ok azd\u0131r. Ancak az da olsa, bu \u015fiirler, Alevi-Bekta\u015fi edebiyat\u0131n\u0131n se\u00e7kin \u00f6rnekleri say\u0131l\u0131r. Bu \u015fiirlerle Alevi-Bekta\u015fi edebiyat\u0131 kesin anlam kazanm\u0131\u015ft\u0131r.<\/p>\n<p><strong>Eserlerinden \u00d6rnek:<\/strong><\/p>\n<p>Kim ne bil\u00fcr bizi nice soydanuz<br \/>Ne zerre ottan ne hod sudanuz<\/p>\n<p>Bizim meftunumuz marifet s\u00f6yler<br \/>Biz Horasan m\u00fclk\u00fcndeki baydanuz<\/p>\n<p>Yedi deniz bizim ke\u015fk\u00fcl\u00fcm\u00fczde<br \/>Hacem umman ise biz de g\u00f6lden\u00fcz<\/p>\n<p>H\u0131z\u0131r \u0130lyas bizim yolda\u015f\u0131m\u0131zd\u0131r<br \/>Ne zerrece G\u00fcnden ne de Aydanuz<\/p>\n<p>Yedi tamu bize nevbehar oldu<br \/>Sekiz u\u00e7mak i\u00e7indeki k\u00f6yden\u00fcz<\/p>\n<p>Bizim zahm\u0131m\u0131za merhem bulunmaz<br \/>Biz kudret okuna gizli yaydanuz<\/p>\n<p>Turda Musa durup m\u00fcnacat eyler<br \/>Neslimizi sorarsan\u0131z &#8221;Hoy&#8221; danuz<\/p>\n<p>Ali geldi ad\u0131m bahane<br \/>G\u00fcvercin donunda kondum cihana<\/p>\n<p>Abdal Musa oldum geldim zemana<br \/>Arif anlar bizi nice s\u0131rdanuz.<\/p>\n<p style=\"text-align: justify;\">\u00a0<\/p>\n<p style=\"text-align: justify;\">***<\/p>\n<p style=\"text-align: justify;\">Horasan&#8217;dan Rum&#8217;a zuhur eyleyen<br \/>Pirim Hac\u0131 Bekta\u015f Veli de\u011fil mi<br \/>Binip cans\u0131z duvarlar\u0131 y\u00fcr\u00fcten<br \/>Pirim Hac\u0131 Bekta\u015f Veli de\u011fil mi?<\/p>\n<p>Doksan alt\u0131 bin Horasan Pirleri<br \/>Elli yedi bin de Rum erenleri<br \/>C\u00fcmlesinin serviraz\u0131 serveri<br \/>Pirim Hac\u0131 Bekta\u015f Veli de\u011fil mi?<\/p>\n<p>Bal\u0131m Sultan arkada\u015f\u0131, yolda\u015f\u0131<br \/>K\u0131z\u0131ldeli Sultan d\u00fcr\u00fcr hem e\u015fi<br \/>Abdal Musa Sultan dersen ne ki\u015fi<br \/>Pirim Hac\u0131 Bekta\u015f Veli de\u011fil mi?<\/p>\n","protected":false},"excerpt":{"rendered":"<p>ABDAL MUSA SULTAN Horasan&#8217;dan Rum&#8217;a zuhur eyleyenPirim Hac\u0131 Bekta\u015f Veli de\u011fil miBinip cans\u0131z duvarlar\u0131 y\u00fcr\u00fctenPirim Hac\u0131 Bekta\u015f Veli de\u011fil mi? Anadolu&#8217;nun \u00fcnl\u00fc erenlerinden ve ermi\u015flerinden olan Abdal Musa Sultan, ayn\u0131 zamanda \u00fcnl\u00fc bir ozan ve d\u00fc\u015f\u00fcn\u00fcrd\u00fcr. Aslen Horasan&#8217;l\u0131 d\u0131r. Azerbaycan&#8217;\u0131n Hoy kasabas\u0131na gelmi\u015f ve bir s\u00fcre orada ya\u015fam\u0131\u015f oldu\u011fundan, &#8220;Hoylu&#8221; olarak tan\u0131nm\u0131\u015ft\u0131r. Hac\u0131 Bekta\u015f Veli&#8217;nin [&hellip;]<\/p>\n","protected":false},"author":1,"featured_media":0,"comment_status":"open","ping_status":"open","sticky":false,"template":"","format":"standard","meta":{"footnotes":""},"categories":[172],"tags":[],"class_list":{"0":"post-252","1":"post","2":"type-post","3":"status-publish","4":"format-standard","6":"category-ozanlar-ve-eserleri"},"yoast_head":"<!-- This site is optimized with the Yoast SEO Premium plugin v24.9 (Yoast SEO v24.9) - https:\/\/yoast.com\/wordpress\/plugins\/seo\/ -->\n<title>Abdal Musa Sultan Biyografisi ve Eserleri - narteks.net<\/title>\n<meta name=\"robots\" content=\"index, follow, max-snippet:-1, max-image-preview:large, max-video-preview:-1\" \/>\n<link rel=\"canonical\" href=\"https:\/\/narteks.net\/index.php\/2009\/02\/27\/abdal-musa-sultan-biyografisi-ve-eserleri\/\" \/>\n<meta property=\"og:locale\" content=\"tr_TR\" \/>\n<meta property=\"og:type\" content=\"article\" \/>\n<meta property=\"og:title\" content=\"Abdal Musa Sultan Biyografisi ve Eserleri\" \/>\n<meta property=\"og:description\" content=\"ABDAL MUSA SULTAN Horasan&#8217;dan Rum&#8217;a zuhur eyleyenPirim Hac\u0131 Bekta\u015f Veli de\u011fil miBinip cans\u0131z duvarlar\u0131 y\u00fcr\u00fctenPirim Hac\u0131 Bekta\u015f Veli de\u011fil mi? Anadolu&#8217;nun \u00fcnl\u00fc erenlerinden ve ermi\u015flerinden olan Abdal Musa Sultan, ayn\u0131 zamanda \u00fcnl\u00fc bir ozan ve d\u00fc\u015f\u00fcn\u00fcrd\u00fcr. Aslen Horasan&#8217;l\u0131 d\u0131r. Azerbaycan&#8217;\u0131n Hoy kasabas\u0131na gelmi\u015f ve bir s\u00fcre orada ya\u015fam\u0131\u015f oldu\u011fundan, &#8220;Hoylu&#8221; olarak tan\u0131nm\u0131\u015ft\u0131r. Hac\u0131 Bekta\u015f Veli&#8217;nin [&hellip;]\" \/>\n<meta property=\"og:url\" content=\"https:\/\/narteks.net\/index.php\/2009\/02\/27\/abdal-musa-sultan-biyografisi-ve-eserleri\/\" \/>\n<meta property=\"og:site_name\" content=\"narteks.net\" \/>\n<meta property=\"article:published_time\" content=\"2009-02-27T19:27:06+00:00\" \/>\n<meta property=\"og:image\" content=\"http:\/\/www.psakd.org\/resim\/abdalmusa07.jpg\" \/>\n<meta name=\"author\" content=\"Tar\u0131k\" \/>\n<meta name=\"twitter:card\" content=\"summary_large_image\" \/>\n<meta name=\"twitter:creator\" content=\"@narteks\" \/>\n<meta name=\"twitter:site\" content=\"@narteks\" \/>\n<meta name=\"twitter:label1\" content=\"Yazan:\" \/>\n\t<meta name=\"twitter:data1\" content=\"Tar\u0131k\" \/>\n\t<meta name=\"twitter:label2\" content=\"Tahmini okuma s\u00fcresi\" \/>\n\t<meta name=\"twitter:data2\" content=\"6 dakika\" \/>\n<script type=\"application\/ld+json\" class=\"yoast-schema-graph\">{\"@context\":\"https:\/\/schema.org\",\"@graph\":[{\"@type\":\"Article\",\"@id\":\"https:\/\/narteks.net\/index.php\/2009\/02\/27\/abdal-musa-sultan-biyografisi-ve-eserleri\/#article\",\"isPartOf\":{\"@id\":\"https:\/\/narteks.net\/index.php\/2009\/02\/27\/abdal-musa-sultan-biyografisi-ve-eserleri\/\"},\"author\":{\"name\":\"Tar\u0131k\",\"@id\":\"https:\/\/narteks.net\/#\/schema\/person\/61f37d9834294b72d31d274e7ed79bca\"},\"headline\":\"Abdal Musa Sultan Biyografisi ve Eserleri\",\"datePublished\":\"2009-02-27T19:27:06+00:00\",\"mainEntityOfPage\":{\"@id\":\"https:\/\/narteks.net\/index.php\/2009\/02\/27\/abdal-musa-sultan-biyografisi-ve-eserleri\/\"},\"wordCount\":1270,\"commentCount\":0,\"publisher\":{\"@id\":\"https:\/\/narteks.net\/#organization\"},\"image\":{\"@id\":\"https:\/\/narteks.net\/index.php\/2009\/02\/27\/abdal-musa-sultan-biyografisi-ve-eserleri\/#primaryimage\"},\"thumbnailUrl\":\"http:\/\/www.psakd.org\/resim\/abdalmusa07.jpg\",\"articleSection\":[\"Ozanlar ve Eserleri\"],\"inLanguage\":\"tr\",\"potentialAction\":[{\"@type\":\"CommentAction\",\"name\":\"Comment\",\"target\":[\"https:\/\/narteks.net\/index.php\/2009\/02\/27\/abdal-musa-sultan-biyografisi-ve-eserleri\/#respond\"]}]},{\"@type\":\"WebPage\",\"@id\":\"https:\/\/narteks.net\/index.php\/2009\/02\/27\/abdal-musa-sultan-biyografisi-ve-eserleri\/\",\"url\":\"https:\/\/narteks.net\/index.php\/2009\/02\/27\/abdal-musa-sultan-biyografisi-ve-eserleri\/\",\"name\":\"Abdal Musa Sultan Biyografisi ve Eserleri - narteks.net\",\"isPartOf\":{\"@id\":\"https:\/\/narteks.net\/#website\"},\"primaryImageOfPage\":{\"@id\":\"https:\/\/narteks.net\/index.php\/2009\/02\/27\/abdal-musa-sultan-biyografisi-ve-eserleri\/#primaryimage\"},\"image\":{\"@id\":\"https:\/\/narteks.net\/index.php\/2009\/02\/27\/abdal-musa-sultan-biyografisi-ve-eserleri\/#primaryimage\"},\"thumbnailUrl\":\"http:\/\/www.psakd.org\/resim\/abdalmusa07.jpg\",\"datePublished\":\"2009-02-27T19:27:06+00:00\",\"breadcrumb\":{\"@id\":\"https:\/\/narteks.net\/index.php\/2009\/02\/27\/abdal-musa-sultan-biyografisi-ve-eserleri\/#breadcrumb\"},\"inLanguage\":\"tr\",\"potentialAction\":[{\"@type\":\"ReadAction\",\"target\":[\"https:\/\/narteks.net\/index.php\/2009\/02\/27\/abdal-musa-sultan-biyografisi-ve-eserleri\/\"]}]},{\"@type\":\"ImageObject\",\"inLanguage\":\"tr\",\"@id\":\"https:\/\/narteks.net\/index.php\/2009\/02\/27\/abdal-musa-sultan-biyografisi-ve-eserleri\/#primaryimage\",\"url\":\"http:\/\/www.psakd.org\/resim\/abdalmusa07.jpg\",\"contentUrl\":\"http:\/\/www.psakd.org\/resim\/abdalmusa07.jpg\"},{\"@type\":\"BreadcrumbList\",\"@id\":\"https:\/\/narteks.net\/index.php\/2009\/02\/27\/abdal-musa-sultan-biyografisi-ve-eserleri\/#breadcrumb\",\"itemListElement\":[{\"@type\":\"ListItem\",\"position\":1,\"name\":\"Anasayfa\",\"item\":\"https:\/\/narteks.net\/\"},{\"@type\":\"ListItem\",\"position\":2,\"name\":\"Abdal Musa Sultan Biyografisi ve Eserleri\"}]},{\"@type\":\"WebSite\",\"@id\":\"https:\/\/narteks.net\/#website\",\"url\":\"https:\/\/narteks.net\/\",\"name\":\"narteks.net\",\"description\":\"K\u00fclt\u00fcr Sanat Edebiyat Felsefe\",\"publisher\":{\"@id\":\"https:\/\/narteks.net\/#organization\"},\"alternateName\":\"K\u00fclt\u00fcr Sanat Edebiyat Felsefe\",\"potentialAction\":[{\"@type\":\"SearchAction\",\"target\":{\"@type\":\"EntryPoint\",\"urlTemplate\":\"https:\/\/narteks.net\/?s={search_term_string}\"},\"query-input\":{\"@type\":\"PropertyValueSpecification\",\"valueRequired\":true,\"valueName\":\"search_term_string\"}}],\"inLanguage\":\"tr\"},{\"@type\":\"Organization\",\"@id\":\"https:\/\/narteks.net\/#organization\",\"name\":\"narteks.net\",\"url\":\"https:\/\/narteks.net\/\",\"logo\":{\"@type\":\"ImageObject\",\"inLanguage\":\"tr\",\"@id\":\"https:\/\/narteks.net\/#\/schema\/logo\/image\/\",\"url\":\"https:\/\/narteks.net\/wp-content\/uploads\/narteks.png\",\"contentUrl\":\"https:\/\/narteks.net\/wp-content\/uploads\/narteks.png\",\"width\":300,\"height\":90,\"caption\":\"narteks.net\"},\"image\":{\"@id\":\"https:\/\/narteks.net\/#\/schema\/logo\/image\/\"},\"sameAs\":[\"https:\/\/x.com\/narteks\",\"https:\/\/instagram.com\/narteksnet\"]},{\"@type\":\"Person\",\"@id\":\"https:\/\/narteks.net\/#\/schema\/person\/61f37d9834294b72d31d274e7ed79bca\",\"name\":\"Tar\u0131k\",\"image\":{\"@type\":\"ImageObject\",\"inLanguage\":\"tr\",\"@id\":\"https:\/\/narteks.net\/#\/schema\/person\/image\/\",\"url\":\"https:\/\/secure.gravatar.com\/avatar\/50865afb55632c4ae467e0af0930f6510aa2297d8014be502a55b14f3b7550cf?s=96&d=mm&r=g\",\"contentUrl\":\"https:\/\/secure.gravatar.com\/avatar\/50865afb55632c4ae467e0af0930f6510aa2297d8014be502a55b14f3b7550cf?s=96&d=mm&r=g\",\"caption\":\"Tar\u0131k\"},\"sameAs\":[\"http:\/\/narteks.net\"],\"url\":\"https:\/\/narteks.net\/index.php\/author\/narbak\/\"}]}<\/script>\n<!-- \/ Yoast SEO Premium plugin. -->","yoast_head_json":{"title":"Abdal Musa Sultan Biyografisi ve Eserleri - narteks.net","robots":{"index":"index","follow":"follow","max-snippet":"max-snippet:-1","max-image-preview":"max-image-preview:large","max-video-preview":"max-video-preview:-1"},"canonical":"https:\/\/narteks.net\/index.php\/2009\/02\/27\/abdal-musa-sultan-biyografisi-ve-eserleri\/","og_locale":"tr_TR","og_type":"article","og_title":"Abdal Musa Sultan Biyografisi ve Eserleri","og_description":"ABDAL MUSA SULTAN Horasan&#8217;dan Rum&#8217;a zuhur eyleyenPirim Hac\u0131 Bekta\u015f Veli de\u011fil miBinip cans\u0131z duvarlar\u0131 y\u00fcr\u00fctenPirim Hac\u0131 Bekta\u015f Veli de\u011fil mi? Anadolu&#8217;nun \u00fcnl\u00fc erenlerinden ve ermi\u015flerinden olan Abdal Musa Sultan, ayn\u0131 zamanda \u00fcnl\u00fc bir ozan ve d\u00fc\u015f\u00fcn\u00fcrd\u00fcr. Aslen Horasan&#8217;l\u0131 d\u0131r. Azerbaycan&#8217;\u0131n Hoy kasabas\u0131na gelmi\u015f ve bir s\u00fcre orada ya\u015fam\u0131\u015f oldu\u011fundan, &#8220;Hoylu&#8221; olarak tan\u0131nm\u0131\u015ft\u0131r. Hac\u0131 Bekta\u015f Veli&#8217;nin [&hellip;]","og_url":"https:\/\/narteks.net\/index.php\/2009\/02\/27\/abdal-musa-sultan-biyografisi-ve-eserleri\/","og_site_name":"narteks.net","article_published_time":"2009-02-27T19:27:06+00:00","og_image":[{"url":"http:\/\/www.psakd.org\/resim\/abdalmusa07.jpg","type":"","width":"","height":""}],"author":"Tar\u0131k","twitter_card":"summary_large_image","twitter_creator":"@narteks","twitter_site":"@narteks","twitter_misc":{"Yazan:":"Tar\u0131k","Tahmini okuma s\u00fcresi":"6 dakika"},"schema":{"@context":"https:\/\/schema.org","@graph":[{"@type":"Article","@id":"https:\/\/narteks.net\/index.php\/2009\/02\/27\/abdal-musa-sultan-biyografisi-ve-eserleri\/#article","isPartOf":{"@id":"https:\/\/narteks.net\/index.php\/2009\/02\/27\/abdal-musa-sultan-biyografisi-ve-eserleri\/"},"author":{"name":"Tar\u0131k","@id":"https:\/\/narteks.net\/#\/schema\/person\/61f37d9834294b72d31d274e7ed79bca"},"headline":"Abdal Musa Sultan Biyografisi ve Eserleri","datePublished":"2009-02-27T19:27:06+00:00","mainEntityOfPage":{"@id":"https:\/\/narteks.net\/index.php\/2009\/02\/27\/abdal-musa-sultan-biyografisi-ve-eserleri\/"},"wordCount":1270,"commentCount":0,"publisher":{"@id":"https:\/\/narteks.net\/#organization"},"image":{"@id":"https:\/\/narteks.net\/index.php\/2009\/02\/27\/abdal-musa-sultan-biyografisi-ve-eserleri\/#primaryimage"},"thumbnailUrl":"http:\/\/www.psakd.org\/resim\/abdalmusa07.jpg","articleSection":["Ozanlar ve Eserleri"],"inLanguage":"tr","potentialAction":[{"@type":"CommentAction","name":"Comment","target":["https:\/\/narteks.net\/index.php\/2009\/02\/27\/abdal-musa-sultan-biyografisi-ve-eserleri\/#respond"]}]},{"@type":"WebPage","@id":"https:\/\/narteks.net\/index.php\/2009\/02\/27\/abdal-musa-sultan-biyografisi-ve-eserleri\/","url":"https:\/\/narteks.net\/index.php\/2009\/02\/27\/abdal-musa-sultan-biyografisi-ve-eserleri\/","name":"Abdal Musa Sultan Biyografisi ve Eserleri - narteks.net","isPartOf":{"@id":"https:\/\/narteks.net\/#website"},"primaryImageOfPage":{"@id":"https:\/\/narteks.net\/index.php\/2009\/02\/27\/abdal-musa-sultan-biyografisi-ve-eserleri\/#primaryimage"},"image":{"@id":"https:\/\/narteks.net\/index.php\/2009\/02\/27\/abdal-musa-sultan-biyografisi-ve-eserleri\/#primaryimage"},"thumbnailUrl":"http:\/\/www.psakd.org\/resim\/abdalmusa07.jpg","datePublished":"2009-02-27T19:27:06+00:00","breadcrumb":{"@id":"https:\/\/narteks.net\/index.php\/2009\/02\/27\/abdal-musa-sultan-biyografisi-ve-eserleri\/#breadcrumb"},"inLanguage":"tr","potentialAction":[{"@type":"ReadAction","target":["https:\/\/narteks.net\/index.php\/2009\/02\/27\/abdal-musa-sultan-biyografisi-ve-eserleri\/"]}]},{"@type":"ImageObject","inLanguage":"tr","@id":"https:\/\/narteks.net\/index.php\/2009\/02\/27\/abdal-musa-sultan-biyografisi-ve-eserleri\/#primaryimage","url":"http:\/\/www.psakd.org\/resim\/abdalmusa07.jpg","contentUrl":"http:\/\/www.psakd.org\/resim\/abdalmusa07.jpg"},{"@type":"BreadcrumbList","@id":"https:\/\/narteks.net\/index.php\/2009\/02\/27\/abdal-musa-sultan-biyografisi-ve-eserleri\/#breadcrumb","itemListElement":[{"@type":"ListItem","position":1,"name":"Anasayfa","item":"https:\/\/narteks.net\/"},{"@type":"ListItem","position":2,"name":"Abdal Musa Sultan Biyografisi ve Eserleri"}]},{"@type":"WebSite","@id":"https:\/\/narteks.net\/#website","url":"https:\/\/narteks.net\/","name":"narteks.net","description":"K\u00fclt\u00fcr Sanat Edebiyat Felsefe","publisher":{"@id":"https:\/\/narteks.net\/#organization"},"alternateName":"K\u00fclt\u00fcr Sanat Edebiyat Felsefe","potentialAction":[{"@type":"SearchAction","target":{"@type":"EntryPoint","urlTemplate":"https:\/\/narteks.net\/?s={search_term_string}"},"query-input":{"@type":"PropertyValueSpecification","valueRequired":true,"valueName":"search_term_string"}}],"inLanguage":"tr"},{"@type":"Organization","@id":"https:\/\/narteks.net\/#organization","name":"narteks.net","url":"https:\/\/narteks.net\/","logo":{"@type":"ImageObject","inLanguage":"tr","@id":"https:\/\/narteks.net\/#\/schema\/logo\/image\/","url":"https:\/\/narteks.net\/wp-content\/uploads\/narteks.png","contentUrl":"https:\/\/narteks.net\/wp-content\/uploads\/narteks.png","width":300,"height":90,"caption":"narteks.net"},"image":{"@id":"https:\/\/narteks.net\/#\/schema\/logo\/image\/"},"sameAs":["https:\/\/x.com\/narteks","https:\/\/instagram.com\/narteksnet"]},{"@type":"Person","@id":"https:\/\/narteks.net\/#\/schema\/person\/61f37d9834294b72d31d274e7ed79bca","name":"Tar\u0131k","image":{"@type":"ImageObject","inLanguage":"tr","@id":"https:\/\/narteks.net\/#\/schema\/person\/image\/","url":"https:\/\/secure.gravatar.com\/avatar\/50865afb55632c4ae467e0af0930f6510aa2297d8014be502a55b14f3b7550cf?s=96&d=mm&r=g","contentUrl":"https:\/\/secure.gravatar.com\/avatar\/50865afb55632c4ae467e0af0930f6510aa2297d8014be502a55b14f3b7550cf?s=96&d=mm&r=g","caption":"Tar\u0131k"},"sameAs":["http:\/\/narteks.net"],"url":"https:\/\/narteks.net\/index.php\/author\/narbak\/"}]}},"_links":{"self":[{"href":"https:\/\/narteks.net\/index.php\/wp-json\/wp\/v2\/posts\/252","targetHints":{"allow":["GET"]}}],"collection":[{"href":"https:\/\/narteks.net\/index.php\/wp-json\/wp\/v2\/posts"}],"about":[{"href":"https:\/\/narteks.net\/index.php\/wp-json\/wp\/v2\/types\/post"}],"author":[{"embeddable":true,"href":"https:\/\/narteks.net\/index.php\/wp-json\/wp\/v2\/users\/1"}],"replies":[{"embeddable":true,"href":"https:\/\/narteks.net\/index.php\/wp-json\/wp\/v2\/comments?post=252"}],"version-history":[{"count":0,"href":"https:\/\/narteks.net\/index.php\/wp-json\/wp\/v2\/posts\/252\/revisions"}],"wp:attachment":[{"href":"https:\/\/narteks.net\/index.php\/wp-json\/wp\/v2\/media?parent=252"}],"wp:term":[{"taxonomy":"category","embeddable":true,"href":"https:\/\/narteks.net\/index.php\/wp-json\/wp\/v2\/categories?post=252"},{"taxonomy":"post_tag","embeddable":true,"href":"https:\/\/narteks.net\/index.php\/wp-json\/wp\/v2\/tags?post=252"}],"curies":[{"name":"wp","href":"https:\/\/api.w.org\/{rel}","templated":true}]}}