{"id":2524,"date":"2009-12-05T16:46:00","date_gmt":"2009-12-05T13:46:00","guid":{"rendered":"http:\/\/localhost\/wordpress\/2009\/12\/05\/birhan-keskin-biyografisi\/"},"modified":"2009-12-05T16:46:00","modified_gmt":"2009-12-05T13:46:00","slug":"birhan-keskin-biyografisi","status":"publish","type":"post","link":"https:\/\/narteks.net\/index.php\/2009\/12\/05\/birhan-keskin-biyografisi\/","title":{"rendered":"Birhan KESK\u0130N Biyografisi"},"content":{"rendered":"<p><img loading=\"lazy\" decoding=\"async\" src=\"http:\/\/bianet.org\/resim\/olcekle\/5965\/160\/200\" border=\"0\" alt=\"birhankeskin\" width=\"160\" height=\"200\" \/><\/p>\n<p style=\"text-align: justify;\">\u015eair 1963 y\u0131l\u0131nda K\u0131rklareli&#8217;nde do\u011fdu. 1986 y\u0131l\u0131nda \u0130stanbul \u00dcniversitesi Edebiyat Fak\u00fcltesi Sosyoloji B\u00f6l\u00fcm\u00fc&#8217;n\u00fc bitirdi. \u0130lk \u015fiirini 1984 y\u0131l\u0131nda yay\u0131mlad\u0131. 1995-98 y\u0131llar\u0131 aras\u0131nda arkada\u015flar\u0131yla birlikte G\u00f6\u00e7ebe dergisini \u00e7\u0131kard\u0131. \u00c7e\u015fitli yay\u0131n kurulu\u015flar\u0131nda edit\u00f6r olarak \u00e7al\u0131\u015ft\u0131. \u015eairin 1991 ile 2002 aras\u0131na ait be\u015f \u015fiir kitab\u0131n\u0131 2005 y\u0131l\u0131nda yay\u0131mlad\u0131\u011f\u0131m\u0131z Kim Ba\u011f\u0131\u015flayacak Beni ile tek ciltte toplad\u0131k. 2005&#8217;te onun yan\u0131 s\u0131ra sundu\u011fumuz Ba, 2006 Alt\u0131n Portakal \u015eiir \u00f6d\u00fcl\u00fcn\u00fc kazand\u0131. Y&#8217;ol Keskin&#8217;in May\u0131s 2005-Ocak 2006 aras\u0131nda yazd\u0131\u011f\u0131, bir uzun \u015fiir olan &#8220;Ta\u015f Par\u00e7alar\u0131&#8221; ile &#8220;Eski D\u00fcnya&#8221; \u015fiirlerini bir araya getiriyor.<\/p>\n<p style=\"text-align: justify;\">10. Alt\u0131n Portakal \u015eiir \u00d6d\u00fcl\u00fc Sempozyumu\u2019nda sunulan bildiriler, 2008 y\u0131l\u0131nda Birhan Keskin \u015eiiri ve Ba ba\u015fl\u0131\u011f\u0131 alt\u0131nda Metis taraf\u0131ndan yay\u0131mland\u0131.<\/p>\n","protected":false},"excerpt":{"rendered":"<p>\u015eair 1963 y\u0131l\u0131nda K\u0131rklareli&#8217;nde do\u011fdu. 1986 y\u0131l\u0131nda \u0130stanbul \u00dcniversitesi Edebiyat Fak\u00fcltesi Sosyoloji B\u00f6l\u00fcm\u00fc&#8217;n\u00fc bitirdi. \u0130lk \u015fiirini 1984 y\u0131l\u0131nda yay\u0131mlad\u0131. 1995-98 y\u0131llar\u0131 aras\u0131nda arkada\u015flar\u0131yla birlikte G\u00f6\u00e7ebe dergisini \u00e7\u0131kard\u0131. \u00c7e\u015fitli yay\u0131n kurulu\u015flar\u0131nda edit\u00f6r olarak \u00e7al\u0131\u015ft\u0131. \u015eairin 1991 ile 2002 aras\u0131na ait be\u015f \u015fiir kitab\u0131n\u0131 2005 y\u0131l\u0131nda yay\u0131mlad\u0131\u011f\u0131m\u0131z Kim Ba\u011f\u0131\u015flayacak Beni ile tek ciltte toplad\u0131k. 2005&#8217;te onun yan\u0131 [&hellip;]<\/p>\n","protected":false},"author":1,"featured_media":0,"comment_status":"open","ping_status":"open","sticky":false,"template":"","format":"standard","meta":{"footnotes":""},"categories":[70],"tags":[],"class_list":{"0":"post-2524","1":"post","2":"type-post","3":"status-publish","4":"format-standard","6":"category-birhan-keskin"},"yoast_head":"<!-- This site is optimized with the Yoast SEO Premium plugin v24.9 (Yoast SEO v24.9) - https:\/\/yoast.com\/wordpress\/plugins\/seo\/ -->\n<title>Birhan KESK\u0130N Biyografisi - narteks.net<\/title>\n<meta name=\"robots\" content=\"index, follow, max-snippet:-1, max-image-preview:large, max-video-preview:-1\" \/>\n<link rel=\"canonical\" href=\"https:\/\/narteks.net\/index.php\/2009\/12\/05\/birhan-keskin-biyografisi\/\" \/>\n<meta property=\"og:locale\" content=\"tr_TR\" \/>\n<meta property=\"og:type\" content=\"article\" \/>\n<meta property=\"og:title\" content=\"Birhan KESK\u0130N Biyografisi\" \/>\n<meta property=\"og:description\" content=\"\u015eair 1963 y\u0131l\u0131nda K\u0131rklareli&#8217;nde do\u011fdu. 1986 y\u0131l\u0131nda \u0130stanbul \u00dcniversitesi Edebiyat Fak\u00fcltesi Sosyoloji B\u00f6l\u00fcm\u00fc&#8217;n\u00fc bitirdi. \u0130lk \u015fiirini 1984 y\u0131l\u0131nda yay\u0131mlad\u0131. 1995-98 y\u0131llar\u0131 aras\u0131nda arkada\u015flar\u0131yla birlikte G\u00f6\u00e7ebe dergisini \u00e7\u0131kard\u0131. \u00c7e\u015fitli yay\u0131n kurulu\u015flar\u0131nda edit\u00f6r olarak \u00e7al\u0131\u015ft\u0131. \u015eairin 1991 ile 2002 aras\u0131na ait be\u015f \u015fiir kitab\u0131n\u0131 2005 y\u0131l\u0131nda yay\u0131mlad\u0131\u011f\u0131m\u0131z Kim Ba\u011f\u0131\u015flayacak Beni ile tek ciltte toplad\u0131k. 2005&#8217;te onun yan\u0131 [&hellip;]\" \/>\n<meta property=\"og:url\" content=\"https:\/\/narteks.net\/index.php\/2009\/12\/05\/birhan-keskin-biyografisi\/\" \/>\n<meta property=\"og:site_name\" content=\"narteks.net\" \/>\n<meta property=\"article:published_time\" content=\"2009-12-05T13:46:00+00:00\" \/>\n<meta property=\"og:image\" content=\"http:\/\/bianet.org\/resim\/olcekle\/5965\/160\/200\" \/>\n<meta name=\"author\" content=\"Tar\u0131k\" \/>\n<meta name=\"twitter:card\" content=\"summary_large_image\" \/>\n<meta name=\"twitter:creator\" content=\"@narteks\" \/>\n<meta name=\"twitter:site\" content=\"@narteks\" \/>\n<meta name=\"twitter:label1\" content=\"Yazan:\" \/>\n\t<meta name=\"twitter:data1\" content=\"Tar\u0131k\" \/>\n\t<meta name=\"twitter:label2\" content=\"Tahmini okuma s\u00fcresi\" \/>\n\t<meta name=\"twitter:data2\" content=\"1 dakika\" \/>\n<script type=\"application\/ld+json\" class=\"yoast-schema-graph\">{\"@context\":\"https:\/\/schema.org\",\"@graph\":[{\"@type\":\"Article\",\"@id\":\"https:\/\/narteks.net\/index.php\/2009\/12\/05\/birhan-keskin-biyografisi\/#article\",\"isPartOf\":{\"@id\":\"https:\/\/narteks.net\/index.php\/2009\/12\/05\/birhan-keskin-biyografisi\/\"},\"author\":{\"name\":\"Tar\u0131k\",\"@id\":\"https:\/\/narteks.net\/#\/schema\/person\/61f37d9834294b72d31d274e7ed79bca\"},\"headline\":\"Birhan KESK\u0130N Biyografisi\",\"datePublished\":\"2009-12-05T13:46:00+00:00\",\"mainEntityOfPage\":{\"@id\":\"https:\/\/narteks.net\/index.php\/2009\/12\/05\/birhan-keskin-biyografisi\/\"},\"wordCount\":149,\"commentCount\":0,\"publisher\":{\"@id\":\"https:\/\/narteks.net\/#organization\"},\"image\":{\"@id\":\"https:\/\/narteks.net\/index.php\/2009\/12\/05\/birhan-keskin-biyografisi\/#primaryimage\"},\"thumbnailUrl\":\"http:\/\/bianet.org\/resim\/olcekle\/5965\/160\/200\",\"articleSection\":[\"Birhan KESK\u0130N\"],\"inLanguage\":\"tr\",\"potentialAction\":[{\"@type\":\"CommentAction\",\"name\":\"Comment\",\"target\":[\"https:\/\/narteks.net\/index.php\/2009\/12\/05\/birhan-keskin-biyografisi\/#respond\"]}]},{\"@type\":\"WebPage\",\"@id\":\"https:\/\/narteks.net\/index.php\/2009\/12\/05\/birhan-keskin-biyografisi\/\",\"url\":\"https:\/\/narteks.net\/index.php\/2009\/12\/05\/birhan-keskin-biyografisi\/\",\"name\":\"Birhan KESK\u0130N Biyografisi - narteks.net\",\"isPartOf\":{\"@id\":\"https:\/\/narteks.net\/#website\"},\"primaryImageOfPage\":{\"@id\":\"https:\/\/narteks.net\/index.php\/2009\/12\/05\/birhan-keskin-biyografisi\/#primaryimage\"},\"image\":{\"@id\":\"https:\/\/narteks.net\/index.php\/2009\/12\/05\/birhan-keskin-biyografisi\/#primaryimage\"},\"thumbnailUrl\":\"http:\/\/bianet.org\/resim\/olcekle\/5965\/160\/200\",\"datePublished\":\"2009-12-05T13:46:00+00:00\",\"breadcrumb\":{\"@id\":\"https:\/\/narteks.net\/index.php\/2009\/12\/05\/birhan-keskin-biyografisi\/#breadcrumb\"},\"inLanguage\":\"tr\",\"potentialAction\":[{\"@type\":\"ReadAction\",\"target\":[\"https:\/\/narteks.net\/index.php\/2009\/12\/05\/birhan-keskin-biyografisi\/\"]}]},{\"@type\":\"ImageObject\",\"inLanguage\":\"tr\",\"@id\":\"https:\/\/narteks.net\/index.php\/2009\/12\/05\/birhan-keskin-biyografisi\/#primaryimage\",\"url\":\"http:\/\/bianet.org\/resim\/olcekle\/5965\/160\/200\",\"contentUrl\":\"http:\/\/bianet.org\/resim\/olcekle\/5965\/160\/200\"},{\"@type\":\"BreadcrumbList\",\"@id\":\"https:\/\/narteks.net\/index.php\/2009\/12\/05\/birhan-keskin-biyografisi\/#breadcrumb\",\"itemListElement\":[{\"@type\":\"ListItem\",\"position\":1,\"name\":\"Anasayfa\",\"item\":\"https:\/\/narteks.net\/\"},{\"@type\":\"ListItem\",\"position\":2,\"name\":\"Birhan KESK\u0130N Biyografisi\"}]},{\"@type\":\"WebSite\",\"@id\":\"https:\/\/narteks.net\/#website\",\"url\":\"https:\/\/narteks.net\/\",\"name\":\"narteks.net\",\"description\":\"K\u00fclt\u00fcr Sanat Edebiyat Felsefe\",\"publisher\":{\"@id\":\"https:\/\/narteks.net\/#organization\"},\"alternateName\":\"K\u00fclt\u00fcr Sanat Edebiyat Felsefe\",\"potentialAction\":[{\"@type\":\"SearchAction\",\"target\":{\"@type\":\"EntryPoint\",\"urlTemplate\":\"https:\/\/narteks.net\/?s={search_term_string}\"},\"query-input\":{\"@type\":\"PropertyValueSpecification\",\"valueRequired\":true,\"valueName\":\"search_term_string\"}}],\"inLanguage\":\"tr\"},{\"@type\":\"Organization\",\"@id\":\"https:\/\/narteks.net\/#organization\",\"name\":\"narteks.net\",\"url\":\"https:\/\/narteks.net\/\",\"logo\":{\"@type\":\"ImageObject\",\"inLanguage\":\"tr\",\"@id\":\"https:\/\/narteks.net\/#\/schema\/logo\/image\/\",\"url\":\"https:\/\/narteks.net\/wp-content\/uploads\/narteks.png\",\"contentUrl\":\"https:\/\/narteks.net\/wp-content\/uploads\/narteks.png\",\"width\":300,\"height\":90,\"caption\":\"narteks.net\"},\"image\":{\"@id\":\"https:\/\/narteks.net\/#\/schema\/logo\/image\/\"},\"sameAs\":[\"https:\/\/x.com\/narteks\",\"https:\/\/instagram.com\/narteksnet\"]},{\"@type\":\"Person\",\"@id\":\"https:\/\/narteks.net\/#\/schema\/person\/61f37d9834294b72d31d274e7ed79bca\",\"name\":\"Tar\u0131k\",\"image\":{\"@type\":\"ImageObject\",\"inLanguage\":\"tr\",\"@id\":\"https:\/\/narteks.net\/#\/schema\/person\/image\/\",\"url\":\"https:\/\/secure.gravatar.com\/avatar\/50865afb55632c4ae467e0af0930f6510aa2297d8014be502a55b14f3b7550cf?s=96&d=mm&r=g\",\"contentUrl\":\"https:\/\/secure.gravatar.com\/avatar\/50865afb55632c4ae467e0af0930f6510aa2297d8014be502a55b14f3b7550cf?s=96&d=mm&r=g\",\"caption\":\"Tar\u0131k\"},\"sameAs\":[\"http:\/\/narteks.net\"],\"url\":\"https:\/\/narteks.net\/index.php\/author\/narbak\/\"}]}<\/script>\n<!-- \/ Yoast SEO Premium plugin. -->","yoast_head_json":{"title":"Birhan KESK\u0130N Biyografisi - narteks.net","robots":{"index":"index","follow":"follow","max-snippet":"max-snippet:-1","max-image-preview":"max-image-preview:large","max-video-preview":"max-video-preview:-1"},"canonical":"https:\/\/narteks.net\/index.php\/2009\/12\/05\/birhan-keskin-biyografisi\/","og_locale":"tr_TR","og_type":"article","og_title":"Birhan KESK\u0130N Biyografisi","og_description":"\u015eair 1963 y\u0131l\u0131nda K\u0131rklareli&#8217;nde do\u011fdu. 1986 y\u0131l\u0131nda \u0130stanbul \u00dcniversitesi Edebiyat Fak\u00fcltesi Sosyoloji B\u00f6l\u00fcm\u00fc&#8217;n\u00fc bitirdi. \u0130lk \u015fiirini 1984 y\u0131l\u0131nda yay\u0131mlad\u0131. 1995-98 y\u0131llar\u0131 aras\u0131nda arkada\u015flar\u0131yla birlikte G\u00f6\u00e7ebe dergisini \u00e7\u0131kard\u0131. \u00c7e\u015fitli yay\u0131n kurulu\u015flar\u0131nda edit\u00f6r olarak \u00e7al\u0131\u015ft\u0131. \u015eairin 1991 ile 2002 aras\u0131na ait be\u015f \u015fiir kitab\u0131n\u0131 2005 y\u0131l\u0131nda yay\u0131mlad\u0131\u011f\u0131m\u0131z Kim Ba\u011f\u0131\u015flayacak Beni ile tek ciltte toplad\u0131k. 2005&#8217;te onun yan\u0131 [&hellip;]","og_url":"https:\/\/narteks.net\/index.php\/2009\/12\/05\/birhan-keskin-biyografisi\/","og_site_name":"narteks.net","article_published_time":"2009-12-05T13:46:00+00:00","og_image":[{"url":"http:\/\/bianet.org\/resim\/olcekle\/5965\/160\/200","type":"","width":"","height":""}],"author":"Tar\u0131k","twitter_card":"summary_large_image","twitter_creator":"@narteks","twitter_site":"@narteks","twitter_misc":{"Yazan:":"Tar\u0131k","Tahmini okuma s\u00fcresi":"1 dakika"},"schema":{"@context":"https:\/\/schema.org","@graph":[{"@type":"Article","@id":"https:\/\/narteks.net\/index.php\/2009\/12\/05\/birhan-keskin-biyografisi\/#article","isPartOf":{"@id":"https:\/\/narteks.net\/index.php\/2009\/12\/05\/birhan-keskin-biyografisi\/"},"author":{"name":"Tar\u0131k","@id":"https:\/\/narteks.net\/#\/schema\/person\/61f37d9834294b72d31d274e7ed79bca"},"headline":"Birhan KESK\u0130N Biyografisi","datePublished":"2009-12-05T13:46:00+00:00","mainEntityOfPage":{"@id":"https:\/\/narteks.net\/index.php\/2009\/12\/05\/birhan-keskin-biyografisi\/"},"wordCount":149,"commentCount":0,"publisher":{"@id":"https:\/\/narteks.net\/#organization"},"image":{"@id":"https:\/\/narteks.net\/index.php\/2009\/12\/05\/birhan-keskin-biyografisi\/#primaryimage"},"thumbnailUrl":"http:\/\/bianet.org\/resim\/olcekle\/5965\/160\/200","articleSection":["Birhan KESK\u0130N"],"inLanguage":"tr","potentialAction":[{"@type":"CommentAction","name":"Comment","target":["https:\/\/narteks.net\/index.php\/2009\/12\/05\/birhan-keskin-biyografisi\/#respond"]}]},{"@type":"WebPage","@id":"https:\/\/narteks.net\/index.php\/2009\/12\/05\/birhan-keskin-biyografisi\/","url":"https:\/\/narteks.net\/index.php\/2009\/12\/05\/birhan-keskin-biyografisi\/","name":"Birhan KESK\u0130N Biyografisi - narteks.net","isPartOf":{"@id":"https:\/\/narteks.net\/#website"},"primaryImageOfPage":{"@id":"https:\/\/narteks.net\/index.php\/2009\/12\/05\/birhan-keskin-biyografisi\/#primaryimage"},"image":{"@id":"https:\/\/narteks.net\/index.php\/2009\/12\/05\/birhan-keskin-biyografisi\/#primaryimage"},"thumbnailUrl":"http:\/\/bianet.org\/resim\/olcekle\/5965\/160\/200","datePublished":"2009-12-05T13:46:00+00:00","breadcrumb":{"@id":"https:\/\/narteks.net\/index.php\/2009\/12\/05\/birhan-keskin-biyografisi\/#breadcrumb"},"inLanguage":"tr","potentialAction":[{"@type":"ReadAction","target":["https:\/\/narteks.net\/index.php\/2009\/12\/05\/birhan-keskin-biyografisi\/"]}]},{"@type":"ImageObject","inLanguage":"tr","@id":"https:\/\/narteks.net\/index.php\/2009\/12\/05\/birhan-keskin-biyografisi\/#primaryimage","url":"http:\/\/bianet.org\/resim\/olcekle\/5965\/160\/200","contentUrl":"http:\/\/bianet.org\/resim\/olcekle\/5965\/160\/200"},{"@type":"BreadcrumbList","@id":"https:\/\/narteks.net\/index.php\/2009\/12\/05\/birhan-keskin-biyografisi\/#breadcrumb","itemListElement":[{"@type":"ListItem","position":1,"name":"Anasayfa","item":"https:\/\/narteks.net\/"},{"@type":"ListItem","position":2,"name":"Birhan KESK\u0130N Biyografisi"}]},{"@type":"WebSite","@id":"https:\/\/narteks.net\/#website","url":"https:\/\/narteks.net\/","name":"narteks.net","description":"K\u00fclt\u00fcr Sanat Edebiyat Felsefe","publisher":{"@id":"https:\/\/narteks.net\/#organization"},"alternateName":"K\u00fclt\u00fcr Sanat Edebiyat Felsefe","potentialAction":[{"@type":"SearchAction","target":{"@type":"EntryPoint","urlTemplate":"https:\/\/narteks.net\/?s={search_term_string}"},"query-input":{"@type":"PropertyValueSpecification","valueRequired":true,"valueName":"search_term_string"}}],"inLanguage":"tr"},{"@type":"Organization","@id":"https:\/\/narteks.net\/#organization","name":"narteks.net","url":"https:\/\/narteks.net\/","logo":{"@type":"ImageObject","inLanguage":"tr","@id":"https:\/\/narteks.net\/#\/schema\/logo\/image\/","url":"https:\/\/narteks.net\/wp-content\/uploads\/narteks.png","contentUrl":"https:\/\/narteks.net\/wp-content\/uploads\/narteks.png","width":300,"height":90,"caption":"narteks.net"},"image":{"@id":"https:\/\/narteks.net\/#\/schema\/logo\/image\/"},"sameAs":["https:\/\/x.com\/narteks","https:\/\/instagram.com\/narteksnet"]},{"@type":"Person","@id":"https:\/\/narteks.net\/#\/schema\/person\/61f37d9834294b72d31d274e7ed79bca","name":"Tar\u0131k","image":{"@type":"ImageObject","inLanguage":"tr","@id":"https:\/\/narteks.net\/#\/schema\/person\/image\/","url":"https:\/\/secure.gravatar.com\/avatar\/50865afb55632c4ae467e0af0930f6510aa2297d8014be502a55b14f3b7550cf?s=96&d=mm&r=g","contentUrl":"https:\/\/secure.gravatar.com\/avatar\/50865afb55632c4ae467e0af0930f6510aa2297d8014be502a55b14f3b7550cf?s=96&d=mm&r=g","caption":"Tar\u0131k"},"sameAs":["http:\/\/narteks.net"],"url":"https:\/\/narteks.net\/index.php\/author\/narbak\/"}]}},"_links":{"self":[{"href":"https:\/\/narteks.net\/index.php\/wp-json\/wp\/v2\/posts\/2524","targetHints":{"allow":["GET"]}}],"collection":[{"href":"https:\/\/narteks.net\/index.php\/wp-json\/wp\/v2\/posts"}],"about":[{"href":"https:\/\/narteks.net\/index.php\/wp-json\/wp\/v2\/types\/post"}],"author":[{"embeddable":true,"href":"https:\/\/narteks.net\/index.php\/wp-json\/wp\/v2\/users\/1"}],"replies":[{"embeddable":true,"href":"https:\/\/narteks.net\/index.php\/wp-json\/wp\/v2\/comments?post=2524"}],"version-history":[{"count":0,"href":"https:\/\/narteks.net\/index.php\/wp-json\/wp\/v2\/posts\/2524\/revisions"}],"wp:attachment":[{"href":"https:\/\/narteks.net\/index.php\/wp-json\/wp\/v2\/media?parent=2524"}],"wp:term":[{"taxonomy":"category","embeddable":true,"href":"https:\/\/narteks.net\/index.php\/wp-json\/wp\/v2\/categories?post=2524"},{"taxonomy":"post_tag","embeddable":true,"href":"https:\/\/narteks.net\/index.php\/wp-json\/wp\/v2\/tags?post=2524"}],"curies":[{"name":"wp","href":"https:\/\/api.w.org\/{rel}","templated":true}]}}