{"id":2525,"date":"2009-12-05T18:55:19","date_gmt":"2009-12-05T15:55:19","guid":{"rendered":"http:\/\/localhost\/wordpress\/2009\/12\/05\/uluslararas-ci-filmleri-festivali-antalya-program\/"},"modified":"2009-12-05T18:55:19","modified_gmt":"2009-12-05T15:55:19","slug":"uluslararas-ci-filmleri-festivali-antalya-program","status":"publish","type":"post","link":"https:\/\/narteks.net\/index.php\/2009\/12\/05\/uluslararas-ci-filmleri-festivali-antalya-program\/","title":{"rendered":"Uluslararas\u0131 \u0130\u015f\u00e7i Filmleri Festivali Antalya Program\u0131"},"content":{"rendered":"<p><img loading=\"lazy\" decoding=\"async\" src=\"http:\/\/www.sendika.org\/resimler\/antalyafest-2009-12-05.jpg\" border=\"0\" hspace=\"5\" vspace=\"5\" width=\"155\" height=\"203\" align=\"right\" style=\"float: left;\" \/><\/p>\n<h2><strong>Uluslararas\u0131 \u0130\u015f\u00e7i Filmleri Festivali-Antalya Program\u0131 <\/strong><\/h2>\n<h5 style=\"text-align: justify;\">Uluslararas\u0131 \u0130\u015f\u00e7i Filmleri Festivali Antalya b\u00f6l\u00fcm\u00fc ba\u015fl\u0131yor. Festivalin bu y\u0131l ilk defa gitti\u011fi Antalya\u2019da son d\u00f6rt y\u0131l\u0131n\u0131n filmlerinden olu\u015fan bir se\u00e7ki izleyenlere sunulacak.Antalya \u0130\u015f\u00e7i Filmleri Festivali 12-17 Aral\u0131k 2009 tarihleri aras\u0131nda d\u00fczenlenecek Festival\u2019in galas\u0131 12 Aral\u0131k gecesi &#8221;100 bin Ki\u015fiydiler&#8221; belgeselinin g\u00f6sterimiyle ger\u00e7ekle\u015fecek.<\/h5>\n<h5 style=\"text-align: justify;\">Antsan(Antalya Sanat\u00e7\u0131lar Derne\u011fi), KESK\u2019e (Kamu Emek\u00e7ileri Sendika Konfederasyonu) ba\u011fl\u0131 sendikalar\u0131n Antalya \u015fubeleri, Antalya Halkevi, D\u0130SK Dev Sa\u011fl\u0131k-\u0130\u015f Antalya \u015fubesi<\/h5>\n<h5 style=\"text-align: justify;\">Antalya B\u00fcy\u00fck\u015fehir Belediyesi taraf\u0131ndan \u00f6rg\u00fctlenen Antalya \u0130\u015f\u00e7i Filmleri Festivali kapsam\u0131nda film g\u00f6sterimleriyle beraber farkl\u0131 etkinlikler de ger\u00e7ekle\u015fecek. 13 Aral\u0131k 2009 tarihinde H\u00fcseyin Kuzu\u2019nun kat\u0131l\u0131m\u0131yla &#8221;Sineman\u0131n Piyasala\u015fmas\u0131 ve Yozla\u015fmas\u0131&#8221; konulu panelin yap\u0131laca\u011f\u0131 etkinlik program\u0131nda Tuzla Tersanesi i\u015f\u00e7ilerinin foto\u011fraf sergisi de bulunacak. <\/p>\n<p><!--more--><\/p>\n<\/h5>\n<p>Film g\u00f6sterimleri AKM Perge \u0130MO konferans salonunda, Atat\u00fcrk K\u00fclt\u00fcr Merkezi(B\u00fcy\u00fck\u015fehir Belediyesine ait), Konyaalt\u0131 Belediyesi salonu, Muratpa\u015fa Belediyesi salonu, KESK&#8217;e ba\u011fl\u0131 sendikalar\u0131n salonlar\u0131 ve Antsan Salonu (Antalya Sanat\u00e7\u0131lar Derne\u011fi)\u2019nda ger\u00e7ekle\u015fecek.<\/p>\n<p>\u00a0<\/p>\n<p>\u00a0<\/p>\n<p>\u00a0<\/p>\n<p><strong>Uluslararas\u0131 \u0130\u015f\u00e7i Filmleri Festivali Antalya Program\u0131<\/strong> <\/p>\n<p><span style=\"color: red;\"><strong>12 Aral\u0131k 2009 Cumartesi <\/strong><\/span> <\/p>\n<p>11:00  <br \/>Almanya Ac\u0131 Vatan  <br \/>Y\u00f6n: \u015eerif G\u00f6ren  <br \/>\u00dclke: T\u00fcrkiye  <br \/>S\u00fcre: 85 Dakika  <br \/>Salon:AKM Perge Salonu<\/p>\n<p>\u00a0<\/p>\n<p>Ruhi Su  <br \/>Y\u00f6n: Hilmi Etikan  <br \/>\u00dclke: T\u00fcrkiye  <br \/>S\u00fcre: 55 Dakika  <br \/>Salon: Ansan  <\/p>\n<p>12:00  <br \/>Bitmeyen Yol  <br \/>Y\u00f6n: Duygu Sa\u011f\u0131ro\u011flu  <br \/>\u00dclke: T\u00fcrkiye  <br \/>S\u00fcre: 105 Dakika  <br \/>Salon: Asmek Yeni Mahalle Semt Evi  <\/p>\n<p>12:30  <br \/>G\u00fcvencesiz \u0130\u015f\u00e7iler \u00dczerine Direni\u015f \u00d6yk\u00fcleri  <br \/>Y\u00f6n: \u00c7e\u015fitli  <br \/>\u00dclke: \u0130talya- \u0130spanya \u2013 Fransa-G. Kore- Abd  <br \/>S\u00fcre: 99 Dakika  <br \/>Salon: Ansan  <\/p>\n<p>13:00  <br \/>D\u00fcnyay\u0131 \u00d6zelle\u015ftirmek  <br \/>Y\u00f6n: Carole Pol\u0131gu\u0131n  <br \/>\u00dclke: Kanada  <br \/>S\u00fcre: 62 Dakika  <br \/>Salon: Akam Perge Salonu  <\/p>\n<p>14:00  <br \/>Bir Yudum Sevgi  <br \/>Y\u00f6n:At\u0131f Y\u0131lmaz  <br \/>\u00dclke: T\u00fcrkiye  <br \/>S\u00fcre: 100 Dakika  <br \/>Salon: Asmek Yeni Mahalle Semt Evi  <\/p>\n<p>14:30  <br \/>Kt\u00f6s1968  <br \/>Y\u00f6n: Kt\u00f6s  <br \/>\u00dclke: Kktc  <br \/>S\u00fcre: 110 Dakika  <br \/>Salon: Akm Perge Salonu  <\/p>\n<p>15:00  <br \/>Grev-Stachka  <br \/>Y\u00f6n: Sergei Eisenstein  <br \/>\u00dclke: Sscb  <br \/>S\u00fcre: 82 Dakika  <br \/>Salon: E\u011fitim-Sen  <\/p>\n<p>Silikozis  <br \/>Y\u00f6n: Ethem \u00d6zg\u00fcven-Petra Holzer-Sel\u00e7uk Erzurumlu  <br \/>\u00dclke:T\u00fcrkiye  <br \/>S\u00fcre: 45 Dakika  <br \/>Salon: Ses  <\/p>\n<p>D\u00f6n\u00fc\u015f  <br \/>Y\u00f6n: Soner Y\u0131ld\u0131r\u0131m  <br \/>\u00dclke T\u00fcrkiye:  <br \/>S\u00fcre: 18 Dakika  <br \/>Salon: Ses  <\/p>\n<p>Sarho\u015f Atlar Zaman\u0131  <br \/>Y\u00f6n: Bahman Ghobad\u0131  <br \/>\u00dclke:\u0130ran  <br \/>S\u00fcre:72 Dakika  <br \/>Salon:Ansan  <\/p>\n<p>Otob\u00fcs  <br \/>Y\u00f6n: Tun\u00e7 Okan  <br \/>\u00dclke: T\u00fcrkiye  <br \/>S\u00fcre: 75 Dakika  <br \/>Salon: \u0130n\u015faat M\u00fchendisleri Odas\u0131  <\/p>\n<p>16:00  <br \/>Karanl\u0131kta Uyananlar  <br \/>Y\u00f6n: Ertem G\u00f6re\u00e7  <br \/>\u00dclke: T\u00fcrkiye  <br \/>S\u00fcre: 115 Dakika  <br \/>Salon: Asmek Yeni Mahalle Semt Evi  <\/p>\n<p>16:30  <br \/>G\u00fcne\u015fli Pazartesiler  <br \/>Y\u00f6n: Fernando Leon-De-Aranoa  <br \/>\u00dclke: \u0130spanya-Fransa \u0130talya  <br \/>S\u00fcre:113 Dakika  <br \/>Salon:Akm Perge Salonu  <\/p>\n<p>Lilith\u2019in K\u0131zlar\u0131  <br \/>Y\u00f6n: Emel \u00c7elebi  <br \/>\u00dclke: T\u00fcrkiye  <br \/>S\u00fcre: 41 Dakika  <br \/>Salon: Ansan  <\/p>\n<p>19:00  <br \/>4. Uluslar Aras\u0131 \u0130\u015f\u00e7i Filmleri Festivali  <br \/>Antalya A\u00e7\u0131l\u0131\u015f Gecesi  <\/p>\n<p><span style=\"color: red;\"><strong>13 Aral\u0131k 2009 Pazar<\/strong> <\/span> <\/p>\n<p>11:00  <br \/>Bozuk Bando  <br \/>Y\u00f6n: Mark Herman  <br \/>\u00dclke: \u0130ngiltere  <br \/>S\u00fcre: 107 Dakika  <br \/>Salon: Akm Perge Salonu  <\/p>\n<p>11:30  <br \/>Fabrikalar \u015eehri  <br \/>Y\u00f6n: V\u0131cky Funar\u0131-Serg\u0131o De La Torre  <br \/>\u00dclke: Meksika-Abd  <br \/>S\u00fcre:67 Dakika  <br \/>Salon: Asmek Yeni Mahalle Semt Evi  <\/p>\n<p>13:30  <br \/>Topra\u011f\u0131n Tuzu  <br \/>Y\u00f6n: Herbert B\u0131berman  <br \/>\u00dclke: Abd  <br \/>S\u00fcre: 94 Dakika  <br \/>Salon: Ansan  <\/p>\n<p>15:00  <br \/>Panel: Sineman\u0131n Piyasala\u015fmas\u0131 Ve Yozla\u015fmas\u0131  <br \/>AKM Aspendos Salonu  <\/p>\n<p>18:00  <br \/>Silikozis  <br \/>Y\u00f6n: Ethem \u00d6zg\u00fcven-Petra Holzer-Sel\u00e7uk Erzurumlu  <br \/>\u00dclke:T\u00fcrkiye  <br \/>S\u00fcre: 45 Dakika  <br \/>Salon: AKM Perge Salonu  <\/p>\n<p>D\u00f6n\u00fc\u015f  <br \/>Y\u00f6n: Soner Y\u0131ld\u0131r\u0131m  <br \/>\u00dclke T\u00fcrkiye:  <br \/>S\u00fcre: 18 Dakika  <br \/>Salon: AKM Perge Salonu  <\/p>\n<p>Herkes \u0130\u00e7in D\u00fcnya Ayar\u0131nda \u015eehirler  <br \/>Y\u00f6n: Erc\u00fcment \u00c7elik  <br \/>\u00dclke: T\u00fcrkiye  <br \/>S\u00fcre: 40 Dakika  <br \/>Salon: Asmek Yeni Mahalle Semt Evi  <\/p>\n<p>Patronsuzlar-1: Galler Tower Madeni  <br \/>Y\u00f6n: Metin Ye\u011fin  <br \/>\u00dclke: Galler  <br \/>S\u00fcre:60 Dakika  <br \/>Salon: Dev-Sa\u011fl\u0131k \u0130\u015f  <\/p>\n<p>19:00  <br \/>Sonbahar  <br \/>Y\u00f6n: \u00d6zcan Alper  <br \/>\u00dclke: T\u00fcrkiye  <br \/>S\u00fcre: 99 Dakika  <br \/>Salon: AKM Perge Salonu  <\/p>\n<p>Limanlar\u0131n U\u011fultusu  <br \/>Y\u00f6n: Aynur \u00d6zbak\u0131r  <br \/>\u00dclke: T\u00fcrkiye  <br \/>S\u00fcre: 30 Dakika  <br \/>Salon: Asmek Yeni Mahalle Semt Evi  <\/p>\n<p>E\u011fitim Tarihnin Sessiz Kahramanlar\u0131:E\u011fitmenler  <br \/>Y\u00f6n: O\u011fuz Makal  <br \/>\u00dclke: T\u00fcrkiye  <br \/>S\u00fcre:  <br \/>Salon: E\u011fitim-Sen  <\/p>\n<p>S\u0131n\u0131r D\u0131\u015f\u0131  <br \/>Yap\u0131mc\u0131: Mwtv  <br \/>\u00dclke: G. Kore  <br \/>S\u00fcre: 22 Dakika  <br \/>Salon:Ses  <\/p>\n<p>Merdiven Alt\u0131 Nobel  <br \/>Y\u00f6n: Hacer \u00c7akmak  <br \/>\u00dclke: T\u00fcrkiye  <br \/>S\u00fcre: 24 Dakika  <br \/>Salon: Ses  <\/p>\n<p>G\u00f6\u00e7  <br \/>Yap\u0131mc\u0131: \u0130mece-Toplumun \u015eehircilik Hareketi  <br \/>\u00dclke: T\u00fcrkiye  <br \/>S\u00fcre: 21 Dakika  <br \/>Salon: Ses  <\/p>\n<p>Burkmanl\u0131 Kad\u0131nlar  <br \/>Y\u00f6n: \u0130shak I\u015f\u0131tan  <br \/>\u00dclke: Tr\u00fckiye  <br \/>S\u00fcre: 88 Dakika  <br \/>Salon: Ansan  <\/p>\n<p>K\u00fcresel Karma\u015fa  <br \/>Y\u00f6n: Bruce Pett\u0131  <br \/>\u00dclke: Avusturalya  <br \/>S\u00fcre: 80 Dakika  <br \/>Salon: \u0130n\u015faat M\u00fchendisleri Odas\u0131  <\/p>\n<p>19:30  <br \/>Unutturulanlar: Tari\u015f-G\u00fcltepe-\u00c7imentepe Direni\u015fleri  <br \/>Y\u00f6n: A\u00e7\u0131l\u0131m Ara\u015ft\u0131rma Belgeleme Filmcilik  <br \/>\u00dclke: T\u00fcrkiye  <br \/>S\u00fcre: 60 Dakika  <br \/>Salon: Asmek Yeni Mahalle Semt Evi  <\/p>\n<p><span style=\"color: red;\"><strong>14 Aral\u0131k 2009 Pazartesi <\/strong><\/span> <\/p>\n<p>13:00  <br \/>\u015eark\u0131larla Ge\u00e7tim Aran\u0131zdan  <br \/>Y\u00f6n: \u00dcmit K\u0131van\u00e7  <br \/>\u00dclke: T\u00fcrkiye  <br \/>S\u00fcre:108 Dakika  <br \/>Salon: Akm Perge Salonu  <\/p>\n<p>Dikmen Vadisi Direni\u015fi  <br \/>Y\u00f6n: Din\u00e7er Aslan-Tu\u011f\u00e7e \u00c7etin  <br \/>\u00dclke: T\u00fcrkiye  <br \/>S\u00fcre:26 Dakika  <br \/>Salon: Asmek Yeni Mahalle Semt Evi  <\/p>\n<p>Metal Yorgunlu\u011fu  <br \/>Y\u00f6n: Uygar Demo\u011flu  <br \/>\u00dclke: T\u00fcrkiye  <br \/>S\u00fcre: 18 Dakika  <br \/>Salon: Asmek Yeni Mahalle Semt Evi  <\/p>\n<p>\u0130syan  <br \/>Y\u00f6n: G\u0131llo Pontecorvo  <br \/>\u00dclke: \u0130talya  <br \/>S\u00fcre: 112 Dakika  <br \/>Salon: Ses  <\/p>\n<p>14:00  <br \/>Darwin\u2019in Kabusu  <br \/>Y\u00f6n: Hubert Sauper  <br \/>\u00dclke: Avusturya  <br \/>S\u00fcre: 107 Dakika  <br \/>Salon: Asmek Yeni Mahalle Semt Evi  <\/p>\n<p>15:00  <br \/>Demir Yol  <br \/>Y\u00f6n: Yavuz \u00d6zkan  <br \/>\u00dclke: T\u00fcrkiye  <br \/>S\u00fcre: 85 Dakika  <br \/>Salon: E\u011fitim-Sen  <\/p>\n<p>\u015eehir Sakin  <br \/>Y\u00f6n:Robert Gued\u0131g\u0131yan  <br \/>\u00dclke: Fransa  <br \/>S\u00fcre:132 Dakika  <br \/>Salon: Ansan  <\/p>\n<p>16:00  <br \/>\u015ea\u015fk\u0131n K\u00f6pekler  <br \/>Y\u00f6n:Marziye Me\u015fkin  <br \/>\u00dclke: T\u00fcrkiye  <br \/>S\u00fcre: 93 Dakika  <br \/>Salon: Asmek Yeni Mahalle Semt Evi  <\/p>\n<p>17:30  <br \/>Merhaba Bay Huh Dea-Soo  <br \/>Y\u00f6n: Jung Ho&#8211;Jung  <br \/>\u00dclke: Kore  <br \/>S\u00fcre: 68 Dakika  <br \/>Salon: Akm Perge Salonu  <\/p>\n<p>T\u00fcm \u0130nsanlar E\u015fit Ve \u00d6zg\u00fcrd\u00fcr  <br \/>Y\u00f6n: \u00c7ee\u015fitli  <br \/>\u00dclke: \u00c7e\u015fitli \u00dclkelerden 6 K\u0131sa Film  <br \/>S\u00fcre: 80 Dakika  <br \/>Salon: Ansan  <\/p>\n<p>18:00  <br \/>Silikozis  <br \/>Y\u00f6n: Ethem \u00d6zg\u00fcven-Petra Holzer-Sel\u00e7uk Erzurumlu  <br \/>\u00dclke:T\u00fcrkiye  <br \/>S\u00fcre: 45 Dakika  <br \/>Salon: Asmek Yeni Mahalle Semt Evi  <\/p>\n<p>D\u00f6n\u00fc\u015f  <br \/>Y\u00f6n: Soner Y\u0131ld\u0131r\u0131m  <br \/>\u00dclke T\u00fcrkiye:  <br \/>S\u00fcre: 18 Dakika  <br \/>Salon: Asmek Yeni Mahalle Semt Evi  <\/p>\n<p>Patronsuzlar-2: Brezilya  <br \/>Y\u00f6n: Metin Ye\u011fin  <br \/>\u00dclke: Brezilya  <br \/>S\u00fcre: 60 Dakika  <br \/>Salon: Dev-Sa\u011fl\u0131k \u0130\u015f  <\/p>\n<p>19:00  <br \/>\u0130\u015fte \u00d6zg\u00fcr D\u00fcnya  <br \/>Y\u00f6n: Ken Loach  <br \/>\u00dclke: \u0130ngiltere  <br \/>S\u00fcre: 96 Dakika  <br \/>Salon: Akm Aspendos Salonu  <\/p>\n<p>Unutturulanlar: Mara\u015f Katliam\u0131  <br \/>Y\u00f6n: A\u00e7\u0131l\u0131m Ara\u015ft\u0131rma Belgeleme Filmcilik  <br \/>\u00dclke: T\u00fcrkiye  <br \/>S\u00fcre: 90 Dakika  <br \/>Salon: Asmek Yeni Mahalle Semt Evi  <\/p>\n<p>Limanlar\u0131n U\u011fultusu  <br \/>Y\u00f6n: Aynur \u00d6zbak\u0131r  <br \/>\u00dclke: T\u00fcrkiye  <br \/>S\u00fcre: 30 Dakika  <br \/>Salon: E\u011fitim-Sen  <\/p>\n<p>3 \u00d6yk\u00fc 3 Direni\u015f  <br \/>Y\u00f6n: Safiye I\u015f\u0131kl\u0131- \u00d6zg\u00fcr F\u0131nd\u0131k  <br \/>\u00dclke: T\u00fcrkiye  <br \/>S\u00fcre: 57 Dakika  <br \/>Salon: Ses  <\/p>\n<p>Tolya  <br \/>Y\u00f6n: Rodeon Brodsky  <br \/>\u00dclke: Rusya  <br \/>S\u00fcre: 9 Dakika  <br \/>Salon: Ansan  <\/p>\n<p>Arna\u2019n\u0131n \u00c7ocuklar\u0131  <br \/>Y\u00f6n: Jul\u0131ano Kham\u0131s \u2013 Dann\u0131el Dann\u0131el  <br \/>\u00dclke: Filistin-\u0130srail  <br \/>S\u00fcre: 84 Dakika  <br \/>Salon: Ansan  <\/p>\n<p><span style=\"color: red;\"><strong>15 Aral\u0131k 2009 Sal\u0131 <\/strong><\/span> <\/p>\n<p>13:30  <br \/>\u0130\u015f\u00e7i S\u0131n\u0131f\u0131 Cennete Gider  <br \/>Y\u00f6n: El\u0131o Petr\u0131  <br \/>\u00dclke: \u0130talya  <br \/>S\u00fcre: 125 Dakika  <br \/>Salon: Akm Perge Salonu  <\/p>\n<p>14:30  <br \/>D\u00fc\u015fman  <br \/>Y\u00f6n: Zeki \u00d6kten  <br \/>\u00dclke:T\u00fcrkiye  <br \/>S\u00fcre: 180 Dakika  <br \/>Salon: Asmek Yeni Mahalle Semt Evi  <\/p>\n<p>15:00  <br \/>Guatanamo Diye Bir Yer  <br \/>Y\u00f6n: Rolando Alm\u0131rente Cast\u0131llo  <br \/>\u00dclke: K\u00fcba  <br \/>S\u00fcre: 45 Dakika  <br \/>Salon: E\u011fitim-Sen  <\/p>\n<p>\u0130plik Hayatlar  <br \/>Y\u00f6n: Kibar Da\u011flayan Yi\u011fit  <br \/>\u00dclke: T\u00fcrkiye  <br \/>S\u00fcre: 27 Dakika  <br \/>Salon: Ses  <\/p>\n<p>Mandolinli K\u0131z  <br \/>Y\u00f6n: Co\u015fg\u00fcl Y\u00fcksel &#8211; G\u00fclfem G\u00fcrses  <br \/>\u00dclke: T\u00fcrkiye  <br \/>S\u00fcre: 19 Dakika  <br \/>Salon: Ses  <\/p>\n<p>Patronsuzlar-3: Uruguay Arjantin  <br \/>Y\u00f6n: Metin Ye\u011fin  <br \/>\u00dclke: Uruguay Arjantin  <br \/>S\u00fcre: 60 Dakika  <br \/>Salon: Ansan  <\/p>\n<p>15:30  <br \/>Maden  <br \/>Y\u00f6n: Yavuz \u00d6zkan  <br \/>\u00dclke: T\u00fcrkiye  <br \/>S\u00fcre: 89 Dakika  <br \/>Salon: Akm Perge Salonu  <\/p>\n<p>17:00  <br \/>Lamba  <br \/>Y\u00f6n: Metin Kaya  <br \/>\u00dclke: T\u00fcrkiye  <br \/>S\u00fcre: 25 Dakika  <br \/>Salon: Akm Perge  <\/p>\n<p>17:30  <br \/>Ariel  <br \/>Y\u00f6n: Ak\u0131 Kour\u0131smak\u0131  <br \/>\u00dclke: Finlandiya  <br \/>S\u00fcre: 73 Dakika  <br \/>Salon: Akm Perge Salonu  <\/p>\n<p>Devrimci Gen\u00e7lik K\u00f6pr\u00fcs\u00fc  <br \/>Y\u00f6n: Bahriye Kabaday\u0131  <br \/>\u00dclke: T\u00fcrkiye  <br \/>S\u00fcre: 84 Dakika  <br \/>Salon: Asmek Yeni Mahalle Semt Evi  <\/p>\n<p>18:00  <br \/>Asya Minor\u2026 Yeniden  <br \/>Y\u00f6n: Tahsin \u0130\u015fbilen  <br \/>\u00dclke: T\u00fcrkiye  <br \/>S\u00fcre: 55 Dakika  <br \/>Salon: Ansan  <\/p>\n<p>19:00  <br \/>Cocalero  <br \/>Y\u00f6n: Alejandro Landes  <br \/>\u00dclke: Bolivya  <br \/>S\u00fcre: 94 Dakika  <br \/>Salon: Akm Perge Salonu  <\/p>\n<p>Portakal Hasad\u0131  <br \/>Yap\u0131mc\u0131: A-F\u0131lms  <br \/>\u00dclke: L\u00fcbnan  <br \/>S\u00fcre: 17 Dakika  <br \/>Salon: Asmek Yeni Mahalle Semt Evi  <\/p>\n<p>Bereketli Topraklar \u00dczerinde  <br \/>Y\u00f6n: Erden K\u0131ral  <br \/>\u00dclke: T\u00fcrkiye  <br \/>S\u00fcre: 115 Dakika  <br \/>Salon: Asmek Yeni Mahalle Semt Evi  <\/p>\n<p>Silikozis  <br \/>Y\u00f6n: Ethem \u00d6zg\u00fcven-Petra Holzer-Sel\u00e7uk Erzurumlu  <br \/>\u00dclke:T\u00fcrkiye  <br \/>S\u00fcre: 45 Dakika  <br \/>Salon: E\u011fitim-Sen  <\/p>\n<p>D\u00f6n\u00fc\u015f  <br \/>Y\u00f6n: Soner Y\u0131ld\u0131r\u0131m  <br \/>\u00dclke T\u00fcrkiye:  <br \/>S\u00fcre: 18 Dakika  <br \/>Salon: E\u011fitim-Sen  <\/p>\n<p>Unutturlanlar: Fatsa Ger\u00e7e\u011fi  <br \/>Y\u00f6n: A\u00e7\u0131l\u0131m Ara\u015ft\u0131rma Belgeleme Filmcilik  <br \/>\u00dclke: T\u00fcrkiye  <br \/>S\u00fcre: 90 Dakika  <br \/>Salon: Ses  <\/p>\n<p>Naz\u0131m\u2019\u0131n K\u00fcba Seyahati  <br \/>Y\u00f6n: \u00c7a\u011fr\u0131 K\u0131n\u0131ko\u011flu \u2013 Glor\u0131a Rolando  <br \/>\u00dclke: T\u00fcrkiye &#8211; K\u00fcba  <br \/>S\u00fcre: 68 Dakika  <br \/>Salon: Ansan  <\/p>\n<p>San Frans\u0131sco 68 Grevi  <br \/>Yap\u0131mc\u0131: Labor V\u0131deo Project  <br \/>\u00dclke: Abd  <br \/>S\u00fcre: 56 Dakika  <br \/>Salon: \u0130n\u015faat M\u00fchendisleri Odas\u0131  <\/p>\n<p>100 Bin Ki\u015fiydiler  <br \/>Y\u00f6n: Metin Kaya  <br \/>\u00dclke: T\u00fcrkiye  <br \/>S\u00fcre: 72 Dakika  <br \/>Salon: Dev-Sa\u011fl\u0131k \u0130\u015f  <\/p>\n<p><span style=\"color: red;\"><strong>16 Aral\u0131k 2009 \u00c7ar\u015famba <\/strong><\/span> <\/p>\n<p>15:00  <br \/>D\u00fcnyan\u0131n D\u00f6rt Bir Yan\u0131ndaki Emek\u00e7i Kad\u0131nlar  <br \/>Y\u00f6n: V\u0131v\u0131an Pr\u0131ce  <br \/>\u00dclke: \u00c7e\u015fitli  <br \/>S\u00fcre: 62 Dakika  <br \/>Salon: Akm Perge Salonu  <\/p>\n<p>K\u0131rlang\u0131c\u0131n Yuvas\u0131  <br \/>Y\u00f6n: B\u00fclent Ar\u0131n  <br \/>\u00dclke:T\u00fcrkiye  <br \/>S\u00fcre: 21 Dakika  <br \/>Salon: E\u011fitim-Sen  <\/p>\n<p>Sevgili Mandela  <br \/>Y\u00f6n: Dara Kell \u2013 Chr\u0131stopher N\u0131zza  <br \/>\u00dclke: G. Afrika  <br \/>S\u00fcre: 6 Dakika  <br \/>Salon: E\u011fitim-Sen  <\/p>\n<p>\u00c7al\u0131\u015fan \u00c7ocuklar \u00dczerine  <br \/>Y\u00f6n: Kaz\u0131m \u0130lkan Kertmen \u2013 Remziye Kozan  <br \/>\u00dclke: T\u00fcrkiye  <br \/>S\u00fcre: 9 Dakika  <br \/>Salon: E\u011fitim-Sen  <\/p>\n<p>Kedinin \u0130\u00e7indeki Fare  <br \/>Y\u00f6n: Veli Kahraman  <br \/>\u00dclke: T\u00fcrkiye  <br \/>S\u00fcre:10 Dakika  <br \/>Salon: E\u011fitim-Sen  <\/p>\n<p>Karanl\u0131\u011f\u0131n G\u00f6zleri  <br \/>Y\u00f6n: Can Diker  <br \/>\u00dclke: T\u00fcrkiye  <br \/>S\u00fcre: 29 Sakika  <br \/>Salon:Ses  <\/p>\n<p>S\u00fct Ve \u00c7ikolata  <br \/>Y\u00f6n: Senem T\u00fczen  <br \/>\u00dclke: T\u00fcrkiye  <br \/>S\u00fcre: 20 Dakika  <br \/>Salon:Ses  <\/p>\n<p>Ekmek Paras\u0131  <br \/>Y\u00f6n: Serhan \u015eeng\u00fcl  <br \/>\u00dclke: T\u00fcrkiye  <br \/>S\u00fcre: 17 Dakika  <br \/>Salon:Ses  <\/p>\n<p>16:30  <br \/>Enternasyonel  <br \/>Y\u00f6n: Peter M\u0131ller  <br \/>\u00dclke: Abd  <br \/>S\u00fcre: 30 Dakika  <br \/>Salon: Akm Perge Salonu  <\/p>\n<p>17:00  <br \/>\u0130syan  <br \/>Y\u00f6n: G\u0131\u0131lo Pontecorvo  <br \/>\u00dclke: \u0130talya  <br \/>S\u00fcre: 112 Dakika  <br \/>Salon: Akm Perge Salonu  <\/p>\n<p>Yusuf \u0130le Kenan  <br \/>Y\u00f6n: \u00d6mer Kavur  <br \/>\u00dclke: T\u00fcrkiye  <br \/>S\u00fcre: 83 Dakika  <br \/>Salon: Asmek Yeni Mahalle Semt Evi  <\/p>\n<p>Nenemin \u00d6yk\u00fcs\u00fc  <br \/>Y\u00f6n: P\u0131nar \u00d6zkurt T\u00fclek-Erkal T\u00fclek  <br \/>\u00dclke: T\u00fcrkiye  <br \/>S\u00fcre: 107 Dakika  <br \/>Salon: Ansan  <\/p>\n<p>18:00  <br \/>Porto Marghera  <br \/>Y\u00f6n: Manuela Pellar\u0131n  <br \/>\u00dclke: \u0130talya  <br \/>S\u00fcre:52 Dakika  <br \/>Salon: Asmek Yeni Mahalle Semt Evi  <\/p>\n<p>Patronsuzlar-4: Bolivya-Venezuella  <br \/>Y\u00f6n: Metin Ye\u011fin  <br \/>\u00dclke:Bolivya-Venezuella  <br \/>S\u00fcre: 60 Dakika  <br \/>Salon: Dev-Sa\u011fl\u0131k \u0130\u015f  <\/p>\n<p>19:00  <br \/>Adana-Paris: Y\u0131lmaz G\u00fcney  <br \/>Y\u00f6n: Ahmet Soner  <br \/>\u00dclke: T\u00fcrkiye  <br \/>S\u00fcre: 127 Dakika  <br \/>Salon: Akm Aspendos Salonu  <\/p>\n<p>Unutturulanlar: Devrimci Yer Alt\u0131 Maden-\u0130\u015f Sendikas\u0131 Yeni \u00c7eltek Belgeseli  <br \/>Y\u00f6n:A\u00e7\u0131l\u0131m Ara\u015ft\u0131rma Belgelem Filmcilik  <br \/>\u00dclke: T\u00fcrkiye  <br \/>S\u00fcre: 120 Dakika  <br \/>Salon: Asmek Yeni Mahalle Semt Evi  <\/p>\n<p>D\u00fcnyan\u0131n \u00d6teki Y\u00fcz\u00fc  <br \/>Y\u00f6n: Jav\u0131er Corcuera  <br \/>\u00dclke: Peru  <br \/>S\u00fcre: 89 Dakika  <br \/>Salon: E\u011fitim-Sen  <\/p>\n<p>Kad\u0131n Sava\u015f\u00e7\u0131lar \u0130\u00e7in Engelleri Kald\u0131r\u0131n  <br \/>Y\u00f6n: Ojo Obrero  <br \/>\u00dclke: Arjantin  <br \/>S\u00fcre: 33 Dak\u015fka  <br \/>Salon:Ses  <\/p>\n<p>G\u00fcne\u015fe D\u00f6n\u00fck Kamera  <br \/>Y\u00f6n: Kaya Tanyeri  <br \/>\u00dclke: T\u00fcrkiye  <br \/>S\u00fcre: 30 Dakika  <br \/>Salon: Ses  <\/p>\n<p>Fabrikan\u0131n Kalbi  <br \/>Y\u00f6n: V\u0131rna Mol\u0131na \u2013 Ernesto Ard\u0131to  <br \/>\u00dclke: G. Amerika  <br \/>S\u00fcre: 129 Dakika  <br \/>Salon:Ansan  <\/p>\n<p>\u0130\u015f\u00e7ilere Benden Selam S\u00f6yle: Kemal T\u00fcrkler  <br \/>Y\u00f6n: Selma Kadakal  <br \/>\u00dclke: T\u00fcrkiye  <br \/>S\u00fcre: 90 Dakika  <br \/>Salon:\u0130n\u015faat M\u00fchendisleri Odas\u0131  <\/p>\n<p><em>Film s\u00fcreleri ile ilgili bilgiler kesin de\u011fildir.  <br \/>Festival komitesi gerekli g\u00f6rd\u00fc\u011f\u00fc durumlarda filmlerin g\u00f6sterilece\u011fi mekanlar\u0131 ve saatleri de\u011fi\u015ftirme hakk\u0131na sahiptir. De\u011fi\u015fiklikleri filmlerin g\u00f6sterilece\u011fi salonlardaki duyuru panolar\u0131ndan duyurulacakt\u0131r. <\/em><\/p>\n<p>\u00a0<\/p>\n<p>\u00a0<\/p>\n","protected":false},"excerpt":{"rendered":"<p>Uluslararas\u0131 \u0130\u015f\u00e7i Filmleri Festivali-Antalya Program\u0131 Uluslararas\u0131 \u0130\u015f\u00e7i Filmleri Festivali Antalya b\u00f6l\u00fcm\u00fc ba\u015fl\u0131yor. Festivalin bu y\u0131l ilk defa gitti\u011fi Antalya\u2019da son d\u00f6rt y\u0131l\u0131n\u0131n filmlerinden olu\u015fan bir se\u00e7ki izleyenlere sunulacak.Antalya \u0130\u015f\u00e7i Filmleri Festivali 12-17 Aral\u0131k 2009 tarihleri aras\u0131nda d\u00fczenlenecek Festival\u2019in galas\u0131 12 Aral\u0131k gecesi &#8221;100 bin Ki\u015fiydiler&#8221; belgeselinin g\u00f6sterimiyle ger\u00e7ekle\u015fecek. Antsan(Antalya Sanat\u00e7\u0131lar Derne\u011fi), KESK\u2019e (Kamu Emek\u00e7ileri Sendika [&hellip;]<\/p>\n","protected":false},"author":1,"featured_media":0,"comment_status":"open","ping_status":"open","sticky":false,"template":"","format":"standard","meta":{"footnotes":""},"categories":[111],"tags":[],"class_list":{"0":"post-2525","1":"post","2":"type-post","3":"status-publish","4":"format-standard","6":"category-sinema-haberleri"},"yoast_head":"<!-- This site is optimized with the Yoast SEO Premium plugin v24.9 (Yoast SEO v24.9) - https:\/\/yoast.com\/wordpress\/plugins\/seo\/ -->\n<title>Uluslararas\u0131 \u0130\u015f\u00e7i Filmleri Festivali Antalya Program\u0131 - narteks.net<\/title>\n<meta name=\"robots\" content=\"index, follow, max-snippet:-1, max-image-preview:large, max-video-preview:-1\" \/>\n<link rel=\"canonical\" href=\"https:\/\/narteks.net\/index.php\/2009\/12\/05\/uluslararas-ci-filmleri-festivali-antalya-program\/\" \/>\n<meta property=\"og:locale\" content=\"tr_TR\" \/>\n<meta property=\"og:type\" content=\"article\" \/>\n<meta property=\"og:title\" content=\"Uluslararas\u0131 \u0130\u015f\u00e7i Filmleri Festivali Antalya Program\u0131\" \/>\n<meta property=\"og:description\" content=\"Uluslararas\u0131 \u0130\u015f\u00e7i Filmleri Festivali-Antalya Program\u0131 Uluslararas\u0131 \u0130\u015f\u00e7i Filmleri Festivali Antalya b\u00f6l\u00fcm\u00fc ba\u015fl\u0131yor. Festivalin bu y\u0131l ilk defa gitti\u011fi Antalya\u2019da son d\u00f6rt y\u0131l\u0131n\u0131n filmlerinden olu\u015fan bir se\u00e7ki izleyenlere sunulacak.Antalya \u0130\u015f\u00e7i Filmleri Festivali 12-17 Aral\u0131k 2009 tarihleri aras\u0131nda d\u00fczenlenecek Festival\u2019in galas\u0131 12 Aral\u0131k gecesi &#8221;100 bin Ki\u015fiydiler&#8221; belgeselinin g\u00f6sterimiyle ger\u00e7ekle\u015fecek. Antsan(Antalya Sanat\u00e7\u0131lar Derne\u011fi), KESK\u2019e (Kamu Emek\u00e7ileri Sendika [&hellip;]\" \/>\n<meta property=\"og:url\" content=\"https:\/\/narteks.net\/index.php\/2009\/12\/05\/uluslararas-ci-filmleri-festivali-antalya-program\/\" \/>\n<meta property=\"og:site_name\" content=\"narteks.net\" \/>\n<meta property=\"article:published_time\" content=\"2009-12-05T15:55:19+00:00\" \/>\n<meta property=\"og:image\" content=\"http:\/\/www.sendika.org\/resimler\/antalyafest-2009-12-05.jpg\" \/>\n<meta name=\"author\" content=\"Tar\u0131k\" \/>\n<meta name=\"twitter:card\" content=\"summary_large_image\" \/>\n<meta name=\"twitter:creator\" content=\"@narteks\" \/>\n<meta name=\"twitter:site\" content=\"@narteks\" \/>\n<meta name=\"twitter:label1\" content=\"Yazan:\" \/>\n\t<meta name=\"twitter:data1\" content=\"Tar\u0131k\" \/>\n\t<meta name=\"twitter:label2\" content=\"Tahmini okuma s\u00fcresi\" \/>\n\t<meta name=\"twitter:data2\" content=\"10 dakika\" \/>\n<script type=\"application\/ld+json\" class=\"yoast-schema-graph\">{\"@context\":\"https:\/\/schema.org\",\"@graph\":[{\"@type\":\"Article\",\"@id\":\"https:\/\/narteks.net\/index.php\/2009\/12\/05\/uluslararas-ci-filmleri-festivali-antalya-program\/#article\",\"isPartOf\":{\"@id\":\"https:\/\/narteks.net\/index.php\/2009\/12\/05\/uluslararas-ci-filmleri-festivali-antalya-program\/\"},\"author\":{\"name\":\"Tar\u0131k\",\"@id\":\"https:\/\/narteks.net\/#\/schema\/person\/61f37d9834294b72d31d274e7ed79bca\"},\"headline\":\"Uluslararas\u0131 \u0130\u015f\u00e7i Filmleri Festivali Antalya Program\u0131\",\"datePublished\":\"2009-12-05T15:55:19+00:00\",\"mainEntityOfPage\":{\"@id\":\"https:\/\/narteks.net\/index.php\/2009\/12\/05\/uluslararas-ci-filmleri-festivali-antalya-program\/\"},\"wordCount\":1996,\"commentCount\":0,\"publisher\":{\"@id\":\"https:\/\/narteks.net\/#organization\"},\"image\":{\"@id\":\"https:\/\/narteks.net\/index.php\/2009\/12\/05\/uluslararas-ci-filmleri-festivali-antalya-program\/#primaryimage\"},\"thumbnailUrl\":\"http:\/\/www.sendika.org\/resimler\/antalyafest-2009-12-05.jpg\",\"articleSection\":[\"Sinema Haberleri\"],\"inLanguage\":\"tr\",\"potentialAction\":[{\"@type\":\"CommentAction\",\"name\":\"Comment\",\"target\":[\"https:\/\/narteks.net\/index.php\/2009\/12\/05\/uluslararas-ci-filmleri-festivali-antalya-program\/#respond\"]}]},{\"@type\":\"WebPage\",\"@id\":\"https:\/\/narteks.net\/index.php\/2009\/12\/05\/uluslararas-ci-filmleri-festivali-antalya-program\/\",\"url\":\"https:\/\/narteks.net\/index.php\/2009\/12\/05\/uluslararas-ci-filmleri-festivali-antalya-program\/\",\"name\":\"Uluslararas\u0131 \u0130\u015f\u00e7i Filmleri Festivali Antalya Program\u0131 - narteks.net\",\"isPartOf\":{\"@id\":\"https:\/\/narteks.net\/#website\"},\"primaryImageOfPage\":{\"@id\":\"https:\/\/narteks.net\/index.php\/2009\/12\/05\/uluslararas-ci-filmleri-festivali-antalya-program\/#primaryimage\"},\"image\":{\"@id\":\"https:\/\/narteks.net\/index.php\/2009\/12\/05\/uluslararas-ci-filmleri-festivali-antalya-program\/#primaryimage\"},\"thumbnailUrl\":\"http:\/\/www.sendika.org\/resimler\/antalyafest-2009-12-05.jpg\",\"datePublished\":\"2009-12-05T15:55:19+00:00\",\"breadcrumb\":{\"@id\":\"https:\/\/narteks.net\/index.php\/2009\/12\/05\/uluslararas-ci-filmleri-festivali-antalya-program\/#breadcrumb\"},\"inLanguage\":\"tr\",\"potentialAction\":[{\"@type\":\"ReadAction\",\"target\":[\"https:\/\/narteks.net\/index.php\/2009\/12\/05\/uluslararas-ci-filmleri-festivali-antalya-program\/\"]}]},{\"@type\":\"ImageObject\",\"inLanguage\":\"tr\",\"@id\":\"https:\/\/narteks.net\/index.php\/2009\/12\/05\/uluslararas-ci-filmleri-festivali-antalya-program\/#primaryimage\",\"url\":\"http:\/\/www.sendika.org\/resimler\/antalyafest-2009-12-05.jpg\",\"contentUrl\":\"http:\/\/www.sendika.org\/resimler\/antalyafest-2009-12-05.jpg\"},{\"@type\":\"BreadcrumbList\",\"@id\":\"https:\/\/narteks.net\/index.php\/2009\/12\/05\/uluslararas-ci-filmleri-festivali-antalya-program\/#breadcrumb\",\"itemListElement\":[{\"@type\":\"ListItem\",\"position\":1,\"name\":\"Anasayfa\",\"item\":\"https:\/\/narteks.net\/\"},{\"@type\":\"ListItem\",\"position\":2,\"name\":\"Uluslararas\u0131 \u0130\u015f\u00e7i Filmleri Festivali Antalya Program\u0131\"}]},{\"@type\":\"WebSite\",\"@id\":\"https:\/\/narteks.net\/#website\",\"url\":\"https:\/\/narteks.net\/\",\"name\":\"narteks.net\",\"description\":\"K\u00fclt\u00fcr Sanat Edebiyat Felsefe\",\"publisher\":{\"@id\":\"https:\/\/narteks.net\/#organization\"},\"alternateName\":\"K\u00fclt\u00fcr Sanat Edebiyat Felsefe\",\"potentialAction\":[{\"@type\":\"SearchAction\",\"target\":{\"@type\":\"EntryPoint\",\"urlTemplate\":\"https:\/\/narteks.net\/?s={search_term_string}\"},\"query-input\":{\"@type\":\"PropertyValueSpecification\",\"valueRequired\":true,\"valueName\":\"search_term_string\"}}],\"inLanguage\":\"tr\"},{\"@type\":\"Organization\",\"@id\":\"https:\/\/narteks.net\/#organization\",\"name\":\"narteks.net\",\"url\":\"https:\/\/narteks.net\/\",\"logo\":{\"@type\":\"ImageObject\",\"inLanguage\":\"tr\",\"@id\":\"https:\/\/narteks.net\/#\/schema\/logo\/image\/\",\"url\":\"https:\/\/narteks.net\/wp-content\/uploads\/narteks.png\",\"contentUrl\":\"https:\/\/narteks.net\/wp-content\/uploads\/narteks.png\",\"width\":300,\"height\":90,\"caption\":\"narteks.net\"},\"image\":{\"@id\":\"https:\/\/narteks.net\/#\/schema\/logo\/image\/\"},\"sameAs\":[\"https:\/\/x.com\/narteks\",\"https:\/\/instagram.com\/narteksnet\"]},{\"@type\":\"Person\",\"@id\":\"https:\/\/narteks.net\/#\/schema\/person\/61f37d9834294b72d31d274e7ed79bca\",\"name\":\"Tar\u0131k\",\"image\":{\"@type\":\"ImageObject\",\"inLanguage\":\"tr\",\"@id\":\"https:\/\/narteks.net\/#\/schema\/person\/image\/\",\"url\":\"https:\/\/secure.gravatar.com\/avatar\/50865afb55632c4ae467e0af0930f6510aa2297d8014be502a55b14f3b7550cf?s=96&d=mm&r=g\",\"contentUrl\":\"https:\/\/secure.gravatar.com\/avatar\/50865afb55632c4ae467e0af0930f6510aa2297d8014be502a55b14f3b7550cf?s=96&d=mm&r=g\",\"caption\":\"Tar\u0131k\"},\"sameAs\":[\"http:\/\/narteks.net\"],\"url\":\"https:\/\/narteks.net\/index.php\/author\/narbak\/\"}]}<\/script>\n<!-- \/ Yoast SEO Premium plugin. -->","yoast_head_json":{"title":"Uluslararas\u0131 \u0130\u015f\u00e7i Filmleri Festivali Antalya Program\u0131 - narteks.net","robots":{"index":"index","follow":"follow","max-snippet":"max-snippet:-1","max-image-preview":"max-image-preview:large","max-video-preview":"max-video-preview:-1"},"canonical":"https:\/\/narteks.net\/index.php\/2009\/12\/05\/uluslararas-ci-filmleri-festivali-antalya-program\/","og_locale":"tr_TR","og_type":"article","og_title":"Uluslararas\u0131 \u0130\u015f\u00e7i Filmleri Festivali Antalya Program\u0131","og_description":"Uluslararas\u0131 \u0130\u015f\u00e7i Filmleri Festivali-Antalya Program\u0131 Uluslararas\u0131 \u0130\u015f\u00e7i Filmleri Festivali Antalya b\u00f6l\u00fcm\u00fc ba\u015fl\u0131yor. Festivalin bu y\u0131l ilk defa gitti\u011fi Antalya\u2019da son d\u00f6rt y\u0131l\u0131n\u0131n filmlerinden olu\u015fan bir se\u00e7ki izleyenlere sunulacak.Antalya \u0130\u015f\u00e7i Filmleri Festivali 12-17 Aral\u0131k 2009 tarihleri aras\u0131nda d\u00fczenlenecek Festival\u2019in galas\u0131 12 Aral\u0131k gecesi &#8221;100 bin Ki\u015fiydiler&#8221; belgeselinin g\u00f6sterimiyle ger\u00e7ekle\u015fecek. Antsan(Antalya Sanat\u00e7\u0131lar Derne\u011fi), KESK\u2019e (Kamu Emek\u00e7ileri Sendika [&hellip;]","og_url":"https:\/\/narteks.net\/index.php\/2009\/12\/05\/uluslararas-ci-filmleri-festivali-antalya-program\/","og_site_name":"narteks.net","article_published_time":"2009-12-05T15:55:19+00:00","og_image":[{"url":"http:\/\/www.sendika.org\/resimler\/antalyafest-2009-12-05.jpg","type":"","width":"","height":""}],"author":"Tar\u0131k","twitter_card":"summary_large_image","twitter_creator":"@narteks","twitter_site":"@narteks","twitter_misc":{"Yazan:":"Tar\u0131k","Tahmini okuma s\u00fcresi":"10 dakika"},"schema":{"@context":"https:\/\/schema.org","@graph":[{"@type":"Article","@id":"https:\/\/narteks.net\/index.php\/2009\/12\/05\/uluslararas-ci-filmleri-festivali-antalya-program\/#article","isPartOf":{"@id":"https:\/\/narteks.net\/index.php\/2009\/12\/05\/uluslararas-ci-filmleri-festivali-antalya-program\/"},"author":{"name":"Tar\u0131k","@id":"https:\/\/narteks.net\/#\/schema\/person\/61f37d9834294b72d31d274e7ed79bca"},"headline":"Uluslararas\u0131 \u0130\u015f\u00e7i Filmleri Festivali Antalya Program\u0131","datePublished":"2009-12-05T15:55:19+00:00","mainEntityOfPage":{"@id":"https:\/\/narteks.net\/index.php\/2009\/12\/05\/uluslararas-ci-filmleri-festivali-antalya-program\/"},"wordCount":1996,"commentCount":0,"publisher":{"@id":"https:\/\/narteks.net\/#organization"},"image":{"@id":"https:\/\/narteks.net\/index.php\/2009\/12\/05\/uluslararas-ci-filmleri-festivali-antalya-program\/#primaryimage"},"thumbnailUrl":"http:\/\/www.sendika.org\/resimler\/antalyafest-2009-12-05.jpg","articleSection":["Sinema Haberleri"],"inLanguage":"tr","potentialAction":[{"@type":"CommentAction","name":"Comment","target":["https:\/\/narteks.net\/index.php\/2009\/12\/05\/uluslararas-ci-filmleri-festivali-antalya-program\/#respond"]}]},{"@type":"WebPage","@id":"https:\/\/narteks.net\/index.php\/2009\/12\/05\/uluslararas-ci-filmleri-festivali-antalya-program\/","url":"https:\/\/narteks.net\/index.php\/2009\/12\/05\/uluslararas-ci-filmleri-festivali-antalya-program\/","name":"Uluslararas\u0131 \u0130\u015f\u00e7i Filmleri Festivali Antalya Program\u0131 - narteks.net","isPartOf":{"@id":"https:\/\/narteks.net\/#website"},"primaryImageOfPage":{"@id":"https:\/\/narteks.net\/index.php\/2009\/12\/05\/uluslararas-ci-filmleri-festivali-antalya-program\/#primaryimage"},"image":{"@id":"https:\/\/narteks.net\/index.php\/2009\/12\/05\/uluslararas-ci-filmleri-festivali-antalya-program\/#primaryimage"},"thumbnailUrl":"http:\/\/www.sendika.org\/resimler\/antalyafest-2009-12-05.jpg","datePublished":"2009-12-05T15:55:19+00:00","breadcrumb":{"@id":"https:\/\/narteks.net\/index.php\/2009\/12\/05\/uluslararas-ci-filmleri-festivali-antalya-program\/#breadcrumb"},"inLanguage":"tr","potentialAction":[{"@type":"ReadAction","target":["https:\/\/narteks.net\/index.php\/2009\/12\/05\/uluslararas-ci-filmleri-festivali-antalya-program\/"]}]},{"@type":"ImageObject","inLanguage":"tr","@id":"https:\/\/narteks.net\/index.php\/2009\/12\/05\/uluslararas-ci-filmleri-festivali-antalya-program\/#primaryimage","url":"http:\/\/www.sendika.org\/resimler\/antalyafest-2009-12-05.jpg","contentUrl":"http:\/\/www.sendika.org\/resimler\/antalyafest-2009-12-05.jpg"},{"@type":"BreadcrumbList","@id":"https:\/\/narteks.net\/index.php\/2009\/12\/05\/uluslararas-ci-filmleri-festivali-antalya-program\/#breadcrumb","itemListElement":[{"@type":"ListItem","position":1,"name":"Anasayfa","item":"https:\/\/narteks.net\/"},{"@type":"ListItem","position":2,"name":"Uluslararas\u0131 \u0130\u015f\u00e7i Filmleri Festivali Antalya Program\u0131"}]},{"@type":"WebSite","@id":"https:\/\/narteks.net\/#website","url":"https:\/\/narteks.net\/","name":"narteks.net","description":"K\u00fclt\u00fcr Sanat Edebiyat Felsefe","publisher":{"@id":"https:\/\/narteks.net\/#organization"},"alternateName":"K\u00fclt\u00fcr Sanat Edebiyat Felsefe","potentialAction":[{"@type":"SearchAction","target":{"@type":"EntryPoint","urlTemplate":"https:\/\/narteks.net\/?s={search_term_string}"},"query-input":{"@type":"PropertyValueSpecification","valueRequired":true,"valueName":"search_term_string"}}],"inLanguage":"tr"},{"@type":"Organization","@id":"https:\/\/narteks.net\/#organization","name":"narteks.net","url":"https:\/\/narteks.net\/","logo":{"@type":"ImageObject","inLanguage":"tr","@id":"https:\/\/narteks.net\/#\/schema\/logo\/image\/","url":"https:\/\/narteks.net\/wp-content\/uploads\/narteks.png","contentUrl":"https:\/\/narteks.net\/wp-content\/uploads\/narteks.png","width":300,"height":90,"caption":"narteks.net"},"image":{"@id":"https:\/\/narteks.net\/#\/schema\/logo\/image\/"},"sameAs":["https:\/\/x.com\/narteks","https:\/\/instagram.com\/narteksnet"]},{"@type":"Person","@id":"https:\/\/narteks.net\/#\/schema\/person\/61f37d9834294b72d31d274e7ed79bca","name":"Tar\u0131k","image":{"@type":"ImageObject","inLanguage":"tr","@id":"https:\/\/narteks.net\/#\/schema\/person\/image\/","url":"https:\/\/secure.gravatar.com\/avatar\/50865afb55632c4ae467e0af0930f6510aa2297d8014be502a55b14f3b7550cf?s=96&d=mm&r=g","contentUrl":"https:\/\/secure.gravatar.com\/avatar\/50865afb55632c4ae467e0af0930f6510aa2297d8014be502a55b14f3b7550cf?s=96&d=mm&r=g","caption":"Tar\u0131k"},"sameAs":["http:\/\/narteks.net"],"url":"https:\/\/narteks.net\/index.php\/author\/narbak\/"}]}},"_links":{"self":[{"href":"https:\/\/narteks.net\/index.php\/wp-json\/wp\/v2\/posts\/2525","targetHints":{"allow":["GET"]}}],"collection":[{"href":"https:\/\/narteks.net\/index.php\/wp-json\/wp\/v2\/posts"}],"about":[{"href":"https:\/\/narteks.net\/index.php\/wp-json\/wp\/v2\/types\/post"}],"author":[{"embeddable":true,"href":"https:\/\/narteks.net\/index.php\/wp-json\/wp\/v2\/users\/1"}],"replies":[{"embeddable":true,"href":"https:\/\/narteks.net\/index.php\/wp-json\/wp\/v2\/comments?post=2525"}],"version-history":[{"count":0,"href":"https:\/\/narteks.net\/index.php\/wp-json\/wp\/v2\/posts\/2525\/revisions"}],"wp:attachment":[{"href":"https:\/\/narteks.net\/index.php\/wp-json\/wp\/v2\/media?parent=2525"}],"wp:term":[{"taxonomy":"category","embeddable":true,"href":"https:\/\/narteks.net\/index.php\/wp-json\/wp\/v2\/categories?post=2525"},{"taxonomy":"post_tag","embeddable":true,"href":"https:\/\/narteks.net\/index.php\/wp-json\/wp\/v2\/tags?post=2525"}],"curies":[{"name":"wp","href":"https:\/\/api.w.org\/{rel}","templated":true}]}}