{"id":253,"date":"2009-02-27T22:30:13","date_gmt":"2009-02-27T19:30:13","guid":{"rendered":"http:\/\/localhost\/wordpress\/2009\/02\/27\/agahi-biyografisi-ve-eserleri\/"},"modified":"2009-02-27T22:30:13","modified_gmt":"2009-02-27T19:30:13","slug":"agahi-biyografisi-ve-eserleri","status":"publish","type":"post","link":"https:\/\/narteks.net\/index.php\/2009\/02\/27\/agahi-biyografisi-ve-eserleri\/","title":{"rendered":"Agahi Biyografisi ve Eserleri"},"content":{"rendered":"<div style=\"text-align: justify;\">AGAH\u0130<\/div>\n<p style=\"text-align: justify;\"><em>Seher vakti \u00e7ald\u0131m yarin kap\u0131s\u0131n\u0131<br \/>Bakt\u0131m yarin kap\u0131lar\u0131 s\u00fcrmeli<br \/>Ho\u015f bulmad\u0131m ota\u011f\u0131n\u0131n yap\u0131s\u0131n\u0131<br \/>\u00c7\u0131kageldi bir g\u00f6zleri s\u00fcrmeli<\/p>\n<p>Agahi kar\u0131\u015f\u0131r kanl\u0131 ya\u015f ile<br \/>Dost bulunmaz hayal ile d\u00fc\u015f ile<br \/>Yetilmez menzile bu gidi\u015f ile<br \/>Hemen a\u015fk at\u0131na binip s\u00fcrmeli<\/em><\/p>\n<p>1860 &#8211; 1921. \u015eark\u0131\u015fla\u2019n\u0131n K\u0131l\u0131\u00e7\u00e7\u0131 k\u00f6y\u00fcnde do\u011fdu. As\u0131l ad\u0131 Veliy\u00fcddin\u2019dir. Ancak genellikle Veli olarak bilinir. Baz\u0131 kaynaklarda do\u011fum tarihi 1875, \u00f6l\u00fcm tarihi ise 1916 olarak verilmektedir.<\/p>\n<p>Aslen Arapkir\u2019den \u015eark\u0131\u015fla\u2019ya g\u00f6\u00e7en bir ailenin \u00e7ocu\u011fu olan Agahi, a\u015f\u0131kl\u0131k gelene\u011fini ve \u015fiiri, as\u0131l ad\u0131 Mahmut Dervi\u015f olan Zileli Vacit\u2019ten \u00f6\u011frendi.<\/p>\n<p>Baz\u0131 kaynaklara g\u00f6re okur yazar olmayan ve Alevi dergahlar\u0131nda kendini yeti\u015ftiren Agahi\u2019nin \u015fiirleri Anadolu\u2019nun \u00e7e\u015fitli yerlerinde s\u00f6ylenmektedir. \u015eiirlerinde uzun bir s\u00fcre Veli mahlas\u0131n\u0131 kulland\u0131\u011f\u0131ndan ayn\u0131 adl\u0131 \u00f6teki \u015fairlerle\/a\u015f\u0131klarla kar\u0131\u015ft\u0131r\u0131lmaktad\u0131r. Agahi mahlas\u0131n\u0131 ise ne zaman ve kimden ald\u0131\u011f\u0131na ili\u015fkin kesin bir bilgi bulunmamaktad\u0131r.<\/p>\n<p>\u015eark\u0131\u015flal\u0131 Agahi genellikle dini i\u00e7erikli ta\u015flama konular\u0131na a\u011f\u0131rl\u0131k vermesine kar\u015f\u0131n duygu ve sevgi \u015fiirlerinden de bir\u00e7ok g\u00fczel \u00f6rnek b\u0131rakt\u0131.<\/p>\n<p>D\u00f6nemin Beyrut Valisi arac\u0131l\u0131\u011f\u0131yla Sivas Valisi Re\u015fit Akif Pa\u015fa taraf\u0131ndan bir d\u00f6nem \u015eark\u0131\u015fla Tahsildarl\u0131\u011f\u0131 g\u00f6revine getirilen Agahi, \u0130stanbul\u2019dan Rodos\u2019a, Adana\u2019dan Halep\u2019e dek bir\u00e7ok yeri dola\u015ft\u0131.<\/p>\n<p>1911 y\u0131l\u0131nda P\u0131narba\u015f\u0131 tahsildarl\u0131\u011f\u0131na ge\u00e7ti. Ancak bir s\u00fcre sonra ayr\u0131larak k\u00f6y\u00fcne d\u00f6nd\u00fc. Sonraki 5 y\u0131l k\u00f6y\u00fcnde ya\u015fad\u0131. Yakaland\u0131\u011f\u0131 kolera hastal\u0131\u011f\u0131ndan \u00f6ld\u00fc. Baz\u0131 ara\u015ft\u0131rmac\u0131lara g\u00f6re, mezar\u0131 \u015eark\u0131\u015fla\u2019dad\u0131r.<\/p>\n<p>Ayr\u0131ca yine \u015eark\u0131\u015fla ve Rumeli y\u00f6relerinde ya\u015fam\u0131\u015f Agahi adl\u0131 ba\u015fka a\u015f\u0131klar\u0131n oldu\u011fu varsay\u0131lmas\u0131na kar\u015f\u0131n bu konuda kesin bir bilgi bulunmamaktad\u0131r.<\/p>\n<p>Bekir Karadeniz<br \/>1900&#8217;den 2000&#8217;e Halk \u015eiiri<\/p>\n<p><strong>Eserlerinden baz\u0131lar\u0131:<\/strong><\/p>\n<p><strong>Da\u011f\u0131t\u0131r<\/strong><\/p>\n<p>Gam kasavet keder ba\u015fa derildi<br \/>Ancak bu yaray\u0131 yazan da\u011f\u0131t\u0131r<br \/>Bu dert bize ta ezelden verildi<br \/>Sinemdeki olan y\u00fcrek da\u011f\u0131t\u0131r<\/p>\n<p>G\u00f6n\u00fcl tutulmazd\u0131 her tuzak ile<br \/>Ahir tutup bent ettiler ba\u011f ile<br \/>Da\u011f vurdular da\u011flad\u0131lar da\u011f ile<br \/>Dediler ki bizim yozun da\u011f\u0131t\u0131r<\/p>\n<p>G\u00f6rmez misin \u015fu Ferhat\u2019\u0131n i\u015fini<br \/>Kerem sevda ile \u00e7ekti di\u015fini<br \/>Ben de mesken edim bir da\u011fba\u015f\u0131n\u0131<br \/>Desinler ki bu da\u011f Mecnun da\u011f\u0131d\u0131r<\/p>\n<p>Dertli Kerem ile Behl\u00fcl-i Dana<br \/>Onlar a\u015fk elinden oldu divane<br \/>Agahi \u015fuara olmu\u015ftur amma<br \/>Sa\u00e7ma sapan s\u00f6yler s\u00f6z\u00fc da\u011f\u0131t\u0131r<\/p>\n<p><strong>Diyerek<\/strong><\/p>\n<p>Sofu sen kendini arif san\u0131rs\u0131n<br \/>Benden \u00f6zge arif yok yok diyerek<br \/>Sureti zahirde kafa sallars\u0131n<br \/>Oturur kalkars\u0131n hak hak diyerek<\/p>\n<p>G\u00fc\u015f eyle pendimi ey sofu zade<br \/>Sen bu g\u00f6n\u00fcl ile kal\u0131rs\u0131n da\u011fda<br \/>Senin gibi gezer leylek havada<br \/>Ge\u00e7irir \u00f6mr\u00fcn\u00fc lak lak diyerek<\/p>\n<p>Onda k\u00f6rs\u00fcn e\u011fer bunda k\u00f6r isen<br \/>Rah-\u0131 erenlerden bihaber isen<br \/>Yar\u0131n hakk\u0131n divan\u0131na var\u0131rsan<br \/>Kovarlar d\u0131\u015far\u0131 \u00e7\u0131k \u00e7\u0131k diyerek<\/p>\n<p>Agahi\u2019nin bu s\u00f6z\u00fcnde durmazsan<br \/>Ebedi k\u00f6r kal\u0131n meydan g\u00f6rmezsen<br \/>Hac\u0131 Bekta\u015f tarikine girmezsen<br \/>Sonra can\u0131n \u00e7\u0131kar h\u0131k m\u0131k diyerek<\/p>\n<p><strong>Geldi<\/strong><\/p>\n<p>Dost eline giden sail dur e\u011flen<br \/>Muhabbetnamenin s\u0131ras\u0131 geldi<br \/>Mevlay\u0131 seversen hemen bir e\u011flen<br \/>\u015eimdilik g\u00f6nl\u00fcme buras\u0131 geldi<\/p>\n<p>Gelmedi sevdi\u011fim bilmem ne g\u00fcne<br \/>Tahamm\u00fcl kalmad\u0131 d\u00fcne bug\u00fcne <br \/>Hayal meyal yar g\u00f6zlerim \u00f6g\u00fcne<br \/>Sevdi\u011fim ka\u015flar\u0131n karas\u0131 geldi<\/p>\n<p>Nice yetimler var halli bal\u0131nca<br \/>Boynu e\u011fri benzi sar\u0131 kal\u0131nca<br \/>\u00c7\u0131kmaz bu dert benden ta ki \u00f6l\u00fcnce<br \/>Derler ki y\u00fcrekte yaras\u0131 kald\u0131<\/p>\n<p>Mektubum ol yare var b\u00f6yle s\u00f6yle<br \/>Bunca hasiretlik kal\u0131r m\u0131 b\u00f6yle<br \/>Vacida e\u011flenme gel kerem eyle<br \/>Vallahi Veli\u2019nin g\u00f6resi geldi<\/p>\n<p><strong>S\u00f6yle<\/strong><\/p>\n<p>Hasbi arzuhalim ol nazl\u0131 yare<br \/>Candan canan\u0131ma var selam s\u00f6yle<br \/>Bu derdi zahmime eylesin \u00e7are<br \/>G\u00fcl y\u00fczl\u00fc yarime var selam s\u00f6yle<\/p>\n<p>Gelsin \u015fu halime bir rahim etsin<br \/>Tarikat ilmini bir tarif etsin<br \/>Her ne dek c\u00fcr\u00fcm\u00fcm varsa affetsin<br \/>Adalet \u015fah\u0131na var selam s\u00f6yle<\/p>\n<p>Agahi ayr\u0131l\u0131k bize kisb \u00fc kar<br \/>Eri\u015ftir menzile hasbeten nikar<br \/>Sevdi\u011fim yadlara etme itibar<br \/>D\u00fc\u015f\u00fcrme \u015fan\u0131na var selam s\u00f6yle.<\/p>\n<p><strong>Seher Vakti*<\/strong><\/p>\n<p>Seher vakti \u00e7ald\u0131m yarin kap\u0131s\u0131n\u0131<br \/>Bakt\u0131m yarin kap\u0131lar\u0131 s\u00fcrmeli<br \/>Ho\u015f bulmad\u0131m ota\u011f\u0131n\u0131n yap\u0131s\u0131n\u0131<br \/>\u00c7\u0131kageldi bir g\u00f6zleri s\u00fcrmeli<\/p>\n<p>A\u00e7t\u0131rd\u0131m kap\u0131y\u0131 girdim i\u00e7eri<br \/>Akl\u0131m\u0131 ba\u015f\u0131mdan ald\u0131 o peri<br \/>Dedim sende buldum halis gevheri<br \/>Dedi yok yok bir mihenge s\u00fcrmeli<\/p>\n<p>Dedim hi\u00e7 yap\u0131 yok senin yap\u0131nda<br \/>Oynan\u0131lmaz urgan\u0131nla ipinde<br \/>Dedim dahi \u00e7ok mu duram kap\u0131nda<br \/>Dedi yok yok seni burdan s\u00fcrmeli<\/p>\n<p>Dedim ki ne kadar y\u00fcz\u00fcmden bezdin<br \/>Etim kebap ettin derimi y\u00fczd\u00fcn<br \/>A\u015f\u0131k katletmeye silah m\u0131 dizdin<br \/>Martini mavzeri bir dem s\u00fcrmeli<\/p>\n<p>\u015eu kevn \u00fc mekan\u0131 tutmu\u015f \u0131\u015f\u0131\u011f\u0131n<br \/>N\u00f6betin bekleyin al\u0131r ke\u015fi\u011fin<br \/>Beklemeli bir sultan\u0131n e\u015fi\u011fin<br \/>G\u00fcnde y\u00fcz bin kere y\u00fczler s\u00fcrmeli<\/p>\n<p>Agahi kar\u0131\u015f\u0131r kanl\u0131 ya\u015f ile<br \/>Dost bulunmaz hayal ile d\u00fc\u015f ile<br \/>Yetilmez menzile bu gidi\u015f ile<br \/>Hemen a\u015fk at\u0131na binip s\u00fcrmeli<\/p>\n<p><strong>Var<\/strong><\/p>\n<p>Hilebaz demi\u015fler bizlere amma<br \/>Ne hilem var ne hileci\u011fim var<br \/>Kimisine baldan lezizim amma<br \/>Kimine zehirden ac\u0131l\u0131\u011f\u0131m var<\/p>\n<p>Y\u00fcz\u00fcm\u00fc \u00e7evirdim ad\u00fc ta\u015f\u0131ndan<br \/>Kayn\u0131yor kazan\u0131m a\u015fk ate\u015finden<br \/>De\u011firmen d\u00f6nd\u00fcrd\u00fcm g\u00f6z\u00fcm ya\u015f\u0131ndan<br \/>Usta olamazsam suculu\u011fum var<\/p>\n<p>Gahi usta eyler gahi su\u00e7 eyler<br \/>Gahi yara eyler gah ila\u00e7 eyler<br \/>Has\u0131l\u0131 dost beni e\u011flence eyler<br \/>Yar ile b\u00f6yle bir cilveci\u011fim var<\/p>\n<p>Bak \u015fu sofulara ne s\u00f6ylemi\u015fler<br \/>Agahi K\u0131z\u0131lba\u015f \u015fair demi\u015fler<br \/>Hacca gitmez deyi tan eylemi\u015fler<br \/>Benim ise kunde hac\u0131l\u0131\u011f\u0131m var<\/p>\n<p><strong>Hakk\u0131n Emri<\/strong><\/p>\n<p>Hakk\u0131n emri ile cihana geldim<br \/>Muhammet\u2019e kal u beli diyerek<br \/>Ya Ali kap\u0131nda kurbana geldim<br \/>Kabul et kap\u0131n\u0131n kulu diyerek<\/p>\n<p>Yine sen bilirisin benim halimden<br \/>\u0130nayet merhamet Sultan Bal\u0131mdan<br \/>Zikrin fikrin gitmez oldu dilimden<br \/>Vird ederim Ali Ali diyerek<\/p>\n<p>Nas\u0131l sevmeyeyim \u015fah\u0131m Hasan\u2019\u0131<br \/>Hakk\u0131n habibinin kudret-\u00fcl ayn\u0131<br \/>Severiz g\u00f6n\u00fclden \u015fah\u0131m H\u00fcsey\u2019n\u2019i<br \/>Bunlar has bah\u00e7enin g\u00fcl\u00fc diyerek<\/p>\n<p>A\u015fk\u0131na d\u00fc\u015feli Mecnun daneyim<br \/>Yitirdim ben beni viran haneyim<br \/>Ne akl\u0131m ba\u015f\u0131mda ne divaneyim<br \/>\u015eimdi deli oldum deli diyerek<\/p>\n<p>Niyaz\u0131m\u0131 kabul eyle ilahi<br \/>Ki sensin alemin pe\u015fti penah\u0131<br \/>Dilerim ki can\u0131n \u00e7\u0131ks\u0131n Agahi<br \/>H\u00fcnkar Hac\u0131 Bekta\u015f Veli diyerek<\/p>\n","protected":false},"excerpt":{"rendered":"<p>AGAH\u0130 Seher vakti \u00e7ald\u0131m yarin kap\u0131s\u0131n\u0131Bakt\u0131m yarin kap\u0131lar\u0131 s\u00fcrmeliHo\u015f bulmad\u0131m ota\u011f\u0131n\u0131n yap\u0131s\u0131n\u0131\u00c7\u0131kageldi bir g\u00f6zleri s\u00fcrmeli Agahi kar\u0131\u015f\u0131r kanl\u0131 ya\u015f ileDost bulunmaz hayal ile d\u00fc\u015f ileYetilmez menzile bu gidi\u015f ileHemen a\u015fk at\u0131na binip s\u00fcrmeli 1860 &#8211; 1921. \u015eark\u0131\u015fla\u2019n\u0131n K\u0131l\u0131\u00e7\u00e7\u0131 k\u00f6y\u00fcnde do\u011fdu. As\u0131l ad\u0131 Veliy\u00fcddin\u2019dir. Ancak genellikle Veli olarak bilinir. Baz\u0131 kaynaklarda do\u011fum tarihi 1875, \u00f6l\u00fcm tarihi [&hellip;]<\/p>\n","protected":false},"author":1,"featured_media":0,"comment_status":"open","ping_status":"open","sticky":false,"template":"","format":"standard","meta":{"footnotes":""},"categories":[172],"tags":[],"class_list":{"0":"post-253","1":"post","2":"type-post","3":"status-publish","4":"format-standard","6":"category-ozanlar-ve-eserleri"},"yoast_head":"<!-- This site is optimized with the Yoast SEO Premium plugin v24.9 (Yoast SEO v24.9) - https:\/\/yoast.com\/wordpress\/plugins\/seo\/ -->\n<title>Agahi Biyografisi ve Eserleri - narteks.net<\/title>\n<meta name=\"robots\" content=\"index, follow, max-snippet:-1, max-image-preview:large, max-video-preview:-1\" \/>\n<link rel=\"canonical\" href=\"https:\/\/narteks.net\/index.php\/2009\/02\/27\/agahi-biyografisi-ve-eserleri\/\" \/>\n<meta property=\"og:locale\" content=\"tr_TR\" \/>\n<meta property=\"og:type\" content=\"article\" \/>\n<meta property=\"og:title\" content=\"Agahi Biyografisi ve Eserleri\" \/>\n<meta property=\"og:description\" content=\"AGAH\u0130 Seher vakti \u00e7ald\u0131m yarin kap\u0131s\u0131n\u0131Bakt\u0131m yarin kap\u0131lar\u0131 s\u00fcrmeliHo\u015f bulmad\u0131m ota\u011f\u0131n\u0131n yap\u0131s\u0131n\u0131\u00c7\u0131kageldi bir g\u00f6zleri s\u00fcrmeli Agahi kar\u0131\u015f\u0131r kanl\u0131 ya\u015f ileDost bulunmaz hayal ile d\u00fc\u015f ileYetilmez menzile bu gidi\u015f ileHemen a\u015fk at\u0131na binip s\u00fcrmeli 1860 &#8211; 1921. \u015eark\u0131\u015fla\u2019n\u0131n K\u0131l\u0131\u00e7\u00e7\u0131 k\u00f6y\u00fcnde do\u011fdu. As\u0131l ad\u0131 Veliy\u00fcddin\u2019dir. Ancak genellikle Veli olarak bilinir. Baz\u0131 kaynaklarda do\u011fum tarihi 1875, \u00f6l\u00fcm tarihi [&hellip;]\" \/>\n<meta property=\"og:url\" content=\"https:\/\/narteks.net\/index.php\/2009\/02\/27\/agahi-biyografisi-ve-eserleri\/\" \/>\n<meta property=\"og:site_name\" content=\"narteks.net\" \/>\n<meta property=\"article:published_time\" content=\"2009-02-27T19:30:13+00:00\" \/>\n<meta property=\"og:image\" content=\"https:\/\/narteks.net\/wp-content\/uploads\/narteks.png\" \/>\n\t<meta property=\"og:image:width\" content=\"300\" \/>\n\t<meta property=\"og:image:height\" content=\"90\" \/>\n\t<meta property=\"og:image:type\" content=\"image\/png\" \/>\n<meta name=\"author\" content=\"Tar\u0131k\" \/>\n<meta name=\"twitter:card\" content=\"summary_large_image\" \/>\n<meta name=\"twitter:creator\" content=\"@narteks\" \/>\n<meta name=\"twitter:site\" content=\"@narteks\" \/>\n<meta name=\"twitter:label1\" content=\"Yazan:\" \/>\n\t<meta name=\"twitter:data1\" content=\"Tar\u0131k\" \/>\n\t<meta name=\"twitter:label2\" content=\"Tahmini okuma s\u00fcresi\" \/>\n\t<meta name=\"twitter:data2\" content=\"5 dakika\" \/>\n<script type=\"application\/ld+json\" class=\"yoast-schema-graph\">{\"@context\":\"https:\/\/schema.org\",\"@graph\":[{\"@type\":\"Article\",\"@id\":\"https:\/\/narteks.net\/index.php\/2009\/02\/27\/agahi-biyografisi-ve-eserleri\/#article\",\"isPartOf\":{\"@id\":\"https:\/\/narteks.net\/index.php\/2009\/02\/27\/agahi-biyografisi-ve-eserleri\/\"},\"author\":{\"name\":\"Tar\u0131k\",\"@id\":\"https:\/\/narteks.net\/#\/schema\/person\/61f37d9834294b72d31d274e7ed79bca\"},\"headline\":\"Agahi Biyografisi ve Eserleri\",\"datePublished\":\"2009-02-27T19:30:13+00:00\",\"mainEntityOfPage\":{\"@id\":\"https:\/\/narteks.net\/index.php\/2009\/02\/27\/agahi-biyografisi-ve-eserleri\/\"},\"wordCount\":1070,\"commentCount\":0,\"publisher\":{\"@id\":\"https:\/\/narteks.net\/#organization\"},\"articleSection\":[\"Ozanlar ve Eserleri\"],\"inLanguage\":\"tr\",\"potentialAction\":[{\"@type\":\"CommentAction\",\"name\":\"Comment\",\"target\":[\"https:\/\/narteks.net\/index.php\/2009\/02\/27\/agahi-biyografisi-ve-eserleri\/#respond\"]}]},{\"@type\":\"WebPage\",\"@id\":\"https:\/\/narteks.net\/index.php\/2009\/02\/27\/agahi-biyografisi-ve-eserleri\/\",\"url\":\"https:\/\/narteks.net\/index.php\/2009\/02\/27\/agahi-biyografisi-ve-eserleri\/\",\"name\":\"Agahi Biyografisi ve Eserleri - narteks.net\",\"isPartOf\":{\"@id\":\"https:\/\/narteks.net\/#website\"},\"datePublished\":\"2009-02-27T19:30:13+00:00\",\"breadcrumb\":{\"@id\":\"https:\/\/narteks.net\/index.php\/2009\/02\/27\/agahi-biyografisi-ve-eserleri\/#breadcrumb\"},\"inLanguage\":\"tr\",\"potentialAction\":[{\"@type\":\"ReadAction\",\"target\":[\"https:\/\/narteks.net\/index.php\/2009\/02\/27\/agahi-biyografisi-ve-eserleri\/\"]}]},{\"@type\":\"BreadcrumbList\",\"@id\":\"https:\/\/narteks.net\/index.php\/2009\/02\/27\/agahi-biyografisi-ve-eserleri\/#breadcrumb\",\"itemListElement\":[{\"@type\":\"ListItem\",\"position\":1,\"name\":\"Anasayfa\",\"item\":\"https:\/\/narteks.net\/\"},{\"@type\":\"ListItem\",\"position\":2,\"name\":\"Agahi Biyografisi ve Eserleri\"}]},{\"@type\":\"WebSite\",\"@id\":\"https:\/\/narteks.net\/#website\",\"url\":\"https:\/\/narteks.net\/\",\"name\":\"narteks.net\",\"description\":\"K\u00fclt\u00fcr Sanat Edebiyat Felsefe\",\"publisher\":{\"@id\":\"https:\/\/narteks.net\/#organization\"},\"alternateName\":\"K\u00fclt\u00fcr Sanat Edebiyat Felsefe\",\"potentialAction\":[{\"@type\":\"SearchAction\",\"target\":{\"@type\":\"EntryPoint\",\"urlTemplate\":\"https:\/\/narteks.net\/?s={search_term_string}\"},\"query-input\":{\"@type\":\"PropertyValueSpecification\",\"valueRequired\":true,\"valueName\":\"search_term_string\"}}],\"inLanguage\":\"tr\"},{\"@type\":\"Organization\",\"@id\":\"https:\/\/narteks.net\/#organization\",\"name\":\"narteks.net\",\"url\":\"https:\/\/narteks.net\/\",\"logo\":{\"@type\":\"ImageObject\",\"inLanguage\":\"tr\",\"@id\":\"https:\/\/narteks.net\/#\/schema\/logo\/image\/\",\"url\":\"https:\/\/narteks.net\/wp-content\/uploads\/narteks.png\",\"contentUrl\":\"https:\/\/narteks.net\/wp-content\/uploads\/narteks.png\",\"width\":300,\"height\":90,\"caption\":\"narteks.net\"},\"image\":{\"@id\":\"https:\/\/narteks.net\/#\/schema\/logo\/image\/\"},\"sameAs\":[\"https:\/\/x.com\/narteks\",\"https:\/\/instagram.com\/narteksnet\"]},{\"@type\":\"Person\",\"@id\":\"https:\/\/narteks.net\/#\/schema\/person\/61f37d9834294b72d31d274e7ed79bca\",\"name\":\"Tar\u0131k\",\"image\":{\"@type\":\"ImageObject\",\"inLanguage\":\"tr\",\"@id\":\"https:\/\/narteks.net\/#\/schema\/person\/image\/\",\"url\":\"https:\/\/secure.gravatar.com\/avatar\/50865afb55632c4ae467e0af0930f6510aa2297d8014be502a55b14f3b7550cf?s=96&d=mm&r=g\",\"contentUrl\":\"https:\/\/secure.gravatar.com\/avatar\/50865afb55632c4ae467e0af0930f6510aa2297d8014be502a55b14f3b7550cf?s=96&d=mm&r=g\",\"caption\":\"Tar\u0131k\"},\"sameAs\":[\"http:\/\/narteks.net\"],\"url\":\"https:\/\/narteks.net\/index.php\/author\/narbak\/\"}]}<\/script>\n<!-- \/ Yoast SEO Premium plugin. -->","yoast_head_json":{"title":"Agahi Biyografisi ve Eserleri - narteks.net","robots":{"index":"index","follow":"follow","max-snippet":"max-snippet:-1","max-image-preview":"max-image-preview:large","max-video-preview":"max-video-preview:-1"},"canonical":"https:\/\/narteks.net\/index.php\/2009\/02\/27\/agahi-biyografisi-ve-eserleri\/","og_locale":"tr_TR","og_type":"article","og_title":"Agahi Biyografisi ve Eserleri","og_description":"AGAH\u0130 Seher vakti \u00e7ald\u0131m yarin kap\u0131s\u0131n\u0131Bakt\u0131m yarin kap\u0131lar\u0131 s\u00fcrmeliHo\u015f bulmad\u0131m ota\u011f\u0131n\u0131n yap\u0131s\u0131n\u0131\u00c7\u0131kageldi bir g\u00f6zleri s\u00fcrmeli Agahi kar\u0131\u015f\u0131r kanl\u0131 ya\u015f ileDost bulunmaz hayal ile d\u00fc\u015f ileYetilmez menzile bu gidi\u015f ileHemen a\u015fk at\u0131na binip s\u00fcrmeli 1860 &#8211; 1921. \u015eark\u0131\u015fla\u2019n\u0131n K\u0131l\u0131\u00e7\u00e7\u0131 k\u00f6y\u00fcnde do\u011fdu. As\u0131l ad\u0131 Veliy\u00fcddin\u2019dir. Ancak genellikle Veli olarak bilinir. Baz\u0131 kaynaklarda do\u011fum tarihi 1875, \u00f6l\u00fcm tarihi [&hellip;]","og_url":"https:\/\/narteks.net\/index.php\/2009\/02\/27\/agahi-biyografisi-ve-eserleri\/","og_site_name":"narteks.net","article_published_time":"2009-02-27T19:30:13+00:00","og_image":[{"width":300,"height":90,"url":"https:\/\/narteks.net\/wp-content\/uploads\/narteks.png","type":"image\/png"}],"author":"Tar\u0131k","twitter_card":"summary_large_image","twitter_creator":"@narteks","twitter_site":"@narteks","twitter_misc":{"Yazan:":"Tar\u0131k","Tahmini okuma s\u00fcresi":"5 dakika"},"schema":{"@context":"https:\/\/schema.org","@graph":[{"@type":"Article","@id":"https:\/\/narteks.net\/index.php\/2009\/02\/27\/agahi-biyografisi-ve-eserleri\/#article","isPartOf":{"@id":"https:\/\/narteks.net\/index.php\/2009\/02\/27\/agahi-biyografisi-ve-eserleri\/"},"author":{"name":"Tar\u0131k","@id":"https:\/\/narteks.net\/#\/schema\/person\/61f37d9834294b72d31d274e7ed79bca"},"headline":"Agahi Biyografisi ve Eserleri","datePublished":"2009-02-27T19:30:13+00:00","mainEntityOfPage":{"@id":"https:\/\/narteks.net\/index.php\/2009\/02\/27\/agahi-biyografisi-ve-eserleri\/"},"wordCount":1070,"commentCount":0,"publisher":{"@id":"https:\/\/narteks.net\/#organization"},"articleSection":["Ozanlar ve Eserleri"],"inLanguage":"tr","potentialAction":[{"@type":"CommentAction","name":"Comment","target":["https:\/\/narteks.net\/index.php\/2009\/02\/27\/agahi-biyografisi-ve-eserleri\/#respond"]}]},{"@type":"WebPage","@id":"https:\/\/narteks.net\/index.php\/2009\/02\/27\/agahi-biyografisi-ve-eserleri\/","url":"https:\/\/narteks.net\/index.php\/2009\/02\/27\/agahi-biyografisi-ve-eserleri\/","name":"Agahi Biyografisi ve Eserleri - narteks.net","isPartOf":{"@id":"https:\/\/narteks.net\/#website"},"datePublished":"2009-02-27T19:30:13+00:00","breadcrumb":{"@id":"https:\/\/narteks.net\/index.php\/2009\/02\/27\/agahi-biyografisi-ve-eserleri\/#breadcrumb"},"inLanguage":"tr","potentialAction":[{"@type":"ReadAction","target":["https:\/\/narteks.net\/index.php\/2009\/02\/27\/agahi-biyografisi-ve-eserleri\/"]}]},{"@type":"BreadcrumbList","@id":"https:\/\/narteks.net\/index.php\/2009\/02\/27\/agahi-biyografisi-ve-eserleri\/#breadcrumb","itemListElement":[{"@type":"ListItem","position":1,"name":"Anasayfa","item":"https:\/\/narteks.net\/"},{"@type":"ListItem","position":2,"name":"Agahi Biyografisi ve Eserleri"}]},{"@type":"WebSite","@id":"https:\/\/narteks.net\/#website","url":"https:\/\/narteks.net\/","name":"narteks.net","description":"K\u00fclt\u00fcr Sanat Edebiyat Felsefe","publisher":{"@id":"https:\/\/narteks.net\/#organization"},"alternateName":"K\u00fclt\u00fcr Sanat Edebiyat Felsefe","potentialAction":[{"@type":"SearchAction","target":{"@type":"EntryPoint","urlTemplate":"https:\/\/narteks.net\/?s={search_term_string}"},"query-input":{"@type":"PropertyValueSpecification","valueRequired":true,"valueName":"search_term_string"}}],"inLanguage":"tr"},{"@type":"Organization","@id":"https:\/\/narteks.net\/#organization","name":"narteks.net","url":"https:\/\/narteks.net\/","logo":{"@type":"ImageObject","inLanguage":"tr","@id":"https:\/\/narteks.net\/#\/schema\/logo\/image\/","url":"https:\/\/narteks.net\/wp-content\/uploads\/narteks.png","contentUrl":"https:\/\/narteks.net\/wp-content\/uploads\/narteks.png","width":300,"height":90,"caption":"narteks.net"},"image":{"@id":"https:\/\/narteks.net\/#\/schema\/logo\/image\/"},"sameAs":["https:\/\/x.com\/narteks","https:\/\/instagram.com\/narteksnet"]},{"@type":"Person","@id":"https:\/\/narteks.net\/#\/schema\/person\/61f37d9834294b72d31d274e7ed79bca","name":"Tar\u0131k","image":{"@type":"ImageObject","inLanguage":"tr","@id":"https:\/\/narteks.net\/#\/schema\/person\/image\/","url":"https:\/\/secure.gravatar.com\/avatar\/50865afb55632c4ae467e0af0930f6510aa2297d8014be502a55b14f3b7550cf?s=96&d=mm&r=g","contentUrl":"https:\/\/secure.gravatar.com\/avatar\/50865afb55632c4ae467e0af0930f6510aa2297d8014be502a55b14f3b7550cf?s=96&d=mm&r=g","caption":"Tar\u0131k"},"sameAs":["http:\/\/narteks.net"],"url":"https:\/\/narteks.net\/index.php\/author\/narbak\/"}]}},"_links":{"self":[{"href":"https:\/\/narteks.net\/index.php\/wp-json\/wp\/v2\/posts\/253","targetHints":{"allow":["GET"]}}],"collection":[{"href":"https:\/\/narteks.net\/index.php\/wp-json\/wp\/v2\/posts"}],"about":[{"href":"https:\/\/narteks.net\/index.php\/wp-json\/wp\/v2\/types\/post"}],"author":[{"embeddable":true,"href":"https:\/\/narteks.net\/index.php\/wp-json\/wp\/v2\/users\/1"}],"replies":[{"embeddable":true,"href":"https:\/\/narteks.net\/index.php\/wp-json\/wp\/v2\/comments?post=253"}],"version-history":[{"count":0,"href":"https:\/\/narteks.net\/index.php\/wp-json\/wp\/v2\/posts\/253\/revisions"}],"wp:attachment":[{"href":"https:\/\/narteks.net\/index.php\/wp-json\/wp\/v2\/media?parent=253"}],"wp:term":[{"taxonomy":"category","embeddable":true,"href":"https:\/\/narteks.net\/index.php\/wp-json\/wp\/v2\/categories?post=253"},{"taxonomy":"post_tag","embeddable":true,"href":"https:\/\/narteks.net\/index.php\/wp-json\/wp\/v2\/tags?post=253"}],"curies":[{"name":"wp","href":"https:\/\/api.w.org\/{rel}","templated":true}]}}